{"id":9832,"date":"2020-02-18T16:27:58","date_gmt":"2020-02-18T16:27:58","guid":{"rendered":"https:\/\/www.portdesitges.com\/?p=9832"},"modified":"2020-11-02T17:57:30","modified_gmt":"2020-11-02T17:57:30","slug":"el-port-de-sitges-rep-una-doble-distincio-pel-seu-compromis-ambiental","status":"publish","type":"post","link":"https:\/\/www.portdesitges.com\/ca\/el-port-de-sitges-rep-una-doble-distincio-pel-seu-compromis-ambiental\/","title":{"rendered":"El Port de Sitges rep una doble distinci\u00f3 pel seu comprom\u00eds ambiental"},"content":{"rendered":"<p>Els certificats EMAS i Biosphere s\u2019uneixen a l\u2019ISO 14.001<br \/>\nUna de les particularitats del Port de Sitges \u00e9s que sempre s\u2019ha implicat activament en diferents iniciatives que promouen el respecte pel medi ambient. Aquesta tasca en defensa de l\u2019entorn \u2013tant el terrestre com el mar\u00ed\u2013 li ha valgut diversos reconeixements al llarg de tots aquests anys. Els \u00faltims dos, aquesta mateixa setmana, han sigut els certificats EMAS i Biosphere.<br \/>\nEl reglament EMAS \u00e9s el registre comunitari de gesti\u00f3 i auditoria mediambiental. Es tracta d\u2019un refor\u00e7 complementari al distintiu ISO 14.001 \u2013que el Port ja acredita\u2013, ja que n\u2019incrementa la transpar\u00e8ncia en mat\u00e8ria d\u2019informaci\u00f3 sobre pol\u00edtiques de sostenibilitat i n\u2019amplia el nombre d\u2019agents col\u2022laboradors. L\u2019EMAS el lliura el departament de Territori i Sostenibilitat de la Generalitat de Catalunya, que ha volgut premiar el model d\u2019excel\u2022l\u00e8ncia del Port de Sitges en mat\u00e8ria de gesti\u00f3 ambiental.<br \/>\nL\u2019altre guard\u00f3 renovat aquesta setmana ha sigut el Biosphere. El Port de Sitges ha estat incl\u00f2s dins una vintena de serveis tur\u00edstics de la vila \u2013platges, allotjaments, l\u2019Oficina de Turisme i el Gremi d\u2019Hostaleria\u2013 pel seu comprom\u00eds amb la sostenibilitat. L\u2019acreditaci\u00f3 incorpora criteris de gesti\u00f3 sostenible, conservaci\u00f3 mediambiental, protecci\u00f3 cultural, desenvolupament socioecon\u00f2mic i satisfacci\u00f3 dels clients.<br \/>\nSitges compta amb la certificaci\u00f3 Biosphere Destination des de l\u2019any 2016, que acredita el municipi com a destinaci\u00f3 de turisme sostenible i responsable. La regidoria de Turisme treballa ara per a esdevenir destinaci\u00f3 Gold.<\/p>\n","protected":false},"excerpt":{"rendered":"<p>Els certificats EMAS i Biosphere s\u2019uneixen a l\u2019ISO 14.001 Una de les particularitats del Port de Sitges \u00e9s que sempre s\u2019ha implicat activament en diferents iniciatives que promouen el respecte&#8230;<\/p>\n","protected":false},"author":3,"featured_media":9834,"comment_status":"closed","ping_status":"closed","sticky":false,"template":"","format":"standard","meta":{"footnotes":""},"categories":[62],"tags":[],"class_list":{"0":"post-9832","1":"post","2":"type-post","3":"status-publish","4":"format-standard","5":"has-post-thumbnail","7":"category-noticias-ca"},"yoast_head":"<!-- This site is optimized with the Yoast SEO plugin v27.3 - https:\/\/yoast.com\/product\/yoast-seo-wordpress\/ -->\n<title>El Port de Sitges rep una doble distinci\u00f3 pel seu comprom\u00eds ambiental - Port de Sitges - Aiguadol\u00e7<\/title>\n<meta name=\"robots\" content=\"index, follow, max-snippet:-1, max-image-preview:large, max-video-preview:-1\" \/>\n<link rel=\"canonical\" href=\"https:\/\/www.portdesitges.com\/ca\/el-port-de-sitges-rep-una-doble-distincio-pel-seu-compromis-ambiental\/\" \/>\n<meta property=\"og:locale\" content=\"ca_ES\" \/>\n<meta property=\"og:type\" content=\"article\" \/>\n<meta property=\"og:title\" content=\"El Port de Sitges rep una doble distinci\u00f3 pel seu comprom\u00eds ambiental - Port de Sitges - Aiguadol\u00e7\" \/>\n<meta property=\"og:description\" content=\"Els certificats EMAS i Biosphere s\u2019uneixen a l\u2019ISO 14.001 Una de les particularitats del Port de Sitges \u00e9s que sempre s\u2019ha implicat activament en diferents iniciatives que promouen el respecte...\" \/>\n<meta property=\"og:url\" content=\"https:\/\/www.portdesitges.com\/ca\/el-port-de-sitges-rep-una-doble-distincio-pel-seu-compromis-ambiental\/\" \/>\n<meta property=\"og:site_name\" content=\"Port de Sitges - Aiguadol\u00e7\" \/>\n<meta property=\"article:published_time\" content=\"2020-02-18T16:27:58+00:00\" \/>\n<meta property=\"article:modified_time\" content=\"2020-11-02T17:57:30+00:00\" \/>\n<meta name=\"author\" content=\"S\u00f2nia Felip\" \/>\n<meta name=\"twitter:card\" content=\"summary_large_image\" \/>\n<meta name=\"twitter:label1\" content=\"Escrit per\" \/>\n\t<meta name=\"twitter:data1\" content=\"S\u00f2nia Felip\" \/>\n\t<meta name=\"twitter:label2\" content=\"Temps estimat de lectura\" \/>\n\t<meta name=\"twitter:data2\" content=\"1 minut\" \/>\n<script type=\"application\/ld+json\" class=\"yoast-schema-graph\">{\"@context\":\"https:\\\/\\\/schema.org\",\"@graph\":[{\"@type\":\"Article\",\"@id\":\"https:\\\/\\\/www.portdesitges.com\\\/ca\\\/el-port-de-sitges-rep-una-doble-distincio-pel-seu-compromis-ambiental\\\/#article\",\"isPartOf\":{\"@id\":\"https:\\\/\\\/www.portdesitges.com\\\/ca\\\/el-port-de-sitges-rep-una-doble-distincio-pel-seu-compromis-ambiental\\\/\"},\"author\":{\"name\":\"S\u00f2nia Felip\",\"@id\":\"https:\\\/\\\/www.portdesitges.com\\\/#\\\/schema\\\/person\\\/be98f3191d6c7bb6ccddc2e0ac4d861f\"},\"headline\":\"El Port de Sitges rep una doble distinci\u00f3 pel seu comprom\u00eds ambiental\",\"datePublished\":\"2020-02-18T16:27:58+00:00\",\"dateModified\":\"2020-11-02T17:57:30+00:00\",\"mainEntityOfPage\":{\"@id\":\"https:\\\/\\\/www.portdesitges.com\\\/ca\\\/el-port-de-sitges-rep-una-doble-distincio-pel-seu-compromis-ambiental\\\/\"},\"wordCount\":270,\"image\":{\"@id\":\"https:\\\/\\\/www.portdesitges.com\\\/ca\\\/el-port-de-sitges-rep-una-doble-distincio-pel-seu-compromis-ambiental\\\/#primaryimage\"},\"thumbnailUrl\":\"\",\"articleSection\":[\"Not\u00edcias\"],\"inLanguage\":\"ca\"},{\"@type\":\"WebPage\",\"@id\":\"https:\\\/\\\/www.portdesitges.com\\\/ca\\\/el-port-de-sitges-rep-una-doble-distincio-pel-seu-compromis-ambiental\\\/\",\"url\":\"https:\\\/\\\/www.portdesitges.com\\\/ca\\\/el-port-de-sitges-rep-una-doble-distincio-pel-seu-compromis-ambiental\\\/\",\"name\":\"El Port de Sitges rep una doble distinci\u00f3 pel seu comprom\u00eds ambiental - Port de Sitges - Aiguadol\u00e7\",\"isPartOf\":{\"@id\":\"https:\\\/\\\/www.portdesitges.com\\\/#website\"},\"primaryImageOfPage\":{\"@id\":\"https:\\\/\\\/www.portdesitges.com\\\/ca\\\/el-port-de-sitges-rep-una-doble-distincio-pel-seu-compromis-ambiental\\\/#primaryimage\"},\"image\":{\"@id\":\"https:\\\/\\\/www.portdesitges.com\\\/ca\\\/el-port-de-sitges-rep-una-doble-distincio-pel-seu-compromis-ambiental\\\/#primaryimage\"},\"thumbnailUrl\":\"\",\"datePublished\":\"2020-02-18T16:27:58+00:00\",\"dateModified\":\"2020-11-02T17:57:30+00:00\",\"author\":{\"@id\":\"https:\\\/\\\/www.portdesitges.com\\\/#\\\/schema\\\/person\\\/be98f3191d6c7bb6ccddc2e0ac4d861f\"},\"breadcrumb\":{\"@id\":\"https:\\\/\\\/www.portdesitges.com\\\/ca\\\/el-port-de-sitges-rep-una-doble-distincio-pel-seu-compromis-ambiental\\\/#breadcrumb\"},\"inLanguage\":\"ca\",\"potentialAction\":[{\"@type\":\"ReadAction\",\"target\":[\"https:\\\/\\\/www.portdesitges.com\\\/ca\\\/el-port-de-sitges-rep-una-doble-distincio-pel-seu-compromis-ambiental\\\/\"]}]},{\"@type\":\"ImageObject\",\"inLanguage\":\"ca\",\"@id\":\"https:\\\/\\\/www.portdesitges.com\\\/ca\\\/el-port-de-sitges-rep-una-doble-distincio-pel-seu-compromis-ambiental\\\/#primaryimage\",\"url\":\"\",\"contentUrl\":\"\"},{\"@type\":\"BreadcrumbList\",\"@id\":\"https:\\\/\\\/www.portdesitges.com\\\/ca\\\/el-port-de-sitges-rep-una-doble-distincio-pel-seu-compromis-ambiental\\\/#breadcrumb\",\"itemListElement\":[{\"@type\":\"ListItem\",\"position\":1,\"name\":\"Portada\",\"item\":\"https:\\\/\\\/www.portdesitges.com\\\/ca\\\/\"},{\"@type\":\"ListItem\",\"position\":2,\"name\":\"El Port de Sitges rep una doble distinci\u00f3 pel seu comprom\u00eds ambiental\"}]},{\"@type\":\"WebSite\",\"@id\":\"https:\\\/\\\/www.portdesitges.com\\\/#website\",\"url\":\"https:\\\/\\\/www.portdesitges.com\\\/\",\"name\":\"Port de Sitges - Aiguadol\u00e7\",\"description\":\"lugar donde el mar y la tierra se dan de la mano para crear un espacio \u00fanico y atractivo. Disfruta de un mar de experiencias.\",\"potentialAction\":[{\"@type\":\"SearchAction\",\"target\":{\"@type\":\"EntryPoint\",\"urlTemplate\":\"https:\\\/\\\/www.portdesitges.com\\\/?s={search_term_string}\"},\"query-input\":{\"@type\":\"PropertyValueSpecification\",\"valueRequired\":true,\"valueName\":\"search_term_string\"}}],\"inLanguage\":\"ca\"},{\"@type\":\"Person\",\"@id\":\"https:\\\/\\\/www.portdesitges.com\\\/#\\\/schema\\\/person\\\/be98f3191d6c7bb6ccddc2e0ac4d861f\",\"name\":\"S\u00f2nia Felip\",\"image\":{\"@type\":\"ImageObject\",\"inLanguage\":\"ca\",\"@id\":\"https:\\\/\\\/secure.gravatar.com\\\/avatar\\\/3f5abf961091eed8bea1ba4a0fb5f78e0c728f907fe0cf722e81af4aa82939db?s=96&d=mm&r=g\",\"url\":\"https:\\\/\\\/secure.gravatar.com\\\/avatar\\\/3f5abf961091eed8bea1ba4a0fb5f78e0c728f907fe0cf722e81af4aa82939db?s=96&d=mm&r=g\",\"contentUrl\":\"https:\\\/\\\/secure.gravatar.com\\\/avatar\\\/3f5abf961091eed8bea1ba4a0fb5f78e0c728f907fe0cf722e81af4aa82939db?s=96&d=mm&r=g\",\"caption\":\"S\u00f2nia Felip\"},\"url\":\"https:\\\/\\\/www.portdesitges.com\\\/ca\\\/author\\\/sonia\\\/\"}]}<\/script>\n<!-- \/ Yoast SEO plugin. -->","yoast_head_json":{"title":"El Port de Sitges rep una doble distinci\u00f3 pel seu comprom\u00eds ambiental - Port de Sitges - Aiguadol\u00e7","robots":{"index":"index","follow":"follow","max-snippet":"max-snippet:-1","max-image-preview":"max-image-preview:large","max-video-preview":"max-video-preview:-1"},"canonical":"https:\/\/www.portdesitges.com\/ca\/el-port-de-sitges-rep-una-doble-distincio-pel-seu-compromis-ambiental\/","og_locale":"ca_ES","og_type":"article","og_title":"El Port de Sitges rep una doble distinci\u00f3 pel seu comprom\u00eds ambiental - Port de Sitges - Aiguadol\u00e7","og_description":"Els certificats EMAS i Biosphere s\u2019uneixen a l\u2019ISO 14.001 Una de les particularitats del Port de Sitges \u00e9s que sempre s\u2019ha implicat activament en diferents iniciatives que promouen el respecte...","og_url":"https:\/\/www.portdesitges.com\/ca\/el-port-de-sitges-rep-una-doble-distincio-pel-seu-compromis-ambiental\/","og_site_name":"Port de Sitges - Aiguadol\u00e7","article_published_time":"2020-02-18T16:27:58+00:00","article_modified_time":"2020-11-02T17:57:30+00:00","author":"S\u00f2nia Felip","twitter_card":"summary_large_image","twitter_misc":{"Escrit per":"S\u00f2nia Felip","Temps estimat de lectura":"1 minut"},"schema":{"@context":"https:\/\/schema.org","@graph":[{"@type":"Article","@id":"https:\/\/www.portdesitges.com\/ca\/el-port-de-sitges-rep-una-doble-distincio-pel-seu-compromis-ambiental\/#article","isPartOf":{"@id":"https:\/\/www.portdesitges.com\/ca\/el-port-de-sitges-rep-una-doble-distincio-pel-seu-compromis-ambiental\/"},"author":{"name":"S\u00f2nia Felip","@id":"https:\/\/www.portdesitges.com\/#\/schema\/person\/be98f3191d6c7bb6ccddc2e0ac4d861f"},"headline":"El Port de Sitges rep una doble distinci\u00f3 pel seu comprom\u00eds ambiental","datePublished":"2020-02-18T16:27:58+00:00","dateModified":"2020-11-02T17:57:30+00:00","mainEntityOfPage":{"@id":"https:\/\/www.portdesitges.com\/ca\/el-port-de-sitges-rep-una-doble-distincio-pel-seu-compromis-ambiental\/"},"wordCount":270,"image":{"@id":"https:\/\/www.portdesitges.com\/ca\/el-port-de-sitges-rep-una-doble-distincio-pel-seu-compromis-ambiental\/#primaryimage"},"thumbnailUrl":"","articleSection":["Not\u00edcias"],"inLanguage":"ca"},{"@type":"WebPage","@id":"https:\/\/www.portdesitges.com\/ca\/el-port-de-sitges-rep-una-doble-distincio-pel-seu-compromis-ambiental\/","url":"https:\/\/www.portdesitges.com\/ca\/el-port-de-sitges-rep-una-doble-distincio-pel-seu-compromis-ambiental\/","name":"El Port de Sitges rep una doble distinci\u00f3 pel seu comprom\u00eds ambiental - Port de Sitges - Aiguadol\u00e7","isPartOf":{"@id":"https:\/\/www.portdesitges.com\/#website"},"primaryImageOfPage":{"@id":"https:\/\/www.portdesitges.com\/ca\/el-port-de-sitges-rep-una-doble-distincio-pel-seu-compromis-ambiental\/#primaryimage"},"image":{"@id":"https:\/\/www.portdesitges.com\/ca\/el-port-de-sitges-rep-una-doble-distincio-pel-seu-compromis-ambiental\/#primaryimage"},"thumbnailUrl":"","datePublished":"2020-02-18T16:27:58+00:00","dateModified":"2020-11-02T17:57:30+00:00","author":{"@id":"https:\/\/www.portdesitges.com\/#\/schema\/person\/be98f3191d6c7bb6ccddc2e0ac4d861f"},"breadcrumb":{"@id":"https:\/\/www.portdesitges.com\/ca\/el-port-de-sitges-rep-una-doble-distincio-pel-seu-compromis-ambiental\/#breadcrumb"},"inLanguage":"ca","potentialAction":[{"@type":"ReadAction","target":["https:\/\/www.portdesitges.com\/ca\/el-port-de-sitges-rep-una-doble-distincio-pel-seu-compromis-ambiental\/"]}]},{"@type":"ImageObject","inLanguage":"ca","@id":"https:\/\/www.portdesitges.com\/ca\/el-port-de-sitges-rep-una-doble-distincio-pel-seu-compromis-ambiental\/#primaryimage","url":"","contentUrl":""},{"@type":"BreadcrumbList","@id":"https:\/\/www.portdesitges.com\/ca\/el-port-de-sitges-rep-una-doble-distincio-pel-seu-compromis-ambiental\/#breadcrumb","itemListElement":[{"@type":"ListItem","position":1,"name":"Portada","item":"https:\/\/www.portdesitges.com\/ca\/"},{"@type":"ListItem","position":2,"name":"El Port de Sitges rep una doble distinci\u00f3 pel seu comprom\u00eds ambiental"}]},{"@type":"WebSite","@id":"https:\/\/www.portdesitges.com\/#website","url":"https:\/\/www.portdesitges.com\/","name":"Port de Sitges - Aiguadol\u00e7","description":"lugar donde el mar y la tierra se dan de la mano para crear un espacio \u00fanico y atractivo. Disfruta de un mar de experiencias.","potentialAction":[{"@type":"SearchAction","target":{"@type":"EntryPoint","urlTemplate":"https:\/\/www.portdesitges.com\/?s={search_term_string}"},"query-input":{"@type":"PropertyValueSpecification","valueRequired":true,"valueName":"search_term_string"}}],"inLanguage":"ca"},{"@type":"Person","@id":"https:\/\/www.portdesitges.com\/#\/schema\/person\/be98f3191d6c7bb6ccddc2e0ac4d861f","name":"S\u00f2nia Felip","image":{"@type":"ImageObject","inLanguage":"ca","@id":"https:\/\/secure.gravatar.com\/avatar\/3f5abf961091eed8bea1ba4a0fb5f78e0c728f907fe0cf722e81af4aa82939db?s=96&d=mm&r=g","url":"https:\/\/secure.gravatar.com\/avatar\/3f5abf961091eed8bea1ba4a0fb5f78e0c728f907fe0cf722e81af4aa82939db?s=96&d=mm&r=g","contentUrl":"https:\/\/secure.gravatar.com\/avatar\/3f5abf961091eed8bea1ba4a0fb5f78e0c728f907fe0cf722e81af4aa82939db?s=96&d=mm&r=g","caption":"S\u00f2nia Felip"},"url":"https:\/\/www.portdesitges.com\/ca\/author\/sonia\/"}]}},"_links":{"self":[{"href":"https:\/\/www.portdesitges.com\/ca\/wp-json\/wp\/v2\/posts\/9832","targetHints":{"allow":["GET"]}}],"collection":[{"href":"https:\/\/www.portdesitges.com\/ca\/wp-json\/wp\/v2\/posts"}],"about":[{"href":"https:\/\/www.portdesitges.com\/ca\/wp-json\/wp\/v2\/types\/post"}],"author":[{"embeddable":true,"href":"https:\/\/www.portdesitges.com\/ca\/wp-json\/wp\/v2\/users\/3"}],"replies":[{"embeddable":true,"href":"https:\/\/www.portdesitges.com\/ca\/wp-json\/wp\/v2\/comments?post=9832"}],"version-history":[{"count":1,"href":"https:\/\/www.portdesitges.com\/ca\/wp-json\/wp\/v2\/posts\/9832\/revisions"}],"predecessor-version":[{"id":13684,"href":"https:\/\/www.portdesitges.com\/ca\/wp-json\/wp\/v2\/posts\/9832\/revisions\/13684"}],"wp:featuredmedia":[{"embeddable":true,"href":"https:\/\/www.portdesitges.com\/ca\/wp-json\/"}],"wp:attachment":[{"href":"https:\/\/www.portdesitges.com\/ca\/wp-json\/wp\/v2\/media?parent=9832"}],"wp:term":[{"taxonomy":"category","embeddable":true,"href":"https:\/\/www.portdesitges.com\/ca\/wp-json\/wp\/v2\/categories?post=9832"},{"taxonomy":"post_tag","embeddable":true,"href":"https:\/\/www.portdesitges.com\/ca\/wp-json\/wp\/v2\/tags?post=9832"}],"curies":[{"name":"wp","href":"https:\/\/api.w.org\/{rel}","templated":true}]}}