{"id":9171,"date":"2019-05-30T10:08:30","date_gmt":"2019-05-30T10:08:30","guid":{"rendered":"https:\/\/www.portdesitges.com\/?p=9171"},"modified":"2021-04-30T11:44:40","modified_gmt":"2021-04-30T11:44:40","slug":"el-port-de-sitges-aiguadolc-celebra-el-dissabte-8-de-juny-el-marina-day-el-dia-dels-ports-de-catalunya","status":"publish","type":"post","link":"https:\/\/www.portdesitges.com\/ca\/el-port-de-sitges-aiguadolc-celebra-el-dissabte-8-de-juny-el-marina-day-el-dia-dels-ports-de-catalunya\/","title":{"rendered":"El Port de Sitges-Aiguadol\u00e7 celebra el dissabte 8 de juny, el Marina Day, el dia dels ports de Catalunya."},"content":{"rendered":"[et_pb_section fb_built=&#8221;1&#8243; _builder_version=&#8221;3.22.3&#8243;][et_pb_row _builder_version=&#8221;3.22.3&#8243; background_size=&#8221;initial&#8221; background_position=&#8221;top_left&#8221; background_repeat=&#8221;repeat&#8221;][et_pb_column type=&#8221;4_4&#8243; _builder_version=&#8221;3.0.47&#8243;][et_pb_text _builder_version=&#8221;3.22.6&#8243; background_size=&#8221;initial&#8221; background_position=&#8221;top_left&#8221; background_repeat=&#8221;repeat&#8221;]\n<p><!--more--><\/p>\n<h4>El Port de Sitges-Aiguadol\u00e7\u00a0celebra el dissabte 8 de juny,\u00a0el Marina\u00a0Day, el dia dels ports de Catalunya.<\/h4>\n<h4>La Festa dels Ports Esportius Jornada medi ambiental contra el pl\u00e0stic d\u2019un sol \u00fas.<\/h4>\n[\/et_pb_text][\/et_pb_column][\/et_pb_row][et_pb_row _builder_version=&#8221;3.22.3&#8243; background_size=&#8221;initial&#8221; background_position=&#8221;top_left&#8221; background_repeat=&#8221;repeat&#8221;][et_pb_column type=&#8221;4_4&#8243; _builder_version=&#8221;3.0.47&#8243;][et_pb_text _builder_version=&#8221;3.22.6&#8243; background_size=&#8221;initial&#8221; background_position=&#8221;top_left&#8221; background_repeat=&#8221;repeat&#8221;]\n<p><!--more--><\/p>\n<p>Un dia molt especial per a acostar-se al port i poder gaudir amb la fam\u00edlia de totes les activitats \u2013tant per a nens com per a adults\u2013, que el Port ofereix durant la jornada: Des d&#8217;un recorregut disfressat a bord d&#8217;un &#8220;vaixell pirata&#8221;, a una sortida amb moto d&#8217;aigua o una excursi\u00f3 amb vaixell amb patr\u00f3. Vine a passar-t&#8217;ho b\u00e9, porta la canalla i gaudiu tots junts d&#8217;un dia inoblidable.<br \/> <strong><br \/> <\/strong>A continuaci\u00f3 es mostren les diferents activitats i els horaris al llarg de la jornada.<\/p>\n<p><strong><br \/> Activitats infantils de\u00a011:00\u00a0a\u00a014:00 h<br \/> <\/strong>Excursions en vaixell pirata<br \/> Concurs de dibuix infantil<br \/> Taller de reciclatge<br \/> Manualitats<br \/> Biblioteca<br \/> Animaci\u00f3 infantil (12.00 h)<br \/> <strong><br \/> Entrega de premis a les\u00a014:00 h<br \/> <\/strong>1a Mostra d&#8217;Art Urb\u00e0 (guanyador del concurs i guanyador del sorteig)<br \/> Concurs de dibuix\u00a0infantil<br \/> <strong><br \/> Activitats n\u00e0utiques<br \/> <\/strong>Sortides en\u00a0kayacs\u00a0i velers de\u00a010:00\u00a0a\u00a014:00 h<br \/> Sortides en motos d&#8217;aigua 12:00 a\u00a014:00 h\u00a0i de\u00a016:00\u00a0a\u00a018:00 h<br \/> Excursions en vaixell amb patr\u00f3 de\u00a019:00\u00a0a\u00a021:00 h<br \/> <strong><br \/> El Port gastron\u00f2mic<br \/> <\/strong>Quan parlem del Port de Sitges estem parlant d&#8217;un port gastron\u00f2mic, no nom\u00e9s pel nombre de restaurants,\u00a0sino\u00a0per la seva oferta variada, el seu prestigi i la seva qualitat.<br \/> Els restaurants del Port tamb\u00e9 oferiran &#8220;Copes de benvinguda i men\u00fas especials Marina\u00a0Day&#8221;.<strong><br \/> <\/strong>*Si\u00a0vols venir a dinar t&#8217;aconsellem\u00a0que reservis amb antelaci\u00f3.<br \/> <strong><br \/> <\/strong>Al Marina\u00a0Day, vine a passar-t&#8217;ho\u00a0b\u00e9!<\/p>\n[\/et_pb_text][\/et_pb_column][\/et_pb_row][\/et_pb_section]\n","protected":false},"excerpt":{"rendered":"<p>[et_pb_section fb_built=&#8221;1&#8243; _builder_version=&#8221;3.22.3&#8243;][et_pb_row _builder_version=&#8221;3.22.3&#8243; background_size=&#8221;initial&#8221; background_position=&#8221;top_left&#8221; background_repeat=&#8221;repeat&#8221;][et_pb_column type=&#8221;4_4&#8243; _builder_version=&#8221;3.0.47&#8243;][et_pb_text _builder_version=&#8221;3.22.6&#8243; background_size=&#8221;initial&#8221; background_position=&#8221;top_left&#8221; background_repeat=&#8221;repeat&#8221;]<\/p>\n","protected":false},"author":3,"featured_media":9181,"comment_status":"closed","ping_status":"closed","sticky":false,"template":"","format":"standard","meta":{"footnotes":""},"categories":[62],"tags":[],"class_list":{"0":"post-9171","1":"post","2":"type-post","3":"status-publish","4":"format-standard","5":"has-post-thumbnail","7":"category-noticias-ca"},"yoast_head":"<!-- This site is optimized with the Yoast SEO plugin v27.3 - https:\/\/yoast.com\/product\/yoast-seo-wordpress\/ -->\n<title>El Port de Sitges-Aiguadol\u00e7 celebra el dissabte 8 de juny, el Marina Day, el dia dels ports de Catalunya. - Port de Sitges - Aiguadol\u00e7<\/title>\n<meta name=\"robots\" content=\"index, follow, max-snippet:-1, max-image-preview:large, max-video-preview:-1\" \/>\n<link rel=\"canonical\" href=\"https:\/\/www.portdesitges.com\/ca\/el-port-de-sitges-aiguadolc-celebra-el-dissabte-8-de-juny-el-marina-day-el-dia-dels-ports-de-catalunya\/\" \/>\n<meta property=\"og:locale\" content=\"ca_ES\" \/>\n<meta property=\"og:type\" content=\"article\" \/>\n<meta property=\"og:title\" content=\"El Port de Sitges-Aiguadol\u00e7 celebra el dissabte 8 de juny, el Marina Day, el dia dels ports de Catalunya. - Port de Sitges - Aiguadol\u00e7\" \/>\n<meta property=\"og:description\" content=\"[et_pb_section fb_built=&#8221;1&#8243; _builder_version=&#8221;3.22.3&#8243;][et_pb_row _builder_version=&#8221;3.22.3&#8243; background_size=&#8221;initial&#8221; background_position=&#8221;top_left&#8221; background_repeat=&#8221;repeat&#8221;][et_pb_column type=&#8221;4_4&#8243; _builder_version=&#8221;3.0.47&#8243;][et_pb_text _builder_version=&#8221;3.22.6&#8243; background_size=&#8221;initial&#8221; background_position=&#8221;top_left&#8221; background_repeat=&#8221;repeat&#8221;]\" \/>\n<meta property=\"og:url\" content=\"https:\/\/www.portdesitges.com\/ca\/el-port-de-sitges-aiguadolc-celebra-el-dissabte-8-de-juny-el-marina-day-el-dia-dels-ports-de-catalunya\/\" \/>\n<meta property=\"og:site_name\" content=\"Port de Sitges - Aiguadol\u00e7\" \/>\n<meta property=\"article:published_time\" content=\"2019-05-30T10:08:30+00:00\" \/>\n<meta property=\"article:modified_time\" content=\"2021-04-30T11:44:40+00:00\" \/>\n<meta property=\"og:image\" content=\"https:\/\/www.portdesitges.com\/wp-content\/uploads\/2019\/05\/imagenPOSTWEB-e1559212397385.jpg\" \/>\n\t<meta property=\"og:image:width\" content=\"400\" \/>\n\t<meta property=\"og:image:height\" content=\"400\" \/>\n\t<meta property=\"og:image:type\" content=\"image\/jpeg\" \/>\n<meta name=\"author\" content=\"S\u00f2nia Felip\" \/>\n<meta name=\"twitter:card\" content=\"summary_large_image\" \/>\n<meta name=\"twitter:label1\" content=\"Escrit per\" \/>\n\t<meta name=\"twitter:data1\" content=\"S\u00f2nia Felip\" \/>\n\t<meta name=\"twitter:label2\" content=\"Temps estimat de lectura\" \/>\n\t<meta name=\"twitter:data2\" content=\"2 minuts\" \/>\n<script type=\"application\/ld+json\" class=\"yoast-schema-graph\">{\"@context\":\"https:\\\/\\\/schema.org\",\"@graph\":[{\"@type\":\"Article\",\"@id\":\"https:\\\/\\\/www.portdesitges.com\\\/ca\\\/el-port-de-sitges-aiguadolc-celebra-el-dissabte-8-de-juny-el-marina-day-el-dia-dels-ports-de-catalunya\\\/#article\",\"isPartOf\":{\"@id\":\"https:\\\/\\\/www.portdesitges.com\\\/ca\\\/el-port-de-sitges-aiguadolc-celebra-el-dissabte-8-de-juny-el-marina-day-el-dia-dels-ports-de-catalunya\\\/\"},\"author\":{\"name\":\"S\u00f2nia Felip\",\"@id\":\"https:\\\/\\\/www.portdesitges.com\\\/#\\\/schema\\\/person\\\/be98f3191d6c7bb6ccddc2e0ac4d861f\"},\"headline\":\"El Port de Sitges-Aiguadol\u00e7 celebra el dissabte 8 de juny, el Marina Day, el dia dels ports de Catalunya.\",\"datePublished\":\"2019-05-30T10:08:30+00:00\",\"dateModified\":\"2021-04-30T11:44:40+00:00\",\"mainEntityOfPage\":{\"@id\":\"https:\\\/\\\/www.portdesitges.com\\\/ca\\\/el-port-de-sitges-aiguadolc-celebra-el-dissabte-8-de-juny-el-marina-day-el-dia-dels-ports-de-catalunya\\\/\"},\"wordCount\":387,\"image\":{\"@id\":\"https:\\\/\\\/www.portdesitges.com\\\/ca\\\/el-port-de-sitges-aiguadolc-celebra-el-dissabte-8-de-juny-el-marina-day-el-dia-dels-ports-de-catalunya\\\/#primaryimage\"},\"thumbnailUrl\":\"https:\\\/\\\/www.portdesitges.com\\\/wp-content\\\/uploads\\\/2019\\\/05\\\/imagenPOSTWEB-e1559212397385.jpg\",\"articleSection\":[\"Not\u00edcias\"],\"inLanguage\":\"ca\"},{\"@type\":\"WebPage\",\"@id\":\"https:\\\/\\\/www.portdesitges.com\\\/ca\\\/el-port-de-sitges-aiguadolc-celebra-el-dissabte-8-de-juny-el-marina-day-el-dia-dels-ports-de-catalunya\\\/\",\"url\":\"https:\\\/\\\/www.portdesitges.com\\\/ca\\\/el-port-de-sitges-aiguadolc-celebra-el-dissabte-8-de-juny-el-marina-day-el-dia-dels-ports-de-catalunya\\\/\",\"name\":\"El Port de Sitges-Aiguadol\u00e7 celebra el dissabte 8 de juny, el Marina Day, el dia dels ports de Catalunya. - Port de Sitges - Aiguadol\u00e7\",\"isPartOf\":{\"@id\":\"https:\\\/\\\/www.portdesitges.com\\\/#website\"},\"primaryImageOfPage\":{\"@id\":\"https:\\\/\\\/www.portdesitges.com\\\/ca\\\/el-port-de-sitges-aiguadolc-celebra-el-dissabte-8-de-juny-el-marina-day-el-dia-dels-ports-de-catalunya\\\/#primaryimage\"},\"image\":{\"@id\":\"https:\\\/\\\/www.portdesitges.com\\\/ca\\\/el-port-de-sitges-aiguadolc-celebra-el-dissabte-8-de-juny-el-marina-day-el-dia-dels-ports-de-catalunya\\\/#primaryimage\"},\"thumbnailUrl\":\"https:\\\/\\\/www.portdesitges.com\\\/wp-content\\\/uploads\\\/2019\\\/05\\\/imagenPOSTWEB-e1559212397385.jpg\",\"datePublished\":\"2019-05-30T10:08:30+00:00\",\"dateModified\":\"2021-04-30T11:44:40+00:00\",\"author\":{\"@id\":\"https:\\\/\\\/www.portdesitges.com\\\/#\\\/schema\\\/person\\\/be98f3191d6c7bb6ccddc2e0ac4d861f\"},\"breadcrumb\":{\"@id\":\"https:\\\/\\\/www.portdesitges.com\\\/ca\\\/el-port-de-sitges-aiguadolc-celebra-el-dissabte-8-de-juny-el-marina-day-el-dia-dels-ports-de-catalunya\\\/#breadcrumb\"},\"inLanguage\":\"ca\",\"potentialAction\":[{\"@type\":\"ReadAction\",\"target\":[\"https:\\\/\\\/www.portdesitges.com\\\/ca\\\/el-port-de-sitges-aiguadolc-celebra-el-dissabte-8-de-juny-el-marina-day-el-dia-dels-ports-de-catalunya\\\/\"]}]},{\"@type\":\"ImageObject\",\"inLanguage\":\"ca\",\"@id\":\"https:\\\/\\\/www.portdesitges.com\\\/ca\\\/el-port-de-sitges-aiguadolc-celebra-el-dissabte-8-de-juny-el-marina-day-el-dia-dels-ports-de-catalunya\\\/#primaryimage\",\"url\":\"https:\\\/\\\/www.portdesitges.com\\\/wp-content\\\/uploads\\\/2019\\\/05\\\/imagenPOSTWEB-e1559212397385.jpg\",\"contentUrl\":\"https:\\\/\\\/www.portdesitges.com\\\/wp-content\\\/uploads\\\/2019\\\/05\\\/imagenPOSTWEB-e1559212397385.jpg\",\"width\":400,\"height\":400},{\"@type\":\"BreadcrumbList\",\"@id\":\"https:\\\/\\\/www.portdesitges.com\\\/ca\\\/el-port-de-sitges-aiguadolc-celebra-el-dissabte-8-de-juny-el-marina-day-el-dia-dels-ports-de-catalunya\\\/#breadcrumb\",\"itemListElement\":[{\"@type\":\"ListItem\",\"position\":1,\"name\":\"Portada\",\"item\":\"https:\\\/\\\/www.portdesitges.com\\\/ca\\\/\"},{\"@type\":\"ListItem\",\"position\":2,\"name\":\"El Port de Sitges-Aiguadol\u00e7 celebra el dissabte 8 de juny, el Marina Day, el dia dels ports de Catalunya.\"}]},{\"@type\":\"WebSite\",\"@id\":\"https:\\\/\\\/www.portdesitges.com\\\/#website\",\"url\":\"https:\\\/\\\/www.portdesitges.com\\\/\",\"name\":\"Port de Sitges - Aiguadol\u00e7\",\"description\":\"lugar donde el mar y la tierra se dan de la mano para crear un espacio \u00fanico y atractivo. Disfruta de un mar de experiencias.\",\"potentialAction\":[{\"@type\":\"SearchAction\",\"target\":{\"@type\":\"EntryPoint\",\"urlTemplate\":\"https:\\\/\\\/www.portdesitges.com\\\/?s={search_term_string}\"},\"query-input\":{\"@type\":\"PropertyValueSpecification\",\"valueRequired\":true,\"valueName\":\"search_term_string\"}}],\"inLanguage\":\"ca\"},{\"@type\":\"Person\",\"@id\":\"https:\\\/\\\/www.portdesitges.com\\\/#\\\/schema\\\/person\\\/be98f3191d6c7bb6ccddc2e0ac4d861f\",\"name\":\"S\u00f2nia Felip\",\"image\":{\"@type\":\"ImageObject\",\"inLanguage\":\"ca\",\"@id\":\"https:\\\/\\\/secure.gravatar.com\\\/avatar\\\/3f5abf961091eed8bea1ba4a0fb5f78e0c728f907fe0cf722e81af4aa82939db?s=96&d=mm&r=g\",\"url\":\"https:\\\/\\\/secure.gravatar.com\\\/avatar\\\/3f5abf961091eed8bea1ba4a0fb5f78e0c728f907fe0cf722e81af4aa82939db?s=96&d=mm&r=g\",\"contentUrl\":\"https:\\\/\\\/secure.gravatar.com\\\/avatar\\\/3f5abf961091eed8bea1ba4a0fb5f78e0c728f907fe0cf722e81af4aa82939db?s=96&d=mm&r=g\",\"caption\":\"S\u00f2nia Felip\"},\"url\":\"https:\\\/\\\/www.portdesitges.com\\\/ca\\\/author\\\/sonia\\\/\"}]}<\/script>\n<!-- \/ Yoast SEO plugin. -->","yoast_head_json":{"title":"El Port de Sitges-Aiguadol\u00e7 celebra el dissabte 8 de juny, el Marina Day, el dia dels ports de Catalunya. - Port de Sitges - Aiguadol\u00e7","robots":{"index":"index","follow":"follow","max-snippet":"max-snippet:-1","max-image-preview":"max-image-preview:large","max-video-preview":"max-video-preview:-1"},"canonical":"https:\/\/www.portdesitges.com\/ca\/el-port-de-sitges-aiguadolc-celebra-el-dissabte-8-de-juny-el-marina-day-el-dia-dels-ports-de-catalunya\/","og_locale":"ca_ES","og_type":"article","og_title":"El Port de Sitges-Aiguadol\u00e7 celebra el dissabte 8 de juny, el Marina Day, el dia dels ports de Catalunya. - Port de Sitges - Aiguadol\u00e7","og_description":"[et_pb_section fb_built=&#8221;1&#8243; _builder_version=&#8221;3.22.3&#8243;][et_pb_row _builder_version=&#8221;3.22.3&#8243; background_size=&#8221;initial&#8221; background_position=&#8221;top_left&#8221; background_repeat=&#8221;repeat&#8221;][et_pb_column type=&#8221;4_4&#8243; _builder_version=&#8221;3.0.47&#8243;][et_pb_text _builder_version=&#8221;3.22.6&#8243; background_size=&#8221;initial&#8221; background_position=&#8221;top_left&#8221; background_repeat=&#8221;repeat&#8221;]","og_url":"https:\/\/www.portdesitges.com\/ca\/el-port-de-sitges-aiguadolc-celebra-el-dissabte-8-de-juny-el-marina-day-el-dia-dels-ports-de-catalunya\/","og_site_name":"Port de Sitges - Aiguadol\u00e7","article_published_time":"2019-05-30T10:08:30+00:00","article_modified_time":"2021-04-30T11:44:40+00:00","og_image":[{"width":400,"height":400,"url":"https:\/\/www.portdesitges.com\/wp-content\/uploads\/2019\/05\/imagenPOSTWEB-e1559212397385.jpg","type":"image\/jpeg"}],"author":"S\u00f2nia Felip","twitter_card":"summary_large_image","twitter_misc":{"Escrit per":"S\u00f2nia Felip","Temps estimat de lectura":"2 minuts"},"schema":{"@context":"https:\/\/schema.org","@graph":[{"@type":"Article","@id":"https:\/\/www.portdesitges.com\/ca\/el-port-de-sitges-aiguadolc-celebra-el-dissabte-8-de-juny-el-marina-day-el-dia-dels-ports-de-catalunya\/#article","isPartOf":{"@id":"https:\/\/www.portdesitges.com\/ca\/el-port-de-sitges-aiguadolc-celebra-el-dissabte-8-de-juny-el-marina-day-el-dia-dels-ports-de-catalunya\/"},"author":{"name":"S\u00f2nia Felip","@id":"https:\/\/www.portdesitges.com\/#\/schema\/person\/be98f3191d6c7bb6ccddc2e0ac4d861f"},"headline":"El Port de Sitges-Aiguadol\u00e7 celebra el dissabte 8 de juny, el Marina Day, el dia dels ports de Catalunya.","datePublished":"2019-05-30T10:08:30+00:00","dateModified":"2021-04-30T11:44:40+00:00","mainEntityOfPage":{"@id":"https:\/\/www.portdesitges.com\/ca\/el-port-de-sitges-aiguadolc-celebra-el-dissabte-8-de-juny-el-marina-day-el-dia-dels-ports-de-catalunya\/"},"wordCount":387,"image":{"@id":"https:\/\/www.portdesitges.com\/ca\/el-port-de-sitges-aiguadolc-celebra-el-dissabte-8-de-juny-el-marina-day-el-dia-dels-ports-de-catalunya\/#primaryimage"},"thumbnailUrl":"https:\/\/www.portdesitges.com\/wp-content\/uploads\/2019\/05\/imagenPOSTWEB-e1559212397385.jpg","articleSection":["Not\u00edcias"],"inLanguage":"ca"},{"@type":"WebPage","@id":"https:\/\/www.portdesitges.com\/ca\/el-port-de-sitges-aiguadolc-celebra-el-dissabte-8-de-juny-el-marina-day-el-dia-dels-ports-de-catalunya\/","url":"https:\/\/www.portdesitges.com\/ca\/el-port-de-sitges-aiguadolc-celebra-el-dissabte-8-de-juny-el-marina-day-el-dia-dels-ports-de-catalunya\/","name":"El Port de Sitges-Aiguadol\u00e7 celebra el dissabte 8 de juny, el Marina Day, el dia dels ports de Catalunya. - Port de Sitges - Aiguadol\u00e7","isPartOf":{"@id":"https:\/\/www.portdesitges.com\/#website"},"primaryImageOfPage":{"@id":"https:\/\/www.portdesitges.com\/ca\/el-port-de-sitges-aiguadolc-celebra-el-dissabte-8-de-juny-el-marina-day-el-dia-dels-ports-de-catalunya\/#primaryimage"},"image":{"@id":"https:\/\/www.portdesitges.com\/ca\/el-port-de-sitges-aiguadolc-celebra-el-dissabte-8-de-juny-el-marina-day-el-dia-dels-ports-de-catalunya\/#primaryimage"},"thumbnailUrl":"https:\/\/www.portdesitges.com\/wp-content\/uploads\/2019\/05\/imagenPOSTWEB-e1559212397385.jpg","datePublished":"2019-05-30T10:08:30+00:00","dateModified":"2021-04-30T11:44:40+00:00","author":{"@id":"https:\/\/www.portdesitges.com\/#\/schema\/person\/be98f3191d6c7bb6ccddc2e0ac4d861f"},"breadcrumb":{"@id":"https:\/\/www.portdesitges.com\/ca\/el-port-de-sitges-aiguadolc-celebra-el-dissabte-8-de-juny-el-marina-day-el-dia-dels-ports-de-catalunya\/#breadcrumb"},"inLanguage":"ca","potentialAction":[{"@type":"ReadAction","target":["https:\/\/www.portdesitges.com\/ca\/el-port-de-sitges-aiguadolc-celebra-el-dissabte-8-de-juny-el-marina-day-el-dia-dels-ports-de-catalunya\/"]}]},{"@type":"ImageObject","inLanguage":"ca","@id":"https:\/\/www.portdesitges.com\/ca\/el-port-de-sitges-aiguadolc-celebra-el-dissabte-8-de-juny-el-marina-day-el-dia-dels-ports-de-catalunya\/#primaryimage","url":"https:\/\/www.portdesitges.com\/wp-content\/uploads\/2019\/05\/imagenPOSTWEB-e1559212397385.jpg","contentUrl":"https:\/\/www.portdesitges.com\/wp-content\/uploads\/2019\/05\/imagenPOSTWEB-e1559212397385.jpg","width":400,"height":400},{"@type":"BreadcrumbList","@id":"https:\/\/www.portdesitges.com\/ca\/el-port-de-sitges-aiguadolc-celebra-el-dissabte-8-de-juny-el-marina-day-el-dia-dels-ports-de-catalunya\/#breadcrumb","itemListElement":[{"@type":"ListItem","position":1,"name":"Portada","item":"https:\/\/www.portdesitges.com\/ca\/"},{"@type":"ListItem","position":2,"name":"El Port de Sitges-Aiguadol\u00e7 celebra el dissabte 8 de juny, el Marina Day, el dia dels ports de Catalunya."}]},{"@type":"WebSite","@id":"https:\/\/www.portdesitges.com\/#website","url":"https:\/\/www.portdesitges.com\/","name":"Port de Sitges - Aiguadol\u00e7","description":"lugar donde el mar y la tierra se dan de la mano para crear un espacio \u00fanico y atractivo. Disfruta de un mar de experiencias.","potentialAction":[{"@type":"SearchAction","target":{"@type":"EntryPoint","urlTemplate":"https:\/\/www.portdesitges.com\/?s={search_term_string}"},"query-input":{"@type":"PropertyValueSpecification","valueRequired":true,"valueName":"search_term_string"}}],"inLanguage":"ca"},{"@type":"Person","@id":"https:\/\/www.portdesitges.com\/#\/schema\/person\/be98f3191d6c7bb6ccddc2e0ac4d861f","name":"S\u00f2nia Felip","image":{"@type":"ImageObject","inLanguage":"ca","@id":"https:\/\/secure.gravatar.com\/avatar\/3f5abf961091eed8bea1ba4a0fb5f78e0c728f907fe0cf722e81af4aa82939db?s=96&d=mm&r=g","url":"https:\/\/secure.gravatar.com\/avatar\/3f5abf961091eed8bea1ba4a0fb5f78e0c728f907fe0cf722e81af4aa82939db?s=96&d=mm&r=g","contentUrl":"https:\/\/secure.gravatar.com\/avatar\/3f5abf961091eed8bea1ba4a0fb5f78e0c728f907fe0cf722e81af4aa82939db?s=96&d=mm&r=g","caption":"S\u00f2nia Felip"},"url":"https:\/\/www.portdesitges.com\/ca\/author\/sonia\/"}]}},"_links":{"self":[{"href":"https:\/\/www.portdesitges.com\/ca\/wp-json\/wp\/v2\/posts\/9171","targetHints":{"allow":["GET"]}}],"collection":[{"href":"https:\/\/www.portdesitges.com\/ca\/wp-json\/wp\/v2\/posts"}],"about":[{"href":"https:\/\/www.portdesitges.com\/ca\/wp-json\/wp\/v2\/types\/post"}],"author":[{"embeddable":true,"href":"https:\/\/www.portdesitges.com\/ca\/wp-json\/wp\/v2\/users\/3"}],"replies":[{"embeddable":true,"href":"https:\/\/www.portdesitges.com\/ca\/wp-json\/wp\/v2\/comments?post=9171"}],"version-history":[{"count":1,"href":"https:\/\/www.portdesitges.com\/ca\/wp-json\/wp\/v2\/posts\/9171\/revisions"}],"predecessor-version":[{"id":14126,"href":"https:\/\/www.portdesitges.com\/ca\/wp-json\/wp\/v2\/posts\/9171\/revisions\/14126"}],"wp:featuredmedia":[{"embeddable":true,"href":"https:\/\/www.portdesitges.com\/ca\/wp-json\/wp\/v2\/media\/9181"}],"wp:attachment":[{"href":"https:\/\/www.portdesitges.com\/ca\/wp-json\/wp\/v2\/media?parent=9171"}],"wp:term":[{"taxonomy":"category","embeddable":true,"href":"https:\/\/www.portdesitges.com\/ca\/wp-json\/wp\/v2\/categories?post=9171"},{"taxonomy":"post_tag","embeddable":true,"href":"https:\/\/www.portdesitges.com\/ca\/wp-json\/wp\/v2\/tags?post=9171"}],"curies":[{"name":"wp","href":"https:\/\/api.w.org\/{rel}","templated":true}]}}