{"id":9149,"date":"2019-05-29T09:51:32","date_gmt":"2019-05-29T09:51:32","guid":{"rendered":"https:\/\/www.portdesitges.com\/?p=9149"},"modified":"2021-04-30T11:44:46","modified_gmt":"2021-04-30T11:44:46","slug":"9149","status":"publish","type":"post","link":"https:\/\/www.portdesitges.com\/ca\/9149\/","title":{"rendered":"El Marina Day i els ports esportius contra el pl\u00e0stic"},"content":{"rendered":"<p class=\"p2\"><b>El Marina Day i els ports esportius contra el pl\u00e0stic <\/b><\/p>\n<p class=\"p2\"><i>El 8 de juny torna la Festa dels Ports Esportius, aquesta edici\u00f3 se centra en conscienciar al ciutad\u00e0 en la reducci\u00f3 de l&#8217;\u00fas del pl\u00e0stic amb activitats gratu\u00eftes per a tota la fam\u00edlia <\/i><\/p>\n<p class=\"p2\">El dissabte 8 de juny torna el Marina Day, la Festa dels Ports Esportius, una jornada plena d&#8217;activitats gratu\u00eftes per a tota la fam\u00edlia impulsada per l&#8217;Associaci\u00f3 Catalana de Ports Esportius i Tur\u00edstics (ACPET). Aquesta cinquena edici\u00f3 se centra en conscienciar al ciutad\u00e0 en la reducci\u00f3 de l&#8217;\u00fas del pl\u00e0stic, especialment el d\u2019un sol \u00fas, organitzant activitats com a neteges de fons marins en les instal\u00b7lacions portu\u00e0ries, campanyes de conscienciaci\u00f3, xerrades medi ambientals, neteges de platges, etc. Sense oblidar que el visitant podr\u00e0 gaudir de les activitats que v\u00e9nen organitzant tots els anys els m\u00e9s de 25 ports en tot Catalunya participants com a sortides a vela, en Caiac, paddle sup, excursions amb vaixell, batejos de submarinisme, mercats de tota classe, m\u00fasica en viu, gastronomia i molt m\u00e9s.<\/p>\n<p class=\"p2\">El Marina Day vol apropar el ciutad\u00e0 al mar i als ports ja que son instal\u00b7lacions obertes a tothom on no fa falta tenir un vaixell per gaudir de la seva amplia oferta l\u00fadic-esportiva. Durant la passada edici\u00f3 la iniciativa de l\u2019ACPET va tenir molt bona acollida i si van sumar molts ports de la resta de la geografia espanyola com Balears, Valencia, Andalusia, Galicia o el Pa\u00eds Basc.<\/p>\n<p class=\"p2\">Els ports catalans que participen en el Marina Day 2018 s\u00f3n: Port de Portbou, Club N\u00e0utic Colera, CN Llan\u00e7\u00e0, CN Port de la Selva, Port de Roses, Marina Empuriabrava, CN l&#8217;Escala, CN Estartit, CN Costa Brava, CN Port d&#8217;Aro, CN St Feliu de Guixols, CV Blanes, CN Arenys de Mar, CN El Bal\u00eds, Port Matar\u00f3, Port Masnou, Marina Badalona, Port Ol\u00edmpic, Port Ginesta, CN Garraf, CN Vilanova, One Ocean Port Vell, Port de Sitges \u2013Aiguadol\u00e7, CN Salou, CN Cambrils, CN l&#8217;Hospitalet de l&#8217;Infant, Port Calafat, Marina Sant Jordi i Sant Carles Marina.<\/p>\n<p class=\"p2\">El Marina Day \u00e9s una iniciativa de l\u2019Associaci\u00f3 Catalana de Ports Esportius i Tur\u00edstics (ACPET) que compta amb la col\u00b7laboraci\u00f3 de Turisme de Barcelona, el Patronat de Turisme de la Costa Brava, la Diputaci\u00f3 de Barcelona, la Federaci\u00f3 Catalana de Vela, la Federaci\u00f3 Espanyola de Ports Esportius i Tur\u00edstics, el Port de Barcelona i el Sal\u00f3 N\u00e0utic de Barcelona.<\/p>\n<p class=\"p2\">Podeu consultar tot la informaci\u00f3 del Marina Day en la web de l\u2019ACPET (www.acpet.es), a les xarxes socials, Facebook (Marina Day Catalunya), Twitter (@MarinaDayCat, #MarinaDaycat) i en cada un dels mitjans de comunicaci\u00f3 dels ports i clubs participants.<\/p>\n<p class=\"p2\">Per a m\u00e9s informaci\u00f3,<\/p>\n<p class=\"p2\">Marc Segura<\/p>\n<p class=\"p3\"><b>Comunicaci\u00f3 Associaci\u00f3 Catalana de Ports Esportius i Tur\u00edstics (ACPET) <\/b><\/p>\n<p class=\"p3\"><b>639 22 11 01 <\/b><\/p>\n<p class=\"p3\"><b>comunicacio@acpet.es \/ www.acpet.es <\/b><\/p>\n","protected":false},"excerpt":{"rendered":"<p>El Marina Day i els ports esportius contra el pl\u00e0stic El 8 de juny torna la Festa dels Ports Esportius, aquesta edici\u00f3 se centra en conscienciar al ciutad\u00e0 en la&#8230;<\/p>\n","protected":false},"author":3,"featured_media":9150,"comment_status":"closed","ping_status":"closed","sticky":false,"template":"","format":"standard","meta":{"footnotes":""},"categories":[62],"tags":[],"class_list":{"0":"post-9149","1":"post","2":"type-post","3":"status-publish","4":"format-standard","5":"has-post-thumbnail","7":"category-noticias-ca"},"yoast_head":"<!-- This site is optimized with the Yoast SEO plugin v27.3 - https:\/\/yoast.com\/product\/yoast-seo-wordpress\/ -->\n<title>El Marina Day i els ports esportius contra el pl\u00e0stic - Port de Sitges - Aiguadol\u00e7<\/title>\n<meta name=\"robots\" content=\"index, follow, max-snippet:-1, max-image-preview:large, max-video-preview:-1\" \/>\n<link rel=\"canonical\" href=\"https:\/\/www.portdesitges.com\/ca\/9149\/\" \/>\n<meta property=\"og:locale\" content=\"ca_ES\" \/>\n<meta property=\"og:type\" content=\"article\" \/>\n<meta property=\"og:title\" content=\"El Marina Day i els ports esportius contra el pl\u00e0stic - Port de Sitges - Aiguadol\u00e7\" \/>\n<meta property=\"og:description\" content=\"El Marina Day i els ports esportius contra el pl\u00e0stic El 8 de juny torna la Festa dels Ports Esportius, aquesta edici\u00f3 se centra en conscienciar al ciutad\u00e0 en la...\" \/>\n<meta property=\"og:url\" content=\"https:\/\/www.portdesitges.com\/ca\/9149\/\" \/>\n<meta property=\"og:site_name\" content=\"Port de Sitges - Aiguadol\u00e7\" \/>\n<meta property=\"article:published_time\" content=\"2019-05-29T09:51:32+00:00\" \/>\n<meta property=\"article:modified_time\" content=\"2021-04-30T11:44:46+00:00\" \/>\n<meta property=\"og:image\" content=\"https:\/\/www.portdesitges.com\/wp-content\/uploads\/2019\/05\/Po\u0300ster-Marina-Day-2019-cat-scaled.jpg\" \/>\n\t<meta property=\"og:image:width\" content=\"1804\" \/>\n\t<meta property=\"og:image:height\" content=\"2560\" \/>\n\t<meta property=\"og:image:type\" content=\"image\/jpeg\" \/>\n<meta name=\"author\" content=\"S\u00f2nia Felip\" \/>\n<meta name=\"twitter:card\" content=\"summary_large_image\" \/>\n<meta name=\"twitter:label1\" content=\"Escrit per\" \/>\n\t<meta name=\"twitter:data1\" content=\"S\u00f2nia Felip\" \/>\n\t<meta name=\"twitter:label2\" content=\"Temps estimat de lectura\" \/>\n\t<meta name=\"twitter:data2\" content=\"2 minuts\" \/>\n<script type=\"application\/ld+json\" class=\"yoast-schema-graph\">{\"@context\":\"https:\\\/\\\/schema.org\",\"@graph\":[{\"@type\":\"Article\",\"@id\":\"https:\\\/\\\/www.portdesitges.com\\\/ca\\\/9149\\\/#article\",\"isPartOf\":{\"@id\":\"https:\\\/\\\/www.portdesitges.com\\\/ca\\\/9149\\\/\"},\"author\":{\"name\":\"S\u00f2nia Felip\",\"@id\":\"https:\\\/\\\/www.portdesitges.com\\\/#\\\/schema\\\/person\\\/be98f3191d6c7bb6ccddc2e0ac4d861f\"},\"headline\":\"El Marina Day i els ports esportius contra el pl\u00e0stic\",\"datePublished\":\"2019-05-29T09:51:32+00:00\",\"dateModified\":\"2021-04-30T11:44:46+00:00\",\"mainEntityOfPage\":{\"@id\":\"https:\\\/\\\/www.portdesitges.com\\\/ca\\\/9149\\\/\"},\"wordCount\":498,\"image\":{\"@id\":\"https:\\\/\\\/www.portdesitges.com\\\/ca\\\/9149\\\/#primaryimage\"},\"thumbnailUrl\":\"https:\\\/\\\/www.portdesitges.com\\\/wp-content\\\/uploads\\\/2019\\\/05\\\/Po\u0300ster-Marina-Day-2019-cat-scaled.jpg\",\"articleSection\":[\"Not\u00edcias\"],\"inLanguage\":\"ca\"},{\"@type\":\"WebPage\",\"@id\":\"https:\\\/\\\/www.portdesitges.com\\\/ca\\\/9149\\\/\",\"url\":\"https:\\\/\\\/www.portdesitges.com\\\/ca\\\/9149\\\/\",\"name\":\"El Marina Day i els ports esportius contra el pl\u00e0stic - Port de Sitges - Aiguadol\u00e7\",\"isPartOf\":{\"@id\":\"https:\\\/\\\/www.portdesitges.com\\\/#website\"},\"primaryImageOfPage\":{\"@id\":\"https:\\\/\\\/www.portdesitges.com\\\/ca\\\/9149\\\/#primaryimage\"},\"image\":{\"@id\":\"https:\\\/\\\/www.portdesitges.com\\\/ca\\\/9149\\\/#primaryimage\"},\"thumbnailUrl\":\"https:\\\/\\\/www.portdesitges.com\\\/wp-content\\\/uploads\\\/2019\\\/05\\\/Po\u0300ster-Marina-Day-2019-cat-scaled.jpg\",\"datePublished\":\"2019-05-29T09:51:32+00:00\",\"dateModified\":\"2021-04-30T11:44:46+00:00\",\"author\":{\"@id\":\"https:\\\/\\\/www.portdesitges.com\\\/#\\\/schema\\\/person\\\/be98f3191d6c7bb6ccddc2e0ac4d861f\"},\"breadcrumb\":{\"@id\":\"https:\\\/\\\/www.portdesitges.com\\\/ca\\\/9149\\\/#breadcrumb\"},\"inLanguage\":\"ca\",\"potentialAction\":[{\"@type\":\"ReadAction\",\"target\":[\"https:\\\/\\\/www.portdesitges.com\\\/ca\\\/9149\\\/\"]}]},{\"@type\":\"ImageObject\",\"inLanguage\":\"ca\",\"@id\":\"https:\\\/\\\/www.portdesitges.com\\\/ca\\\/9149\\\/#primaryimage\",\"url\":\"https:\\\/\\\/www.portdesitges.com\\\/wp-content\\\/uploads\\\/2019\\\/05\\\/Po\u0300ster-Marina-Day-2019-cat-scaled.jpg\",\"contentUrl\":\"https:\\\/\\\/www.portdesitges.com\\\/wp-content\\\/uploads\\\/2019\\\/05\\\/Po\u0300ster-Marina-Day-2019-cat-scaled.jpg\",\"width\":1804,\"height\":2560},{\"@type\":\"BreadcrumbList\",\"@id\":\"https:\\\/\\\/www.portdesitges.com\\\/ca\\\/9149\\\/#breadcrumb\",\"itemListElement\":[{\"@type\":\"ListItem\",\"position\":1,\"name\":\"Portada\",\"item\":\"https:\\\/\\\/www.portdesitges.com\\\/ca\\\/\"},{\"@type\":\"ListItem\",\"position\":2,\"name\":\"El Marina Day i els ports esportius contra el pl\u00e0stic\"}]},{\"@type\":\"WebSite\",\"@id\":\"https:\\\/\\\/www.portdesitges.com\\\/#website\",\"url\":\"https:\\\/\\\/www.portdesitges.com\\\/\",\"name\":\"Port de Sitges - Aiguadol\u00e7\",\"description\":\"lugar donde el mar y la tierra se dan de la mano para crear un espacio \u00fanico y atractivo. Disfruta de un mar de experiencias.\",\"potentialAction\":[{\"@type\":\"SearchAction\",\"target\":{\"@type\":\"EntryPoint\",\"urlTemplate\":\"https:\\\/\\\/www.portdesitges.com\\\/?s={search_term_string}\"},\"query-input\":{\"@type\":\"PropertyValueSpecification\",\"valueRequired\":true,\"valueName\":\"search_term_string\"}}],\"inLanguage\":\"ca\"},{\"@type\":\"Person\",\"@id\":\"https:\\\/\\\/www.portdesitges.com\\\/#\\\/schema\\\/person\\\/be98f3191d6c7bb6ccddc2e0ac4d861f\",\"name\":\"S\u00f2nia Felip\",\"image\":{\"@type\":\"ImageObject\",\"inLanguage\":\"ca\",\"@id\":\"https:\\\/\\\/secure.gravatar.com\\\/avatar\\\/3f5abf961091eed8bea1ba4a0fb5f78e0c728f907fe0cf722e81af4aa82939db?s=96&d=mm&r=g\",\"url\":\"https:\\\/\\\/secure.gravatar.com\\\/avatar\\\/3f5abf961091eed8bea1ba4a0fb5f78e0c728f907fe0cf722e81af4aa82939db?s=96&d=mm&r=g\",\"contentUrl\":\"https:\\\/\\\/secure.gravatar.com\\\/avatar\\\/3f5abf961091eed8bea1ba4a0fb5f78e0c728f907fe0cf722e81af4aa82939db?s=96&d=mm&r=g\",\"caption\":\"S\u00f2nia Felip\"},\"url\":\"https:\\\/\\\/www.portdesitges.com\\\/ca\\\/author\\\/sonia\\\/\"}]}<\/script>\n<!-- \/ Yoast SEO plugin. -->","yoast_head_json":{"title":"El Marina Day i els ports esportius contra el pl\u00e0stic - Port de Sitges - Aiguadol\u00e7","robots":{"index":"index","follow":"follow","max-snippet":"max-snippet:-1","max-image-preview":"max-image-preview:large","max-video-preview":"max-video-preview:-1"},"canonical":"https:\/\/www.portdesitges.com\/ca\/9149\/","og_locale":"ca_ES","og_type":"article","og_title":"El Marina Day i els ports esportius contra el pl\u00e0stic - Port de Sitges - Aiguadol\u00e7","og_description":"El Marina Day i els ports esportius contra el pl\u00e0stic El 8 de juny torna la Festa dels Ports Esportius, aquesta edici\u00f3 se centra en conscienciar al ciutad\u00e0 en la...","og_url":"https:\/\/www.portdesitges.com\/ca\/9149\/","og_site_name":"Port de Sitges - Aiguadol\u00e7","article_published_time":"2019-05-29T09:51:32+00:00","article_modified_time":"2021-04-30T11:44:46+00:00","og_image":[{"width":1804,"height":2560,"url":"https:\/\/www.portdesitges.com\/wp-content\/uploads\/2019\/05\/Po\u0300ster-Marina-Day-2019-cat-scaled.jpg","type":"image\/jpeg"}],"author":"S\u00f2nia Felip","twitter_card":"summary_large_image","twitter_misc":{"Escrit per":"S\u00f2nia Felip","Temps estimat de lectura":"2 minuts"},"schema":{"@context":"https:\/\/schema.org","@graph":[{"@type":"Article","@id":"https:\/\/www.portdesitges.com\/ca\/9149\/#article","isPartOf":{"@id":"https:\/\/www.portdesitges.com\/ca\/9149\/"},"author":{"name":"S\u00f2nia Felip","@id":"https:\/\/www.portdesitges.com\/#\/schema\/person\/be98f3191d6c7bb6ccddc2e0ac4d861f"},"headline":"El Marina Day i els ports esportius contra el pl\u00e0stic","datePublished":"2019-05-29T09:51:32+00:00","dateModified":"2021-04-30T11:44:46+00:00","mainEntityOfPage":{"@id":"https:\/\/www.portdesitges.com\/ca\/9149\/"},"wordCount":498,"image":{"@id":"https:\/\/www.portdesitges.com\/ca\/9149\/#primaryimage"},"thumbnailUrl":"https:\/\/www.portdesitges.com\/wp-content\/uploads\/2019\/05\/Po\u0300ster-Marina-Day-2019-cat-scaled.jpg","articleSection":["Not\u00edcias"],"inLanguage":"ca"},{"@type":"WebPage","@id":"https:\/\/www.portdesitges.com\/ca\/9149\/","url":"https:\/\/www.portdesitges.com\/ca\/9149\/","name":"El Marina Day i els ports esportius contra el pl\u00e0stic - Port de Sitges - Aiguadol\u00e7","isPartOf":{"@id":"https:\/\/www.portdesitges.com\/#website"},"primaryImageOfPage":{"@id":"https:\/\/www.portdesitges.com\/ca\/9149\/#primaryimage"},"image":{"@id":"https:\/\/www.portdesitges.com\/ca\/9149\/#primaryimage"},"thumbnailUrl":"https:\/\/www.portdesitges.com\/wp-content\/uploads\/2019\/05\/Po\u0300ster-Marina-Day-2019-cat-scaled.jpg","datePublished":"2019-05-29T09:51:32+00:00","dateModified":"2021-04-30T11:44:46+00:00","author":{"@id":"https:\/\/www.portdesitges.com\/#\/schema\/person\/be98f3191d6c7bb6ccddc2e0ac4d861f"},"breadcrumb":{"@id":"https:\/\/www.portdesitges.com\/ca\/9149\/#breadcrumb"},"inLanguage":"ca","potentialAction":[{"@type":"ReadAction","target":["https:\/\/www.portdesitges.com\/ca\/9149\/"]}]},{"@type":"ImageObject","inLanguage":"ca","@id":"https:\/\/www.portdesitges.com\/ca\/9149\/#primaryimage","url":"https:\/\/www.portdesitges.com\/wp-content\/uploads\/2019\/05\/Po\u0300ster-Marina-Day-2019-cat-scaled.jpg","contentUrl":"https:\/\/www.portdesitges.com\/wp-content\/uploads\/2019\/05\/Po\u0300ster-Marina-Day-2019-cat-scaled.jpg","width":1804,"height":2560},{"@type":"BreadcrumbList","@id":"https:\/\/www.portdesitges.com\/ca\/9149\/#breadcrumb","itemListElement":[{"@type":"ListItem","position":1,"name":"Portada","item":"https:\/\/www.portdesitges.com\/ca\/"},{"@type":"ListItem","position":2,"name":"El Marina Day i els ports esportius contra el pl\u00e0stic"}]},{"@type":"WebSite","@id":"https:\/\/www.portdesitges.com\/#website","url":"https:\/\/www.portdesitges.com\/","name":"Port de Sitges - Aiguadol\u00e7","description":"lugar donde el mar y la tierra se dan de la mano para crear un espacio \u00fanico y atractivo. Disfruta de un mar de experiencias.","potentialAction":[{"@type":"SearchAction","target":{"@type":"EntryPoint","urlTemplate":"https:\/\/www.portdesitges.com\/?s={search_term_string}"},"query-input":{"@type":"PropertyValueSpecification","valueRequired":true,"valueName":"search_term_string"}}],"inLanguage":"ca"},{"@type":"Person","@id":"https:\/\/www.portdesitges.com\/#\/schema\/person\/be98f3191d6c7bb6ccddc2e0ac4d861f","name":"S\u00f2nia Felip","image":{"@type":"ImageObject","inLanguage":"ca","@id":"https:\/\/secure.gravatar.com\/avatar\/3f5abf961091eed8bea1ba4a0fb5f78e0c728f907fe0cf722e81af4aa82939db?s=96&d=mm&r=g","url":"https:\/\/secure.gravatar.com\/avatar\/3f5abf961091eed8bea1ba4a0fb5f78e0c728f907fe0cf722e81af4aa82939db?s=96&d=mm&r=g","contentUrl":"https:\/\/secure.gravatar.com\/avatar\/3f5abf961091eed8bea1ba4a0fb5f78e0c728f907fe0cf722e81af4aa82939db?s=96&d=mm&r=g","caption":"S\u00f2nia Felip"},"url":"https:\/\/www.portdesitges.com\/ca\/author\/sonia\/"}]}},"_links":{"self":[{"href":"https:\/\/www.portdesitges.com\/ca\/wp-json\/wp\/v2\/posts\/9149","targetHints":{"allow":["GET"]}}],"collection":[{"href":"https:\/\/www.portdesitges.com\/ca\/wp-json\/wp\/v2\/posts"}],"about":[{"href":"https:\/\/www.portdesitges.com\/ca\/wp-json\/wp\/v2\/types\/post"}],"author":[{"embeddable":true,"href":"https:\/\/www.portdesitges.com\/ca\/wp-json\/wp\/v2\/users\/3"}],"replies":[{"embeddable":true,"href":"https:\/\/www.portdesitges.com\/ca\/wp-json\/wp\/v2\/comments?post=9149"}],"version-history":[{"count":1,"href":"https:\/\/www.portdesitges.com\/ca\/wp-json\/wp\/v2\/posts\/9149\/revisions"}],"predecessor-version":[{"id":14127,"href":"https:\/\/www.portdesitges.com\/ca\/wp-json\/wp\/v2\/posts\/9149\/revisions\/14127"}],"wp:featuredmedia":[{"embeddable":true,"href":"https:\/\/www.portdesitges.com\/ca\/wp-json\/wp\/v2\/media\/9150"}],"wp:attachment":[{"href":"https:\/\/www.portdesitges.com\/ca\/wp-json\/wp\/v2\/media?parent=9149"}],"wp:term":[{"taxonomy":"category","embeddable":true,"href":"https:\/\/www.portdesitges.com\/ca\/wp-json\/wp\/v2\/categories?post=9149"},{"taxonomy":"post_tag","embeddable":true,"href":"https:\/\/www.portdesitges.com\/ca\/wp-json\/wp\/v2\/tags?post=9149"}],"curies":[{"name":"wp","href":"https:\/\/api.w.org\/{rel}","templated":true}]}}