{"id":8861,"date":"2019-02-12T11:42:10","date_gmt":"2019-02-12T11:42:10","guid":{"rendered":"https:\/\/www.portdesitges.com\/?p=8861"},"modified":"2021-04-30T11:45:18","modified_gmt":"2021-04-30T11:45:18","slug":"calendari-dactivitats-del-port-de-sitges-aquest-2019","status":"publish","type":"post","link":"https:\/\/www.portdesitges.com\/ca\/calendari-dactivitats-del-port-de-sitges-aquest-2019\/","title":{"rendered":"Calendari d\u2019activitats del Port de Sitges aquest 2019"},"content":{"rendered":"<p><!--more--><\/p>\n<p>El Port de Sitges-Aiguadol\u00e7 presenta el seu calendari d\u2019activitats per aquest 2019. El Port de Sitges ha renovat la seva proposta i s\u2019omplir\u00e0 d\u2019activitats gratu\u00eftes per a tota la fam\u00edlia. Tothom que ho vulgui podr\u00e0 apropar-se al port i gaudir d\u2019un extens ventall d\u2019activitats n\u00e0utiques, esportives, culturals i gastron\u00f2miques durant tot el 2019.<\/p>\n<p>Al mar\u00e7 tindr\u00e0 lloc el 61e Ral\u00b7li Internacional de Cotxes d\u2019\u00c8poca Barcelona \u2013 Sitges.<\/p>\n<p>A l\u2019abril es dur\u00e0 a terme el 1er Concurs d\u2019Art Urb\u00e0 del Port de Sitges i la XVI a Regata Ophiusa: Sitges \u2013 Formentera.<\/p>\n<p>Al juny tindrem tant activitats n\u00e0utiques com culturals. D\u2019una banda al Port \u00e9s dura a terme \u201cEl Juny de la Vela\u201d, ja que comptarem amb quatre regates; II Regata Sitges Smile Rice, VIII Regata Sitges-Ciutadella, Regata Travessa Garraf i XVIII Regata Pato Willy, tres d\u2019elles participen de la Copa Catalana Sud-Centre. D\u2019altra banda el Port s\u2019omplir\u00e0 de cultura el Marina Day (diada de portes obertes dels ports esportius), el Corpus i la retransmissi\u00f3 de l\u2019\u00f2pera Tosca.<\/p>\n<p>Al juliol tornaran els Concerts de Mitjanit, Festival de M\u00fasica del Port de Sitges i la celebraci\u00f3 de la Festivitat de la Verge del Carme, amb process\u00f3 marinera i cantada d\u2019havaneres.<\/p>\n<p>A l\u2019octubre celebrarem al Port la Inauguraci\u00f3 del 52 Festival Internacional de Cinema Fant\u00e0stic de Catalunya per vuit\u00e8 any consecutiu i amb motiu del festival de cinema tindr\u00e0 lloc la Regata Fant\u00e0stica Nocturna.<\/p>\n<p>Per concloure l\u2019any al desembre farem la Festa Inici del Nadal al Port.<\/p>\n<p>Totes aquestes activitats es veuran ampliades amb m\u00e9s projectes que encara no podem avan\u00e7ar.<\/p>\n","protected":false},"excerpt":{"rendered":"El Port de Sitges-Aiguadol\u00e7 presenta el seu calendari d\u2019activitats per aquest 2019. El Port de Sitges ha renovat la seva proposta i s\u2019omplir\u00e0 d\u2019activitats gratu\u00eftes per a tota la fam\u00edlia....","protected":false},"author":3,"featured_media":8872,"comment_status":"closed","ping_status":"closed","sticky":false,"template":"","format":"standard","meta":{"footnotes":""},"categories":[62],"tags":[],"class_list":{"0":"post-8861","1":"post","2":"type-post","3":"status-publish","4":"format-standard","5":"has-post-thumbnail","7":"category-noticias-ca"},"yoast_head":"<!-- This site is optimized with the Yoast SEO plugin v27.3 - https:\/\/yoast.com\/product\/yoast-seo-wordpress\/ -->\n<title>Calendari d\u2019activitats del Port de Sitges aquest 2019 - Port de Sitges - Aiguadol\u00e7<\/title>\n<meta name=\"robots\" content=\"index, follow, max-snippet:-1, max-image-preview:large, max-video-preview:-1\" \/>\n<link rel=\"canonical\" href=\"https:\/\/www.portdesitges.com\/ca\/calendari-dactivitats-del-port-de-sitges-aquest-2019\/\" \/>\n<meta property=\"og:locale\" content=\"ca_ES\" \/>\n<meta property=\"og:type\" content=\"article\" \/>\n<meta property=\"og:title\" content=\"Calendari d\u2019activitats del Port de Sitges aquest 2019 - Port de Sitges - Aiguadol\u00e7\" \/>\n<meta property=\"og:url\" content=\"https:\/\/www.portdesitges.com\/ca\/calendari-dactivitats-del-port-de-sitges-aquest-2019\/\" \/>\n<meta property=\"og:site_name\" content=\"Port de Sitges - Aiguadol\u00e7\" \/>\n<meta property=\"article:published_time\" content=\"2019-02-12T11:42:10+00:00\" \/>\n<meta property=\"article:modified_time\" content=\"2021-04-30T11:45:18+00:00\" \/>\n<meta property=\"og:image\" content=\"https:\/\/www.portdesitges.com\/wp-content\/uploads\/2019\/02\/activi2019-scaled.jpg\" \/>\n\t<meta property=\"og:image:width\" content=\"2436\" \/>\n\t<meta property=\"og:image:height\" content=\"2560\" \/>\n\t<meta property=\"og:image:type\" content=\"image\/jpeg\" \/>\n<meta name=\"author\" content=\"S\u00f2nia Felip\" \/>\n<meta name=\"twitter:card\" content=\"summary_large_image\" \/>\n<meta name=\"twitter:label1\" content=\"Escrit per\" \/>\n\t<meta name=\"twitter:data1\" content=\"S\u00f2nia Felip\" \/>\n\t<meta name=\"twitter:label2\" content=\"Temps estimat de lectura\" \/>\n\t<meta name=\"twitter:data2\" content=\"1 minut\" \/>\n<script type=\"application\/ld+json\" class=\"yoast-schema-graph\">{\"@context\":\"https:\\\/\\\/schema.org\",\"@graph\":[{\"@type\":\"Article\",\"@id\":\"https:\\\/\\\/www.portdesitges.com\\\/ca\\\/calendari-dactivitats-del-port-de-sitges-aquest-2019\\\/#article\",\"isPartOf\":{\"@id\":\"https:\\\/\\\/www.portdesitges.com\\\/ca\\\/calendari-dactivitats-del-port-de-sitges-aquest-2019\\\/\"},\"author\":{\"name\":\"S\u00f2nia Felip\",\"@id\":\"https:\\\/\\\/www.portdesitges.com\\\/#\\\/schema\\\/person\\\/be98f3191d6c7bb6ccddc2e0ac4d861f\"},\"headline\":\"Calendari d\u2019activitats del Port de Sitges aquest 2019\",\"datePublished\":\"2019-02-12T11:42:10+00:00\",\"dateModified\":\"2021-04-30T11:45:18+00:00\",\"mainEntityOfPage\":{\"@id\":\"https:\\\/\\\/www.portdesitges.com\\\/ca\\\/calendari-dactivitats-del-port-de-sitges-aquest-2019\\\/\"},\"wordCount\":288,\"image\":{\"@id\":\"https:\\\/\\\/www.portdesitges.com\\\/ca\\\/calendari-dactivitats-del-port-de-sitges-aquest-2019\\\/#primaryimage\"},\"thumbnailUrl\":\"https:\\\/\\\/www.portdesitges.com\\\/wp-content\\\/uploads\\\/2019\\\/02\\\/activi2019-scaled.jpg\",\"articleSection\":[\"Not\u00edcias\"],\"inLanguage\":\"ca\"},{\"@type\":\"WebPage\",\"@id\":\"https:\\\/\\\/www.portdesitges.com\\\/ca\\\/calendari-dactivitats-del-port-de-sitges-aquest-2019\\\/\",\"url\":\"https:\\\/\\\/www.portdesitges.com\\\/ca\\\/calendari-dactivitats-del-port-de-sitges-aquest-2019\\\/\",\"name\":\"Calendari d\u2019activitats del Port de Sitges aquest 2019 - Port de Sitges - Aiguadol\u00e7\",\"isPartOf\":{\"@id\":\"https:\\\/\\\/www.portdesitges.com\\\/#website\"},\"primaryImageOfPage\":{\"@id\":\"https:\\\/\\\/www.portdesitges.com\\\/ca\\\/calendari-dactivitats-del-port-de-sitges-aquest-2019\\\/#primaryimage\"},\"image\":{\"@id\":\"https:\\\/\\\/www.portdesitges.com\\\/ca\\\/calendari-dactivitats-del-port-de-sitges-aquest-2019\\\/#primaryimage\"},\"thumbnailUrl\":\"https:\\\/\\\/www.portdesitges.com\\\/wp-content\\\/uploads\\\/2019\\\/02\\\/activi2019-scaled.jpg\",\"datePublished\":\"2019-02-12T11:42:10+00:00\",\"dateModified\":\"2021-04-30T11:45:18+00:00\",\"author\":{\"@id\":\"https:\\\/\\\/www.portdesitges.com\\\/#\\\/schema\\\/person\\\/be98f3191d6c7bb6ccddc2e0ac4d861f\"},\"breadcrumb\":{\"@id\":\"https:\\\/\\\/www.portdesitges.com\\\/ca\\\/calendari-dactivitats-del-port-de-sitges-aquest-2019\\\/#breadcrumb\"},\"inLanguage\":\"ca\",\"potentialAction\":[{\"@type\":\"ReadAction\",\"target\":[\"https:\\\/\\\/www.portdesitges.com\\\/ca\\\/calendari-dactivitats-del-port-de-sitges-aquest-2019\\\/\"]}]},{\"@type\":\"ImageObject\",\"inLanguage\":\"ca\",\"@id\":\"https:\\\/\\\/www.portdesitges.com\\\/ca\\\/calendari-dactivitats-del-port-de-sitges-aquest-2019\\\/#primaryimage\",\"url\":\"https:\\\/\\\/www.portdesitges.com\\\/wp-content\\\/uploads\\\/2019\\\/02\\\/activi2019-scaled.jpg\",\"contentUrl\":\"https:\\\/\\\/www.portdesitges.com\\\/wp-content\\\/uploads\\\/2019\\\/02\\\/activi2019-scaled.jpg\",\"width\":2436,\"height\":2560},{\"@type\":\"BreadcrumbList\",\"@id\":\"https:\\\/\\\/www.portdesitges.com\\\/ca\\\/calendari-dactivitats-del-port-de-sitges-aquest-2019\\\/#breadcrumb\",\"itemListElement\":[{\"@type\":\"ListItem\",\"position\":1,\"name\":\"Portada\",\"item\":\"https:\\\/\\\/www.portdesitges.com\\\/ca\\\/\"},{\"@type\":\"ListItem\",\"position\":2,\"name\":\"Calendari d\u2019activitats del Port de Sitges aquest 2019\"}]},{\"@type\":\"WebSite\",\"@id\":\"https:\\\/\\\/www.portdesitges.com\\\/#website\",\"url\":\"https:\\\/\\\/www.portdesitges.com\\\/\",\"name\":\"Port de Sitges - Aiguadol\u00e7\",\"description\":\"lugar donde el mar y la tierra se dan de la mano para crear un espacio \u00fanico y atractivo. Disfruta de un mar de experiencias.\",\"potentialAction\":[{\"@type\":\"SearchAction\",\"target\":{\"@type\":\"EntryPoint\",\"urlTemplate\":\"https:\\\/\\\/www.portdesitges.com\\\/?s={search_term_string}\"},\"query-input\":{\"@type\":\"PropertyValueSpecification\",\"valueRequired\":true,\"valueName\":\"search_term_string\"}}],\"inLanguage\":\"ca\"},{\"@type\":\"Person\",\"@id\":\"https:\\\/\\\/www.portdesitges.com\\\/#\\\/schema\\\/person\\\/be98f3191d6c7bb6ccddc2e0ac4d861f\",\"name\":\"S\u00f2nia Felip\",\"image\":{\"@type\":\"ImageObject\",\"inLanguage\":\"ca\",\"@id\":\"https:\\\/\\\/secure.gravatar.com\\\/avatar\\\/3f5abf961091eed8bea1ba4a0fb5f78e0c728f907fe0cf722e81af4aa82939db?s=96&d=mm&r=g\",\"url\":\"https:\\\/\\\/secure.gravatar.com\\\/avatar\\\/3f5abf961091eed8bea1ba4a0fb5f78e0c728f907fe0cf722e81af4aa82939db?s=96&d=mm&r=g\",\"contentUrl\":\"https:\\\/\\\/secure.gravatar.com\\\/avatar\\\/3f5abf961091eed8bea1ba4a0fb5f78e0c728f907fe0cf722e81af4aa82939db?s=96&d=mm&r=g\",\"caption\":\"S\u00f2nia Felip\"},\"url\":\"https:\\\/\\\/www.portdesitges.com\\\/ca\\\/author\\\/sonia\\\/\"}]}<\/script>\n<!-- \/ Yoast SEO plugin. -->","yoast_head_json":{"title":"Calendari d\u2019activitats del Port de Sitges aquest 2019 - Port de Sitges - Aiguadol\u00e7","robots":{"index":"index","follow":"follow","max-snippet":"max-snippet:-1","max-image-preview":"max-image-preview:large","max-video-preview":"max-video-preview:-1"},"canonical":"https:\/\/www.portdesitges.com\/ca\/calendari-dactivitats-del-port-de-sitges-aquest-2019\/","og_locale":"ca_ES","og_type":"article","og_title":"Calendari d\u2019activitats del Port de Sitges aquest 2019 - Port de Sitges - Aiguadol\u00e7","og_url":"https:\/\/www.portdesitges.com\/ca\/calendari-dactivitats-del-port-de-sitges-aquest-2019\/","og_site_name":"Port de Sitges - Aiguadol\u00e7","article_published_time":"2019-02-12T11:42:10+00:00","article_modified_time":"2021-04-30T11:45:18+00:00","og_image":[{"width":2436,"height":2560,"url":"https:\/\/www.portdesitges.com\/wp-content\/uploads\/2019\/02\/activi2019-scaled.jpg","type":"image\/jpeg"}],"author":"S\u00f2nia Felip","twitter_card":"summary_large_image","twitter_misc":{"Escrit per":"S\u00f2nia Felip","Temps estimat de lectura":"1 minut"},"schema":{"@context":"https:\/\/schema.org","@graph":[{"@type":"Article","@id":"https:\/\/www.portdesitges.com\/ca\/calendari-dactivitats-del-port-de-sitges-aquest-2019\/#article","isPartOf":{"@id":"https:\/\/www.portdesitges.com\/ca\/calendari-dactivitats-del-port-de-sitges-aquest-2019\/"},"author":{"name":"S\u00f2nia Felip","@id":"https:\/\/www.portdesitges.com\/#\/schema\/person\/be98f3191d6c7bb6ccddc2e0ac4d861f"},"headline":"Calendari d\u2019activitats del Port de Sitges aquest 2019","datePublished":"2019-02-12T11:42:10+00:00","dateModified":"2021-04-30T11:45:18+00:00","mainEntityOfPage":{"@id":"https:\/\/www.portdesitges.com\/ca\/calendari-dactivitats-del-port-de-sitges-aquest-2019\/"},"wordCount":288,"image":{"@id":"https:\/\/www.portdesitges.com\/ca\/calendari-dactivitats-del-port-de-sitges-aquest-2019\/#primaryimage"},"thumbnailUrl":"https:\/\/www.portdesitges.com\/wp-content\/uploads\/2019\/02\/activi2019-scaled.jpg","articleSection":["Not\u00edcias"],"inLanguage":"ca"},{"@type":"WebPage","@id":"https:\/\/www.portdesitges.com\/ca\/calendari-dactivitats-del-port-de-sitges-aquest-2019\/","url":"https:\/\/www.portdesitges.com\/ca\/calendari-dactivitats-del-port-de-sitges-aquest-2019\/","name":"Calendari d\u2019activitats del Port de Sitges aquest 2019 - Port de Sitges - Aiguadol\u00e7","isPartOf":{"@id":"https:\/\/www.portdesitges.com\/#website"},"primaryImageOfPage":{"@id":"https:\/\/www.portdesitges.com\/ca\/calendari-dactivitats-del-port-de-sitges-aquest-2019\/#primaryimage"},"image":{"@id":"https:\/\/www.portdesitges.com\/ca\/calendari-dactivitats-del-port-de-sitges-aquest-2019\/#primaryimage"},"thumbnailUrl":"https:\/\/www.portdesitges.com\/wp-content\/uploads\/2019\/02\/activi2019-scaled.jpg","datePublished":"2019-02-12T11:42:10+00:00","dateModified":"2021-04-30T11:45:18+00:00","author":{"@id":"https:\/\/www.portdesitges.com\/#\/schema\/person\/be98f3191d6c7bb6ccddc2e0ac4d861f"},"breadcrumb":{"@id":"https:\/\/www.portdesitges.com\/ca\/calendari-dactivitats-del-port-de-sitges-aquest-2019\/#breadcrumb"},"inLanguage":"ca","potentialAction":[{"@type":"ReadAction","target":["https:\/\/www.portdesitges.com\/ca\/calendari-dactivitats-del-port-de-sitges-aquest-2019\/"]}]},{"@type":"ImageObject","inLanguage":"ca","@id":"https:\/\/www.portdesitges.com\/ca\/calendari-dactivitats-del-port-de-sitges-aquest-2019\/#primaryimage","url":"https:\/\/www.portdesitges.com\/wp-content\/uploads\/2019\/02\/activi2019-scaled.jpg","contentUrl":"https:\/\/www.portdesitges.com\/wp-content\/uploads\/2019\/02\/activi2019-scaled.jpg","width":2436,"height":2560},{"@type":"BreadcrumbList","@id":"https:\/\/www.portdesitges.com\/ca\/calendari-dactivitats-del-port-de-sitges-aquest-2019\/#breadcrumb","itemListElement":[{"@type":"ListItem","position":1,"name":"Portada","item":"https:\/\/www.portdesitges.com\/ca\/"},{"@type":"ListItem","position":2,"name":"Calendari d\u2019activitats del Port de Sitges aquest 2019"}]},{"@type":"WebSite","@id":"https:\/\/www.portdesitges.com\/#website","url":"https:\/\/www.portdesitges.com\/","name":"Port de Sitges - Aiguadol\u00e7","description":"lugar donde el mar y la tierra se dan de la mano para crear un espacio \u00fanico y atractivo. Disfruta de un mar de experiencias.","potentialAction":[{"@type":"SearchAction","target":{"@type":"EntryPoint","urlTemplate":"https:\/\/www.portdesitges.com\/?s={search_term_string}"},"query-input":{"@type":"PropertyValueSpecification","valueRequired":true,"valueName":"search_term_string"}}],"inLanguage":"ca"},{"@type":"Person","@id":"https:\/\/www.portdesitges.com\/#\/schema\/person\/be98f3191d6c7bb6ccddc2e0ac4d861f","name":"S\u00f2nia Felip","image":{"@type":"ImageObject","inLanguage":"ca","@id":"https:\/\/secure.gravatar.com\/avatar\/3f5abf961091eed8bea1ba4a0fb5f78e0c728f907fe0cf722e81af4aa82939db?s=96&d=mm&r=g","url":"https:\/\/secure.gravatar.com\/avatar\/3f5abf961091eed8bea1ba4a0fb5f78e0c728f907fe0cf722e81af4aa82939db?s=96&d=mm&r=g","contentUrl":"https:\/\/secure.gravatar.com\/avatar\/3f5abf961091eed8bea1ba4a0fb5f78e0c728f907fe0cf722e81af4aa82939db?s=96&d=mm&r=g","caption":"S\u00f2nia Felip"},"url":"https:\/\/www.portdesitges.com\/ca\/author\/sonia\/"}]}},"_links":{"self":[{"href":"https:\/\/www.portdesitges.com\/ca\/wp-json\/wp\/v2\/posts\/8861","targetHints":{"allow":["GET"]}}],"collection":[{"href":"https:\/\/www.portdesitges.com\/ca\/wp-json\/wp\/v2\/posts"}],"about":[{"href":"https:\/\/www.portdesitges.com\/ca\/wp-json\/wp\/v2\/types\/post"}],"author":[{"embeddable":true,"href":"https:\/\/www.portdesitges.com\/ca\/wp-json\/wp\/v2\/users\/3"}],"replies":[{"embeddable":true,"href":"https:\/\/www.portdesitges.com\/ca\/wp-json\/wp\/v2\/comments?post=8861"}],"version-history":[{"count":1,"href":"https:\/\/www.portdesitges.com\/ca\/wp-json\/wp\/v2\/posts\/8861\/revisions"}],"predecessor-version":[{"id":14131,"href":"https:\/\/www.portdesitges.com\/ca\/wp-json\/wp\/v2\/posts\/8861\/revisions\/14131"}],"wp:featuredmedia":[{"embeddable":true,"href":"https:\/\/www.portdesitges.com\/ca\/wp-json\/wp\/v2\/media\/8872"}],"wp:attachment":[{"href":"https:\/\/www.portdesitges.com\/ca\/wp-json\/wp\/v2\/media?parent=8861"}],"wp:term":[{"taxonomy":"category","embeddable":true,"href":"https:\/\/www.portdesitges.com\/ca\/wp-json\/wp\/v2\/categories?post=8861"},{"taxonomy":"post_tag","embeddable":true,"href":"https:\/\/www.portdesitges.com\/ca\/wp-json\/wp\/v2\/tags?post=8861"}],"curies":[{"name":"wp","href":"https:\/\/api.w.org\/{rel}","templated":true}]}}