{"id":7854,"date":"2018-11-30T14:39:25","date_gmt":"2018-11-30T14:39:25","guid":{"rendered":"https:\/\/www.portdesitges.com\/?p=7854"},"modified":"2021-04-30T11:45:30","modified_gmt":"2021-04-30T11:45:30","slug":"inici-de-les-festes-de-nadal-al-port-de-sitges","status":"publish","type":"post","link":"https:\/\/www.portdesitges.com\/ca\/inici-de-les-festes-de-nadal-al-port-de-sitges\/","title":{"rendered":"Inici de les festes de Nadal al Port de Sitges"},"content":{"rendered":"<p><!--more--><\/p>\n<p>Dissabte 8 de desembre tindr\u00e0 lloc la tradicional festa d&#8217;inici del nadal, a les 12.30 hores, a les instal\u00b7lacions del Port de Sitges amb un conjunt d&#8217;activitats per celebrar l&#8217;inici de les festes nadalenques.<\/p>\n<p>Hi haur\u00e0 un taller per fabricar un fanalet de nadal m\u00e0gic que provocar\u00e0 l&#8217;energia suficient per il\u00b7luminar el Port de Sitges per Nadal. I despr\u00e9s gaudirem d&#8217;una cantata de Nadales a c\u00e0rrec de Sitges Canta!\u00a0The\u00a0Internacional Sitges\u00a0Chorale, i el mateix dia farem l&#8217;encesa de llums de Nadal per donar la benvinguda a les festes m\u00e9s m\u00e0giques de l&#8217;any.<\/p>\n<p>Tamb\u00e9 podrem gaudir dels diferents elements que protagonitzen el Nadal al Port: els arbres de Nadal, el pesebre, els missatgers del nadal i l&#8217;arbre dels desitjos del\u00a0Pato\u00a0Willy, on els nens i les nenes podran dipositar les seves cartes.<\/p>\n<p style=\"text-align: center;\"><a href=\"https:\/\/www.portdesitges.com\/oldweb\/port\/wp-content\/uploads\/2018\/11\/postercantata12-compressed.jpg\"><img loading=\"lazy\" decoding=\"async\" class=\"alignnone size-medium wp-image-7855\" src=\"https:\/\/www.portdesitges.com\/oldweb\/port\/wp-content\/uploads\/2018\/11\/postercantata12-compressed-212x300.jpg\" alt=\"\" width=\"212\" height=\"300\" \/><\/a><\/p>\n<p>Volem comptar amb la participaci\u00f3 de tots els nens i nenes sitgetans, ja que amb el seu ajut i entusiasme podrem gaudir un mat\u00ed ple d&#8217;activitats amb molta energia perqu\u00e8 duri totes les festes.<\/p>\n<p>Us esperem a tots i totes a les 12.30 hores, aquest ser\u00e0 el punt de partida d&#8217;un mes ple de festes i felicitat, on des del Port de Sitges convidem a tothom a gaudir de les festes i la tradici\u00f3 del Nadal.<\/p>\n","protected":false},"excerpt":{"rendered":"Dissabte 8 de desembre tindr\u00e0 lloc la tradicional festa d'inici del nadal, a les 12.30 hores, a les instal\u00b7lacions del Port de Sitges amb un conjunt d'activitats per celebrar l'inici...","protected":false},"author":3,"featured_media":7858,"comment_status":"closed","ping_status":"closed","sticky":false,"template":"","format":"standard","meta":{"footnotes":""},"categories":[62],"tags":[],"class_list":{"0":"post-7854","1":"post","2":"type-post","3":"status-publish","4":"format-standard","5":"has-post-thumbnail","7":"category-noticias-ca"},"yoast_head":"<!-- This site is optimized with the Yoast SEO plugin v27.3 - https:\/\/yoast.com\/product\/yoast-seo-wordpress\/ -->\n<title>Inici de les festes de Nadal al Port de Sitges - Port de Sitges - Aiguadol\u00e7<\/title>\n<meta name=\"robots\" content=\"index, follow, max-snippet:-1, max-image-preview:large, max-video-preview:-1\" \/>\n<link rel=\"canonical\" href=\"https:\/\/www.portdesitges.com\/ca\/inici-de-les-festes-de-nadal-al-port-de-sitges\/\" \/>\n<meta property=\"og:locale\" content=\"ca_ES\" \/>\n<meta property=\"og:type\" content=\"article\" \/>\n<meta property=\"og:title\" content=\"Inici de les festes de Nadal al Port de Sitges - Port de Sitges - Aiguadol\u00e7\" \/>\n<meta property=\"og:url\" content=\"https:\/\/www.portdesitges.com\/ca\/inici-de-les-festes-de-nadal-al-port-de-sitges\/\" \/>\n<meta property=\"og:site_name\" content=\"Port de Sitges - Aiguadol\u00e7\" \/>\n<meta property=\"article:published_time\" content=\"2018-11-30T14:39:25+00:00\" \/>\n<meta property=\"article:modified_time\" content=\"2021-04-30T11:45:30+00:00\" \/>\n<meta name=\"author\" content=\"S\u00f2nia Felip\" \/>\n<meta name=\"twitter:card\" content=\"summary_large_image\" \/>\n<meta name=\"twitter:label1\" content=\"Escrit per\" \/>\n\t<meta name=\"twitter:data1\" content=\"S\u00f2nia Felip\" \/>\n\t<meta name=\"twitter:label2\" content=\"Temps estimat de lectura\" \/>\n\t<meta name=\"twitter:data2\" content=\"1 minut\" \/>\n<script type=\"application\/ld+json\" class=\"yoast-schema-graph\">{\"@context\":\"https:\\\/\\\/schema.org\",\"@graph\":[{\"@type\":\"Article\",\"@id\":\"https:\\\/\\\/www.portdesitges.com\\\/ca\\\/inici-de-les-festes-de-nadal-al-port-de-sitges\\\/#article\",\"isPartOf\":{\"@id\":\"https:\\\/\\\/www.portdesitges.com\\\/ca\\\/inici-de-les-festes-de-nadal-al-port-de-sitges\\\/\"},\"author\":{\"name\":\"S\u00f2nia Felip\",\"@id\":\"https:\\\/\\\/www.portdesitges.com\\\/#\\\/schema\\\/person\\\/be98f3191d6c7bb6ccddc2e0ac4d861f\"},\"headline\":\"Inici de les festes de Nadal al Port de Sitges\",\"datePublished\":\"2018-11-30T14:39:25+00:00\",\"dateModified\":\"2021-04-30T11:45:30+00:00\",\"mainEntityOfPage\":{\"@id\":\"https:\\\/\\\/www.portdesitges.com\\\/ca\\\/inici-de-les-festes-de-nadal-al-port-de-sitges\\\/\"},\"wordCount\":234,\"image\":{\"@id\":\"https:\\\/\\\/www.portdesitges.com\\\/ca\\\/inici-de-les-festes-de-nadal-al-port-de-sitges\\\/#primaryimage\"},\"thumbnailUrl\":\"\",\"articleSection\":[\"Not\u00edcias\"],\"inLanguage\":\"ca\"},{\"@type\":\"WebPage\",\"@id\":\"https:\\\/\\\/www.portdesitges.com\\\/ca\\\/inici-de-les-festes-de-nadal-al-port-de-sitges\\\/\",\"url\":\"https:\\\/\\\/www.portdesitges.com\\\/ca\\\/inici-de-les-festes-de-nadal-al-port-de-sitges\\\/\",\"name\":\"Inici de les festes de Nadal al Port de Sitges - Port de Sitges - Aiguadol\u00e7\",\"isPartOf\":{\"@id\":\"https:\\\/\\\/www.portdesitges.com\\\/#website\"},\"primaryImageOfPage\":{\"@id\":\"https:\\\/\\\/www.portdesitges.com\\\/ca\\\/inici-de-les-festes-de-nadal-al-port-de-sitges\\\/#primaryimage\"},\"image\":{\"@id\":\"https:\\\/\\\/www.portdesitges.com\\\/ca\\\/inici-de-les-festes-de-nadal-al-port-de-sitges\\\/#primaryimage\"},\"thumbnailUrl\":\"\",\"datePublished\":\"2018-11-30T14:39:25+00:00\",\"dateModified\":\"2021-04-30T11:45:30+00:00\",\"author\":{\"@id\":\"https:\\\/\\\/www.portdesitges.com\\\/#\\\/schema\\\/person\\\/be98f3191d6c7bb6ccddc2e0ac4d861f\"},\"breadcrumb\":{\"@id\":\"https:\\\/\\\/www.portdesitges.com\\\/ca\\\/inici-de-les-festes-de-nadal-al-port-de-sitges\\\/#breadcrumb\"},\"inLanguage\":\"ca\",\"potentialAction\":[{\"@type\":\"ReadAction\",\"target\":[\"https:\\\/\\\/www.portdesitges.com\\\/ca\\\/inici-de-les-festes-de-nadal-al-port-de-sitges\\\/\"]}]},{\"@type\":\"ImageObject\",\"inLanguage\":\"ca\",\"@id\":\"https:\\\/\\\/www.portdesitges.com\\\/ca\\\/inici-de-les-festes-de-nadal-al-port-de-sitges\\\/#primaryimage\",\"url\":\"\",\"contentUrl\":\"\"},{\"@type\":\"BreadcrumbList\",\"@id\":\"https:\\\/\\\/www.portdesitges.com\\\/ca\\\/inici-de-les-festes-de-nadal-al-port-de-sitges\\\/#breadcrumb\",\"itemListElement\":[{\"@type\":\"ListItem\",\"position\":1,\"name\":\"Portada\",\"item\":\"https:\\\/\\\/www.portdesitges.com\\\/ca\\\/\"},{\"@type\":\"ListItem\",\"position\":2,\"name\":\"Inici de les festes de Nadal al Port de Sitges\"}]},{\"@type\":\"WebSite\",\"@id\":\"https:\\\/\\\/www.portdesitges.com\\\/#website\",\"url\":\"https:\\\/\\\/www.portdesitges.com\\\/\",\"name\":\"Port de Sitges - Aiguadol\u00e7\",\"description\":\"lugar donde el mar y la tierra se dan de la mano para crear un espacio \u00fanico y atractivo. Disfruta de un mar de experiencias.\",\"potentialAction\":[{\"@type\":\"SearchAction\",\"target\":{\"@type\":\"EntryPoint\",\"urlTemplate\":\"https:\\\/\\\/www.portdesitges.com\\\/?s={search_term_string}\"},\"query-input\":{\"@type\":\"PropertyValueSpecification\",\"valueRequired\":true,\"valueName\":\"search_term_string\"}}],\"inLanguage\":\"ca\"},{\"@type\":\"Person\",\"@id\":\"https:\\\/\\\/www.portdesitges.com\\\/#\\\/schema\\\/person\\\/be98f3191d6c7bb6ccddc2e0ac4d861f\",\"name\":\"S\u00f2nia Felip\",\"image\":{\"@type\":\"ImageObject\",\"inLanguage\":\"ca\",\"@id\":\"https:\\\/\\\/secure.gravatar.com\\\/avatar\\\/3f5abf961091eed8bea1ba4a0fb5f78e0c728f907fe0cf722e81af4aa82939db?s=96&d=mm&r=g\",\"url\":\"https:\\\/\\\/secure.gravatar.com\\\/avatar\\\/3f5abf961091eed8bea1ba4a0fb5f78e0c728f907fe0cf722e81af4aa82939db?s=96&d=mm&r=g\",\"contentUrl\":\"https:\\\/\\\/secure.gravatar.com\\\/avatar\\\/3f5abf961091eed8bea1ba4a0fb5f78e0c728f907fe0cf722e81af4aa82939db?s=96&d=mm&r=g\",\"caption\":\"S\u00f2nia Felip\"},\"url\":\"https:\\\/\\\/www.portdesitges.com\\\/ca\\\/author\\\/sonia\\\/\"}]}<\/script>\n<!-- \/ Yoast SEO plugin. -->","yoast_head_json":{"title":"Inici de les festes de Nadal al Port de Sitges - Port de Sitges - Aiguadol\u00e7","robots":{"index":"index","follow":"follow","max-snippet":"max-snippet:-1","max-image-preview":"max-image-preview:large","max-video-preview":"max-video-preview:-1"},"canonical":"https:\/\/www.portdesitges.com\/ca\/inici-de-les-festes-de-nadal-al-port-de-sitges\/","og_locale":"ca_ES","og_type":"article","og_title":"Inici de les festes de Nadal al Port de Sitges - Port de Sitges - Aiguadol\u00e7","og_url":"https:\/\/www.portdesitges.com\/ca\/inici-de-les-festes-de-nadal-al-port-de-sitges\/","og_site_name":"Port de Sitges - Aiguadol\u00e7","article_published_time":"2018-11-30T14:39:25+00:00","article_modified_time":"2021-04-30T11:45:30+00:00","author":"S\u00f2nia Felip","twitter_card":"summary_large_image","twitter_misc":{"Escrit per":"S\u00f2nia Felip","Temps estimat de lectura":"1 minut"},"schema":{"@context":"https:\/\/schema.org","@graph":[{"@type":"Article","@id":"https:\/\/www.portdesitges.com\/ca\/inici-de-les-festes-de-nadal-al-port-de-sitges\/#article","isPartOf":{"@id":"https:\/\/www.portdesitges.com\/ca\/inici-de-les-festes-de-nadal-al-port-de-sitges\/"},"author":{"name":"S\u00f2nia Felip","@id":"https:\/\/www.portdesitges.com\/#\/schema\/person\/be98f3191d6c7bb6ccddc2e0ac4d861f"},"headline":"Inici de les festes de Nadal al Port de Sitges","datePublished":"2018-11-30T14:39:25+00:00","dateModified":"2021-04-30T11:45:30+00:00","mainEntityOfPage":{"@id":"https:\/\/www.portdesitges.com\/ca\/inici-de-les-festes-de-nadal-al-port-de-sitges\/"},"wordCount":234,"image":{"@id":"https:\/\/www.portdesitges.com\/ca\/inici-de-les-festes-de-nadal-al-port-de-sitges\/#primaryimage"},"thumbnailUrl":"","articleSection":["Not\u00edcias"],"inLanguage":"ca"},{"@type":"WebPage","@id":"https:\/\/www.portdesitges.com\/ca\/inici-de-les-festes-de-nadal-al-port-de-sitges\/","url":"https:\/\/www.portdesitges.com\/ca\/inici-de-les-festes-de-nadal-al-port-de-sitges\/","name":"Inici de les festes de Nadal al Port de Sitges - Port de Sitges - Aiguadol\u00e7","isPartOf":{"@id":"https:\/\/www.portdesitges.com\/#website"},"primaryImageOfPage":{"@id":"https:\/\/www.portdesitges.com\/ca\/inici-de-les-festes-de-nadal-al-port-de-sitges\/#primaryimage"},"image":{"@id":"https:\/\/www.portdesitges.com\/ca\/inici-de-les-festes-de-nadal-al-port-de-sitges\/#primaryimage"},"thumbnailUrl":"","datePublished":"2018-11-30T14:39:25+00:00","dateModified":"2021-04-30T11:45:30+00:00","author":{"@id":"https:\/\/www.portdesitges.com\/#\/schema\/person\/be98f3191d6c7bb6ccddc2e0ac4d861f"},"breadcrumb":{"@id":"https:\/\/www.portdesitges.com\/ca\/inici-de-les-festes-de-nadal-al-port-de-sitges\/#breadcrumb"},"inLanguage":"ca","potentialAction":[{"@type":"ReadAction","target":["https:\/\/www.portdesitges.com\/ca\/inici-de-les-festes-de-nadal-al-port-de-sitges\/"]}]},{"@type":"ImageObject","inLanguage":"ca","@id":"https:\/\/www.portdesitges.com\/ca\/inici-de-les-festes-de-nadal-al-port-de-sitges\/#primaryimage","url":"","contentUrl":""},{"@type":"BreadcrumbList","@id":"https:\/\/www.portdesitges.com\/ca\/inici-de-les-festes-de-nadal-al-port-de-sitges\/#breadcrumb","itemListElement":[{"@type":"ListItem","position":1,"name":"Portada","item":"https:\/\/www.portdesitges.com\/ca\/"},{"@type":"ListItem","position":2,"name":"Inici de les festes de Nadal al Port de Sitges"}]},{"@type":"WebSite","@id":"https:\/\/www.portdesitges.com\/#website","url":"https:\/\/www.portdesitges.com\/","name":"Port de Sitges - Aiguadol\u00e7","description":"lugar donde el mar y la tierra se dan de la mano para crear un espacio \u00fanico y atractivo. Disfruta de un mar de experiencias.","potentialAction":[{"@type":"SearchAction","target":{"@type":"EntryPoint","urlTemplate":"https:\/\/www.portdesitges.com\/?s={search_term_string}"},"query-input":{"@type":"PropertyValueSpecification","valueRequired":true,"valueName":"search_term_string"}}],"inLanguage":"ca"},{"@type":"Person","@id":"https:\/\/www.portdesitges.com\/#\/schema\/person\/be98f3191d6c7bb6ccddc2e0ac4d861f","name":"S\u00f2nia Felip","image":{"@type":"ImageObject","inLanguage":"ca","@id":"https:\/\/secure.gravatar.com\/avatar\/3f5abf961091eed8bea1ba4a0fb5f78e0c728f907fe0cf722e81af4aa82939db?s=96&d=mm&r=g","url":"https:\/\/secure.gravatar.com\/avatar\/3f5abf961091eed8bea1ba4a0fb5f78e0c728f907fe0cf722e81af4aa82939db?s=96&d=mm&r=g","contentUrl":"https:\/\/secure.gravatar.com\/avatar\/3f5abf961091eed8bea1ba4a0fb5f78e0c728f907fe0cf722e81af4aa82939db?s=96&d=mm&r=g","caption":"S\u00f2nia Felip"},"url":"https:\/\/www.portdesitges.com\/ca\/author\/sonia\/"}]}},"_links":{"self":[{"href":"https:\/\/www.portdesitges.com\/ca\/wp-json\/wp\/v2\/posts\/7854","targetHints":{"allow":["GET"]}}],"collection":[{"href":"https:\/\/www.portdesitges.com\/ca\/wp-json\/wp\/v2\/posts"}],"about":[{"href":"https:\/\/www.portdesitges.com\/ca\/wp-json\/wp\/v2\/types\/post"}],"author":[{"embeddable":true,"href":"https:\/\/www.portdesitges.com\/ca\/wp-json\/wp\/v2\/users\/3"}],"replies":[{"embeddable":true,"href":"https:\/\/www.portdesitges.com\/ca\/wp-json\/wp\/v2\/comments?post=7854"}],"version-history":[{"count":1,"href":"https:\/\/www.portdesitges.com\/ca\/wp-json\/wp\/v2\/posts\/7854\/revisions"}],"predecessor-version":[{"id":14133,"href":"https:\/\/www.portdesitges.com\/ca\/wp-json\/wp\/v2\/posts\/7854\/revisions\/14133"}],"wp:featuredmedia":[{"embeddable":true,"href":"https:\/\/www.portdesitges.com\/ca\/wp-json\/"}],"wp:attachment":[{"href":"https:\/\/www.portdesitges.com\/ca\/wp-json\/wp\/v2\/media?parent=7854"}],"wp:term":[{"taxonomy":"category","embeddable":true,"href":"https:\/\/www.portdesitges.com\/ca\/wp-json\/wp\/v2\/categories?post=7854"},{"taxonomy":"post_tag","embeddable":true,"href":"https:\/\/www.portdesitges.com\/ca\/wp-json\/wp\/v2\/tags?post=7854"}],"curies":[{"name":"wp","href":"https:\/\/api.w.org\/{rel}","templated":true}]}}