{"id":7811,"date":"2018-11-13T10:58:38","date_gmt":"2018-11-13T10:58:38","guid":{"rendered":"https:\/\/www.portdesitges.com\/?p=7811"},"modified":"2021-04-30T11:45:35","modified_gmt":"2021-04-30T11:45:35","slug":"jornada-de-formacio-en-emergencies-en-el-port-de-sitges-aiguadolc","status":"publish","type":"post","link":"https:\/\/www.portdesitges.com\/ca\/jornada-de-formacio-en-emergencies-en-el-port-de-sitges-aiguadolc\/","title":{"rendered":"Jornada de formaci\u00f3 en emerg\u00e8ncies en el Port de Sitges Aiguadol\u00e7"},"content":{"rendered":"[et_pb_section bb_built=&#8221;1&#8243;][et_pb_row][et_pb_column type=&#8221;4_4&#8243;][et_pb_text]\n<p><!--more--><\/p>\n<p><em>El personal del Port Ol\u00edmpic tamb\u00e9 ha participat en la formaci\u00f3 que ha constat un simulacre d&#8217;incendi, un episodi de contaminaci\u00f3 marina i un home a l&#8217;aigua<\/em><\/p>\n<p>El Port de Sitges Aiguadol\u00e7 va acollir el passat divendres 26 d&#8217;octubre una jornada de formaci\u00f3 en emerg\u00e8ncies en les seves instal\u00b7lacions on s&#8217;ha realitzat un simulacre d&#8217;incendi a bord d&#8217;una embarcaci\u00f3, un episodi de contaminaci\u00f3 marina i un home a l&#8217;aigua. Simulacre promogut per Repsol, que dins dels seus plans de seguretat i el seu comprom\u00eds mediambiental ha programat una jornada de formaci\u00f3 t\u00e8cnica en emerg\u00e8ncies amb la participaci\u00f3 del personal del Port de Sitges Aiguadol\u00e7 i el Port Ol\u00edmpic de Barcelona. Simulacre organitzat per l&#8217;empresa Cant\u00e0brica Consultors Mar\u00edtims (Cancomar), que ha realitzat un curs de contingut te\u00f2ric-pr\u00e0ctic<\/p>\n<p>La formaci\u00f3 pr\u00e0ctica ha consistit en una successi\u00f3 d&#8217;exercicis i simulacres, com el simulacre d&#8217;incendi en una embarcaci\u00f3 d&#8217;esbarjo despr\u00e9s de fer provisi\u00f3 a la benzinera del Port, l\u2019acte ha comptat amb el suport del cos de bombers de Sitges. A m\u00e9s s\u2019ha simulat un episodi de contaminaci\u00f3, s\u2019han desplegat els mitjans apropiats de contenci\u00f3 i finalment s\u2019ha fet un exercici d&#8217;home a l&#8217;aigua, amb el seu rescat i evacuaci\u00f3.<\/p>\n<p>Cal destacar la import\u00e0ncia d&#8217;aquests cursos de formaci\u00f3 i la realitzaci\u00f3 de simulacres, ja que la formaci\u00f3 en aquest tipus d&#8217;emerg\u00e8ncies \u00e9s un element clau i implica que la resposta davant un cas real sigui m\u00e9s r\u00e0pida i efica\u00e7.<\/p>\n<p>El principal objectiu d&#8217;aquesta formaci\u00f3, a m\u00e9s de millorar la coordinaci\u00f3 entre els cossos d&#8217;emerg\u00e8ncies de la zona i el personal del Port,\u00a0 \u00e9s l&#8217;entrenament del personal, ja que el fet de tenir els mitjans adequats per fer front a una emerg\u00e8ncia no garanteix per si mateix l&#8217;\u00e8xit de les operacions si les persones a c\u00e0rrec dels mateixos no tenen els coneixements pr\u00e0ctics adequats.<\/p>\n[\/et_pb_text][\/et_pb_column][\/et_pb_row][\/et_pb_section]\n","protected":false},"excerpt":{"rendered":"<p>[et_pb_section bb_built=&#8221;1&#8243;][et_pb_row][et_pb_column type=&#8221;4_4&#8243;][et_pb_text]<\/p>\n","protected":false},"author":3,"featured_media":7815,"comment_status":"closed","ping_status":"closed","sticky":false,"template":"","format":"standard","meta":{"footnotes":""},"categories":[62],"tags":[],"class_list":{"0":"post-7811","1":"post","2":"type-post","3":"status-publish","4":"format-standard","5":"has-post-thumbnail","7":"category-noticias-ca"},"yoast_head":"<!-- This site is optimized with the Yoast SEO plugin v27.3 - https:\/\/yoast.com\/product\/yoast-seo-wordpress\/ -->\n<title>Jornada de formaci\u00f3 en emerg\u00e8ncies en el Port de Sitges Aiguadol\u00e7 - Port de Sitges - Aiguadol\u00e7<\/title>\n<meta name=\"robots\" content=\"index, follow, max-snippet:-1, max-image-preview:large, max-video-preview:-1\" \/>\n<link rel=\"canonical\" href=\"https:\/\/www.portdesitges.com\/ca\/jornada-de-formacio-en-emergencies-en-el-port-de-sitges-aiguadolc\/\" \/>\n<meta property=\"og:locale\" content=\"ca_ES\" \/>\n<meta property=\"og:type\" content=\"article\" \/>\n<meta property=\"og:title\" content=\"Jornada de formaci\u00f3 en emerg\u00e8ncies en el Port de Sitges Aiguadol\u00e7 - Port de Sitges - Aiguadol\u00e7\" \/>\n<meta property=\"og:description\" content=\"[et_pb_section bb_built=&#8221;1&#8243;][et_pb_row][et_pb_column type=&#8221;4_4&#8243;][et_pb_text]\" \/>\n<meta property=\"og:url\" content=\"https:\/\/www.portdesitges.com\/ca\/jornada-de-formacio-en-emergencies-en-el-port-de-sitges-aiguadolc\/\" \/>\n<meta property=\"og:site_name\" content=\"Port de Sitges - Aiguadol\u00e7\" \/>\n<meta property=\"article:published_time\" content=\"2018-11-13T10:58:38+00:00\" \/>\n<meta property=\"article:modified_time\" content=\"2021-04-30T11:45:35+00:00\" \/>\n<meta property=\"og:image\" content=\"https:\/\/www.portdesitges.com\/wp-content\/uploads\/2018\/11\/IMG_20181026_124417-e1542715534429-1.jpg\" \/>\n\t<meta property=\"og:image:width\" content=\"533\" \/>\n\t<meta property=\"og:image:height\" content=\"400\" \/>\n\t<meta property=\"og:image:type\" content=\"image\/jpeg\" \/>\n<meta name=\"author\" content=\"S\u00f2nia Felip\" \/>\n<meta name=\"twitter:card\" content=\"summary_large_image\" \/>\n<meta name=\"twitter:label1\" content=\"Escrit per\" \/>\n\t<meta name=\"twitter:data1\" content=\"S\u00f2nia Felip\" \/>\n\t<meta name=\"twitter:label2\" content=\"Temps estimat de lectura\" \/>\n\t<meta name=\"twitter:data2\" content=\"2 minuts\" \/>\n<script type=\"application\/ld+json\" class=\"yoast-schema-graph\">{\"@context\":\"https:\\\/\\\/schema.org\",\"@graph\":[{\"@type\":\"Article\",\"@id\":\"https:\\\/\\\/www.portdesitges.com\\\/ca\\\/jornada-de-formacio-en-emergencies-en-el-port-de-sitges-aiguadolc\\\/#article\",\"isPartOf\":{\"@id\":\"https:\\\/\\\/www.portdesitges.com\\\/ca\\\/jornada-de-formacio-en-emergencies-en-el-port-de-sitges-aiguadolc\\\/\"},\"author\":{\"name\":\"S\u00f2nia Felip\",\"@id\":\"https:\\\/\\\/www.portdesitges.com\\\/#\\\/schema\\\/person\\\/be98f3191d6c7bb6ccddc2e0ac4d861f\"},\"headline\":\"Jornada de formaci\u00f3 en emerg\u00e8ncies en el Port de Sitges Aiguadol\u00e7\",\"datePublished\":\"2018-11-13T10:58:38+00:00\",\"dateModified\":\"2021-04-30T11:45:35+00:00\",\"mainEntityOfPage\":{\"@id\":\"https:\\\/\\\/www.portdesitges.com\\\/ca\\\/jornada-de-formacio-en-emergencies-en-el-port-de-sitges-aiguadolc\\\/\"},\"wordCount\":383,\"image\":{\"@id\":\"https:\\\/\\\/www.portdesitges.com\\\/ca\\\/jornada-de-formacio-en-emergencies-en-el-port-de-sitges-aiguadolc\\\/#primaryimage\"},\"thumbnailUrl\":\"https:\\\/\\\/www.portdesitges.com\\\/wp-content\\\/uploads\\\/2018\\\/11\\\/IMG_20181026_124417-e1542715534429-1.jpg\",\"articleSection\":[\"Not\u00edcias\"],\"inLanguage\":\"ca\"},{\"@type\":\"WebPage\",\"@id\":\"https:\\\/\\\/www.portdesitges.com\\\/ca\\\/jornada-de-formacio-en-emergencies-en-el-port-de-sitges-aiguadolc\\\/\",\"url\":\"https:\\\/\\\/www.portdesitges.com\\\/ca\\\/jornada-de-formacio-en-emergencies-en-el-port-de-sitges-aiguadolc\\\/\",\"name\":\"Jornada de formaci\u00f3 en emerg\u00e8ncies en el Port de Sitges Aiguadol\u00e7 - Port de Sitges - Aiguadol\u00e7\",\"isPartOf\":{\"@id\":\"https:\\\/\\\/www.portdesitges.com\\\/#website\"},\"primaryImageOfPage\":{\"@id\":\"https:\\\/\\\/www.portdesitges.com\\\/ca\\\/jornada-de-formacio-en-emergencies-en-el-port-de-sitges-aiguadolc\\\/#primaryimage\"},\"image\":{\"@id\":\"https:\\\/\\\/www.portdesitges.com\\\/ca\\\/jornada-de-formacio-en-emergencies-en-el-port-de-sitges-aiguadolc\\\/#primaryimage\"},\"thumbnailUrl\":\"https:\\\/\\\/www.portdesitges.com\\\/wp-content\\\/uploads\\\/2018\\\/11\\\/IMG_20181026_124417-e1542715534429-1.jpg\",\"datePublished\":\"2018-11-13T10:58:38+00:00\",\"dateModified\":\"2021-04-30T11:45:35+00:00\",\"author\":{\"@id\":\"https:\\\/\\\/www.portdesitges.com\\\/#\\\/schema\\\/person\\\/be98f3191d6c7bb6ccddc2e0ac4d861f\"},\"breadcrumb\":{\"@id\":\"https:\\\/\\\/www.portdesitges.com\\\/ca\\\/jornada-de-formacio-en-emergencies-en-el-port-de-sitges-aiguadolc\\\/#breadcrumb\"},\"inLanguage\":\"ca\",\"potentialAction\":[{\"@type\":\"ReadAction\",\"target\":[\"https:\\\/\\\/www.portdesitges.com\\\/ca\\\/jornada-de-formacio-en-emergencies-en-el-port-de-sitges-aiguadolc\\\/\"]}]},{\"@type\":\"ImageObject\",\"inLanguage\":\"ca\",\"@id\":\"https:\\\/\\\/www.portdesitges.com\\\/ca\\\/jornada-de-formacio-en-emergencies-en-el-port-de-sitges-aiguadolc\\\/#primaryimage\",\"url\":\"https:\\\/\\\/www.portdesitges.com\\\/wp-content\\\/uploads\\\/2018\\\/11\\\/IMG_20181026_124417-e1542715534429-1.jpg\",\"contentUrl\":\"https:\\\/\\\/www.portdesitges.com\\\/wp-content\\\/uploads\\\/2018\\\/11\\\/IMG_20181026_124417-e1542715534429-1.jpg\",\"width\":533,\"height\":400},{\"@type\":\"BreadcrumbList\",\"@id\":\"https:\\\/\\\/www.portdesitges.com\\\/ca\\\/jornada-de-formacio-en-emergencies-en-el-port-de-sitges-aiguadolc\\\/#breadcrumb\",\"itemListElement\":[{\"@type\":\"ListItem\",\"position\":1,\"name\":\"Portada\",\"item\":\"https:\\\/\\\/www.portdesitges.com\\\/ca\\\/\"},{\"@type\":\"ListItem\",\"position\":2,\"name\":\"Jornada de formaci\u00f3 en emerg\u00e8ncies en el Port de Sitges Aiguadol\u00e7\"}]},{\"@type\":\"WebSite\",\"@id\":\"https:\\\/\\\/www.portdesitges.com\\\/#website\",\"url\":\"https:\\\/\\\/www.portdesitges.com\\\/\",\"name\":\"Port de Sitges - Aiguadol\u00e7\",\"description\":\"lugar donde el mar y la tierra se dan de la mano para crear un espacio \u00fanico y atractivo. Disfruta de un mar de experiencias.\",\"potentialAction\":[{\"@type\":\"SearchAction\",\"target\":{\"@type\":\"EntryPoint\",\"urlTemplate\":\"https:\\\/\\\/www.portdesitges.com\\\/?s={search_term_string}\"},\"query-input\":{\"@type\":\"PropertyValueSpecification\",\"valueRequired\":true,\"valueName\":\"search_term_string\"}}],\"inLanguage\":\"ca\"},{\"@type\":\"Person\",\"@id\":\"https:\\\/\\\/www.portdesitges.com\\\/#\\\/schema\\\/person\\\/be98f3191d6c7bb6ccddc2e0ac4d861f\",\"name\":\"S\u00f2nia Felip\",\"image\":{\"@type\":\"ImageObject\",\"inLanguage\":\"ca\",\"@id\":\"https:\\\/\\\/secure.gravatar.com\\\/avatar\\\/3f5abf961091eed8bea1ba4a0fb5f78e0c728f907fe0cf722e81af4aa82939db?s=96&d=mm&r=g\",\"url\":\"https:\\\/\\\/secure.gravatar.com\\\/avatar\\\/3f5abf961091eed8bea1ba4a0fb5f78e0c728f907fe0cf722e81af4aa82939db?s=96&d=mm&r=g\",\"contentUrl\":\"https:\\\/\\\/secure.gravatar.com\\\/avatar\\\/3f5abf961091eed8bea1ba4a0fb5f78e0c728f907fe0cf722e81af4aa82939db?s=96&d=mm&r=g\",\"caption\":\"S\u00f2nia Felip\"},\"url\":\"https:\\\/\\\/www.portdesitges.com\\\/ca\\\/author\\\/sonia\\\/\"}]}<\/script>\n<!-- \/ Yoast SEO plugin. -->","yoast_head_json":{"title":"Jornada de formaci\u00f3 en emerg\u00e8ncies en el Port de Sitges Aiguadol\u00e7 - Port de Sitges - Aiguadol\u00e7","robots":{"index":"index","follow":"follow","max-snippet":"max-snippet:-1","max-image-preview":"max-image-preview:large","max-video-preview":"max-video-preview:-1"},"canonical":"https:\/\/www.portdesitges.com\/ca\/jornada-de-formacio-en-emergencies-en-el-port-de-sitges-aiguadolc\/","og_locale":"ca_ES","og_type":"article","og_title":"Jornada de formaci\u00f3 en emerg\u00e8ncies en el Port de Sitges Aiguadol\u00e7 - Port de Sitges - Aiguadol\u00e7","og_description":"[et_pb_section bb_built=&#8221;1&#8243;][et_pb_row][et_pb_column type=&#8221;4_4&#8243;][et_pb_text]","og_url":"https:\/\/www.portdesitges.com\/ca\/jornada-de-formacio-en-emergencies-en-el-port-de-sitges-aiguadolc\/","og_site_name":"Port de Sitges - Aiguadol\u00e7","article_published_time":"2018-11-13T10:58:38+00:00","article_modified_time":"2021-04-30T11:45:35+00:00","og_image":[{"width":533,"height":400,"url":"https:\/\/www.portdesitges.com\/wp-content\/uploads\/2018\/11\/IMG_20181026_124417-e1542715534429-1.jpg","type":"image\/jpeg"}],"author":"S\u00f2nia Felip","twitter_card":"summary_large_image","twitter_misc":{"Escrit per":"S\u00f2nia Felip","Temps estimat de lectura":"2 minuts"},"schema":{"@context":"https:\/\/schema.org","@graph":[{"@type":"Article","@id":"https:\/\/www.portdesitges.com\/ca\/jornada-de-formacio-en-emergencies-en-el-port-de-sitges-aiguadolc\/#article","isPartOf":{"@id":"https:\/\/www.portdesitges.com\/ca\/jornada-de-formacio-en-emergencies-en-el-port-de-sitges-aiguadolc\/"},"author":{"name":"S\u00f2nia Felip","@id":"https:\/\/www.portdesitges.com\/#\/schema\/person\/be98f3191d6c7bb6ccddc2e0ac4d861f"},"headline":"Jornada de formaci\u00f3 en emerg\u00e8ncies en el Port de Sitges Aiguadol\u00e7","datePublished":"2018-11-13T10:58:38+00:00","dateModified":"2021-04-30T11:45:35+00:00","mainEntityOfPage":{"@id":"https:\/\/www.portdesitges.com\/ca\/jornada-de-formacio-en-emergencies-en-el-port-de-sitges-aiguadolc\/"},"wordCount":383,"image":{"@id":"https:\/\/www.portdesitges.com\/ca\/jornada-de-formacio-en-emergencies-en-el-port-de-sitges-aiguadolc\/#primaryimage"},"thumbnailUrl":"https:\/\/www.portdesitges.com\/wp-content\/uploads\/2018\/11\/IMG_20181026_124417-e1542715534429-1.jpg","articleSection":["Not\u00edcias"],"inLanguage":"ca"},{"@type":"WebPage","@id":"https:\/\/www.portdesitges.com\/ca\/jornada-de-formacio-en-emergencies-en-el-port-de-sitges-aiguadolc\/","url":"https:\/\/www.portdesitges.com\/ca\/jornada-de-formacio-en-emergencies-en-el-port-de-sitges-aiguadolc\/","name":"Jornada de formaci\u00f3 en emerg\u00e8ncies en el Port de Sitges Aiguadol\u00e7 - Port de Sitges - Aiguadol\u00e7","isPartOf":{"@id":"https:\/\/www.portdesitges.com\/#website"},"primaryImageOfPage":{"@id":"https:\/\/www.portdesitges.com\/ca\/jornada-de-formacio-en-emergencies-en-el-port-de-sitges-aiguadolc\/#primaryimage"},"image":{"@id":"https:\/\/www.portdesitges.com\/ca\/jornada-de-formacio-en-emergencies-en-el-port-de-sitges-aiguadolc\/#primaryimage"},"thumbnailUrl":"https:\/\/www.portdesitges.com\/wp-content\/uploads\/2018\/11\/IMG_20181026_124417-e1542715534429-1.jpg","datePublished":"2018-11-13T10:58:38+00:00","dateModified":"2021-04-30T11:45:35+00:00","author":{"@id":"https:\/\/www.portdesitges.com\/#\/schema\/person\/be98f3191d6c7bb6ccddc2e0ac4d861f"},"breadcrumb":{"@id":"https:\/\/www.portdesitges.com\/ca\/jornada-de-formacio-en-emergencies-en-el-port-de-sitges-aiguadolc\/#breadcrumb"},"inLanguage":"ca","potentialAction":[{"@type":"ReadAction","target":["https:\/\/www.portdesitges.com\/ca\/jornada-de-formacio-en-emergencies-en-el-port-de-sitges-aiguadolc\/"]}]},{"@type":"ImageObject","inLanguage":"ca","@id":"https:\/\/www.portdesitges.com\/ca\/jornada-de-formacio-en-emergencies-en-el-port-de-sitges-aiguadolc\/#primaryimage","url":"https:\/\/www.portdesitges.com\/wp-content\/uploads\/2018\/11\/IMG_20181026_124417-e1542715534429-1.jpg","contentUrl":"https:\/\/www.portdesitges.com\/wp-content\/uploads\/2018\/11\/IMG_20181026_124417-e1542715534429-1.jpg","width":533,"height":400},{"@type":"BreadcrumbList","@id":"https:\/\/www.portdesitges.com\/ca\/jornada-de-formacio-en-emergencies-en-el-port-de-sitges-aiguadolc\/#breadcrumb","itemListElement":[{"@type":"ListItem","position":1,"name":"Portada","item":"https:\/\/www.portdesitges.com\/ca\/"},{"@type":"ListItem","position":2,"name":"Jornada de formaci\u00f3 en emerg\u00e8ncies en el Port de Sitges Aiguadol\u00e7"}]},{"@type":"WebSite","@id":"https:\/\/www.portdesitges.com\/#website","url":"https:\/\/www.portdesitges.com\/","name":"Port de Sitges - Aiguadol\u00e7","description":"lugar donde el mar y la tierra se dan de la mano para crear un espacio \u00fanico y atractivo. Disfruta de un mar de experiencias.","potentialAction":[{"@type":"SearchAction","target":{"@type":"EntryPoint","urlTemplate":"https:\/\/www.portdesitges.com\/?s={search_term_string}"},"query-input":{"@type":"PropertyValueSpecification","valueRequired":true,"valueName":"search_term_string"}}],"inLanguage":"ca"},{"@type":"Person","@id":"https:\/\/www.portdesitges.com\/#\/schema\/person\/be98f3191d6c7bb6ccddc2e0ac4d861f","name":"S\u00f2nia Felip","image":{"@type":"ImageObject","inLanguage":"ca","@id":"https:\/\/secure.gravatar.com\/avatar\/3f5abf961091eed8bea1ba4a0fb5f78e0c728f907fe0cf722e81af4aa82939db?s=96&d=mm&r=g","url":"https:\/\/secure.gravatar.com\/avatar\/3f5abf961091eed8bea1ba4a0fb5f78e0c728f907fe0cf722e81af4aa82939db?s=96&d=mm&r=g","contentUrl":"https:\/\/secure.gravatar.com\/avatar\/3f5abf961091eed8bea1ba4a0fb5f78e0c728f907fe0cf722e81af4aa82939db?s=96&d=mm&r=g","caption":"S\u00f2nia Felip"},"url":"https:\/\/www.portdesitges.com\/ca\/author\/sonia\/"}]}},"_links":{"self":[{"href":"https:\/\/www.portdesitges.com\/ca\/wp-json\/wp\/v2\/posts\/7811","targetHints":{"allow":["GET"]}}],"collection":[{"href":"https:\/\/www.portdesitges.com\/ca\/wp-json\/wp\/v2\/posts"}],"about":[{"href":"https:\/\/www.portdesitges.com\/ca\/wp-json\/wp\/v2\/types\/post"}],"author":[{"embeddable":true,"href":"https:\/\/www.portdesitges.com\/ca\/wp-json\/wp\/v2\/users\/3"}],"replies":[{"embeddable":true,"href":"https:\/\/www.portdesitges.com\/ca\/wp-json\/wp\/v2\/comments?post=7811"}],"version-history":[{"count":1,"href":"https:\/\/www.portdesitges.com\/ca\/wp-json\/wp\/v2\/posts\/7811\/revisions"}],"predecessor-version":[{"id":14134,"href":"https:\/\/www.portdesitges.com\/ca\/wp-json\/wp\/v2\/posts\/7811\/revisions\/14134"}],"wp:featuredmedia":[{"embeddable":true,"href":"https:\/\/www.portdesitges.com\/ca\/wp-json\/wp\/v2\/media\/7815"}],"wp:attachment":[{"href":"https:\/\/www.portdesitges.com\/ca\/wp-json\/wp\/v2\/media?parent=7811"}],"wp:term":[{"taxonomy":"category","embeddable":true,"href":"https:\/\/www.portdesitges.com\/ca\/wp-json\/wp\/v2\/categories?post=7811"},{"taxonomy":"post_tag","embeddable":true,"href":"https:\/\/www.portdesitges.com\/ca\/wp-json\/wp\/v2\/tags?post=7811"}],"curies":[{"name":"wp","href":"https:\/\/api.w.org\/{rel}","templated":true}]}}