{"id":7715,"date":"2018-10-16T16:16:12","date_gmt":"2018-10-16T16:16:12","guid":{"rendered":"https:\/\/www.portdesitges.com\/?p=7715"},"modified":"2021-04-30T11:47:56","modified_gmt":"2021-04-30T11:47:56","slug":"el-port-de-sitges-punt-de-sortida-de-la-regata-sitges-ciutadella-2019","status":"publish","type":"post","link":"https:\/\/www.portdesitges.com\/ca\/el-port-de-sitges-punt-de-sortida-de-la-regata-sitges-ciutadella-2019\/","title":{"rendered":"El Port de Sitges punt de sortida de la Regata Sitges-Ciutadella 2019"},"content":{"rendered":"[et_pb_section fb_built=&#8221;1&#8243; _builder_version=&#8221;3.22.3&#8243;][et_pb_row _builder_version=&#8221;3.22.3&#8243; background_size=&#8221;initial&#8221; background_position=&#8221;top_left&#8221; background_repeat=&#8221;repeat&#8221;][et_pb_column type=&#8221;4_4&#8243; _builder_version=&#8221;3.0.47&#8243;][et_pb_text _builder_version=&#8221;3.0.74&#8243; background_size=&#8221;initial&#8221; background_position=&#8221;top_left&#8221; background_repeat=&#8221;repeat&#8221;]<!--more--><\/p>\n<p>Antonio Franco, Cap d&#8217;Explotaci\u00f3 del Port de Sitges, va reafirmar la consolidaci\u00f3 de la prova, \u201ccada any veiem m\u00e9s embarcacions i\u00a0 desitgem que s&#8217;ho passin b\u00e9 en les nostres instal\u00b7lacions\u201d<\/p>\n<p>En el Espai de Mar del Sal\u00f3 N\u00e0utic de Barcelona s&#8217;ha presentat la VIII edici\u00f3 de la regata mediterr\u00e0nia Sitges\u2013Ciutadella, que l&#8217;any vinent sortir\u00e0 el 14 de juny del Port de Sitges-Aiguadol\u00e7destino el port de Ciutadella.<\/p>\n<p>Aquesta prova de 120 milles n\u00e0utiques, s&#8217;ha convertit en una de les cites del crucerismo al Mediterrani, on cada vegada \u00e9s m\u00e9s compta amb una nombrosa participaci\u00f3 d&#8217;embarcacions de creuer, especialment de navegaci\u00f3 redu\u00efda i de la classe Mini 6.5. La prova t\u00e9 una doble component, tant l&#8217;esportiva, com la tur\u00edstica a visitar Menorca, durant el per\u00edode preestival, quan l&#8217;illa celebra els seus tradicionals Festes del Xai i la de Sant Joan.<\/p>\n<p style=\"text-align: left;\">Tal com va assenyalar Rafael Torrent, del CNCiutadella, \u2018per a nosaltres \u00e9s un honor rebre la flota de creuer des de la pen\u00ednsula, on tamb\u00e9 participen diversos esportistes menorquins. Des de fa vuit anys, veiem que s&#8217;ha consolidat la prova i forma part de la nostra activitat regatistahabitual\u2019.<\/p>\n<p>Antonio Franco, Cap d&#8217;Explotaci\u00f3 del Port de Sitges Aiguadol\u00e7, punt de sortida de la flota, tamb\u00e9 va reafirmar aquesta idea de consolidaci\u00f3 de la prova, \u2018on cada any veiem m\u00e9s embarcacions i\u00a0 desitgem que s&#8217;ho passin b\u00e9 en les nostres instal\u00b7lacions\u2019.<\/p>\n<p>Per la seva part Rafael Torrent va fer un recordatori a l&#8217;artista menorqu\u00ed Pepe Torrent Viv\u00f3, que fins a la passada edici\u00f3 posava la imatge a la prova, amb una de les seves obres a l&#8217;oli, que era oferta al guanyador de la regata, i que va morir l&#8217;any passat al Per\u00fa. Es va realitzar un sentit recordo i va assenyalar que per a la pr\u00f2xima Sitges-Ciutadella, el club ha encarregat a l&#8217;artista menorqu\u00ed Carles All\u00e9s, una est\u00e0tua que substituir\u00e0 al quadre que se li oferia al guanyador de la prova.<\/p>\n<p>Enrique Curt, director de Difusi\u00f3n N\u00e0utica, organitzador de la regata, va recordar que la prova \u00e9s un pont n\u00e0utic, cobert per navegants que uneixen amb els seus velers a dues ciutats emblem\u00e0tiques i creatives del Mediterrani, Sitges i Ciutadella. Va animar als regatistes a participar de nou en la prova, que a part de l&#8217;inter\u00e8s esportiu \u2013sempre puntuable per al Campionat de Catalunya d&#8217;Altura- t\u00e9 una vessant cultural i gastron\u00f2mica de primer ordre, \u2018gr\u00e0cies a la generositat dels dos organitzadors de la prova, el Port de Sitges-Aiguadol\u00e7 i el Club N\u00e0utic de Ciutadella, com \u00e9s al vespre de la sortida, la celebraci\u00f3 de la \u2018Festa-Sopar de Comiat\u2019 al poble mariner d\u2019Aiguadol\u00e7 i en l&#8217;arribada dels regatistes a Ciutadella, en les instal\u00b7lacions del CN Ciutadella, la tradicional \u2018Festa del Xai\u2019 i la parrillada de peix menorqu\u00ed\u2019.<\/p>\n<p>La regata est\u00e0 organitzada pels clubs CN Skipper, CN Cutadella, aix\u00ed com per Difusi\u00f3 Nautica i el Port de Sitges-Aiguadol\u00e7 .<br \/>\n[\/et_pb_text][\/et_pb_column][\/et_pb_row][\/et_pb_section]\n","protected":false},"excerpt":{"rendered":"<p>[et_pb_section fb_built=&#8221;1&#8243; _builder_version=&#8221;3.22.3&#8243;][et_pb_row _builder_version=&#8221;3.22.3&#8243; background_size=&#8221;initial&#8221; background_position=&#8221;top_left&#8221; background_repeat=&#8221;repeat&#8221;][et_pb_column type=&#8221;4_4&#8243; _builder_version=&#8221;3.0.47&#8243;][et_pb_text _builder_version=&#8221;3.0.74&#8243; background_size=&#8221;initial&#8221; background_position=&#8221;top_left&#8221; background_repeat=&#8221;repeat&#8221;]<\/p>\n","protected":false},"author":3,"featured_media":7969,"comment_status":"closed","ping_status":"closed","sticky":false,"template":"","format":"standard","meta":{"footnotes":""},"categories":[62],"tags":[],"class_list":{"0":"post-7715","1":"post","2":"type-post","3":"status-publish","4":"format-standard","5":"has-post-thumbnail","7":"category-noticias-ca"},"yoast_head":"<!-- This site is optimized with the Yoast SEO plugin v27.3 - https:\/\/yoast.com\/product\/yoast-seo-wordpress\/ -->\n<title>El Port de Sitges punt de sortida de la Regata Sitges-Ciutadella 2019 - Port de Sitges - Aiguadol\u00e7<\/title>\n<meta name=\"robots\" content=\"index, follow, max-snippet:-1, max-image-preview:large, max-video-preview:-1\" \/>\n<link rel=\"canonical\" href=\"https:\/\/www.portdesitges.com\/ca\/el-port-de-sitges-punt-de-sortida-de-la-regata-sitges-ciutadella-2019\/\" \/>\n<meta property=\"og:locale\" content=\"ca_ES\" \/>\n<meta property=\"og:type\" content=\"article\" \/>\n<meta property=\"og:title\" content=\"El Port de Sitges punt de sortida de la Regata Sitges-Ciutadella 2019 - Port de Sitges - Aiguadol\u00e7\" \/>\n<meta property=\"og:description\" content=\"[et_pb_section fb_built=&#8221;1&#8243; _builder_version=&#8221;3.22.3&#8243;][et_pb_row _builder_version=&#8221;3.22.3&#8243; background_size=&#8221;initial&#8221; background_position=&#8221;top_left&#8221; background_repeat=&#8221;repeat&#8221;][et_pb_column type=&#8221;4_4&#8243; _builder_version=&#8221;3.0.47&#8243;][et_pb_text _builder_version=&#8221;3.0.74&#8243; background_size=&#8221;initial&#8221; background_position=&#8221;top_left&#8221; background_repeat=&#8221;repeat&#8221;]\" \/>\n<meta property=\"og:url\" content=\"https:\/\/www.portdesitges.com\/ca\/el-port-de-sitges-punt-de-sortida-de-la-regata-sitges-ciutadella-2019\/\" \/>\n<meta property=\"og:site_name\" content=\"Port de Sitges - Aiguadol\u00e7\" \/>\n<meta property=\"article:published_time\" content=\"2018-10-16T16:16:12+00:00\" \/>\n<meta property=\"article:modified_time\" content=\"2021-04-30T11:47:56+00:00\" \/>\n<meta property=\"og:image\" content=\"https:\/\/www.portdesitges.com\/wp-content\/uploads\/2018\/10\/PresentaSitgesCiutadella-copia.jpg\" \/>\n\t<meta property=\"og:image:width\" content=\"400\" \/>\n\t<meta property=\"og:image:height\" content=\"400\" \/>\n\t<meta property=\"og:image:type\" content=\"image\/jpeg\" \/>\n<meta name=\"author\" content=\"S\u00f2nia Felip\" \/>\n<meta name=\"twitter:card\" content=\"summary_large_image\" \/>\n<meta name=\"twitter:label1\" content=\"Escrit per\" \/>\n\t<meta name=\"twitter:data1\" content=\"S\u00f2nia Felip\" \/>\n\t<meta name=\"twitter:label2\" content=\"Temps estimat de lectura\" \/>\n\t<meta name=\"twitter:data2\" content=\"3 minuts\" \/>\n<script type=\"application\/ld+json\" class=\"yoast-schema-graph\">{\"@context\":\"https:\\\/\\\/schema.org\",\"@graph\":[{\"@type\":\"Article\",\"@id\":\"https:\\\/\\\/www.portdesitges.com\\\/ca\\\/el-port-de-sitges-punt-de-sortida-de-la-regata-sitges-ciutadella-2019\\\/#article\",\"isPartOf\":{\"@id\":\"https:\\\/\\\/www.portdesitges.com\\\/ca\\\/el-port-de-sitges-punt-de-sortida-de-la-regata-sitges-ciutadella-2019\\\/\"},\"author\":{\"name\":\"S\u00f2nia Felip\",\"@id\":\"https:\\\/\\\/www.portdesitges.com\\\/#\\\/schema\\\/person\\\/be98f3191d6c7bb6ccddc2e0ac4d861f\"},\"headline\":\"El Port de Sitges punt de sortida de la Regata Sitges-Ciutadella 2019\",\"datePublished\":\"2018-10-16T16:16:12+00:00\",\"dateModified\":\"2021-04-30T11:47:56+00:00\",\"mainEntityOfPage\":{\"@id\":\"https:\\\/\\\/www.portdesitges.com\\\/ca\\\/el-port-de-sitges-punt-de-sortida-de-la-regata-sitges-ciutadella-2019\\\/\"},\"wordCount\":581,\"image\":{\"@id\":\"https:\\\/\\\/www.portdesitges.com\\\/ca\\\/el-port-de-sitges-punt-de-sortida-de-la-regata-sitges-ciutadella-2019\\\/#primaryimage\"},\"thumbnailUrl\":\"https:\\\/\\\/www.portdesitges.com\\\/wp-content\\\/uploads\\\/2018\\\/10\\\/PresentaSitgesCiutadella-copia.jpg\",\"articleSection\":[\"Not\u00edcias\"],\"inLanguage\":\"ca\"},{\"@type\":\"WebPage\",\"@id\":\"https:\\\/\\\/www.portdesitges.com\\\/ca\\\/el-port-de-sitges-punt-de-sortida-de-la-regata-sitges-ciutadella-2019\\\/\",\"url\":\"https:\\\/\\\/www.portdesitges.com\\\/ca\\\/el-port-de-sitges-punt-de-sortida-de-la-regata-sitges-ciutadella-2019\\\/\",\"name\":\"El Port de Sitges punt de sortida de la Regata Sitges-Ciutadella 2019 - Port de Sitges - Aiguadol\u00e7\",\"isPartOf\":{\"@id\":\"https:\\\/\\\/www.portdesitges.com\\\/#website\"},\"primaryImageOfPage\":{\"@id\":\"https:\\\/\\\/www.portdesitges.com\\\/ca\\\/el-port-de-sitges-punt-de-sortida-de-la-regata-sitges-ciutadella-2019\\\/#primaryimage\"},\"image\":{\"@id\":\"https:\\\/\\\/www.portdesitges.com\\\/ca\\\/el-port-de-sitges-punt-de-sortida-de-la-regata-sitges-ciutadella-2019\\\/#primaryimage\"},\"thumbnailUrl\":\"https:\\\/\\\/www.portdesitges.com\\\/wp-content\\\/uploads\\\/2018\\\/10\\\/PresentaSitgesCiutadella-copia.jpg\",\"datePublished\":\"2018-10-16T16:16:12+00:00\",\"dateModified\":\"2021-04-30T11:47:56+00:00\",\"author\":{\"@id\":\"https:\\\/\\\/www.portdesitges.com\\\/#\\\/schema\\\/person\\\/be98f3191d6c7bb6ccddc2e0ac4d861f\"},\"breadcrumb\":{\"@id\":\"https:\\\/\\\/www.portdesitges.com\\\/ca\\\/el-port-de-sitges-punt-de-sortida-de-la-regata-sitges-ciutadella-2019\\\/#breadcrumb\"},\"inLanguage\":\"ca\",\"potentialAction\":[{\"@type\":\"ReadAction\",\"target\":[\"https:\\\/\\\/www.portdesitges.com\\\/ca\\\/el-port-de-sitges-punt-de-sortida-de-la-regata-sitges-ciutadella-2019\\\/\"]}]},{\"@type\":\"ImageObject\",\"inLanguage\":\"ca\",\"@id\":\"https:\\\/\\\/www.portdesitges.com\\\/ca\\\/el-port-de-sitges-punt-de-sortida-de-la-regata-sitges-ciutadella-2019\\\/#primaryimage\",\"url\":\"https:\\\/\\\/www.portdesitges.com\\\/wp-content\\\/uploads\\\/2018\\\/10\\\/PresentaSitgesCiutadella-copia.jpg\",\"contentUrl\":\"https:\\\/\\\/www.portdesitges.com\\\/wp-content\\\/uploads\\\/2018\\\/10\\\/PresentaSitgesCiutadella-copia.jpg\",\"width\":400,\"height\":400},{\"@type\":\"BreadcrumbList\",\"@id\":\"https:\\\/\\\/www.portdesitges.com\\\/ca\\\/el-port-de-sitges-punt-de-sortida-de-la-regata-sitges-ciutadella-2019\\\/#breadcrumb\",\"itemListElement\":[{\"@type\":\"ListItem\",\"position\":1,\"name\":\"Portada\",\"item\":\"https:\\\/\\\/www.portdesitges.com\\\/ca\\\/\"},{\"@type\":\"ListItem\",\"position\":2,\"name\":\"El Port de Sitges punt de sortida de la Regata Sitges-Ciutadella 2019\"}]},{\"@type\":\"WebSite\",\"@id\":\"https:\\\/\\\/www.portdesitges.com\\\/#website\",\"url\":\"https:\\\/\\\/www.portdesitges.com\\\/\",\"name\":\"Port de Sitges - Aiguadol\u00e7\",\"description\":\"lugar donde el mar y la tierra se dan de la mano para crear un espacio \u00fanico y atractivo. Disfruta de un mar de experiencias.\",\"potentialAction\":[{\"@type\":\"SearchAction\",\"target\":{\"@type\":\"EntryPoint\",\"urlTemplate\":\"https:\\\/\\\/www.portdesitges.com\\\/?s={search_term_string}\"},\"query-input\":{\"@type\":\"PropertyValueSpecification\",\"valueRequired\":true,\"valueName\":\"search_term_string\"}}],\"inLanguage\":\"ca\"},{\"@type\":\"Person\",\"@id\":\"https:\\\/\\\/www.portdesitges.com\\\/#\\\/schema\\\/person\\\/be98f3191d6c7bb6ccddc2e0ac4d861f\",\"name\":\"S\u00f2nia Felip\",\"image\":{\"@type\":\"ImageObject\",\"inLanguage\":\"ca\",\"@id\":\"https:\\\/\\\/secure.gravatar.com\\\/avatar\\\/3f5abf961091eed8bea1ba4a0fb5f78e0c728f907fe0cf722e81af4aa82939db?s=96&d=mm&r=g\",\"url\":\"https:\\\/\\\/secure.gravatar.com\\\/avatar\\\/3f5abf961091eed8bea1ba4a0fb5f78e0c728f907fe0cf722e81af4aa82939db?s=96&d=mm&r=g\",\"contentUrl\":\"https:\\\/\\\/secure.gravatar.com\\\/avatar\\\/3f5abf961091eed8bea1ba4a0fb5f78e0c728f907fe0cf722e81af4aa82939db?s=96&d=mm&r=g\",\"caption\":\"S\u00f2nia Felip\"},\"url\":\"https:\\\/\\\/www.portdesitges.com\\\/ca\\\/author\\\/sonia\\\/\"}]}<\/script>\n<!-- \/ Yoast SEO plugin. -->","yoast_head_json":{"title":"El Port de Sitges punt de sortida de la Regata Sitges-Ciutadella 2019 - Port de Sitges - Aiguadol\u00e7","robots":{"index":"index","follow":"follow","max-snippet":"max-snippet:-1","max-image-preview":"max-image-preview:large","max-video-preview":"max-video-preview:-1"},"canonical":"https:\/\/www.portdesitges.com\/ca\/el-port-de-sitges-punt-de-sortida-de-la-regata-sitges-ciutadella-2019\/","og_locale":"ca_ES","og_type":"article","og_title":"El Port de Sitges punt de sortida de la Regata Sitges-Ciutadella 2019 - Port de Sitges - Aiguadol\u00e7","og_description":"[et_pb_section fb_built=&#8221;1&#8243; _builder_version=&#8221;3.22.3&#8243;][et_pb_row _builder_version=&#8221;3.22.3&#8243; background_size=&#8221;initial&#8221; background_position=&#8221;top_left&#8221; background_repeat=&#8221;repeat&#8221;][et_pb_column type=&#8221;4_4&#8243; _builder_version=&#8221;3.0.47&#8243;][et_pb_text _builder_version=&#8221;3.0.74&#8243; background_size=&#8221;initial&#8221; background_position=&#8221;top_left&#8221; background_repeat=&#8221;repeat&#8221;]","og_url":"https:\/\/www.portdesitges.com\/ca\/el-port-de-sitges-punt-de-sortida-de-la-regata-sitges-ciutadella-2019\/","og_site_name":"Port de Sitges - Aiguadol\u00e7","article_published_time":"2018-10-16T16:16:12+00:00","article_modified_time":"2021-04-30T11:47:56+00:00","og_image":[{"width":400,"height":400,"url":"https:\/\/www.portdesitges.com\/wp-content\/uploads\/2018\/10\/PresentaSitgesCiutadella-copia.jpg","type":"image\/jpeg"}],"author":"S\u00f2nia Felip","twitter_card":"summary_large_image","twitter_misc":{"Escrit per":"S\u00f2nia Felip","Temps estimat de lectura":"3 minuts"},"schema":{"@context":"https:\/\/schema.org","@graph":[{"@type":"Article","@id":"https:\/\/www.portdesitges.com\/ca\/el-port-de-sitges-punt-de-sortida-de-la-regata-sitges-ciutadella-2019\/#article","isPartOf":{"@id":"https:\/\/www.portdesitges.com\/ca\/el-port-de-sitges-punt-de-sortida-de-la-regata-sitges-ciutadella-2019\/"},"author":{"name":"S\u00f2nia Felip","@id":"https:\/\/www.portdesitges.com\/#\/schema\/person\/be98f3191d6c7bb6ccddc2e0ac4d861f"},"headline":"El Port de Sitges punt de sortida de la Regata Sitges-Ciutadella 2019","datePublished":"2018-10-16T16:16:12+00:00","dateModified":"2021-04-30T11:47:56+00:00","mainEntityOfPage":{"@id":"https:\/\/www.portdesitges.com\/ca\/el-port-de-sitges-punt-de-sortida-de-la-regata-sitges-ciutadella-2019\/"},"wordCount":581,"image":{"@id":"https:\/\/www.portdesitges.com\/ca\/el-port-de-sitges-punt-de-sortida-de-la-regata-sitges-ciutadella-2019\/#primaryimage"},"thumbnailUrl":"https:\/\/www.portdesitges.com\/wp-content\/uploads\/2018\/10\/PresentaSitgesCiutadella-copia.jpg","articleSection":["Not\u00edcias"],"inLanguage":"ca"},{"@type":"WebPage","@id":"https:\/\/www.portdesitges.com\/ca\/el-port-de-sitges-punt-de-sortida-de-la-regata-sitges-ciutadella-2019\/","url":"https:\/\/www.portdesitges.com\/ca\/el-port-de-sitges-punt-de-sortida-de-la-regata-sitges-ciutadella-2019\/","name":"El Port de Sitges punt de sortida de la Regata Sitges-Ciutadella 2019 - Port de Sitges - Aiguadol\u00e7","isPartOf":{"@id":"https:\/\/www.portdesitges.com\/#website"},"primaryImageOfPage":{"@id":"https:\/\/www.portdesitges.com\/ca\/el-port-de-sitges-punt-de-sortida-de-la-regata-sitges-ciutadella-2019\/#primaryimage"},"image":{"@id":"https:\/\/www.portdesitges.com\/ca\/el-port-de-sitges-punt-de-sortida-de-la-regata-sitges-ciutadella-2019\/#primaryimage"},"thumbnailUrl":"https:\/\/www.portdesitges.com\/wp-content\/uploads\/2018\/10\/PresentaSitgesCiutadella-copia.jpg","datePublished":"2018-10-16T16:16:12+00:00","dateModified":"2021-04-30T11:47:56+00:00","author":{"@id":"https:\/\/www.portdesitges.com\/#\/schema\/person\/be98f3191d6c7bb6ccddc2e0ac4d861f"},"breadcrumb":{"@id":"https:\/\/www.portdesitges.com\/ca\/el-port-de-sitges-punt-de-sortida-de-la-regata-sitges-ciutadella-2019\/#breadcrumb"},"inLanguage":"ca","potentialAction":[{"@type":"ReadAction","target":["https:\/\/www.portdesitges.com\/ca\/el-port-de-sitges-punt-de-sortida-de-la-regata-sitges-ciutadella-2019\/"]}]},{"@type":"ImageObject","inLanguage":"ca","@id":"https:\/\/www.portdesitges.com\/ca\/el-port-de-sitges-punt-de-sortida-de-la-regata-sitges-ciutadella-2019\/#primaryimage","url":"https:\/\/www.portdesitges.com\/wp-content\/uploads\/2018\/10\/PresentaSitgesCiutadella-copia.jpg","contentUrl":"https:\/\/www.portdesitges.com\/wp-content\/uploads\/2018\/10\/PresentaSitgesCiutadella-copia.jpg","width":400,"height":400},{"@type":"BreadcrumbList","@id":"https:\/\/www.portdesitges.com\/ca\/el-port-de-sitges-punt-de-sortida-de-la-regata-sitges-ciutadella-2019\/#breadcrumb","itemListElement":[{"@type":"ListItem","position":1,"name":"Portada","item":"https:\/\/www.portdesitges.com\/ca\/"},{"@type":"ListItem","position":2,"name":"El Port de Sitges punt de sortida de la Regata Sitges-Ciutadella 2019"}]},{"@type":"WebSite","@id":"https:\/\/www.portdesitges.com\/#website","url":"https:\/\/www.portdesitges.com\/","name":"Port de Sitges - Aiguadol\u00e7","description":"lugar donde el mar y la tierra se dan de la mano para crear un espacio \u00fanico y atractivo. Disfruta de un mar de experiencias.","potentialAction":[{"@type":"SearchAction","target":{"@type":"EntryPoint","urlTemplate":"https:\/\/www.portdesitges.com\/?s={search_term_string}"},"query-input":{"@type":"PropertyValueSpecification","valueRequired":true,"valueName":"search_term_string"}}],"inLanguage":"ca"},{"@type":"Person","@id":"https:\/\/www.portdesitges.com\/#\/schema\/person\/be98f3191d6c7bb6ccddc2e0ac4d861f","name":"S\u00f2nia Felip","image":{"@type":"ImageObject","inLanguage":"ca","@id":"https:\/\/secure.gravatar.com\/avatar\/3f5abf961091eed8bea1ba4a0fb5f78e0c728f907fe0cf722e81af4aa82939db?s=96&d=mm&r=g","url":"https:\/\/secure.gravatar.com\/avatar\/3f5abf961091eed8bea1ba4a0fb5f78e0c728f907fe0cf722e81af4aa82939db?s=96&d=mm&r=g","contentUrl":"https:\/\/secure.gravatar.com\/avatar\/3f5abf961091eed8bea1ba4a0fb5f78e0c728f907fe0cf722e81af4aa82939db?s=96&d=mm&r=g","caption":"S\u00f2nia Felip"},"url":"https:\/\/www.portdesitges.com\/ca\/author\/sonia\/"}]}},"_links":{"self":[{"href":"https:\/\/www.portdesitges.com\/ca\/wp-json\/wp\/v2\/posts\/7715","targetHints":{"allow":["GET"]}}],"collection":[{"href":"https:\/\/www.portdesitges.com\/ca\/wp-json\/wp\/v2\/posts"}],"about":[{"href":"https:\/\/www.portdesitges.com\/ca\/wp-json\/wp\/v2\/types\/post"}],"author":[{"embeddable":true,"href":"https:\/\/www.portdesitges.com\/ca\/wp-json\/wp\/v2\/users\/3"}],"replies":[{"embeddable":true,"href":"https:\/\/www.portdesitges.com\/ca\/wp-json\/wp\/v2\/comments?post=7715"}],"version-history":[{"count":1,"href":"https:\/\/www.portdesitges.com\/ca\/wp-json\/wp\/v2\/posts\/7715\/revisions"}],"predecessor-version":[{"id":14135,"href":"https:\/\/www.portdesitges.com\/ca\/wp-json\/wp\/v2\/posts\/7715\/revisions\/14135"}],"wp:featuredmedia":[{"embeddable":true,"href":"https:\/\/www.portdesitges.com\/ca\/wp-json\/wp\/v2\/media\/7969"}],"wp:attachment":[{"href":"https:\/\/www.portdesitges.com\/ca\/wp-json\/wp\/v2\/media?parent=7715"}],"wp:term":[{"taxonomy":"category","embeddable":true,"href":"https:\/\/www.portdesitges.com\/ca\/wp-json\/wp\/v2\/categories?post=7715"},{"taxonomy":"post_tag","embeddable":true,"href":"https:\/\/www.portdesitges.com\/ca\/wp-json\/wp\/v2\/tags?post=7715"}],"curies":[{"name":"wp","href":"https:\/\/api.w.org\/{rel}","templated":true}]}}