{"id":7592,"date":"2018-10-08T11:13:20","date_gmt":"2018-10-08T11:13:20","guid":{"rendered":"https:\/\/www.portdesitges.com\/?p=7592"},"modified":"2018-10-08T11:13:20","modified_gmt":"2018-10-08T11:13:20","slug":"el-port-de-sitges-somple-de-cinema-i-glamur-en-la-festa-inaugural-del-festival","status":"publish","type":"post","link":"https:\/\/www.portdesitges.com\/ca\/el-port-de-sitges-somple-de-cinema-i-glamur-en-la-festa-inaugural-del-festival\/","title":{"rendered":"El Port de Sitges s\u2019omple de cinema i glamur en la festa inaugural del Festival"},"content":{"rendered":"<p><!--more--><\/p>\n<p><em>Per la catifa vermella del port van passar noms com <\/em><em>Tilda Swinton, Juan Antonio Bayona, l\u2019actor Ra\u00fal Ar\u00e9valo o l\u2019actriu Aida Folch entre d\u2019altres<\/em><\/p>\n<p>El Festival Internacional de Cinema Fant\u00e0stic de Catalunya ha donat el tret de sortida a la seva 51 edici\u00f3 amb la projecci\u00f3 de la pel\u00b7l\u00edcula \u2018Susipira\u2019 i la posterior festa d\u2019Inauguraci\u00f3 celebrada dijous \u00a0al Port de Sitges-Aiguadol\u00e7. Una cita que va omplir el Port de cinema i glamur amb m\u00e9s de 500 convidats destacant la pres\u00e8ncia dels actors de \u2018Suspiria\u2019 amb Tilda Swinton al capdavant.<\/p>\n<p style=\"text-align: center;\"><a href=\"https:\/\/www.portdesitges.com\/oldweb\/port\/wp-content\/uploads\/2018\/10\/43146445_2166577596895984_4659152523808997376_n.jpg\"><img loading=\"lazy\" decoding=\"async\" class=\"alignnone size-medium wp-image-7593\" src=\"https:\/\/www.portdesitges.com\/oldweb\/port\/wp-content\/uploads\/2018\/10\/43146445_2166577596895984_4659152523808997376_n-240x300.jpg\" alt=\"\" width=\"240\" height=\"300\" \/><\/a> <a href=\"https:\/\/www.portdesitges.com\/oldweb\/port\/wp-content\/uploads\/2018\/10\/IMG-20181008-WA0004.jpg\"><img loading=\"lazy\" decoding=\"async\" class=\"alignnone size-medium wp-image-7597\" src=\"https:\/\/www.portdesitges.com\/oldweb\/port\/wp-content\/uploads\/2018\/10\/IMG-20181008-WA0004-225x300.jpg\" alt=\"\" width=\"225\" height=\"300\" \/><\/a><\/p>\n<p>La presencia de l\u2019actriu brit\u00e0nica al Port mereix un doble reconeixement ja que el mateix dia pel mat\u00ed va perdre al seu pare, Swinton va declarar que havia estat a punt d\u2019anular la seva pres\u00e8ncia al Festival per\u00f2 finalment va decidir anar-hi ja que tenia un comprom\u00eds amb el cinema fant\u00e0stic de Sitges. Per la catifa vermella del Port de Sitges tamb\u00e9 van passar altres personatges destacats com el director Juan Antonio Bayona, l\u2019actor Ra\u00fal Ar\u00e9valo o l\u2019actriu Aida Folch. Tamb\u00e9 va estar present l\u2019Alcalde de Sitges, Miquel Forns.<\/p>\n<p style=\"text-align: center;\"><a href=\"https:\/\/www.portdesitges.com\/oldweb\/port\/wp-content\/uploads\/2018\/10\/IMG-20181008-WA0008.jpg\"><img loading=\"lazy\" decoding=\"async\" class=\"alignnone size-medium wp-image-7601\" src=\"https:\/\/www.portdesitges.com\/oldweb\/port\/wp-content\/uploads\/2018\/10\/IMG-20181008-WA0008-300x225.jpg\" alt=\"\" width=\"300\" height=\"225\" \/><\/a> <a href=\"https:\/\/www.portdesitges.com\/oldweb\/port\/wp-content\/uploads\/2018\/10\/IMG-20181008-WA0009.jpg\"><img loading=\"lazy\" decoding=\"async\" class=\"alignnone size-medium wp-image-7605\" src=\"https:\/\/www.portdesitges.com\/oldweb\/port\/wp-content\/uploads\/2018\/10\/IMG-20181008-WA0009-300x225.jpg\" alt=\"\" width=\"300\" height=\"225\" \/><\/a><\/p>\n<p>&#8220;Aquest any tenim, probablement, la programaci\u00f3 m\u00e9s potent de cinema de g\u00e8nere del m\u00f3n&#8221;, ha assegurat \u00c1ngel Sala, director del festival, amb 33 propostes a concurs oficial, moltes m\u00e9s en les altres seccions, series, presentacions, xerrades i molt m\u00e9s que situen a Sitges com a epicentre mundial del cinema fant\u00e0stic i de terror.<\/p>\n<h3 style=\"text-align: center;\"><strong><a href=\"https:\/\/sitgesfilmfestival.com\/cat\">\u00a1SITGES FILM FESTIVAL!<\/a><\/strong><\/h3>\n","protected":false},"excerpt":{"rendered":"Per la catifa vermella del port van passar noms com Tilda Swinton, Juan Antonio Bayona, l\u2019actor Ra\u00fal Ar\u00e9valo o l\u2019actriu Aida Folch entre d\u2019altres El Festival Internacional de Cinema Fant\u00e0stic...","protected":false},"author":3,"featured_media":0,"comment_status":"closed","ping_status":"closed","sticky":false,"template":"","format":"standard","meta":{"footnotes":""},"categories":[],"tags":[],"class_list":["post-7592","post","type-post","status-publish","format-standard"],"yoast_head":"<!-- This site is optimized with the Yoast SEO plugin v27.3 - https:\/\/yoast.com\/product\/yoast-seo-wordpress\/ -->\n<title>El Port de Sitges s\u2019omple de cinema i glamur en la festa inaugural del Festival - Port de Sitges - Aiguadol\u00e7<\/title>\n<meta name=\"robots\" content=\"index, follow, max-snippet:-1, max-image-preview:large, max-video-preview:-1\" \/>\n<link rel=\"canonical\" href=\"https:\/\/www.portdesitges.com\/ca\/el-port-de-sitges-somple-de-cinema-i-glamur-en-la-festa-inaugural-del-festival\/\" \/>\n<meta property=\"og:locale\" content=\"ca_ES\" \/>\n<meta property=\"og:type\" content=\"article\" \/>\n<meta property=\"og:title\" content=\"El Port de Sitges s\u2019omple de cinema i glamur en la festa inaugural del Festival - Port de Sitges - Aiguadol\u00e7\" \/>\n<meta property=\"og:url\" content=\"https:\/\/www.portdesitges.com\/ca\/el-port-de-sitges-somple-de-cinema-i-glamur-en-la-festa-inaugural-del-festival\/\" \/>\n<meta property=\"og:site_name\" content=\"Port de Sitges - Aiguadol\u00e7\" \/>\n<meta property=\"article:published_time\" content=\"2018-10-08T11:13:20+00:00\" \/>\n<meta property=\"og:image\" content=\"https:\/\/www.portdesitges.com\/oldweb\/port\/wp-content\/uploads\/2018\/10\/43146445_2166577596895984_4659152523808997376_n-240x300.jpg\" \/>\n<meta name=\"author\" content=\"S\u00f2nia Felip\" \/>\n<meta name=\"twitter:card\" content=\"summary_large_image\" \/>\n<meta name=\"twitter:label1\" content=\"Escrit per\" \/>\n\t<meta name=\"twitter:data1\" content=\"S\u00f2nia Felip\" \/>\n\t<meta name=\"twitter:label2\" content=\"Temps estimat de lectura\" \/>\n\t<meta name=\"twitter:data2\" content=\"1 minut\" \/>\n<script type=\"application\/ld+json\" class=\"yoast-schema-graph\">{\"@context\":\"https:\\\/\\\/schema.org\",\"@graph\":[{\"@type\":\"Article\",\"@id\":\"https:\\\/\\\/www.portdesitges.com\\\/ca\\\/el-port-de-sitges-somple-de-cinema-i-glamur-en-la-festa-inaugural-del-festival\\\/#article\",\"isPartOf\":{\"@id\":\"https:\\\/\\\/www.portdesitges.com\\\/ca\\\/el-port-de-sitges-somple-de-cinema-i-glamur-en-la-festa-inaugural-del-festival\\\/\"},\"author\":{\"name\":\"S\u00f2nia Felip\",\"@id\":\"https:\\\/\\\/www.portdesitges.com\\\/#\\\/schema\\\/person\\\/be98f3191d6c7bb6ccddc2e0ac4d861f\"},\"headline\":\"El Port de Sitges s\u2019omple de cinema i glamur en la festa inaugural del Festival\",\"datePublished\":\"2018-10-08T11:13:20+00:00\",\"mainEntityOfPage\":{\"@id\":\"https:\\\/\\\/www.portdesitges.com\\\/ca\\\/el-port-de-sitges-somple-de-cinema-i-glamur-en-la-festa-inaugural-del-festival\\\/\"},\"wordCount\":275,\"image\":{\"@id\":\"https:\\\/\\\/www.portdesitges.com\\\/ca\\\/el-port-de-sitges-somple-de-cinema-i-glamur-en-la-festa-inaugural-del-festival\\\/#primaryimage\"},\"thumbnailUrl\":\"https:\\\/\\\/www.portdesitges.com\\\/oldweb\\\/port\\\/wp-content\\\/uploads\\\/2018\\\/10\\\/43146445_2166577596895984_4659152523808997376_n-240x300.jpg\",\"inLanguage\":\"ca\"},{\"@type\":\"WebPage\",\"@id\":\"https:\\\/\\\/www.portdesitges.com\\\/ca\\\/el-port-de-sitges-somple-de-cinema-i-glamur-en-la-festa-inaugural-del-festival\\\/\",\"url\":\"https:\\\/\\\/www.portdesitges.com\\\/ca\\\/el-port-de-sitges-somple-de-cinema-i-glamur-en-la-festa-inaugural-del-festival\\\/\",\"name\":\"El Port de Sitges s\u2019omple de cinema i glamur en la festa inaugural del Festival - Port de Sitges - Aiguadol\u00e7\",\"isPartOf\":{\"@id\":\"https:\\\/\\\/www.portdesitges.com\\\/#website\"},\"primaryImageOfPage\":{\"@id\":\"https:\\\/\\\/www.portdesitges.com\\\/ca\\\/el-port-de-sitges-somple-de-cinema-i-glamur-en-la-festa-inaugural-del-festival\\\/#primaryimage\"},\"image\":{\"@id\":\"https:\\\/\\\/www.portdesitges.com\\\/ca\\\/el-port-de-sitges-somple-de-cinema-i-glamur-en-la-festa-inaugural-del-festival\\\/#primaryimage\"},\"thumbnailUrl\":\"https:\\\/\\\/www.portdesitges.com\\\/oldweb\\\/port\\\/wp-content\\\/uploads\\\/2018\\\/10\\\/43146445_2166577596895984_4659152523808997376_n-240x300.jpg\",\"datePublished\":\"2018-10-08T11:13:20+00:00\",\"author\":{\"@id\":\"https:\\\/\\\/www.portdesitges.com\\\/#\\\/schema\\\/person\\\/be98f3191d6c7bb6ccddc2e0ac4d861f\"},\"breadcrumb\":{\"@id\":\"https:\\\/\\\/www.portdesitges.com\\\/ca\\\/el-port-de-sitges-somple-de-cinema-i-glamur-en-la-festa-inaugural-del-festival\\\/#breadcrumb\"},\"inLanguage\":\"ca\",\"potentialAction\":[{\"@type\":\"ReadAction\",\"target\":[\"https:\\\/\\\/www.portdesitges.com\\\/ca\\\/el-port-de-sitges-somple-de-cinema-i-glamur-en-la-festa-inaugural-del-festival\\\/\"]}]},{\"@type\":\"ImageObject\",\"inLanguage\":\"ca\",\"@id\":\"https:\\\/\\\/www.portdesitges.com\\\/ca\\\/el-port-de-sitges-somple-de-cinema-i-glamur-en-la-festa-inaugural-del-festival\\\/#primaryimage\",\"url\":\"https:\\\/\\\/www.portdesitges.com\\\/oldweb\\\/port\\\/wp-content\\\/uploads\\\/2018\\\/10\\\/43146445_2166577596895984_4659152523808997376_n-240x300.jpg\",\"contentUrl\":\"https:\\\/\\\/www.portdesitges.com\\\/oldweb\\\/port\\\/wp-content\\\/uploads\\\/2018\\\/10\\\/43146445_2166577596895984_4659152523808997376_n-240x300.jpg\"},{\"@type\":\"BreadcrumbList\",\"@id\":\"https:\\\/\\\/www.portdesitges.com\\\/ca\\\/el-port-de-sitges-somple-de-cinema-i-glamur-en-la-festa-inaugural-del-festival\\\/#breadcrumb\",\"itemListElement\":[{\"@type\":\"ListItem\",\"position\":1,\"name\":\"Portada\",\"item\":\"https:\\\/\\\/www.portdesitges.com\\\/ca\\\/\"},{\"@type\":\"ListItem\",\"position\":2,\"name\":\"El Port de Sitges s\u2019omple de cinema i glamur en la festa inaugural del Festival\"}]},{\"@type\":\"WebSite\",\"@id\":\"https:\\\/\\\/www.portdesitges.com\\\/#website\",\"url\":\"https:\\\/\\\/www.portdesitges.com\\\/\",\"name\":\"Port de Sitges - Aiguadol\u00e7\",\"description\":\"lugar donde el mar y la tierra se dan de la mano para crear un espacio \u00fanico y atractivo. Disfruta de un mar de experiencias.\",\"potentialAction\":[{\"@type\":\"SearchAction\",\"target\":{\"@type\":\"EntryPoint\",\"urlTemplate\":\"https:\\\/\\\/www.portdesitges.com\\\/?s={search_term_string}\"},\"query-input\":{\"@type\":\"PropertyValueSpecification\",\"valueRequired\":true,\"valueName\":\"search_term_string\"}}],\"inLanguage\":\"ca\"},{\"@type\":\"Person\",\"@id\":\"https:\\\/\\\/www.portdesitges.com\\\/#\\\/schema\\\/person\\\/be98f3191d6c7bb6ccddc2e0ac4d861f\",\"name\":\"S\u00f2nia Felip\",\"image\":{\"@type\":\"ImageObject\",\"inLanguage\":\"ca\",\"@id\":\"https:\\\/\\\/secure.gravatar.com\\\/avatar\\\/3f5abf961091eed8bea1ba4a0fb5f78e0c728f907fe0cf722e81af4aa82939db?s=96&d=mm&r=g\",\"url\":\"https:\\\/\\\/secure.gravatar.com\\\/avatar\\\/3f5abf961091eed8bea1ba4a0fb5f78e0c728f907fe0cf722e81af4aa82939db?s=96&d=mm&r=g\",\"contentUrl\":\"https:\\\/\\\/secure.gravatar.com\\\/avatar\\\/3f5abf961091eed8bea1ba4a0fb5f78e0c728f907fe0cf722e81af4aa82939db?s=96&d=mm&r=g\",\"caption\":\"S\u00f2nia Felip\"},\"url\":\"https:\\\/\\\/www.portdesitges.com\\\/ca\\\/author\\\/sonia\\\/\"}]}<\/script>\n<!-- \/ Yoast SEO plugin. -->","yoast_head_json":{"title":"El Port de Sitges s\u2019omple de cinema i glamur en la festa inaugural del Festival - Port de Sitges - Aiguadol\u00e7","robots":{"index":"index","follow":"follow","max-snippet":"max-snippet:-1","max-image-preview":"max-image-preview:large","max-video-preview":"max-video-preview:-1"},"canonical":"https:\/\/www.portdesitges.com\/ca\/el-port-de-sitges-somple-de-cinema-i-glamur-en-la-festa-inaugural-del-festival\/","og_locale":"ca_ES","og_type":"article","og_title":"El Port de Sitges s\u2019omple de cinema i glamur en la festa inaugural del Festival - Port de Sitges - Aiguadol\u00e7","og_url":"https:\/\/www.portdesitges.com\/ca\/el-port-de-sitges-somple-de-cinema-i-glamur-en-la-festa-inaugural-del-festival\/","og_site_name":"Port de Sitges - Aiguadol\u00e7","article_published_time":"2018-10-08T11:13:20+00:00","og_image":[{"url":"https:\/\/www.portdesitges.com\/oldweb\/port\/wp-content\/uploads\/2018\/10\/43146445_2166577596895984_4659152523808997376_n-240x300.jpg","type":"","width":"","height":""}],"author":"S\u00f2nia Felip","twitter_card":"summary_large_image","twitter_misc":{"Escrit per":"S\u00f2nia Felip","Temps estimat de lectura":"1 minut"},"schema":{"@context":"https:\/\/schema.org","@graph":[{"@type":"Article","@id":"https:\/\/www.portdesitges.com\/ca\/el-port-de-sitges-somple-de-cinema-i-glamur-en-la-festa-inaugural-del-festival\/#article","isPartOf":{"@id":"https:\/\/www.portdesitges.com\/ca\/el-port-de-sitges-somple-de-cinema-i-glamur-en-la-festa-inaugural-del-festival\/"},"author":{"name":"S\u00f2nia Felip","@id":"https:\/\/www.portdesitges.com\/#\/schema\/person\/be98f3191d6c7bb6ccddc2e0ac4d861f"},"headline":"El Port de Sitges s\u2019omple de cinema i glamur en la festa inaugural del Festival","datePublished":"2018-10-08T11:13:20+00:00","mainEntityOfPage":{"@id":"https:\/\/www.portdesitges.com\/ca\/el-port-de-sitges-somple-de-cinema-i-glamur-en-la-festa-inaugural-del-festival\/"},"wordCount":275,"image":{"@id":"https:\/\/www.portdesitges.com\/ca\/el-port-de-sitges-somple-de-cinema-i-glamur-en-la-festa-inaugural-del-festival\/#primaryimage"},"thumbnailUrl":"https:\/\/www.portdesitges.com\/oldweb\/port\/wp-content\/uploads\/2018\/10\/43146445_2166577596895984_4659152523808997376_n-240x300.jpg","inLanguage":"ca"},{"@type":"WebPage","@id":"https:\/\/www.portdesitges.com\/ca\/el-port-de-sitges-somple-de-cinema-i-glamur-en-la-festa-inaugural-del-festival\/","url":"https:\/\/www.portdesitges.com\/ca\/el-port-de-sitges-somple-de-cinema-i-glamur-en-la-festa-inaugural-del-festival\/","name":"El Port de Sitges s\u2019omple de cinema i glamur en la festa inaugural del Festival - Port de Sitges - Aiguadol\u00e7","isPartOf":{"@id":"https:\/\/www.portdesitges.com\/#website"},"primaryImageOfPage":{"@id":"https:\/\/www.portdesitges.com\/ca\/el-port-de-sitges-somple-de-cinema-i-glamur-en-la-festa-inaugural-del-festival\/#primaryimage"},"image":{"@id":"https:\/\/www.portdesitges.com\/ca\/el-port-de-sitges-somple-de-cinema-i-glamur-en-la-festa-inaugural-del-festival\/#primaryimage"},"thumbnailUrl":"https:\/\/www.portdesitges.com\/oldweb\/port\/wp-content\/uploads\/2018\/10\/43146445_2166577596895984_4659152523808997376_n-240x300.jpg","datePublished":"2018-10-08T11:13:20+00:00","author":{"@id":"https:\/\/www.portdesitges.com\/#\/schema\/person\/be98f3191d6c7bb6ccddc2e0ac4d861f"},"breadcrumb":{"@id":"https:\/\/www.portdesitges.com\/ca\/el-port-de-sitges-somple-de-cinema-i-glamur-en-la-festa-inaugural-del-festival\/#breadcrumb"},"inLanguage":"ca","potentialAction":[{"@type":"ReadAction","target":["https:\/\/www.portdesitges.com\/ca\/el-port-de-sitges-somple-de-cinema-i-glamur-en-la-festa-inaugural-del-festival\/"]}]},{"@type":"ImageObject","inLanguage":"ca","@id":"https:\/\/www.portdesitges.com\/ca\/el-port-de-sitges-somple-de-cinema-i-glamur-en-la-festa-inaugural-del-festival\/#primaryimage","url":"https:\/\/www.portdesitges.com\/oldweb\/port\/wp-content\/uploads\/2018\/10\/43146445_2166577596895984_4659152523808997376_n-240x300.jpg","contentUrl":"https:\/\/www.portdesitges.com\/oldweb\/port\/wp-content\/uploads\/2018\/10\/43146445_2166577596895984_4659152523808997376_n-240x300.jpg"},{"@type":"BreadcrumbList","@id":"https:\/\/www.portdesitges.com\/ca\/el-port-de-sitges-somple-de-cinema-i-glamur-en-la-festa-inaugural-del-festival\/#breadcrumb","itemListElement":[{"@type":"ListItem","position":1,"name":"Portada","item":"https:\/\/www.portdesitges.com\/ca\/"},{"@type":"ListItem","position":2,"name":"El Port de Sitges s\u2019omple de cinema i glamur en la festa inaugural del Festival"}]},{"@type":"WebSite","@id":"https:\/\/www.portdesitges.com\/#website","url":"https:\/\/www.portdesitges.com\/","name":"Port de Sitges - Aiguadol\u00e7","description":"lugar donde el mar y la tierra se dan de la mano para crear un espacio \u00fanico y atractivo. Disfruta de un mar de experiencias.","potentialAction":[{"@type":"SearchAction","target":{"@type":"EntryPoint","urlTemplate":"https:\/\/www.portdesitges.com\/?s={search_term_string}"},"query-input":{"@type":"PropertyValueSpecification","valueRequired":true,"valueName":"search_term_string"}}],"inLanguage":"ca"},{"@type":"Person","@id":"https:\/\/www.portdesitges.com\/#\/schema\/person\/be98f3191d6c7bb6ccddc2e0ac4d861f","name":"S\u00f2nia Felip","image":{"@type":"ImageObject","inLanguage":"ca","@id":"https:\/\/secure.gravatar.com\/avatar\/3f5abf961091eed8bea1ba4a0fb5f78e0c728f907fe0cf722e81af4aa82939db?s=96&d=mm&r=g","url":"https:\/\/secure.gravatar.com\/avatar\/3f5abf961091eed8bea1ba4a0fb5f78e0c728f907fe0cf722e81af4aa82939db?s=96&d=mm&r=g","contentUrl":"https:\/\/secure.gravatar.com\/avatar\/3f5abf961091eed8bea1ba4a0fb5f78e0c728f907fe0cf722e81af4aa82939db?s=96&d=mm&r=g","caption":"S\u00f2nia Felip"},"url":"https:\/\/www.portdesitges.com\/ca\/author\/sonia\/"}]}},"_links":{"self":[{"href":"https:\/\/www.portdesitges.com\/ca\/wp-json\/wp\/v2\/posts\/7592","targetHints":{"allow":["GET"]}}],"collection":[{"href":"https:\/\/www.portdesitges.com\/ca\/wp-json\/wp\/v2\/posts"}],"about":[{"href":"https:\/\/www.portdesitges.com\/ca\/wp-json\/wp\/v2\/types\/post"}],"author":[{"embeddable":true,"href":"https:\/\/www.portdesitges.com\/ca\/wp-json\/wp\/v2\/users\/3"}],"replies":[{"embeddable":true,"href":"https:\/\/www.portdesitges.com\/ca\/wp-json\/wp\/v2\/comments?post=7592"}],"version-history":[{"count":0,"href":"https:\/\/www.portdesitges.com\/ca\/wp-json\/wp\/v2\/posts\/7592\/revisions"}],"wp:attachment":[{"href":"https:\/\/www.portdesitges.com\/ca\/wp-json\/wp\/v2\/media?parent=7592"}],"wp:term":[{"taxonomy":"category","embeddable":true,"href":"https:\/\/www.portdesitges.com\/ca\/wp-json\/wp\/v2\/categories?post=7592"},{"taxonomy":"post_tag","embeddable":true,"href":"https:\/\/www.portdesitges.com\/ca\/wp-json\/wp\/v2\/tags?post=7592"}],"curies":[{"name":"wp","href":"https:\/\/api.w.org\/{rel}","templated":true}]}}