{"id":7126,"date":"2018-09-25T11:47:15","date_gmt":"2018-09-25T11:47:15","guid":{"rendered":"https:\/\/www.portdesitges.com\/?p=7126"},"modified":"2018-09-25T11:47:15","modified_gmt":"2018-09-25T11:47:15","slug":"tanca-la-millor-edicio-dels-concerts-de-mitjanit-del-port-de-sitges-aiguadolc","status":"publish","type":"post","link":"https:\/\/www.portdesitges.com\/ca\/tanca-la-millor-edicio-dels-concerts-de-mitjanit-del-port-de-sitges-aiguadolc\/","title":{"rendered":"Tanca la millor edici\u00f3 dels Concerts de Mitjanit del Port de Sitges-Aiguadol\u00e7"},"content":{"rendered":"<p><!--more--><\/p>\n<p><em>Les diferents actuacions que s&#8217;han organitzat durant els concerts, entre el 13 de juliol i el 14 d&#8217;agost, han penjat el cartell de complet<\/em><\/p>\n<p>La Fundaci\u00f3 Cultural del Port de Sitges-Aiguadol\u00e7 ha organitzat una nova edici\u00f3 dels Concerts de Mitjanit amb un \u00e8xit tant en assist\u00e8ncia de p\u00fablic com d&#8217;organitzaci\u00f3. Un total de tretze activitats s&#8217;han dut a terme entre el 13 de juliol i el 14 d&#8217;agost al Port de Sitges. 10 concerts, la Gran Nit L\u00edrica i la projecci\u00f3 de Curts del Festival Internacional de Cinema de Catalunya, han fet les del\u00edcies del p\u00fablic assistent, un festival fresc i din\u00e0mic totalment gratu\u00eft amb la voluntat d&#8217;acostar la cultura a tothom.<\/p>\n<p style=\"text-align: center;\"><a href=\"https:\/\/www.portdesitges.com\/oldweb\/port\/wp-content\/uploads\/2018\/09\/concerts-mitjanit-real-300.jpg\"><img loading=\"lazy\" decoding=\"async\" class=\"alignnone  wp-image-7128\" src=\"https:\/\/www.portdesitges.com\/oldweb\/port\/wp-content\/uploads\/2018\/09\/concerts-mitjanit-real-300.jpg\" alt=\"\" width=\"236\" height=\"236\" \/>\u00a0\u00a0<\/a><a href=\"https:\/\/www.portdesitges.com\/oldweb\/port\/wp-content\/uploads\/2018\/09\/Gran-Nit-lirica.jpg\"><img loading=\"lazy\" decoding=\"async\" class=\"alignnone  wp-image-7129\" src=\"https:\/\/www.portdesitges.com\/oldweb\/port\/wp-content\/uploads\/2018\/09\/Gran-Nit-lirica-300x225.jpg\" alt=\"\" width=\"315\" height=\"236\" \/><\/a><\/p>\n<p>Des dels millors tributs als Beatles, Madonna i Elvis, passant per una Big Band i balades m\u00e9s tranquil\u00b7les, fins la Gran N\u00edt L\u00edrica o la projecci\u00f3 de curts de cinema fant\u00e0stic i de terror, tot al Auditori de la Torre de Capitania del Port preparat per a l\u2019ocasi\u00f3.<\/p>\n<p>El Port de Sitges-Aiguadol\u00e7 aposta per apropar la gent a les seves instal\u00b7lacions amb gran diversitat de propostes n\u00e0utiques, esportives i culturals com aquesta nova edici\u00f3 dels Concerts de Mitjanit. La propera cita amb la cultura \u00e9s l\u2019organitzaci\u00f3 de la Festa d\u2019inauguraci\u00f3 del Festival Internacional de Cinema de Catalunya que se celebra al Port aquest octubre.<\/p>\n","protected":false},"excerpt":{"rendered":"Les diferents actuacions que s'han organitzat durant els concerts, entre el 13 de juliol i el 14 d'agost, han penjat el cartell de complet La Fundaci\u00f3 Cultural del Port de...","protected":false},"author":3,"featured_media":7128,"comment_status":"closed","ping_status":"closed","sticky":false,"template":"","format":"standard","meta":{"footnotes":""},"categories":[],"tags":[],"class_list":["post-7126","post","type-post","status-publish","format-standard","has-post-thumbnail"],"yoast_head":"<!-- This site is optimized with the Yoast SEO plugin v27.3 - https:\/\/yoast.com\/product\/yoast-seo-wordpress\/ -->\n<title>Tanca la millor edici\u00f3 dels Concerts de Mitjanit del Port de Sitges-Aiguadol\u00e7 - Port de Sitges - Aiguadol\u00e7<\/title>\n<meta name=\"robots\" content=\"index, follow, max-snippet:-1, max-image-preview:large, max-video-preview:-1\" \/>\n<link rel=\"canonical\" href=\"https:\/\/www.portdesitges.com\/ca\/tanca-la-millor-edicio-dels-concerts-de-mitjanit-del-port-de-sitges-aiguadolc\/\" \/>\n<meta property=\"og:locale\" content=\"ca_ES\" \/>\n<meta property=\"og:type\" content=\"article\" \/>\n<meta property=\"og:title\" content=\"Tanca la millor edici\u00f3 dels Concerts de Mitjanit del Port de Sitges-Aiguadol\u00e7 - Port de Sitges - Aiguadol\u00e7\" \/>\n<meta property=\"og:url\" content=\"https:\/\/www.portdesitges.com\/ca\/tanca-la-millor-edicio-dels-concerts-de-mitjanit-del-port-de-sitges-aiguadolc\/\" \/>\n<meta property=\"og:site_name\" content=\"Port de Sitges - Aiguadol\u00e7\" \/>\n<meta property=\"article:published_time\" content=\"2018-09-25T11:47:15+00:00\" \/>\n<meta name=\"author\" content=\"S\u00f2nia Felip\" \/>\n<meta name=\"twitter:card\" content=\"summary_large_image\" \/>\n<meta name=\"twitter:label1\" content=\"Escrit per\" \/>\n\t<meta name=\"twitter:data1\" content=\"S\u00f2nia Felip\" \/>\n\t<meta name=\"twitter:label2\" content=\"Temps estimat de lectura\" \/>\n\t<meta name=\"twitter:data2\" content=\"1 minut\" \/>\n<script type=\"application\/ld+json\" class=\"yoast-schema-graph\">{\"@context\":\"https:\\\/\\\/schema.org\",\"@graph\":[{\"@type\":\"Article\",\"@id\":\"https:\\\/\\\/www.portdesitges.com\\\/ca\\\/tanca-la-millor-edicio-dels-concerts-de-mitjanit-del-port-de-sitges-aiguadolc\\\/#article\",\"isPartOf\":{\"@id\":\"https:\\\/\\\/www.portdesitges.com\\\/ca\\\/tanca-la-millor-edicio-dels-concerts-de-mitjanit-del-port-de-sitges-aiguadolc\\\/\"},\"author\":{\"name\":\"S\u00f2nia Felip\",\"@id\":\"https:\\\/\\\/www.portdesitges.com\\\/#\\\/schema\\\/person\\\/be98f3191d6c7bb6ccddc2e0ac4d861f\"},\"headline\":\"Tanca la millor edici\u00f3 dels Concerts de Mitjanit del Port de Sitges-Aiguadol\u00e7\",\"datePublished\":\"2018-09-25T11:47:15+00:00\",\"mainEntityOfPage\":{\"@id\":\"https:\\\/\\\/www.portdesitges.com\\\/ca\\\/tanca-la-millor-edicio-dels-concerts-de-mitjanit-del-port-de-sitges-aiguadolc\\\/\"},\"wordCount\":246,\"image\":{\"@id\":\"https:\\\/\\\/www.portdesitges.com\\\/ca\\\/tanca-la-millor-edicio-dels-concerts-de-mitjanit-del-port-de-sitges-aiguadolc\\\/#primaryimage\"},\"thumbnailUrl\":\"\",\"inLanguage\":\"ca\"},{\"@type\":\"WebPage\",\"@id\":\"https:\\\/\\\/www.portdesitges.com\\\/ca\\\/tanca-la-millor-edicio-dels-concerts-de-mitjanit-del-port-de-sitges-aiguadolc\\\/\",\"url\":\"https:\\\/\\\/www.portdesitges.com\\\/ca\\\/tanca-la-millor-edicio-dels-concerts-de-mitjanit-del-port-de-sitges-aiguadolc\\\/\",\"name\":\"Tanca la millor edici\u00f3 dels Concerts de Mitjanit del Port de Sitges-Aiguadol\u00e7 - Port de Sitges - Aiguadol\u00e7\",\"isPartOf\":{\"@id\":\"https:\\\/\\\/www.portdesitges.com\\\/#website\"},\"primaryImageOfPage\":{\"@id\":\"https:\\\/\\\/www.portdesitges.com\\\/ca\\\/tanca-la-millor-edicio-dels-concerts-de-mitjanit-del-port-de-sitges-aiguadolc\\\/#primaryimage\"},\"image\":{\"@id\":\"https:\\\/\\\/www.portdesitges.com\\\/ca\\\/tanca-la-millor-edicio-dels-concerts-de-mitjanit-del-port-de-sitges-aiguadolc\\\/#primaryimage\"},\"thumbnailUrl\":\"\",\"datePublished\":\"2018-09-25T11:47:15+00:00\",\"author\":{\"@id\":\"https:\\\/\\\/www.portdesitges.com\\\/#\\\/schema\\\/person\\\/be98f3191d6c7bb6ccddc2e0ac4d861f\"},\"breadcrumb\":{\"@id\":\"https:\\\/\\\/www.portdesitges.com\\\/ca\\\/tanca-la-millor-edicio-dels-concerts-de-mitjanit-del-port-de-sitges-aiguadolc\\\/#breadcrumb\"},\"inLanguage\":\"ca\",\"potentialAction\":[{\"@type\":\"ReadAction\",\"target\":[\"https:\\\/\\\/www.portdesitges.com\\\/ca\\\/tanca-la-millor-edicio-dels-concerts-de-mitjanit-del-port-de-sitges-aiguadolc\\\/\"]}]},{\"@type\":\"ImageObject\",\"inLanguage\":\"ca\",\"@id\":\"https:\\\/\\\/www.portdesitges.com\\\/ca\\\/tanca-la-millor-edicio-dels-concerts-de-mitjanit-del-port-de-sitges-aiguadolc\\\/#primaryimage\",\"url\":\"\",\"contentUrl\":\"\"},{\"@type\":\"BreadcrumbList\",\"@id\":\"https:\\\/\\\/www.portdesitges.com\\\/ca\\\/tanca-la-millor-edicio-dels-concerts-de-mitjanit-del-port-de-sitges-aiguadolc\\\/#breadcrumb\",\"itemListElement\":[{\"@type\":\"ListItem\",\"position\":1,\"name\":\"Portada\",\"item\":\"https:\\\/\\\/www.portdesitges.com\\\/ca\\\/\"},{\"@type\":\"ListItem\",\"position\":2,\"name\":\"Tanca la millor edici\u00f3 dels Concerts de Mitjanit del Port de Sitges-Aiguadol\u00e7\"}]},{\"@type\":\"WebSite\",\"@id\":\"https:\\\/\\\/www.portdesitges.com\\\/#website\",\"url\":\"https:\\\/\\\/www.portdesitges.com\\\/\",\"name\":\"Port de Sitges - Aiguadol\u00e7\",\"description\":\"lugar donde el mar y la tierra se dan de la mano para crear un espacio \u00fanico y atractivo. Disfruta de un mar de experiencias.\",\"potentialAction\":[{\"@type\":\"SearchAction\",\"target\":{\"@type\":\"EntryPoint\",\"urlTemplate\":\"https:\\\/\\\/www.portdesitges.com\\\/?s={search_term_string}\"},\"query-input\":{\"@type\":\"PropertyValueSpecification\",\"valueRequired\":true,\"valueName\":\"search_term_string\"}}],\"inLanguage\":\"ca\"},{\"@type\":\"Person\",\"@id\":\"https:\\\/\\\/www.portdesitges.com\\\/#\\\/schema\\\/person\\\/be98f3191d6c7bb6ccddc2e0ac4d861f\",\"name\":\"S\u00f2nia Felip\",\"image\":{\"@type\":\"ImageObject\",\"inLanguage\":\"ca\",\"@id\":\"https:\\\/\\\/secure.gravatar.com\\\/avatar\\\/3f5abf961091eed8bea1ba4a0fb5f78e0c728f907fe0cf722e81af4aa82939db?s=96&d=mm&r=g\",\"url\":\"https:\\\/\\\/secure.gravatar.com\\\/avatar\\\/3f5abf961091eed8bea1ba4a0fb5f78e0c728f907fe0cf722e81af4aa82939db?s=96&d=mm&r=g\",\"contentUrl\":\"https:\\\/\\\/secure.gravatar.com\\\/avatar\\\/3f5abf961091eed8bea1ba4a0fb5f78e0c728f907fe0cf722e81af4aa82939db?s=96&d=mm&r=g\",\"caption\":\"S\u00f2nia Felip\"},\"url\":\"https:\\\/\\\/www.portdesitges.com\\\/ca\\\/author\\\/sonia\\\/\"}]}<\/script>\n<!-- \/ Yoast SEO plugin. -->","yoast_head_json":{"title":"Tanca la millor edici\u00f3 dels Concerts de Mitjanit del Port de Sitges-Aiguadol\u00e7 - Port de Sitges - Aiguadol\u00e7","robots":{"index":"index","follow":"follow","max-snippet":"max-snippet:-1","max-image-preview":"max-image-preview:large","max-video-preview":"max-video-preview:-1"},"canonical":"https:\/\/www.portdesitges.com\/ca\/tanca-la-millor-edicio-dels-concerts-de-mitjanit-del-port-de-sitges-aiguadolc\/","og_locale":"ca_ES","og_type":"article","og_title":"Tanca la millor edici\u00f3 dels Concerts de Mitjanit del Port de Sitges-Aiguadol\u00e7 - Port de Sitges - Aiguadol\u00e7","og_url":"https:\/\/www.portdesitges.com\/ca\/tanca-la-millor-edicio-dels-concerts-de-mitjanit-del-port-de-sitges-aiguadolc\/","og_site_name":"Port de Sitges - Aiguadol\u00e7","article_published_time":"2018-09-25T11:47:15+00:00","author":"S\u00f2nia Felip","twitter_card":"summary_large_image","twitter_misc":{"Escrit per":"S\u00f2nia Felip","Temps estimat de lectura":"1 minut"},"schema":{"@context":"https:\/\/schema.org","@graph":[{"@type":"Article","@id":"https:\/\/www.portdesitges.com\/ca\/tanca-la-millor-edicio-dels-concerts-de-mitjanit-del-port-de-sitges-aiguadolc\/#article","isPartOf":{"@id":"https:\/\/www.portdesitges.com\/ca\/tanca-la-millor-edicio-dels-concerts-de-mitjanit-del-port-de-sitges-aiguadolc\/"},"author":{"name":"S\u00f2nia Felip","@id":"https:\/\/www.portdesitges.com\/#\/schema\/person\/be98f3191d6c7bb6ccddc2e0ac4d861f"},"headline":"Tanca la millor edici\u00f3 dels Concerts de Mitjanit del Port de Sitges-Aiguadol\u00e7","datePublished":"2018-09-25T11:47:15+00:00","mainEntityOfPage":{"@id":"https:\/\/www.portdesitges.com\/ca\/tanca-la-millor-edicio-dels-concerts-de-mitjanit-del-port-de-sitges-aiguadolc\/"},"wordCount":246,"image":{"@id":"https:\/\/www.portdesitges.com\/ca\/tanca-la-millor-edicio-dels-concerts-de-mitjanit-del-port-de-sitges-aiguadolc\/#primaryimage"},"thumbnailUrl":"","inLanguage":"ca"},{"@type":"WebPage","@id":"https:\/\/www.portdesitges.com\/ca\/tanca-la-millor-edicio-dels-concerts-de-mitjanit-del-port-de-sitges-aiguadolc\/","url":"https:\/\/www.portdesitges.com\/ca\/tanca-la-millor-edicio-dels-concerts-de-mitjanit-del-port-de-sitges-aiguadolc\/","name":"Tanca la millor edici\u00f3 dels Concerts de Mitjanit del Port de Sitges-Aiguadol\u00e7 - Port de Sitges - Aiguadol\u00e7","isPartOf":{"@id":"https:\/\/www.portdesitges.com\/#website"},"primaryImageOfPage":{"@id":"https:\/\/www.portdesitges.com\/ca\/tanca-la-millor-edicio-dels-concerts-de-mitjanit-del-port-de-sitges-aiguadolc\/#primaryimage"},"image":{"@id":"https:\/\/www.portdesitges.com\/ca\/tanca-la-millor-edicio-dels-concerts-de-mitjanit-del-port-de-sitges-aiguadolc\/#primaryimage"},"thumbnailUrl":"","datePublished":"2018-09-25T11:47:15+00:00","author":{"@id":"https:\/\/www.portdesitges.com\/#\/schema\/person\/be98f3191d6c7bb6ccddc2e0ac4d861f"},"breadcrumb":{"@id":"https:\/\/www.portdesitges.com\/ca\/tanca-la-millor-edicio-dels-concerts-de-mitjanit-del-port-de-sitges-aiguadolc\/#breadcrumb"},"inLanguage":"ca","potentialAction":[{"@type":"ReadAction","target":["https:\/\/www.portdesitges.com\/ca\/tanca-la-millor-edicio-dels-concerts-de-mitjanit-del-port-de-sitges-aiguadolc\/"]}]},{"@type":"ImageObject","inLanguage":"ca","@id":"https:\/\/www.portdesitges.com\/ca\/tanca-la-millor-edicio-dels-concerts-de-mitjanit-del-port-de-sitges-aiguadolc\/#primaryimage","url":"","contentUrl":""},{"@type":"BreadcrumbList","@id":"https:\/\/www.portdesitges.com\/ca\/tanca-la-millor-edicio-dels-concerts-de-mitjanit-del-port-de-sitges-aiguadolc\/#breadcrumb","itemListElement":[{"@type":"ListItem","position":1,"name":"Portada","item":"https:\/\/www.portdesitges.com\/ca\/"},{"@type":"ListItem","position":2,"name":"Tanca la millor edici\u00f3 dels Concerts de Mitjanit del Port de Sitges-Aiguadol\u00e7"}]},{"@type":"WebSite","@id":"https:\/\/www.portdesitges.com\/#website","url":"https:\/\/www.portdesitges.com\/","name":"Port de Sitges - Aiguadol\u00e7","description":"lugar donde el mar y la tierra se dan de la mano para crear un espacio \u00fanico y atractivo. Disfruta de un mar de experiencias.","potentialAction":[{"@type":"SearchAction","target":{"@type":"EntryPoint","urlTemplate":"https:\/\/www.portdesitges.com\/?s={search_term_string}"},"query-input":{"@type":"PropertyValueSpecification","valueRequired":true,"valueName":"search_term_string"}}],"inLanguage":"ca"},{"@type":"Person","@id":"https:\/\/www.portdesitges.com\/#\/schema\/person\/be98f3191d6c7bb6ccddc2e0ac4d861f","name":"S\u00f2nia Felip","image":{"@type":"ImageObject","inLanguage":"ca","@id":"https:\/\/secure.gravatar.com\/avatar\/3f5abf961091eed8bea1ba4a0fb5f78e0c728f907fe0cf722e81af4aa82939db?s=96&d=mm&r=g","url":"https:\/\/secure.gravatar.com\/avatar\/3f5abf961091eed8bea1ba4a0fb5f78e0c728f907fe0cf722e81af4aa82939db?s=96&d=mm&r=g","contentUrl":"https:\/\/secure.gravatar.com\/avatar\/3f5abf961091eed8bea1ba4a0fb5f78e0c728f907fe0cf722e81af4aa82939db?s=96&d=mm&r=g","caption":"S\u00f2nia Felip"},"url":"https:\/\/www.portdesitges.com\/ca\/author\/sonia\/"}]}},"_links":{"self":[{"href":"https:\/\/www.portdesitges.com\/ca\/wp-json\/wp\/v2\/posts\/7126","targetHints":{"allow":["GET"]}}],"collection":[{"href":"https:\/\/www.portdesitges.com\/ca\/wp-json\/wp\/v2\/posts"}],"about":[{"href":"https:\/\/www.portdesitges.com\/ca\/wp-json\/wp\/v2\/types\/post"}],"author":[{"embeddable":true,"href":"https:\/\/www.portdesitges.com\/ca\/wp-json\/wp\/v2\/users\/3"}],"replies":[{"embeddable":true,"href":"https:\/\/www.portdesitges.com\/ca\/wp-json\/wp\/v2\/comments?post=7126"}],"version-history":[{"count":0,"href":"https:\/\/www.portdesitges.com\/ca\/wp-json\/wp\/v2\/posts\/7126\/revisions"}],"wp:featuredmedia":[{"embeddable":true,"href":"https:\/\/www.portdesitges.com\/ca\/wp-json\/"}],"wp:attachment":[{"href":"https:\/\/www.portdesitges.com\/ca\/wp-json\/wp\/v2\/media?parent=7126"}],"wp:term":[{"taxonomy":"category","embeddable":true,"href":"https:\/\/www.portdesitges.com\/ca\/wp-json\/wp\/v2\/categories?post=7126"},{"taxonomy":"post_tag","embeddable":true,"href":"https:\/\/www.portdesitges.com\/ca\/wp-json\/wp\/v2\/tags?post=7126"}],"curies":[{"name":"wp","href":"https:\/\/api.w.org\/{rel}","templated":true}]}}