{"id":7102,"date":"2018-07-16T12:09:27","date_gmt":"2018-07-16T12:09:27","guid":{"rendered":"https:\/\/www.portdesitges.com\/?p=7102"},"modified":"2018-07-16T12:09:27","modified_gmt":"2018-07-16T12:09:27","slug":"processo-marinera-havaneres-i-rom-cremat-a-la-festa-del-carme-del-port-de-sitges","status":"publish","type":"post","link":"https:\/\/www.portdesitges.com\/ca\/processo-marinera-havaneres-i-rom-cremat-a-la-festa-del-carme-del-port-de-sitges\/","title":{"rendered":"Process\u00f3 marinera, havaneres i rom cremat a la Festa del Carme del Port de Sitges"},"content":{"rendered":"<p><!--more--><\/p>\n<p><em>Els actes s\u2019inicien a partir de les 20h amb la process\u00f3 de la Confraria Sant Elm, benedicci\u00f3 dels vaixells i ofrena floral a la Verge<\/em><\/p>\n<p>Com cada any, amb motiu de la festivitat de la Verge del Carme al Port de Sitges-Aiguadol\u00e7 i dins del marc dels Concerts de Mitjanit gaudirem d\u2019una magn\u00edfica diada on tots els assistents gaudiran d\u2019una de les tradicions marineres m\u00e9s populars, a partir de les 20h process\u00f3 de la Confraria Sant Elm, benedicci\u00f3 dels vaixells i ofrena floral a la Verge. Posteriorment acollirem la cantada d\u2019havaneres a c\u00e0rrec del Grup Ultramar i s\u2019oferir\u00e0 a tots els assistents un magn\u00edfic rom cremat.<\/p>\n<p style=\"text-align: center;\"><a href=\"https:\/\/www.portdesitges.com\/oldweb\/port\/wp-content\/uploads\/2018\/07\/Fiestas-del-Carmen-Sitges-2017-virgen-1-2.jpg\"><img loading=\"lazy\" decoding=\"async\" class=\"alignnone size-medium wp-image-7103\" src=\"https:\/\/www.portdesitges.com\/oldweb\/port\/wp-content\/uploads\/2018\/07\/Fiestas-del-Carmen-Sitges-2017-virgen-1-2-300x225.jpg\" alt=\"\" width=\"300\" height=\"225\" \/><\/a><\/p>\n","protected":false},"excerpt":{"rendered":"Els actes s\u2019inicien a partir de les 20h amb la process\u00f3 de la Confraria Sant Elm, benedicci\u00f3 dels vaixells i ofrena floral a la Verge Com cada any, amb motiu...","protected":false},"author":3,"featured_media":7104,"comment_status":"closed","ping_status":"closed","sticky":false,"template":"","format":"standard","meta":{"footnotes":""},"categories":[],"tags":[],"class_list":["post-7102","post","type-post","status-publish","format-standard","has-post-thumbnail"],"yoast_head":"<!-- This site is optimized with the Yoast SEO plugin v27.3 - https:\/\/yoast.com\/product\/yoast-seo-wordpress\/ -->\n<title>Process\u00f3 marinera, havaneres i rom cremat a la Festa del Carme del Port de Sitges - Port de Sitges - Aiguadol\u00e7<\/title>\n<meta name=\"robots\" content=\"index, follow, max-snippet:-1, max-image-preview:large, max-video-preview:-1\" \/>\n<link rel=\"canonical\" href=\"https:\/\/www.portdesitges.com\/ca\/processo-marinera-havaneres-i-rom-cremat-a-la-festa-del-carme-del-port-de-sitges\/\" \/>\n<meta property=\"og:locale\" content=\"ca_ES\" \/>\n<meta property=\"og:type\" content=\"article\" \/>\n<meta property=\"og:title\" content=\"Process\u00f3 marinera, havaneres i rom cremat a la Festa del Carme del Port de Sitges - Port de Sitges - Aiguadol\u00e7\" \/>\n<meta property=\"og:url\" content=\"https:\/\/www.portdesitges.com\/ca\/processo-marinera-havaneres-i-rom-cremat-a-la-festa-del-carme-del-port-de-sitges\/\" \/>\n<meta property=\"og:site_name\" content=\"Port de Sitges - Aiguadol\u00e7\" \/>\n<meta property=\"article:published_time\" content=\"2018-07-16T12:09:27+00:00\" \/>\n<meta name=\"author\" content=\"S\u00f2nia Felip\" \/>\n<meta name=\"twitter:card\" content=\"summary_large_image\" \/>\n<meta name=\"twitter:label1\" content=\"Escrit per\" \/>\n\t<meta name=\"twitter:data1\" content=\"S\u00f2nia Felip\" \/>\n\t<meta name=\"twitter:label2\" content=\"Temps estimat de lectura\" \/>\n\t<meta name=\"twitter:data2\" content=\"1 minut\" \/>\n<script type=\"application\/ld+json\" class=\"yoast-schema-graph\">{\"@context\":\"https:\\\/\\\/schema.org\",\"@graph\":[{\"@type\":\"Article\",\"@id\":\"https:\\\/\\\/www.portdesitges.com\\\/ca\\\/processo-marinera-havaneres-i-rom-cremat-a-la-festa-del-carme-del-port-de-sitges\\\/#article\",\"isPartOf\":{\"@id\":\"https:\\\/\\\/www.portdesitges.com\\\/ca\\\/processo-marinera-havaneres-i-rom-cremat-a-la-festa-del-carme-del-port-de-sitges\\\/\"},\"author\":{\"name\":\"S\u00f2nia Felip\",\"@id\":\"https:\\\/\\\/www.portdesitges.com\\\/#\\\/schema\\\/person\\\/be98f3191d6c7bb6ccddc2e0ac4d861f\"},\"headline\":\"Process\u00f3 marinera, havaneres i rom cremat a la Festa del Carme del Port de Sitges\",\"datePublished\":\"2018-07-16T12:09:27+00:00\",\"mainEntityOfPage\":{\"@id\":\"https:\\\/\\\/www.portdesitges.com\\\/ca\\\/processo-marinera-havaneres-i-rom-cremat-a-la-festa-del-carme-del-port-de-sitges\\\/\"},\"wordCount\":130,\"image\":{\"@id\":\"https:\\\/\\\/www.portdesitges.com\\\/ca\\\/processo-marinera-havaneres-i-rom-cremat-a-la-festa-del-carme-del-port-de-sitges\\\/#primaryimage\"},\"thumbnailUrl\":\"\",\"inLanguage\":\"ca\"},{\"@type\":\"WebPage\",\"@id\":\"https:\\\/\\\/www.portdesitges.com\\\/ca\\\/processo-marinera-havaneres-i-rom-cremat-a-la-festa-del-carme-del-port-de-sitges\\\/\",\"url\":\"https:\\\/\\\/www.portdesitges.com\\\/ca\\\/processo-marinera-havaneres-i-rom-cremat-a-la-festa-del-carme-del-port-de-sitges\\\/\",\"name\":\"Process\u00f3 marinera, havaneres i rom cremat a la Festa del Carme del Port de Sitges - Port de Sitges - Aiguadol\u00e7\",\"isPartOf\":{\"@id\":\"https:\\\/\\\/www.portdesitges.com\\\/#website\"},\"primaryImageOfPage\":{\"@id\":\"https:\\\/\\\/www.portdesitges.com\\\/ca\\\/processo-marinera-havaneres-i-rom-cremat-a-la-festa-del-carme-del-port-de-sitges\\\/#primaryimage\"},\"image\":{\"@id\":\"https:\\\/\\\/www.portdesitges.com\\\/ca\\\/processo-marinera-havaneres-i-rom-cremat-a-la-festa-del-carme-del-port-de-sitges\\\/#primaryimage\"},\"thumbnailUrl\":\"\",\"datePublished\":\"2018-07-16T12:09:27+00:00\",\"author\":{\"@id\":\"https:\\\/\\\/www.portdesitges.com\\\/#\\\/schema\\\/person\\\/be98f3191d6c7bb6ccddc2e0ac4d861f\"},\"breadcrumb\":{\"@id\":\"https:\\\/\\\/www.portdesitges.com\\\/ca\\\/processo-marinera-havaneres-i-rom-cremat-a-la-festa-del-carme-del-port-de-sitges\\\/#breadcrumb\"},\"inLanguage\":\"ca\",\"potentialAction\":[{\"@type\":\"ReadAction\",\"target\":[\"https:\\\/\\\/www.portdesitges.com\\\/ca\\\/processo-marinera-havaneres-i-rom-cremat-a-la-festa-del-carme-del-port-de-sitges\\\/\"]}]},{\"@type\":\"ImageObject\",\"inLanguage\":\"ca\",\"@id\":\"https:\\\/\\\/www.portdesitges.com\\\/ca\\\/processo-marinera-havaneres-i-rom-cremat-a-la-festa-del-carme-del-port-de-sitges\\\/#primaryimage\",\"url\":\"\",\"contentUrl\":\"\"},{\"@type\":\"BreadcrumbList\",\"@id\":\"https:\\\/\\\/www.portdesitges.com\\\/ca\\\/processo-marinera-havaneres-i-rom-cremat-a-la-festa-del-carme-del-port-de-sitges\\\/#breadcrumb\",\"itemListElement\":[{\"@type\":\"ListItem\",\"position\":1,\"name\":\"Portada\",\"item\":\"https:\\\/\\\/www.portdesitges.com\\\/ca\\\/\"},{\"@type\":\"ListItem\",\"position\":2,\"name\":\"Process\u00f3 marinera, havaneres i rom cremat a la Festa del Carme del Port de Sitges\"}]},{\"@type\":\"WebSite\",\"@id\":\"https:\\\/\\\/www.portdesitges.com\\\/#website\",\"url\":\"https:\\\/\\\/www.portdesitges.com\\\/\",\"name\":\"Port de Sitges - Aiguadol\u00e7\",\"description\":\"lugar donde el mar y la tierra se dan de la mano para crear un espacio \u00fanico y atractivo. Disfruta de un mar de experiencias.\",\"potentialAction\":[{\"@type\":\"SearchAction\",\"target\":{\"@type\":\"EntryPoint\",\"urlTemplate\":\"https:\\\/\\\/www.portdesitges.com\\\/?s={search_term_string}\"},\"query-input\":{\"@type\":\"PropertyValueSpecification\",\"valueRequired\":true,\"valueName\":\"search_term_string\"}}],\"inLanguage\":\"ca\"},{\"@type\":\"Person\",\"@id\":\"https:\\\/\\\/www.portdesitges.com\\\/#\\\/schema\\\/person\\\/be98f3191d6c7bb6ccddc2e0ac4d861f\",\"name\":\"S\u00f2nia Felip\",\"image\":{\"@type\":\"ImageObject\",\"inLanguage\":\"ca\",\"@id\":\"https:\\\/\\\/secure.gravatar.com\\\/avatar\\\/3f5abf961091eed8bea1ba4a0fb5f78e0c728f907fe0cf722e81af4aa82939db?s=96&d=mm&r=g\",\"url\":\"https:\\\/\\\/secure.gravatar.com\\\/avatar\\\/3f5abf961091eed8bea1ba4a0fb5f78e0c728f907fe0cf722e81af4aa82939db?s=96&d=mm&r=g\",\"contentUrl\":\"https:\\\/\\\/secure.gravatar.com\\\/avatar\\\/3f5abf961091eed8bea1ba4a0fb5f78e0c728f907fe0cf722e81af4aa82939db?s=96&d=mm&r=g\",\"caption\":\"S\u00f2nia Felip\"},\"url\":\"https:\\\/\\\/www.portdesitges.com\\\/ca\\\/author\\\/sonia\\\/\"}]}<\/script>\n<!-- \/ Yoast SEO plugin. -->","yoast_head_json":{"title":"Process\u00f3 marinera, havaneres i rom cremat a la Festa del Carme del Port de Sitges - Port de Sitges - Aiguadol\u00e7","robots":{"index":"index","follow":"follow","max-snippet":"max-snippet:-1","max-image-preview":"max-image-preview:large","max-video-preview":"max-video-preview:-1"},"canonical":"https:\/\/www.portdesitges.com\/ca\/processo-marinera-havaneres-i-rom-cremat-a-la-festa-del-carme-del-port-de-sitges\/","og_locale":"ca_ES","og_type":"article","og_title":"Process\u00f3 marinera, havaneres i rom cremat a la Festa del Carme del Port de Sitges - Port de Sitges - Aiguadol\u00e7","og_url":"https:\/\/www.portdesitges.com\/ca\/processo-marinera-havaneres-i-rom-cremat-a-la-festa-del-carme-del-port-de-sitges\/","og_site_name":"Port de Sitges - Aiguadol\u00e7","article_published_time":"2018-07-16T12:09:27+00:00","author":"S\u00f2nia Felip","twitter_card":"summary_large_image","twitter_misc":{"Escrit per":"S\u00f2nia Felip","Temps estimat de lectura":"1 minut"},"schema":{"@context":"https:\/\/schema.org","@graph":[{"@type":"Article","@id":"https:\/\/www.portdesitges.com\/ca\/processo-marinera-havaneres-i-rom-cremat-a-la-festa-del-carme-del-port-de-sitges\/#article","isPartOf":{"@id":"https:\/\/www.portdesitges.com\/ca\/processo-marinera-havaneres-i-rom-cremat-a-la-festa-del-carme-del-port-de-sitges\/"},"author":{"name":"S\u00f2nia Felip","@id":"https:\/\/www.portdesitges.com\/#\/schema\/person\/be98f3191d6c7bb6ccddc2e0ac4d861f"},"headline":"Process\u00f3 marinera, havaneres i rom cremat a la Festa del Carme del Port de Sitges","datePublished":"2018-07-16T12:09:27+00:00","mainEntityOfPage":{"@id":"https:\/\/www.portdesitges.com\/ca\/processo-marinera-havaneres-i-rom-cremat-a-la-festa-del-carme-del-port-de-sitges\/"},"wordCount":130,"image":{"@id":"https:\/\/www.portdesitges.com\/ca\/processo-marinera-havaneres-i-rom-cremat-a-la-festa-del-carme-del-port-de-sitges\/#primaryimage"},"thumbnailUrl":"","inLanguage":"ca"},{"@type":"WebPage","@id":"https:\/\/www.portdesitges.com\/ca\/processo-marinera-havaneres-i-rom-cremat-a-la-festa-del-carme-del-port-de-sitges\/","url":"https:\/\/www.portdesitges.com\/ca\/processo-marinera-havaneres-i-rom-cremat-a-la-festa-del-carme-del-port-de-sitges\/","name":"Process\u00f3 marinera, havaneres i rom cremat a la Festa del Carme del Port de Sitges - Port de Sitges - Aiguadol\u00e7","isPartOf":{"@id":"https:\/\/www.portdesitges.com\/#website"},"primaryImageOfPage":{"@id":"https:\/\/www.portdesitges.com\/ca\/processo-marinera-havaneres-i-rom-cremat-a-la-festa-del-carme-del-port-de-sitges\/#primaryimage"},"image":{"@id":"https:\/\/www.portdesitges.com\/ca\/processo-marinera-havaneres-i-rom-cremat-a-la-festa-del-carme-del-port-de-sitges\/#primaryimage"},"thumbnailUrl":"","datePublished":"2018-07-16T12:09:27+00:00","author":{"@id":"https:\/\/www.portdesitges.com\/#\/schema\/person\/be98f3191d6c7bb6ccddc2e0ac4d861f"},"breadcrumb":{"@id":"https:\/\/www.portdesitges.com\/ca\/processo-marinera-havaneres-i-rom-cremat-a-la-festa-del-carme-del-port-de-sitges\/#breadcrumb"},"inLanguage":"ca","potentialAction":[{"@type":"ReadAction","target":["https:\/\/www.portdesitges.com\/ca\/processo-marinera-havaneres-i-rom-cremat-a-la-festa-del-carme-del-port-de-sitges\/"]}]},{"@type":"ImageObject","inLanguage":"ca","@id":"https:\/\/www.portdesitges.com\/ca\/processo-marinera-havaneres-i-rom-cremat-a-la-festa-del-carme-del-port-de-sitges\/#primaryimage","url":"","contentUrl":""},{"@type":"BreadcrumbList","@id":"https:\/\/www.portdesitges.com\/ca\/processo-marinera-havaneres-i-rom-cremat-a-la-festa-del-carme-del-port-de-sitges\/#breadcrumb","itemListElement":[{"@type":"ListItem","position":1,"name":"Portada","item":"https:\/\/www.portdesitges.com\/ca\/"},{"@type":"ListItem","position":2,"name":"Process\u00f3 marinera, havaneres i rom cremat a la Festa del Carme del Port de Sitges"}]},{"@type":"WebSite","@id":"https:\/\/www.portdesitges.com\/#website","url":"https:\/\/www.portdesitges.com\/","name":"Port de Sitges - Aiguadol\u00e7","description":"lugar donde el mar y la tierra se dan de la mano para crear un espacio \u00fanico y atractivo. Disfruta de un mar de experiencias.","potentialAction":[{"@type":"SearchAction","target":{"@type":"EntryPoint","urlTemplate":"https:\/\/www.portdesitges.com\/?s={search_term_string}"},"query-input":{"@type":"PropertyValueSpecification","valueRequired":true,"valueName":"search_term_string"}}],"inLanguage":"ca"},{"@type":"Person","@id":"https:\/\/www.portdesitges.com\/#\/schema\/person\/be98f3191d6c7bb6ccddc2e0ac4d861f","name":"S\u00f2nia Felip","image":{"@type":"ImageObject","inLanguage":"ca","@id":"https:\/\/secure.gravatar.com\/avatar\/3f5abf961091eed8bea1ba4a0fb5f78e0c728f907fe0cf722e81af4aa82939db?s=96&d=mm&r=g","url":"https:\/\/secure.gravatar.com\/avatar\/3f5abf961091eed8bea1ba4a0fb5f78e0c728f907fe0cf722e81af4aa82939db?s=96&d=mm&r=g","contentUrl":"https:\/\/secure.gravatar.com\/avatar\/3f5abf961091eed8bea1ba4a0fb5f78e0c728f907fe0cf722e81af4aa82939db?s=96&d=mm&r=g","caption":"S\u00f2nia Felip"},"url":"https:\/\/www.portdesitges.com\/ca\/author\/sonia\/"}]}},"_links":{"self":[{"href":"https:\/\/www.portdesitges.com\/ca\/wp-json\/wp\/v2\/posts\/7102","targetHints":{"allow":["GET"]}}],"collection":[{"href":"https:\/\/www.portdesitges.com\/ca\/wp-json\/wp\/v2\/posts"}],"about":[{"href":"https:\/\/www.portdesitges.com\/ca\/wp-json\/wp\/v2\/types\/post"}],"author":[{"embeddable":true,"href":"https:\/\/www.portdesitges.com\/ca\/wp-json\/wp\/v2\/users\/3"}],"replies":[{"embeddable":true,"href":"https:\/\/www.portdesitges.com\/ca\/wp-json\/wp\/v2\/comments?post=7102"}],"version-history":[{"count":0,"href":"https:\/\/www.portdesitges.com\/ca\/wp-json\/wp\/v2\/posts\/7102\/revisions"}],"wp:featuredmedia":[{"embeddable":true,"href":"https:\/\/www.portdesitges.com\/ca\/wp-json\/"}],"wp:attachment":[{"href":"https:\/\/www.portdesitges.com\/ca\/wp-json\/wp\/v2\/media?parent=7102"}],"wp:term":[{"taxonomy":"category","embeddable":true,"href":"https:\/\/www.portdesitges.com\/ca\/wp-json\/wp\/v2\/categories?post=7102"},{"taxonomy":"post_tag","embeddable":true,"href":"https:\/\/www.portdesitges.com\/ca\/wp-json\/wp\/v2\/tags?post=7102"}],"curies":[{"name":"wp","href":"https:\/\/api.w.org\/{rel}","templated":true}]}}