{"id":5984,"date":"2018-05-09T17:30:32","date_gmt":"2018-05-09T17:30:32","guid":{"rendered":"https:\/\/www.portdesitges.com\/?p=5984"},"modified":"2018-05-09T17:30:32","modified_gmt":"2018-05-09T17:30:32","slug":"el-port-de-sitges-aiguadolc-somple-de-flors-amb-motiu-del-corpus-2018","status":"publish","type":"post","link":"https:\/\/www.portdesitges.com\/ca\/el-port-de-sitges-aiguadolc-somple-de-flors-amb-motiu-del-corpus-2018\/","title":{"rendered":"El Port de Sitges-Aiguadol\u00e7 s\u2019omple de flors amb motiu del Corpus 2018"},"content":{"rendered":"<p><!--more--><\/p>\n<p><em>Els visitants que s\u2019apropin al port podran gaudir de catifes de flors, garlandes i rams entre d\u2019altres elements decoratius que ompliran el recinte de color<\/em><\/p>\n<p>Durant la Festa del Corpus de Sitges m\u00e9s de 300.000 clavells serviran per confeccionar les m\u00e9s de 35 catifes de flors que es podran veure per tota la localitat, i el Port de Sitges-Aiguadol\u00e7 tamb\u00e9 participa en aquesta tradicional festivitat popular que se celebra del 2 al 10 de juny. La programaci\u00f3 d\u2019actes inclour\u00e0 la decoraci\u00f3 dels espais m\u00e9s emblem\u00e0tics de la poblaci\u00f3, la realitzaci\u00f3 de tallers infantils, la celebraci\u00f3 de \u2018L\u2019Ou com balla\u2019, mostres de bonsais, mercat de flors o exposici\u00f3 nacional de clavells entre molts altres actes.<\/p>\n<p style=\"text-align: center;\"><a href=\"https:\/\/www.portdesitges.com\/2018\/05\/el-port-de-sitges-aiguadolc-somple-de-flors-amb-motiu-del-corpus-2018\/corpus-sitges\/\" rel=\"attachment wp-att-5985\"><img loading=\"lazy\" decoding=\"async\" class=\"alignnone size-medium wp-image-5985\" src=\"https:\/\/www.portdesitges.com\/oldweb\/port\/wp-content\/uploads\/2018\/05\/Corpus-Sitges-300x122.jpg\" alt=\"\" width=\"300\" height=\"122\" srcset=\"https:\/\/www.portdesitges.com\/wp-content\/uploads\/2018\/05\/Corpus-Sitges-300x122.jpg 300w, https:\/\/www.portdesitges.com\/wp-content\/uploads\/2018\/05\/Corpus-Sitges.jpg 550w\" sizes=\"auto, (max-width: 300px) 100vw, 300px\" \/><\/a><\/p>\n<p>El Port de Sitges-Aiguadol\u00e7 no vol faltar a tan important cita per a la localitat i en formar\u00e0 part decorant les seves instal\u00b7lacions amb diferents motius florals com \u00e9s caracter\u00edstic de la Festivitat del Corpus. Els visitants que s\u2019apropin al port podran gaudir de catifes de flors, garlandes i rams entre d\u2019altres elements decoratius que ompliran el recinte de color fent honor a tan important celebraci\u00f3 sitgetana.<\/p>\n","protected":false},"excerpt":{"rendered":"Els visitants que s\u2019apropin al port podran gaudir de catifes de flors, garlandes i rams entre d\u2019altres elements decoratius que ompliran el recinte de color Durant la Festa del Corpus...","protected":false},"author":3,"featured_media":6269,"comment_status":"closed","ping_status":"closed","sticky":false,"template":"","format":"standard","meta":{"footnotes":""},"categories":[],"tags":[],"class_list":["post-5984","post","type-post","status-publish","format-standard","has-post-thumbnail"],"yoast_head":"<!-- This site is optimized with the Yoast SEO plugin v27.3 - https:\/\/yoast.com\/product\/yoast-seo-wordpress\/ -->\n<title>El Port de Sitges-Aiguadol\u00e7 s\u2019omple de flors amb motiu del Corpus 2018 - Port de Sitges - Aiguadol\u00e7<\/title>\n<meta name=\"robots\" content=\"index, follow, max-snippet:-1, max-image-preview:large, max-video-preview:-1\" \/>\n<link rel=\"canonical\" href=\"https:\/\/www.portdesitges.com\/ca\/el-port-de-sitges-aiguadolc-somple-de-flors-amb-motiu-del-corpus-2018\/\" \/>\n<meta property=\"og:locale\" content=\"ca_ES\" \/>\n<meta property=\"og:type\" content=\"article\" \/>\n<meta property=\"og:title\" content=\"El Port de Sitges-Aiguadol\u00e7 s\u2019omple de flors amb motiu del Corpus 2018 - Port de Sitges - Aiguadol\u00e7\" \/>\n<meta property=\"og:url\" content=\"https:\/\/www.portdesitges.com\/ca\/el-port-de-sitges-aiguadolc-somple-de-flors-amb-motiu-del-corpus-2018\/\" \/>\n<meta property=\"og:site_name\" content=\"Port de Sitges - Aiguadol\u00e7\" \/>\n<meta property=\"article:published_time\" content=\"2018-05-09T17:30:32+00:00\" \/>\n<meta property=\"og:image\" content=\"https:\/\/www.portdesitges.com\/wp-content\/uploads\/2018\/05\/corpus.jpg\" \/>\n\t<meta property=\"og:image:width\" content=\"400\" \/>\n\t<meta property=\"og:image:height\" content=\"400\" \/>\n\t<meta property=\"og:image:type\" content=\"image\/jpeg\" \/>\n<meta name=\"author\" content=\"S\u00f2nia Felip\" \/>\n<meta name=\"twitter:card\" content=\"summary_large_image\" \/>\n<meta name=\"twitter:label1\" content=\"Escrit per\" \/>\n\t<meta name=\"twitter:data1\" content=\"S\u00f2nia Felip\" \/>\n\t<meta name=\"twitter:label2\" content=\"Temps estimat de lectura\" \/>\n\t<meta name=\"twitter:data2\" content=\"1 minut\" \/>\n<script type=\"application\/ld+json\" class=\"yoast-schema-graph\">{\"@context\":\"https:\\\/\\\/schema.org\",\"@graph\":[{\"@type\":\"Article\",\"@id\":\"https:\\\/\\\/www.portdesitges.com\\\/ca\\\/el-port-de-sitges-aiguadolc-somple-de-flors-amb-motiu-del-corpus-2018\\\/#article\",\"isPartOf\":{\"@id\":\"https:\\\/\\\/www.portdesitges.com\\\/ca\\\/el-port-de-sitges-aiguadolc-somple-de-flors-amb-motiu-del-corpus-2018\\\/\"},\"author\":{\"name\":\"S\u00f2nia Felip\",\"@id\":\"https:\\\/\\\/www.portdesitges.com\\\/#\\\/schema\\\/person\\\/be98f3191d6c7bb6ccddc2e0ac4d861f\"},\"headline\":\"El Port de Sitges-Aiguadol\u00e7 s\u2019omple de flors amb motiu del Corpus 2018\",\"datePublished\":\"2018-05-09T17:30:32+00:00\",\"mainEntityOfPage\":{\"@id\":\"https:\\\/\\\/www.portdesitges.com\\\/ca\\\/el-port-de-sitges-aiguadolc-somple-de-flors-amb-motiu-del-corpus-2018\\\/\"},\"wordCount\":201,\"image\":{\"@id\":\"https:\\\/\\\/www.portdesitges.com\\\/ca\\\/el-port-de-sitges-aiguadolc-somple-de-flors-amb-motiu-del-corpus-2018\\\/#primaryimage\"},\"thumbnailUrl\":\"https:\\\/\\\/www.portdesitges.com\\\/wp-content\\\/uploads\\\/2018\\\/05\\\/corpus.jpg\",\"inLanguage\":\"ca\"},{\"@type\":\"WebPage\",\"@id\":\"https:\\\/\\\/www.portdesitges.com\\\/ca\\\/el-port-de-sitges-aiguadolc-somple-de-flors-amb-motiu-del-corpus-2018\\\/\",\"url\":\"https:\\\/\\\/www.portdesitges.com\\\/ca\\\/el-port-de-sitges-aiguadolc-somple-de-flors-amb-motiu-del-corpus-2018\\\/\",\"name\":\"El Port de Sitges-Aiguadol\u00e7 s\u2019omple de flors amb motiu del Corpus 2018 - Port de Sitges - Aiguadol\u00e7\",\"isPartOf\":{\"@id\":\"https:\\\/\\\/www.portdesitges.com\\\/#website\"},\"primaryImageOfPage\":{\"@id\":\"https:\\\/\\\/www.portdesitges.com\\\/ca\\\/el-port-de-sitges-aiguadolc-somple-de-flors-amb-motiu-del-corpus-2018\\\/#primaryimage\"},\"image\":{\"@id\":\"https:\\\/\\\/www.portdesitges.com\\\/ca\\\/el-port-de-sitges-aiguadolc-somple-de-flors-amb-motiu-del-corpus-2018\\\/#primaryimage\"},\"thumbnailUrl\":\"https:\\\/\\\/www.portdesitges.com\\\/wp-content\\\/uploads\\\/2018\\\/05\\\/corpus.jpg\",\"datePublished\":\"2018-05-09T17:30:32+00:00\",\"author\":{\"@id\":\"https:\\\/\\\/www.portdesitges.com\\\/#\\\/schema\\\/person\\\/be98f3191d6c7bb6ccddc2e0ac4d861f\"},\"breadcrumb\":{\"@id\":\"https:\\\/\\\/www.portdesitges.com\\\/ca\\\/el-port-de-sitges-aiguadolc-somple-de-flors-amb-motiu-del-corpus-2018\\\/#breadcrumb\"},\"inLanguage\":\"ca\",\"potentialAction\":[{\"@type\":\"ReadAction\",\"target\":[\"https:\\\/\\\/www.portdesitges.com\\\/ca\\\/el-port-de-sitges-aiguadolc-somple-de-flors-amb-motiu-del-corpus-2018\\\/\"]}]},{\"@type\":\"ImageObject\",\"inLanguage\":\"ca\",\"@id\":\"https:\\\/\\\/www.portdesitges.com\\\/ca\\\/el-port-de-sitges-aiguadolc-somple-de-flors-amb-motiu-del-corpus-2018\\\/#primaryimage\",\"url\":\"https:\\\/\\\/www.portdesitges.com\\\/wp-content\\\/uploads\\\/2018\\\/05\\\/corpus.jpg\",\"contentUrl\":\"https:\\\/\\\/www.portdesitges.com\\\/wp-content\\\/uploads\\\/2018\\\/05\\\/corpus.jpg\",\"width\":400,\"height\":400},{\"@type\":\"BreadcrumbList\",\"@id\":\"https:\\\/\\\/www.portdesitges.com\\\/ca\\\/el-port-de-sitges-aiguadolc-somple-de-flors-amb-motiu-del-corpus-2018\\\/#breadcrumb\",\"itemListElement\":[{\"@type\":\"ListItem\",\"position\":1,\"name\":\"Portada\",\"item\":\"https:\\\/\\\/www.portdesitges.com\\\/ca\\\/\"},{\"@type\":\"ListItem\",\"position\":2,\"name\":\"El Port de Sitges-Aiguadol\u00e7 s\u2019omple de flors amb motiu del Corpus 2018\"}]},{\"@type\":\"WebSite\",\"@id\":\"https:\\\/\\\/www.portdesitges.com\\\/#website\",\"url\":\"https:\\\/\\\/www.portdesitges.com\\\/\",\"name\":\"Port de Sitges - Aiguadol\u00e7\",\"description\":\"lugar donde el mar y la tierra se dan de la mano para crear un espacio \u00fanico y atractivo. Disfruta de un mar de experiencias.\",\"potentialAction\":[{\"@type\":\"SearchAction\",\"target\":{\"@type\":\"EntryPoint\",\"urlTemplate\":\"https:\\\/\\\/www.portdesitges.com\\\/?s={search_term_string}\"},\"query-input\":{\"@type\":\"PropertyValueSpecification\",\"valueRequired\":true,\"valueName\":\"search_term_string\"}}],\"inLanguage\":\"ca\"},{\"@type\":\"Person\",\"@id\":\"https:\\\/\\\/www.portdesitges.com\\\/#\\\/schema\\\/person\\\/be98f3191d6c7bb6ccddc2e0ac4d861f\",\"name\":\"S\u00f2nia Felip\",\"image\":{\"@type\":\"ImageObject\",\"inLanguage\":\"ca\",\"@id\":\"https:\\\/\\\/secure.gravatar.com\\\/avatar\\\/3f5abf961091eed8bea1ba4a0fb5f78e0c728f907fe0cf722e81af4aa82939db?s=96&d=mm&r=g\",\"url\":\"https:\\\/\\\/secure.gravatar.com\\\/avatar\\\/3f5abf961091eed8bea1ba4a0fb5f78e0c728f907fe0cf722e81af4aa82939db?s=96&d=mm&r=g\",\"contentUrl\":\"https:\\\/\\\/secure.gravatar.com\\\/avatar\\\/3f5abf961091eed8bea1ba4a0fb5f78e0c728f907fe0cf722e81af4aa82939db?s=96&d=mm&r=g\",\"caption\":\"S\u00f2nia Felip\"},\"url\":\"https:\\\/\\\/www.portdesitges.com\\\/ca\\\/author\\\/sonia\\\/\"}]}<\/script>\n<!-- \/ Yoast SEO plugin. -->","yoast_head_json":{"title":"El Port de Sitges-Aiguadol\u00e7 s\u2019omple de flors amb motiu del Corpus 2018 - Port de Sitges - Aiguadol\u00e7","robots":{"index":"index","follow":"follow","max-snippet":"max-snippet:-1","max-image-preview":"max-image-preview:large","max-video-preview":"max-video-preview:-1"},"canonical":"https:\/\/www.portdesitges.com\/ca\/el-port-de-sitges-aiguadolc-somple-de-flors-amb-motiu-del-corpus-2018\/","og_locale":"ca_ES","og_type":"article","og_title":"El Port de Sitges-Aiguadol\u00e7 s\u2019omple de flors amb motiu del Corpus 2018 - Port de Sitges - Aiguadol\u00e7","og_url":"https:\/\/www.portdesitges.com\/ca\/el-port-de-sitges-aiguadolc-somple-de-flors-amb-motiu-del-corpus-2018\/","og_site_name":"Port de Sitges - Aiguadol\u00e7","article_published_time":"2018-05-09T17:30:32+00:00","og_image":[{"width":400,"height":400,"url":"https:\/\/www.portdesitges.com\/wp-content\/uploads\/2018\/05\/corpus.jpg","type":"image\/jpeg"}],"author":"S\u00f2nia Felip","twitter_card":"summary_large_image","twitter_misc":{"Escrit per":"S\u00f2nia Felip","Temps estimat de lectura":"1 minut"},"schema":{"@context":"https:\/\/schema.org","@graph":[{"@type":"Article","@id":"https:\/\/www.portdesitges.com\/ca\/el-port-de-sitges-aiguadolc-somple-de-flors-amb-motiu-del-corpus-2018\/#article","isPartOf":{"@id":"https:\/\/www.portdesitges.com\/ca\/el-port-de-sitges-aiguadolc-somple-de-flors-amb-motiu-del-corpus-2018\/"},"author":{"name":"S\u00f2nia Felip","@id":"https:\/\/www.portdesitges.com\/#\/schema\/person\/be98f3191d6c7bb6ccddc2e0ac4d861f"},"headline":"El Port de Sitges-Aiguadol\u00e7 s\u2019omple de flors amb motiu del Corpus 2018","datePublished":"2018-05-09T17:30:32+00:00","mainEntityOfPage":{"@id":"https:\/\/www.portdesitges.com\/ca\/el-port-de-sitges-aiguadolc-somple-de-flors-amb-motiu-del-corpus-2018\/"},"wordCount":201,"image":{"@id":"https:\/\/www.portdesitges.com\/ca\/el-port-de-sitges-aiguadolc-somple-de-flors-amb-motiu-del-corpus-2018\/#primaryimage"},"thumbnailUrl":"https:\/\/www.portdesitges.com\/wp-content\/uploads\/2018\/05\/corpus.jpg","inLanguage":"ca"},{"@type":"WebPage","@id":"https:\/\/www.portdesitges.com\/ca\/el-port-de-sitges-aiguadolc-somple-de-flors-amb-motiu-del-corpus-2018\/","url":"https:\/\/www.portdesitges.com\/ca\/el-port-de-sitges-aiguadolc-somple-de-flors-amb-motiu-del-corpus-2018\/","name":"El Port de Sitges-Aiguadol\u00e7 s\u2019omple de flors amb motiu del Corpus 2018 - Port de Sitges - Aiguadol\u00e7","isPartOf":{"@id":"https:\/\/www.portdesitges.com\/#website"},"primaryImageOfPage":{"@id":"https:\/\/www.portdesitges.com\/ca\/el-port-de-sitges-aiguadolc-somple-de-flors-amb-motiu-del-corpus-2018\/#primaryimage"},"image":{"@id":"https:\/\/www.portdesitges.com\/ca\/el-port-de-sitges-aiguadolc-somple-de-flors-amb-motiu-del-corpus-2018\/#primaryimage"},"thumbnailUrl":"https:\/\/www.portdesitges.com\/wp-content\/uploads\/2018\/05\/corpus.jpg","datePublished":"2018-05-09T17:30:32+00:00","author":{"@id":"https:\/\/www.portdesitges.com\/#\/schema\/person\/be98f3191d6c7bb6ccddc2e0ac4d861f"},"breadcrumb":{"@id":"https:\/\/www.portdesitges.com\/ca\/el-port-de-sitges-aiguadolc-somple-de-flors-amb-motiu-del-corpus-2018\/#breadcrumb"},"inLanguage":"ca","potentialAction":[{"@type":"ReadAction","target":["https:\/\/www.portdesitges.com\/ca\/el-port-de-sitges-aiguadolc-somple-de-flors-amb-motiu-del-corpus-2018\/"]}]},{"@type":"ImageObject","inLanguage":"ca","@id":"https:\/\/www.portdesitges.com\/ca\/el-port-de-sitges-aiguadolc-somple-de-flors-amb-motiu-del-corpus-2018\/#primaryimage","url":"https:\/\/www.portdesitges.com\/wp-content\/uploads\/2018\/05\/corpus.jpg","contentUrl":"https:\/\/www.portdesitges.com\/wp-content\/uploads\/2018\/05\/corpus.jpg","width":400,"height":400},{"@type":"BreadcrumbList","@id":"https:\/\/www.portdesitges.com\/ca\/el-port-de-sitges-aiguadolc-somple-de-flors-amb-motiu-del-corpus-2018\/#breadcrumb","itemListElement":[{"@type":"ListItem","position":1,"name":"Portada","item":"https:\/\/www.portdesitges.com\/ca\/"},{"@type":"ListItem","position":2,"name":"El Port de Sitges-Aiguadol\u00e7 s\u2019omple de flors amb motiu del Corpus 2018"}]},{"@type":"WebSite","@id":"https:\/\/www.portdesitges.com\/#website","url":"https:\/\/www.portdesitges.com\/","name":"Port de Sitges - Aiguadol\u00e7","description":"lugar donde el mar y la tierra se dan de la mano para crear un espacio \u00fanico y atractivo. Disfruta de un mar de experiencias.","potentialAction":[{"@type":"SearchAction","target":{"@type":"EntryPoint","urlTemplate":"https:\/\/www.portdesitges.com\/?s={search_term_string}"},"query-input":{"@type":"PropertyValueSpecification","valueRequired":true,"valueName":"search_term_string"}}],"inLanguage":"ca"},{"@type":"Person","@id":"https:\/\/www.portdesitges.com\/#\/schema\/person\/be98f3191d6c7bb6ccddc2e0ac4d861f","name":"S\u00f2nia Felip","image":{"@type":"ImageObject","inLanguage":"ca","@id":"https:\/\/secure.gravatar.com\/avatar\/3f5abf961091eed8bea1ba4a0fb5f78e0c728f907fe0cf722e81af4aa82939db?s=96&d=mm&r=g","url":"https:\/\/secure.gravatar.com\/avatar\/3f5abf961091eed8bea1ba4a0fb5f78e0c728f907fe0cf722e81af4aa82939db?s=96&d=mm&r=g","contentUrl":"https:\/\/secure.gravatar.com\/avatar\/3f5abf961091eed8bea1ba4a0fb5f78e0c728f907fe0cf722e81af4aa82939db?s=96&d=mm&r=g","caption":"S\u00f2nia Felip"},"url":"https:\/\/www.portdesitges.com\/ca\/author\/sonia\/"}]}},"_links":{"self":[{"href":"https:\/\/www.portdesitges.com\/ca\/wp-json\/wp\/v2\/posts\/5984","targetHints":{"allow":["GET"]}}],"collection":[{"href":"https:\/\/www.portdesitges.com\/ca\/wp-json\/wp\/v2\/posts"}],"about":[{"href":"https:\/\/www.portdesitges.com\/ca\/wp-json\/wp\/v2\/types\/post"}],"author":[{"embeddable":true,"href":"https:\/\/www.portdesitges.com\/ca\/wp-json\/wp\/v2\/users\/3"}],"replies":[{"embeddable":true,"href":"https:\/\/www.portdesitges.com\/ca\/wp-json\/wp\/v2\/comments?post=5984"}],"version-history":[{"count":0,"href":"https:\/\/www.portdesitges.com\/ca\/wp-json\/wp\/v2\/posts\/5984\/revisions"}],"wp:featuredmedia":[{"embeddable":true,"href":"https:\/\/www.portdesitges.com\/ca\/wp-json\/wp\/v2\/media\/6269"}],"wp:attachment":[{"href":"https:\/\/www.portdesitges.com\/ca\/wp-json\/wp\/v2\/media?parent=5984"}],"wp:term":[{"taxonomy":"category","embeddable":true,"href":"https:\/\/www.portdesitges.com\/ca\/wp-json\/wp\/v2\/categories?post=5984"},{"taxonomy":"post_tag","embeddable":true,"href":"https:\/\/www.portdesitges.com\/ca\/wp-json\/wp\/v2\/tags?post=5984"}],"curies":[{"name":"wp","href":"https:\/\/api.w.org\/{rel}","templated":true}]}}