{"id":5911,"date":"2018-04-14T12:03:17","date_gmt":"2018-04-14T12:03:17","guid":{"rendered":"http:\/\/www.portdesitges.com\/?p=5911"},"modified":"2018-04-14T12:03:17","modified_gmt":"2018-04-14T12:03:17","slug":"el-director-executiu-del-port-de-sitges-aiguadolc-elegit-nou-president-de-lassociacio-catalana-de-ports-esportius-i-turistics","status":"publish","type":"post","link":"https:\/\/www.portdesitges.com\/ca\/el-director-executiu-del-port-de-sitges-aiguadolc-elegit-nou-president-de-lassociacio-catalana-de-ports-esportius-i-turistics\/","title":{"rendered":"El Director Executiu del Port de Sitges-Aiguadol\u00e7  elegit nou President de l\u2019Associaci\u00f3 Catalana de Ports Esportius i Tur\u00edstics"},"content":{"rendered":"<p><!--more--><\/p>\n<p><em>Albert Bertran, que substitueix a Tom\u00e0s Gallart al capdavant de l\u2019ACPTE \u00a0era fins la data el Vicepresident de l\u2019Associaci\u00f3<\/em><\/p>\n<p>L\u2019Associaci\u00f3 Catalana de Ports Esportius i Tur\u00edstics (ACPET) ha elegit\u00a0 Albert Bertran Romero com a nou President en substituci\u00f3 de Tom\u00e0s Gallart que deixa el c\u00e0rrec despr\u00e9s de vuit anys. Bertran, que tamb\u00e9 \u00e9s President Executiu del Port de Sitges-Aiguadol\u00e7, ha estat nomenat per unanimitat durant l\u2019Assemblea General Ordin\u00e0ria i Extraordin\u00e0ria celebrada dimecres 11 d\u2019abril a les instal\u00b7lacions del OneOcean Port Vell de Barcelona.<\/p>\n<p>Durant l\u2019Assemblea tamb\u00e9 s\u2019ha elegit al Vicepresident Primer, c\u00e0rrec que ocupar\u00e0 Raimon Roca en substituci\u00f3 del mateix Albert Bertran, el nou Secretari ser\u00e0 Tony Colom i com a Tresorer ha estat reelegit Dom\u00e8nec G\u00f3mez.<\/p>\n<p style=\"text-align: center;\"><a href=\"http:\/\/www.portdesitges.com\/2018\/04\/el-director-executiu-del-port-de-sitges-aiguadolc-elegit-nou-president-de-lassociacio-catalana-de-ports-esportius-i-turistics\/nou-president-acpet\/\" rel=\"attachment wp-att-5912\"><img loading=\"lazy\" decoding=\"async\" class=\"alignnone size-medium wp-image-5912\" src=\"http:\/\/www.portdesitges.com\/port\/wp-content\/uploads\/2018\/04\/Nou-President-ACPET-300x300.jpg\" alt=\"\" width=\"300\" height=\"300\" srcset=\"https:\/\/www.portdesitges.com\/wp-content\/uploads\/2018\/04\/Nou-President-ACPET-300x300.jpg 300w, https:\/\/www.portdesitges.com\/wp-content\/uploads\/2018\/04\/Nou-President-ACPET-150x150.jpg 150w, https:\/\/www.portdesitges.com\/wp-content\/uploads\/2018\/04\/Nou-President-ACPET-768x768.jpg 768w, https:\/\/www.portdesitges.com\/wp-content\/uploads\/2018\/04\/Nou-President-ACPET-100x100.jpg 100w, https:\/\/www.portdesitges.com\/wp-content\/uploads\/2018\/04\/Nou-President-ACPET-140x140.jpg 140w, https:\/\/www.portdesitges.com\/wp-content\/uploads\/2018\/04\/Nou-President-ACPET-500x500.jpg 500w, https:\/\/www.portdesitges.com\/wp-content\/uploads\/2018\/04\/Nou-President-ACPET-350x350.jpg 350w, https:\/\/www.portdesitges.com\/wp-content\/uploads\/2018\/04\/Nou-President-ACPET-1000x1000.jpg 1000w, https:\/\/www.portdesitges.com\/wp-content\/uploads\/2018\/04\/Nou-President-ACPET-800x800.jpg 800w, https:\/\/www.portdesitges.com\/wp-content\/uploads\/2018\/04\/Nou-President-ACPET.jpg 1024w\" sizes=\"auto, (max-width: 300px) 100vw, 300px\" \/><\/a><\/p>\n<p>Bertran ha fet una primera pinzellada del que ser\u00e0 el cam\u00ed per continuar la bona tasca realitzada fins ara pel President sortint, se seguir\u00e0 refor\u00e7ant la uni\u00f3 de la fam\u00edlia dels ports esportius catalans i es treballar\u00e0 per ampliar-la, es continuar\u00e0 amb la tasca de comunicaci\u00f3 per mostrar que els ports s\u00f3n llocs oberts a tothom, i tamb\u00e9 se seguir\u00e0 enfortint les bones relacions amb les diferents administracions.<\/p>\n<p>Albert Bertr\u00e1n (Barcelona, 1 de novembre de 1954) economista i periodista t\u00e9 una amplia experi\u00e8ncia en el sector n\u00e0utic, va ser un dels periodistes n\u00e0utics de refer\u00e8ncia fins a la finalitzaci\u00f3 dels Jocs Ol\u00edmpics de Barcelona 92, havent cobert tamb\u00e9 els Jocs de Seul 88 o la Copa Am\u00e8rica. Va ser Director de la Revista Yate i responsable de la primera ag\u00e8ncia n\u00e0utica espanyola (SBR), despr\u00e9s i fins l\u2019actualitat ha estat al capdavant del Port de Sitges-Aiguadol\u00e7 situant-lo com un dels ports esportius de refer\u00e8ncia del mediterrani.<\/p>\n","protected":false},"excerpt":{"rendered":"Albert Bertran, que substitueix a Tom\u00e0s Gallart al capdavant de l\u2019ACPTE \u00a0era fins la data el Vicepresident de l\u2019Associaci\u00f3 L\u2019Associaci\u00f3 Catalana de Ports Esportius i Tur\u00edstics (ACPET) ha elegit\u00a0 Albert...","protected":false},"author":3,"featured_media":5913,"comment_status":"closed","ping_status":"closed","sticky":false,"template":"","format":"standard","meta":{"footnotes":""},"categories":[],"tags":[],"class_list":["post-5911","post","type-post","status-publish","format-standard","has-post-thumbnail"],"yoast_head":"<!-- This site is optimized with the Yoast SEO plugin v27.3 - https:\/\/yoast.com\/product\/yoast-seo-wordpress\/ -->\n<title>El Director Executiu del Port de Sitges-Aiguadol\u00e7 elegit nou President de l\u2019Associaci\u00f3 Catalana de Ports Esportius i Tur\u00edstics - Port de Sitges - Aiguadol\u00e7<\/title>\n<meta name=\"robots\" content=\"index, follow, max-snippet:-1, max-image-preview:large, max-video-preview:-1\" \/>\n<link rel=\"canonical\" href=\"https:\/\/www.portdesitges.com\/ca\/el-director-executiu-del-port-de-sitges-aiguadolc-elegit-nou-president-de-lassociacio-catalana-de-ports-esportius-i-turistics\/\" \/>\n<meta property=\"og:locale\" content=\"ca_ES\" \/>\n<meta property=\"og:type\" content=\"article\" \/>\n<meta property=\"og:title\" content=\"El Director Executiu del Port de Sitges-Aiguadol\u00e7 elegit nou President de l\u2019Associaci\u00f3 Catalana de Ports Esportius i Tur\u00edstics - Port de Sitges - Aiguadol\u00e7\" \/>\n<meta property=\"og:url\" content=\"https:\/\/www.portdesitges.com\/ca\/el-director-executiu-del-port-de-sitges-aiguadolc-elegit-nou-president-de-lassociacio-catalana-de-ports-esportius-i-turistics\/\" \/>\n<meta property=\"og:site_name\" content=\"Port de Sitges - Aiguadol\u00e7\" \/>\n<meta property=\"article:published_time\" content=\"2018-04-14T12:03:17+00:00\" \/>\n<meta property=\"og:image\" content=\"https:\/\/www.portdesitges.com\/wp-content\/uploads\/2018\/04\/Nou-President-ACPET-300.jpg\" \/>\n\t<meta property=\"og:image:width\" content=\"300\" \/>\n\t<meta property=\"og:image:height\" content=\"300\" \/>\n\t<meta property=\"og:image:type\" content=\"image\/jpeg\" \/>\n<meta name=\"author\" content=\"S\u00f2nia Felip\" \/>\n<meta name=\"twitter:card\" content=\"summary_large_image\" \/>\n<meta name=\"twitter:label1\" content=\"Escrit per\" \/>\n\t<meta name=\"twitter:data1\" content=\"S\u00f2nia Felip\" \/>\n\t<meta name=\"twitter:label2\" content=\"Temps estimat de lectura\" \/>\n\t<meta name=\"twitter:data2\" content=\"2 minuts\" \/>\n<script type=\"application\/ld+json\" class=\"yoast-schema-graph\">{\"@context\":\"https:\\\/\\\/schema.org\",\"@graph\":[{\"@type\":\"Article\",\"@id\":\"https:\\\/\\\/www.portdesitges.com\\\/ca\\\/el-director-executiu-del-port-de-sitges-aiguadolc-elegit-nou-president-de-lassociacio-catalana-de-ports-esportius-i-turistics\\\/#article\",\"isPartOf\":{\"@id\":\"https:\\\/\\\/www.portdesitges.com\\\/ca\\\/el-director-executiu-del-port-de-sitges-aiguadolc-elegit-nou-president-de-lassociacio-catalana-de-ports-esportius-i-turistics\\\/\"},\"author\":{\"name\":\"S\u00f2nia Felip\",\"@id\":\"https:\\\/\\\/www.portdesitges.com\\\/#\\\/schema\\\/person\\\/be98f3191d6c7bb6ccddc2e0ac4d861f\"},\"headline\":\"El Director Executiu del Port de Sitges-Aiguadol\u00e7 elegit nou President de l\u2019Associaci\u00f3 Catalana de Ports Esportius i Tur\u00edstics\",\"datePublished\":\"2018-04-14T12:03:17+00:00\",\"mainEntityOfPage\":{\"@id\":\"https:\\\/\\\/www.portdesitges.com\\\/ca\\\/el-director-executiu-del-port-de-sitges-aiguadolc-elegit-nou-president-de-lassociacio-catalana-de-ports-esportius-i-turistics\\\/\"},\"wordCount\":320,\"image\":{\"@id\":\"https:\\\/\\\/www.portdesitges.com\\\/ca\\\/el-director-executiu-del-port-de-sitges-aiguadolc-elegit-nou-president-de-lassociacio-catalana-de-ports-esportius-i-turistics\\\/#primaryimage\"},\"thumbnailUrl\":\"https:\\\/\\\/www.portdesitges.com\\\/wp-content\\\/uploads\\\/2018\\\/04\\\/Nou-President-ACPET-300.jpg\",\"inLanguage\":\"ca\"},{\"@type\":\"WebPage\",\"@id\":\"https:\\\/\\\/www.portdesitges.com\\\/ca\\\/el-director-executiu-del-port-de-sitges-aiguadolc-elegit-nou-president-de-lassociacio-catalana-de-ports-esportius-i-turistics\\\/\",\"url\":\"https:\\\/\\\/www.portdesitges.com\\\/ca\\\/el-director-executiu-del-port-de-sitges-aiguadolc-elegit-nou-president-de-lassociacio-catalana-de-ports-esportius-i-turistics\\\/\",\"name\":\"El Director Executiu del Port de Sitges-Aiguadol\u00e7 elegit nou President de l\u2019Associaci\u00f3 Catalana de Ports Esportius i Tur\u00edstics - Port de Sitges - Aiguadol\u00e7\",\"isPartOf\":{\"@id\":\"https:\\\/\\\/www.portdesitges.com\\\/#website\"},\"primaryImageOfPage\":{\"@id\":\"https:\\\/\\\/www.portdesitges.com\\\/ca\\\/el-director-executiu-del-port-de-sitges-aiguadolc-elegit-nou-president-de-lassociacio-catalana-de-ports-esportius-i-turistics\\\/#primaryimage\"},\"image\":{\"@id\":\"https:\\\/\\\/www.portdesitges.com\\\/ca\\\/el-director-executiu-del-port-de-sitges-aiguadolc-elegit-nou-president-de-lassociacio-catalana-de-ports-esportius-i-turistics\\\/#primaryimage\"},\"thumbnailUrl\":\"https:\\\/\\\/www.portdesitges.com\\\/wp-content\\\/uploads\\\/2018\\\/04\\\/Nou-President-ACPET-300.jpg\",\"datePublished\":\"2018-04-14T12:03:17+00:00\",\"author\":{\"@id\":\"https:\\\/\\\/www.portdesitges.com\\\/#\\\/schema\\\/person\\\/be98f3191d6c7bb6ccddc2e0ac4d861f\"},\"breadcrumb\":{\"@id\":\"https:\\\/\\\/www.portdesitges.com\\\/ca\\\/el-director-executiu-del-port-de-sitges-aiguadolc-elegit-nou-president-de-lassociacio-catalana-de-ports-esportius-i-turistics\\\/#breadcrumb\"},\"inLanguage\":\"ca\",\"potentialAction\":[{\"@type\":\"ReadAction\",\"target\":[\"https:\\\/\\\/www.portdesitges.com\\\/ca\\\/el-director-executiu-del-port-de-sitges-aiguadolc-elegit-nou-president-de-lassociacio-catalana-de-ports-esportius-i-turistics\\\/\"]}]},{\"@type\":\"ImageObject\",\"inLanguage\":\"ca\",\"@id\":\"https:\\\/\\\/www.portdesitges.com\\\/ca\\\/el-director-executiu-del-port-de-sitges-aiguadolc-elegit-nou-president-de-lassociacio-catalana-de-ports-esportius-i-turistics\\\/#primaryimage\",\"url\":\"https:\\\/\\\/www.portdesitges.com\\\/wp-content\\\/uploads\\\/2018\\\/04\\\/Nou-President-ACPET-300.jpg\",\"contentUrl\":\"https:\\\/\\\/www.portdesitges.com\\\/wp-content\\\/uploads\\\/2018\\\/04\\\/Nou-President-ACPET-300.jpg\",\"width\":300,\"height\":300},{\"@type\":\"BreadcrumbList\",\"@id\":\"https:\\\/\\\/www.portdesitges.com\\\/ca\\\/el-director-executiu-del-port-de-sitges-aiguadolc-elegit-nou-president-de-lassociacio-catalana-de-ports-esportius-i-turistics\\\/#breadcrumb\",\"itemListElement\":[{\"@type\":\"ListItem\",\"position\":1,\"name\":\"Portada\",\"item\":\"https:\\\/\\\/www.portdesitges.com\\\/ca\\\/\"},{\"@type\":\"ListItem\",\"position\":2,\"name\":\"El Director Executiu del Port de Sitges-Aiguadol\u00e7 elegit nou President de l\u2019Associaci\u00f3 Catalana de Ports Esportius i Tur\u00edstics\"}]},{\"@type\":\"WebSite\",\"@id\":\"https:\\\/\\\/www.portdesitges.com\\\/#website\",\"url\":\"https:\\\/\\\/www.portdesitges.com\\\/\",\"name\":\"Port de Sitges - Aiguadol\u00e7\",\"description\":\"lugar donde el mar y la tierra se dan de la mano para crear un espacio \u00fanico y atractivo. Disfruta de un mar de experiencias.\",\"potentialAction\":[{\"@type\":\"SearchAction\",\"target\":{\"@type\":\"EntryPoint\",\"urlTemplate\":\"https:\\\/\\\/www.portdesitges.com\\\/?s={search_term_string}\"},\"query-input\":{\"@type\":\"PropertyValueSpecification\",\"valueRequired\":true,\"valueName\":\"search_term_string\"}}],\"inLanguage\":\"ca\"},{\"@type\":\"Person\",\"@id\":\"https:\\\/\\\/www.portdesitges.com\\\/#\\\/schema\\\/person\\\/be98f3191d6c7bb6ccddc2e0ac4d861f\",\"name\":\"S\u00f2nia Felip\",\"image\":{\"@type\":\"ImageObject\",\"inLanguage\":\"ca\",\"@id\":\"https:\\\/\\\/secure.gravatar.com\\\/avatar\\\/3f5abf961091eed8bea1ba4a0fb5f78e0c728f907fe0cf722e81af4aa82939db?s=96&d=mm&r=g\",\"url\":\"https:\\\/\\\/secure.gravatar.com\\\/avatar\\\/3f5abf961091eed8bea1ba4a0fb5f78e0c728f907fe0cf722e81af4aa82939db?s=96&d=mm&r=g\",\"contentUrl\":\"https:\\\/\\\/secure.gravatar.com\\\/avatar\\\/3f5abf961091eed8bea1ba4a0fb5f78e0c728f907fe0cf722e81af4aa82939db?s=96&d=mm&r=g\",\"caption\":\"S\u00f2nia Felip\"},\"url\":\"https:\\\/\\\/www.portdesitges.com\\\/ca\\\/author\\\/sonia\\\/\"}]}<\/script>\n<!-- \/ Yoast SEO plugin. -->","yoast_head_json":{"title":"El Director Executiu del Port de Sitges-Aiguadol\u00e7 elegit nou President de l\u2019Associaci\u00f3 Catalana de Ports Esportius i Tur\u00edstics - Port de Sitges - Aiguadol\u00e7","robots":{"index":"index","follow":"follow","max-snippet":"max-snippet:-1","max-image-preview":"max-image-preview:large","max-video-preview":"max-video-preview:-1"},"canonical":"https:\/\/www.portdesitges.com\/ca\/el-director-executiu-del-port-de-sitges-aiguadolc-elegit-nou-president-de-lassociacio-catalana-de-ports-esportius-i-turistics\/","og_locale":"ca_ES","og_type":"article","og_title":"El Director Executiu del Port de Sitges-Aiguadol\u00e7 elegit nou President de l\u2019Associaci\u00f3 Catalana de Ports Esportius i Tur\u00edstics - Port de Sitges - Aiguadol\u00e7","og_url":"https:\/\/www.portdesitges.com\/ca\/el-director-executiu-del-port-de-sitges-aiguadolc-elegit-nou-president-de-lassociacio-catalana-de-ports-esportius-i-turistics\/","og_site_name":"Port de Sitges - Aiguadol\u00e7","article_published_time":"2018-04-14T12:03:17+00:00","og_image":[{"width":300,"height":300,"url":"https:\/\/www.portdesitges.com\/wp-content\/uploads\/2018\/04\/Nou-President-ACPET-300.jpg","type":"image\/jpeg"}],"author":"S\u00f2nia Felip","twitter_card":"summary_large_image","twitter_misc":{"Escrit per":"S\u00f2nia Felip","Temps estimat de lectura":"2 minuts"},"schema":{"@context":"https:\/\/schema.org","@graph":[{"@type":"Article","@id":"https:\/\/www.portdesitges.com\/ca\/el-director-executiu-del-port-de-sitges-aiguadolc-elegit-nou-president-de-lassociacio-catalana-de-ports-esportius-i-turistics\/#article","isPartOf":{"@id":"https:\/\/www.portdesitges.com\/ca\/el-director-executiu-del-port-de-sitges-aiguadolc-elegit-nou-president-de-lassociacio-catalana-de-ports-esportius-i-turistics\/"},"author":{"name":"S\u00f2nia Felip","@id":"https:\/\/www.portdesitges.com\/#\/schema\/person\/be98f3191d6c7bb6ccddc2e0ac4d861f"},"headline":"El Director Executiu del Port de Sitges-Aiguadol\u00e7 elegit nou President de l\u2019Associaci\u00f3 Catalana de Ports Esportius i Tur\u00edstics","datePublished":"2018-04-14T12:03:17+00:00","mainEntityOfPage":{"@id":"https:\/\/www.portdesitges.com\/ca\/el-director-executiu-del-port-de-sitges-aiguadolc-elegit-nou-president-de-lassociacio-catalana-de-ports-esportius-i-turistics\/"},"wordCount":320,"image":{"@id":"https:\/\/www.portdesitges.com\/ca\/el-director-executiu-del-port-de-sitges-aiguadolc-elegit-nou-president-de-lassociacio-catalana-de-ports-esportius-i-turistics\/#primaryimage"},"thumbnailUrl":"https:\/\/www.portdesitges.com\/wp-content\/uploads\/2018\/04\/Nou-President-ACPET-300.jpg","inLanguage":"ca"},{"@type":"WebPage","@id":"https:\/\/www.portdesitges.com\/ca\/el-director-executiu-del-port-de-sitges-aiguadolc-elegit-nou-president-de-lassociacio-catalana-de-ports-esportius-i-turistics\/","url":"https:\/\/www.portdesitges.com\/ca\/el-director-executiu-del-port-de-sitges-aiguadolc-elegit-nou-president-de-lassociacio-catalana-de-ports-esportius-i-turistics\/","name":"El Director Executiu del Port de Sitges-Aiguadol\u00e7 elegit nou President de l\u2019Associaci\u00f3 Catalana de Ports Esportius i Tur\u00edstics - Port de Sitges - Aiguadol\u00e7","isPartOf":{"@id":"https:\/\/www.portdesitges.com\/#website"},"primaryImageOfPage":{"@id":"https:\/\/www.portdesitges.com\/ca\/el-director-executiu-del-port-de-sitges-aiguadolc-elegit-nou-president-de-lassociacio-catalana-de-ports-esportius-i-turistics\/#primaryimage"},"image":{"@id":"https:\/\/www.portdesitges.com\/ca\/el-director-executiu-del-port-de-sitges-aiguadolc-elegit-nou-president-de-lassociacio-catalana-de-ports-esportius-i-turistics\/#primaryimage"},"thumbnailUrl":"https:\/\/www.portdesitges.com\/wp-content\/uploads\/2018\/04\/Nou-President-ACPET-300.jpg","datePublished":"2018-04-14T12:03:17+00:00","author":{"@id":"https:\/\/www.portdesitges.com\/#\/schema\/person\/be98f3191d6c7bb6ccddc2e0ac4d861f"},"breadcrumb":{"@id":"https:\/\/www.portdesitges.com\/ca\/el-director-executiu-del-port-de-sitges-aiguadolc-elegit-nou-president-de-lassociacio-catalana-de-ports-esportius-i-turistics\/#breadcrumb"},"inLanguage":"ca","potentialAction":[{"@type":"ReadAction","target":["https:\/\/www.portdesitges.com\/ca\/el-director-executiu-del-port-de-sitges-aiguadolc-elegit-nou-president-de-lassociacio-catalana-de-ports-esportius-i-turistics\/"]}]},{"@type":"ImageObject","inLanguage":"ca","@id":"https:\/\/www.portdesitges.com\/ca\/el-director-executiu-del-port-de-sitges-aiguadolc-elegit-nou-president-de-lassociacio-catalana-de-ports-esportius-i-turistics\/#primaryimage","url":"https:\/\/www.portdesitges.com\/wp-content\/uploads\/2018\/04\/Nou-President-ACPET-300.jpg","contentUrl":"https:\/\/www.portdesitges.com\/wp-content\/uploads\/2018\/04\/Nou-President-ACPET-300.jpg","width":300,"height":300},{"@type":"BreadcrumbList","@id":"https:\/\/www.portdesitges.com\/ca\/el-director-executiu-del-port-de-sitges-aiguadolc-elegit-nou-president-de-lassociacio-catalana-de-ports-esportius-i-turistics\/#breadcrumb","itemListElement":[{"@type":"ListItem","position":1,"name":"Portada","item":"https:\/\/www.portdesitges.com\/ca\/"},{"@type":"ListItem","position":2,"name":"El Director Executiu del Port de Sitges-Aiguadol\u00e7 elegit nou President de l\u2019Associaci\u00f3 Catalana de Ports Esportius i Tur\u00edstics"}]},{"@type":"WebSite","@id":"https:\/\/www.portdesitges.com\/#website","url":"https:\/\/www.portdesitges.com\/","name":"Port de Sitges - Aiguadol\u00e7","description":"lugar donde el mar y la tierra se dan de la mano para crear un espacio \u00fanico y atractivo. Disfruta de un mar de experiencias.","potentialAction":[{"@type":"SearchAction","target":{"@type":"EntryPoint","urlTemplate":"https:\/\/www.portdesitges.com\/?s={search_term_string}"},"query-input":{"@type":"PropertyValueSpecification","valueRequired":true,"valueName":"search_term_string"}}],"inLanguage":"ca"},{"@type":"Person","@id":"https:\/\/www.portdesitges.com\/#\/schema\/person\/be98f3191d6c7bb6ccddc2e0ac4d861f","name":"S\u00f2nia Felip","image":{"@type":"ImageObject","inLanguage":"ca","@id":"https:\/\/secure.gravatar.com\/avatar\/3f5abf961091eed8bea1ba4a0fb5f78e0c728f907fe0cf722e81af4aa82939db?s=96&d=mm&r=g","url":"https:\/\/secure.gravatar.com\/avatar\/3f5abf961091eed8bea1ba4a0fb5f78e0c728f907fe0cf722e81af4aa82939db?s=96&d=mm&r=g","contentUrl":"https:\/\/secure.gravatar.com\/avatar\/3f5abf961091eed8bea1ba4a0fb5f78e0c728f907fe0cf722e81af4aa82939db?s=96&d=mm&r=g","caption":"S\u00f2nia Felip"},"url":"https:\/\/www.portdesitges.com\/ca\/author\/sonia\/"}]}},"_links":{"self":[{"href":"https:\/\/www.portdesitges.com\/ca\/wp-json\/wp\/v2\/posts\/5911","targetHints":{"allow":["GET"]}}],"collection":[{"href":"https:\/\/www.portdesitges.com\/ca\/wp-json\/wp\/v2\/posts"}],"about":[{"href":"https:\/\/www.portdesitges.com\/ca\/wp-json\/wp\/v2\/types\/post"}],"author":[{"embeddable":true,"href":"https:\/\/www.portdesitges.com\/ca\/wp-json\/wp\/v2\/users\/3"}],"replies":[{"embeddable":true,"href":"https:\/\/www.portdesitges.com\/ca\/wp-json\/wp\/v2\/comments?post=5911"}],"version-history":[{"count":0,"href":"https:\/\/www.portdesitges.com\/ca\/wp-json\/wp\/v2\/posts\/5911\/revisions"}],"wp:featuredmedia":[{"embeddable":true,"href":"https:\/\/www.portdesitges.com\/ca\/wp-json\/wp\/v2\/media\/5913"}],"wp:attachment":[{"href":"https:\/\/www.portdesitges.com\/ca\/wp-json\/wp\/v2\/media?parent=5911"}],"wp:term":[{"taxonomy":"category","embeddable":true,"href":"https:\/\/www.portdesitges.com\/ca\/wp-json\/wp\/v2\/categories?post=5911"},{"taxonomy":"post_tag","embeddable":true,"href":"https:\/\/www.portdesitges.com\/ca\/wp-json\/wp\/v2\/tags?post=5911"}],"curies":[{"name":"wp","href":"https:\/\/api.w.org\/{rel}","templated":true}]}}