{"id":5853,"date":"2018-03-06T13:16:11","date_gmt":"2018-03-06T13:16:11","guid":{"rendered":"http:\/\/www.portdesitges.com\/?p=5853"},"modified":"2018-03-06T13:16:11","modified_gmt":"2018-03-06T13:16:11","slug":"centenar-vehicles-epoca-passegen-pel-port-sitges-aiguadolc","status":"publish","type":"post","link":"https:\/\/www.portdesitges.com\/ca\/centenar-vehicles-epoca-passegen-pel-port-sitges-aiguadolc\/","title":{"rendered":"Un centenar de vehicles d&#8217;\u00e8poca es llueixen al Port de Sitges-Aiguadol\u00e7"},"content":{"rendered":"<p><!--more--><\/p>\n<p><em>Els participants de la 60\u00aa edici\u00f3 del Ral\u00b7li Barcelona-Sitges hna gaudit d\u2019un pica-pica a la pla\u00e7a del poblat mariner mentre els visitants contemplaven les joies automobil\u00edstiques<\/em><\/p>\n<p>Com ja es tradici\u00f3 el Port de Sitges-Aiguadol\u00e7 \u00e9s un dels principals punts de parada del Ral\u00b7li Barcelona Sitges de cotxes d\u2019\u00e8poca. El 4 de mar\u00e7 comen\u00e7ava la marxa a dos quarts d&#8217;onze del mat\u00ed amb la baixada de bandera, a c\u00e0rrec de les autoritats dels ajuntaments de Sitges i Barcelona. La prova va continuar \u00a0l&#8217;itinerari habitual per Barcelona enlla\u00e7ant amb les Costes del Garraf, un dels atractius d&#8217;aquest esdeveniment reconegut internacionalment i que \u00e9s seguit per milers d&#8217;aficionats al llarg de tot el seu recorregut.<\/p>\n<p style=\"text-align: center;\"><a href=\"http:\/\/www.portdesitges.com\/port\/wp-content\/uploads\/2018\/03\/rally-2018.jpg\"><img loading=\"lazy\" decoding=\"async\" class=\"alignnone size-medium wp-image-5865\" src=\"http:\/\/www.portdesitges.com\/port\/wp-content\/uploads\/2018\/03\/rally-2018-300x300.jpg\" alt=\"\" width=\"300\" height=\"300\" srcset=\"https:\/\/www.portdesitges.com\/wp-content\/uploads\/2018\/03\/rally-2018-300x300.jpg 300w, https:\/\/www.portdesitges.com\/wp-content\/uploads\/2018\/03\/rally-2018-150x150.jpg 150w, https:\/\/www.portdesitges.com\/wp-content\/uploads\/2018\/03\/rally-2018-768x768.jpg 768w, https:\/\/www.portdesitges.com\/wp-content\/uploads\/2018\/03\/rally-2018-100x100.jpg 100w, https:\/\/www.portdesitges.com\/wp-content\/uploads\/2018\/03\/rally-2018-140x140.jpg 140w, https:\/\/www.portdesitges.com\/wp-content\/uploads\/2018\/03\/rally-2018-500x500.jpg 500w, https:\/\/www.portdesitges.com\/wp-content\/uploads\/2018\/03\/rally-2018-350x350.jpg 350w, https:\/\/www.portdesitges.com\/wp-content\/uploads\/2018\/03\/rally-2018-800x800.jpg 800w, https:\/\/www.portdesitges.com\/wp-content\/uploads\/2018\/03\/rally-2018.jpg 960w\" sizes=\"auto, (max-width: 300px) 100vw, 300px\" \/><\/a>\u00a0<a href=\"http:\/\/www.portdesitges.com\/port\/wp-content\/uploads\/2018\/03\/IMG-20180304-WA0011.jpg\"><img loading=\"lazy\" decoding=\"async\" class=\"alignnone size-medium wp-image-5856\" src=\"http:\/\/www.portdesitges.com\/port\/wp-content\/uploads\/2018\/03\/IMG-20180304-WA0011-169x300.jpg\" alt=\"\" width=\"169\" height=\"300\" srcset=\"https:\/\/www.portdesitges.com\/wp-content\/uploads\/2018\/03\/IMG-20180304-WA0011-169x300.jpg 169w, https:\/\/www.portdesitges.com\/wp-content\/uploads\/2018\/03\/IMG-20180304-WA0011-576x1024.jpg 576w, https:\/\/www.portdesitges.com\/wp-content\/uploads\/2018\/03\/IMG-20180304-WA0011-768x1365.jpg 768w, https:\/\/www.portdesitges.com\/wp-content\/uploads\/2018\/03\/IMG-20180304-WA0011-864x1536.jpg 864w, https:\/\/www.portdesitges.com\/wp-content\/uploads\/2018\/03\/IMG-20180304-WA0011.jpg 900w\" sizes=\"auto, (max-width: 169px) 100vw, 169px\" \/><\/a>\u00a0<a href=\"http:\/\/www.portdesitges.com\/port\/wp-content\/uploads\/2018\/03\/IMG-20180304-WA0008.jpg\"><img loading=\"lazy\" decoding=\"async\" class=\"alignnone size-medium wp-image-5854\" src=\"http:\/\/www.portdesitges.com\/port\/wp-content\/uploads\/2018\/03\/IMG-20180304-WA0008-225x300.jpg\" alt=\"\" width=\"225\" height=\"300\" srcset=\"https:\/\/www.portdesitges.com\/wp-content\/uploads\/2018\/03\/IMG-20180304-WA0008-225x300.jpg 225w, https:\/\/www.portdesitges.com\/wp-content\/uploads\/2018\/03\/IMG-20180304-WA0008-768x1024.jpg 768w, https:\/\/www.portdesitges.com\/wp-content\/uploads\/2018\/03\/IMG-20180304-WA0008-1152x1536.jpg 1152w, https:\/\/www.portdesitges.com\/wp-content\/uploads\/2018\/03\/IMG-20180304-WA0008.jpg 1200w\" sizes=\"auto, (max-width: 225px) 100vw, 225px\" \/><\/a><\/p>\n<p>La caravana, amb un centenar de vehicles, va completar la primera etapa al Port de Sitges-Aiguadol\u00e7 a dos quarts d\u2019una, a on els participants van gaudir d\u2019un pica-pica a la pla\u00e7a del poblat mariner mentre els visitants i curiosos podien gaudir d\u2019una bona estona contemplant els cotxes i motos d\u2019\u00e8poca en primera l\u00ednia amb Rolls Royce, Buick, Elizalde, Ford T, Hispano Suiza i Matchless de 1920 entre molts d\u2019altres. Posteriorment el Ral\u00b7li va sortir del Port per dirigir-se al final d\u2019etapa al parc tancat de La Fragata, sota la Parr\u00f2quia de Sant Bartomeu i Santa Tecla on els vehicles participants van romandre exposats al p\u00fablic fins a les cinc de la tarda. Els conductors i acompanyants van gaudir d&#8217;un dinar de gala durant el qual el jurat d&#8217;experts van lliurar els premis als cinc participants m\u00e9s elegants, a les tres millors motocicletes i als tres autom\u00f2bils m\u00e9s destacats segons la seva data de fabricaci\u00f3.<\/p>\n","protected":false},"excerpt":{"rendered":"Els participants de la 60\u00aa edici\u00f3 del Ral\u00b7li Barcelona-Sitges hna gaudit d\u2019un pica-pica a la pla\u00e7a del poblat mariner mentre els visitants contemplaven les joies automobil\u00edstiques Com ja es tradici\u00f3...","protected":false},"author":3,"featured_media":5867,"comment_status":"closed","ping_status":"closed","sticky":false,"template":"","format":"standard","meta":{"footnotes":""},"categories":[],"tags":[],"class_list":["post-5853","post","type-post","status-publish","format-standard","has-post-thumbnail"],"yoast_head":"<!-- This site is optimized with the Yoast SEO plugin v27.3 - https:\/\/yoast.com\/product\/yoast-seo-wordpress\/ -->\n<title>Un centenar de vehicles d&#039;\u00e8poca es llueixen al Port de Sitges-Aiguadol\u00e7 - Port de Sitges - Aiguadol\u00e7<\/title>\n<meta name=\"robots\" content=\"index, follow, max-snippet:-1, max-image-preview:large, max-video-preview:-1\" \/>\n<link rel=\"canonical\" href=\"https:\/\/www.portdesitges.com\/ca\/centenar-vehicles-epoca-passegen-pel-port-sitges-aiguadolc\/\" \/>\n<meta property=\"og:locale\" content=\"ca_ES\" \/>\n<meta property=\"og:type\" content=\"article\" \/>\n<meta property=\"og:title\" content=\"Un centenar de vehicles d&#039;\u00e8poca es llueixen al Port de Sitges-Aiguadol\u00e7 - Port de Sitges - Aiguadol\u00e7\" \/>\n<meta property=\"og:url\" content=\"https:\/\/www.portdesitges.com\/ca\/centenar-vehicles-epoca-passegen-pel-port-sitges-aiguadolc\/\" \/>\n<meta property=\"og:site_name\" content=\"Port de Sitges - Aiguadol\u00e7\" \/>\n<meta property=\"article:published_time\" content=\"2018-03-06T13:16:11+00:00\" \/>\n<meta property=\"og:image\" content=\"https:\/\/www.portdesitges.com\/wp-content\/uploads\/2018\/03\/rally-2018-300.jpg\" \/>\n\t<meta property=\"og:image:width\" content=\"300\" \/>\n\t<meta property=\"og:image:height\" content=\"300\" \/>\n\t<meta property=\"og:image:type\" content=\"image\/jpeg\" \/>\n<meta name=\"author\" content=\"S\u00f2nia Felip\" \/>\n<meta name=\"twitter:card\" content=\"summary_large_image\" \/>\n<meta name=\"twitter:label1\" content=\"Escrit per\" \/>\n\t<meta name=\"twitter:data1\" content=\"S\u00f2nia Felip\" \/>\n\t<meta name=\"twitter:label2\" content=\"Temps estimat de lectura\" \/>\n\t<meta name=\"twitter:data2\" content=\"1 minut\" \/>\n<script type=\"application\/ld+json\" class=\"yoast-schema-graph\">{\"@context\":\"https:\\\/\\\/schema.org\",\"@graph\":[{\"@type\":\"Article\",\"@id\":\"https:\\\/\\\/www.portdesitges.com\\\/ca\\\/centenar-vehicles-epoca-passegen-pel-port-sitges-aiguadolc\\\/#article\",\"isPartOf\":{\"@id\":\"https:\\\/\\\/www.portdesitges.com\\\/ca\\\/centenar-vehicles-epoca-passegen-pel-port-sitges-aiguadolc\\\/\"},\"author\":{\"name\":\"S\u00f2nia Felip\",\"@id\":\"https:\\\/\\\/www.portdesitges.com\\\/#\\\/schema\\\/person\\\/be98f3191d6c7bb6ccddc2e0ac4d861f\"},\"headline\":\"Un centenar de vehicles d&#8217;\u00e8poca es llueixen al Port de Sitges-Aiguadol\u00e7\",\"datePublished\":\"2018-03-06T13:16:11+00:00\",\"mainEntityOfPage\":{\"@id\":\"https:\\\/\\\/www.portdesitges.com\\\/ca\\\/centenar-vehicles-epoca-passegen-pel-port-sitges-aiguadolc\\\/\"},\"wordCount\":304,\"image\":{\"@id\":\"https:\\\/\\\/www.portdesitges.com\\\/ca\\\/centenar-vehicles-epoca-passegen-pel-port-sitges-aiguadolc\\\/#primaryimage\"},\"thumbnailUrl\":\"https:\\\/\\\/www.portdesitges.com\\\/wp-content\\\/uploads\\\/2018\\\/03\\\/rally-2018-300.jpg\",\"inLanguage\":\"ca\"},{\"@type\":\"WebPage\",\"@id\":\"https:\\\/\\\/www.portdesitges.com\\\/ca\\\/centenar-vehicles-epoca-passegen-pel-port-sitges-aiguadolc\\\/\",\"url\":\"https:\\\/\\\/www.portdesitges.com\\\/ca\\\/centenar-vehicles-epoca-passegen-pel-port-sitges-aiguadolc\\\/\",\"name\":\"Un centenar de vehicles d'\u00e8poca es llueixen al Port de Sitges-Aiguadol\u00e7 - Port de Sitges - Aiguadol\u00e7\",\"isPartOf\":{\"@id\":\"https:\\\/\\\/www.portdesitges.com\\\/#website\"},\"primaryImageOfPage\":{\"@id\":\"https:\\\/\\\/www.portdesitges.com\\\/ca\\\/centenar-vehicles-epoca-passegen-pel-port-sitges-aiguadolc\\\/#primaryimage\"},\"image\":{\"@id\":\"https:\\\/\\\/www.portdesitges.com\\\/ca\\\/centenar-vehicles-epoca-passegen-pel-port-sitges-aiguadolc\\\/#primaryimage\"},\"thumbnailUrl\":\"https:\\\/\\\/www.portdesitges.com\\\/wp-content\\\/uploads\\\/2018\\\/03\\\/rally-2018-300.jpg\",\"datePublished\":\"2018-03-06T13:16:11+00:00\",\"author\":{\"@id\":\"https:\\\/\\\/www.portdesitges.com\\\/#\\\/schema\\\/person\\\/be98f3191d6c7bb6ccddc2e0ac4d861f\"},\"breadcrumb\":{\"@id\":\"https:\\\/\\\/www.portdesitges.com\\\/ca\\\/centenar-vehicles-epoca-passegen-pel-port-sitges-aiguadolc\\\/#breadcrumb\"},\"inLanguage\":\"ca\",\"potentialAction\":[{\"@type\":\"ReadAction\",\"target\":[\"https:\\\/\\\/www.portdesitges.com\\\/ca\\\/centenar-vehicles-epoca-passegen-pel-port-sitges-aiguadolc\\\/\"]}]},{\"@type\":\"ImageObject\",\"inLanguage\":\"ca\",\"@id\":\"https:\\\/\\\/www.portdesitges.com\\\/ca\\\/centenar-vehicles-epoca-passegen-pel-port-sitges-aiguadolc\\\/#primaryimage\",\"url\":\"https:\\\/\\\/www.portdesitges.com\\\/wp-content\\\/uploads\\\/2018\\\/03\\\/rally-2018-300.jpg\",\"contentUrl\":\"https:\\\/\\\/www.portdesitges.com\\\/wp-content\\\/uploads\\\/2018\\\/03\\\/rally-2018-300.jpg\",\"width\":300,\"height\":300},{\"@type\":\"BreadcrumbList\",\"@id\":\"https:\\\/\\\/www.portdesitges.com\\\/ca\\\/centenar-vehicles-epoca-passegen-pel-port-sitges-aiguadolc\\\/#breadcrumb\",\"itemListElement\":[{\"@type\":\"ListItem\",\"position\":1,\"name\":\"Portada\",\"item\":\"https:\\\/\\\/www.portdesitges.com\\\/ca\\\/\"},{\"@type\":\"ListItem\",\"position\":2,\"name\":\"Un centenar de vehicles d&#8217;\u00e8poca es llueixen al Port de Sitges-Aiguadol\u00e7\"}]},{\"@type\":\"WebSite\",\"@id\":\"https:\\\/\\\/www.portdesitges.com\\\/#website\",\"url\":\"https:\\\/\\\/www.portdesitges.com\\\/\",\"name\":\"Port de Sitges - Aiguadol\u00e7\",\"description\":\"lugar donde el mar y la tierra se dan de la mano para crear un espacio \u00fanico y atractivo. Disfruta de un mar de experiencias.\",\"potentialAction\":[{\"@type\":\"SearchAction\",\"target\":{\"@type\":\"EntryPoint\",\"urlTemplate\":\"https:\\\/\\\/www.portdesitges.com\\\/?s={search_term_string}\"},\"query-input\":{\"@type\":\"PropertyValueSpecification\",\"valueRequired\":true,\"valueName\":\"search_term_string\"}}],\"inLanguage\":\"ca\"},{\"@type\":\"Person\",\"@id\":\"https:\\\/\\\/www.portdesitges.com\\\/#\\\/schema\\\/person\\\/be98f3191d6c7bb6ccddc2e0ac4d861f\",\"name\":\"S\u00f2nia Felip\",\"image\":{\"@type\":\"ImageObject\",\"inLanguage\":\"ca\",\"@id\":\"https:\\\/\\\/secure.gravatar.com\\\/avatar\\\/3f5abf961091eed8bea1ba4a0fb5f78e0c728f907fe0cf722e81af4aa82939db?s=96&d=mm&r=g\",\"url\":\"https:\\\/\\\/secure.gravatar.com\\\/avatar\\\/3f5abf961091eed8bea1ba4a0fb5f78e0c728f907fe0cf722e81af4aa82939db?s=96&d=mm&r=g\",\"contentUrl\":\"https:\\\/\\\/secure.gravatar.com\\\/avatar\\\/3f5abf961091eed8bea1ba4a0fb5f78e0c728f907fe0cf722e81af4aa82939db?s=96&d=mm&r=g\",\"caption\":\"S\u00f2nia Felip\"},\"url\":\"https:\\\/\\\/www.portdesitges.com\\\/ca\\\/author\\\/sonia\\\/\"}]}<\/script>\n<!-- \/ Yoast SEO plugin. -->","yoast_head_json":{"title":"Un centenar de vehicles d'\u00e8poca es llueixen al Port de Sitges-Aiguadol\u00e7 - Port de Sitges - Aiguadol\u00e7","robots":{"index":"index","follow":"follow","max-snippet":"max-snippet:-1","max-image-preview":"max-image-preview:large","max-video-preview":"max-video-preview:-1"},"canonical":"https:\/\/www.portdesitges.com\/ca\/centenar-vehicles-epoca-passegen-pel-port-sitges-aiguadolc\/","og_locale":"ca_ES","og_type":"article","og_title":"Un centenar de vehicles d'\u00e8poca es llueixen al Port de Sitges-Aiguadol\u00e7 - Port de Sitges - Aiguadol\u00e7","og_url":"https:\/\/www.portdesitges.com\/ca\/centenar-vehicles-epoca-passegen-pel-port-sitges-aiguadolc\/","og_site_name":"Port de Sitges - Aiguadol\u00e7","article_published_time":"2018-03-06T13:16:11+00:00","og_image":[{"width":300,"height":300,"url":"https:\/\/www.portdesitges.com\/wp-content\/uploads\/2018\/03\/rally-2018-300.jpg","type":"image\/jpeg"}],"author":"S\u00f2nia Felip","twitter_card":"summary_large_image","twitter_misc":{"Escrit per":"S\u00f2nia Felip","Temps estimat de lectura":"1 minut"},"schema":{"@context":"https:\/\/schema.org","@graph":[{"@type":"Article","@id":"https:\/\/www.portdesitges.com\/ca\/centenar-vehicles-epoca-passegen-pel-port-sitges-aiguadolc\/#article","isPartOf":{"@id":"https:\/\/www.portdesitges.com\/ca\/centenar-vehicles-epoca-passegen-pel-port-sitges-aiguadolc\/"},"author":{"name":"S\u00f2nia Felip","@id":"https:\/\/www.portdesitges.com\/#\/schema\/person\/be98f3191d6c7bb6ccddc2e0ac4d861f"},"headline":"Un centenar de vehicles d&#8217;\u00e8poca es llueixen al Port de Sitges-Aiguadol\u00e7","datePublished":"2018-03-06T13:16:11+00:00","mainEntityOfPage":{"@id":"https:\/\/www.portdesitges.com\/ca\/centenar-vehicles-epoca-passegen-pel-port-sitges-aiguadolc\/"},"wordCount":304,"image":{"@id":"https:\/\/www.portdesitges.com\/ca\/centenar-vehicles-epoca-passegen-pel-port-sitges-aiguadolc\/#primaryimage"},"thumbnailUrl":"https:\/\/www.portdesitges.com\/wp-content\/uploads\/2018\/03\/rally-2018-300.jpg","inLanguage":"ca"},{"@type":"WebPage","@id":"https:\/\/www.portdesitges.com\/ca\/centenar-vehicles-epoca-passegen-pel-port-sitges-aiguadolc\/","url":"https:\/\/www.portdesitges.com\/ca\/centenar-vehicles-epoca-passegen-pel-port-sitges-aiguadolc\/","name":"Un centenar de vehicles d'\u00e8poca es llueixen al Port de Sitges-Aiguadol\u00e7 - Port de Sitges - Aiguadol\u00e7","isPartOf":{"@id":"https:\/\/www.portdesitges.com\/#website"},"primaryImageOfPage":{"@id":"https:\/\/www.portdesitges.com\/ca\/centenar-vehicles-epoca-passegen-pel-port-sitges-aiguadolc\/#primaryimage"},"image":{"@id":"https:\/\/www.portdesitges.com\/ca\/centenar-vehicles-epoca-passegen-pel-port-sitges-aiguadolc\/#primaryimage"},"thumbnailUrl":"https:\/\/www.portdesitges.com\/wp-content\/uploads\/2018\/03\/rally-2018-300.jpg","datePublished":"2018-03-06T13:16:11+00:00","author":{"@id":"https:\/\/www.portdesitges.com\/#\/schema\/person\/be98f3191d6c7bb6ccddc2e0ac4d861f"},"breadcrumb":{"@id":"https:\/\/www.portdesitges.com\/ca\/centenar-vehicles-epoca-passegen-pel-port-sitges-aiguadolc\/#breadcrumb"},"inLanguage":"ca","potentialAction":[{"@type":"ReadAction","target":["https:\/\/www.portdesitges.com\/ca\/centenar-vehicles-epoca-passegen-pel-port-sitges-aiguadolc\/"]}]},{"@type":"ImageObject","inLanguage":"ca","@id":"https:\/\/www.portdesitges.com\/ca\/centenar-vehicles-epoca-passegen-pel-port-sitges-aiguadolc\/#primaryimage","url":"https:\/\/www.portdesitges.com\/wp-content\/uploads\/2018\/03\/rally-2018-300.jpg","contentUrl":"https:\/\/www.portdesitges.com\/wp-content\/uploads\/2018\/03\/rally-2018-300.jpg","width":300,"height":300},{"@type":"BreadcrumbList","@id":"https:\/\/www.portdesitges.com\/ca\/centenar-vehicles-epoca-passegen-pel-port-sitges-aiguadolc\/#breadcrumb","itemListElement":[{"@type":"ListItem","position":1,"name":"Portada","item":"https:\/\/www.portdesitges.com\/ca\/"},{"@type":"ListItem","position":2,"name":"Un centenar de vehicles d&#8217;\u00e8poca es llueixen al Port de Sitges-Aiguadol\u00e7"}]},{"@type":"WebSite","@id":"https:\/\/www.portdesitges.com\/#website","url":"https:\/\/www.portdesitges.com\/","name":"Port de Sitges - Aiguadol\u00e7","description":"lugar donde el mar y la tierra se dan de la mano para crear un espacio \u00fanico y atractivo. Disfruta de un mar de experiencias.","potentialAction":[{"@type":"SearchAction","target":{"@type":"EntryPoint","urlTemplate":"https:\/\/www.portdesitges.com\/?s={search_term_string}"},"query-input":{"@type":"PropertyValueSpecification","valueRequired":true,"valueName":"search_term_string"}}],"inLanguage":"ca"},{"@type":"Person","@id":"https:\/\/www.portdesitges.com\/#\/schema\/person\/be98f3191d6c7bb6ccddc2e0ac4d861f","name":"S\u00f2nia Felip","image":{"@type":"ImageObject","inLanguage":"ca","@id":"https:\/\/secure.gravatar.com\/avatar\/3f5abf961091eed8bea1ba4a0fb5f78e0c728f907fe0cf722e81af4aa82939db?s=96&d=mm&r=g","url":"https:\/\/secure.gravatar.com\/avatar\/3f5abf961091eed8bea1ba4a0fb5f78e0c728f907fe0cf722e81af4aa82939db?s=96&d=mm&r=g","contentUrl":"https:\/\/secure.gravatar.com\/avatar\/3f5abf961091eed8bea1ba4a0fb5f78e0c728f907fe0cf722e81af4aa82939db?s=96&d=mm&r=g","caption":"S\u00f2nia Felip"},"url":"https:\/\/www.portdesitges.com\/ca\/author\/sonia\/"}]}},"_links":{"self":[{"href":"https:\/\/www.portdesitges.com\/ca\/wp-json\/wp\/v2\/posts\/5853","targetHints":{"allow":["GET"]}}],"collection":[{"href":"https:\/\/www.portdesitges.com\/ca\/wp-json\/wp\/v2\/posts"}],"about":[{"href":"https:\/\/www.portdesitges.com\/ca\/wp-json\/wp\/v2\/types\/post"}],"author":[{"embeddable":true,"href":"https:\/\/www.portdesitges.com\/ca\/wp-json\/wp\/v2\/users\/3"}],"replies":[{"embeddable":true,"href":"https:\/\/www.portdesitges.com\/ca\/wp-json\/wp\/v2\/comments?post=5853"}],"version-history":[{"count":0,"href":"https:\/\/www.portdesitges.com\/ca\/wp-json\/wp\/v2\/posts\/5853\/revisions"}],"wp:featuredmedia":[{"embeddable":true,"href":"https:\/\/www.portdesitges.com\/ca\/wp-json\/wp\/v2\/media\/5867"}],"wp:attachment":[{"href":"https:\/\/www.portdesitges.com\/ca\/wp-json\/wp\/v2\/media?parent=5853"}],"wp:term":[{"taxonomy":"category","embeddable":true,"href":"https:\/\/www.portdesitges.com\/ca\/wp-json\/wp\/v2\/categories?post=5853"},{"taxonomy":"post_tag","embeddable":true,"href":"https:\/\/www.portdesitges.com\/ca\/wp-json\/wp\/v2\/tags?post=5853"}],"curies":[{"name":"wp","href":"https:\/\/api.w.org\/{rel}","templated":true}]}}