{"id":5798,"date":"2017-12-27T13:13:51","date_gmt":"2017-12-27T13:13:51","guid":{"rendered":"http:\/\/www.portdesitges.com\/?p=5798"},"modified":"2017-12-27T13:13:51","modified_gmt":"2017-12-27T13:13:51","slug":"entrevista-director-executiu-port-sitges-revista-skipper","status":"publish","type":"post","link":"https:\/\/www.portdesitges.com\/ca\/entrevista-director-executiu-port-sitges-revista-skipper\/","title":{"rendered":"Entrevista al Director Executiu del Port de Sitges en la revista Skipper"},"content":{"rendered":"<p><!--more--><\/p>\n<p>Una de les revistes n\u00e0utiques de refer\u00e8ncia del nostre pa\u00eds ha entrevista al Director Executiu del Port de Sitges-Aiguadol\u00e7 , Albert Bertran, al que li han realitzat un perfil centrat en el m\u00f3n de la n\u00e0utica.<\/p>\n<p style=\"text-align: center;\"><a href=\"http:\/\/www.portdesitges.com\/port\/wp-content\/uploads\/2017\/12\/Albert.png\"><img loading=\"lazy\" decoding=\"async\" class=\"alignnone size-medium wp-image-5802\" src=\"http:\/\/www.portdesitges.com\/port\/wp-content\/uploads\/2017\/12\/Albert-300x176.png\" alt=\"\" width=\"300\" height=\"176\" srcset=\"https:\/\/www.portdesitges.com\/wp-content\/uploads\/2017\/12\/Albert-300x176.png 300w, https:\/\/www.portdesitges.com\/wp-content\/uploads\/2017\/12\/Albert.png 545w\" sizes=\"auto, (max-width: 300px) 100vw, 300px\" \/><\/a><\/p>\n<p>En l&#8217;entrevista es reflecteix la seva passi\u00f3 pel mar i per viatjar, dos conceptes que es veuen plasmats en la seva biografia en la qual es destaca la seva vinculaci\u00f3 primerenca al m\u00f3n de la n\u00e0utica, amb la participaci\u00f3 en diverses competicions de vela, o la seva traject\u00f2ria com un dels periodistes n\u00e0utics m\u00e9s destacats arribant a cobrir els Jocs Ol\u00edmpics de Barcelona 92. Tamb\u00e9 explica la seva afici\u00f3 per viatjar havent recorregut alguns dels racons m\u00e9s espectaculars del planeta que li serveixen d&#8217;inspiraci\u00f3 per a la seva passi\u00f3 per la literatura.<\/p>\n<h3 style=\"text-align: center;\"><strong><a href=\"http:\/\/www.portdesitges.com\/port\/wp-content\/uploads\/2017\/12\/Entrevista-Director-Exectiu-Port-de-Sitges.pdf\">Entrevista Director Exectiu Port de Sitges<\/a><\/strong><\/h3>\n","protected":false},"excerpt":{"rendered":"Una de les revistes n\u00e0utiques de refer\u00e8ncia del nostre pa\u00eds ha entrevista al Director Executiu del Port de Sitges-Aiguadol\u00e7 , Albert Bertran, al que li han realitzat un perfil centrat...","protected":false},"author":3,"featured_media":5801,"comment_status":"closed","ping_status":"closed","sticky":false,"template":"","format":"standard","meta":{"footnotes":""},"categories":[],"tags":[],"class_list":["post-5798","post","type-post","status-publish","format-standard","has-post-thumbnail"],"yoast_head":"<!-- This site is optimized with the Yoast SEO plugin v27.3 - https:\/\/yoast.com\/product\/yoast-seo-wordpress\/ -->\n<title>Entrevista al Director Executiu del Port de Sitges en la revista Skipper - Port de Sitges - Aiguadol\u00e7<\/title>\n<meta name=\"robots\" content=\"index, follow, max-snippet:-1, max-image-preview:large, max-video-preview:-1\" \/>\n<link rel=\"canonical\" href=\"https:\/\/www.portdesitges.com\/ca\/entrevista-director-executiu-port-sitges-revista-skipper\/\" \/>\n<meta property=\"og:locale\" content=\"ca_ES\" \/>\n<meta property=\"og:type\" content=\"article\" \/>\n<meta property=\"og:title\" content=\"Entrevista al Director Executiu del Port de Sitges en la revista Skipper - Port de Sitges - Aiguadol\u00e7\" \/>\n<meta property=\"og:url\" content=\"https:\/\/www.portdesitges.com\/ca\/entrevista-director-executiu-port-sitges-revista-skipper\/\" \/>\n<meta property=\"og:site_name\" content=\"Port de Sitges - Aiguadol\u00e7\" \/>\n<meta property=\"article:published_time\" content=\"2017-12-27T13:13:51+00:00\" \/>\n<meta property=\"og:image\" content=\"https:\/\/www.portdesitges.com\/wp-content\/uploads\/2017\/12\/Albert-300.jpg\" \/>\n\t<meta property=\"og:image:width\" content=\"301\" \/>\n\t<meta property=\"og:image:height\" content=\"320\" \/>\n\t<meta property=\"og:image:type\" content=\"image\/jpeg\" \/>\n<meta name=\"author\" content=\"S\u00f2nia Felip\" \/>\n<meta name=\"twitter:card\" content=\"summary_large_image\" \/>\n<meta name=\"twitter:label1\" content=\"Escrit per\" \/>\n\t<meta name=\"twitter:data1\" content=\"S\u00f2nia Felip\" \/>\n\t<meta name=\"twitter:label2\" content=\"Temps estimat de lectura\" \/>\n\t<meta name=\"twitter:data2\" content=\"1 minut\" \/>\n<script type=\"application\/ld+json\" class=\"yoast-schema-graph\">{\"@context\":\"https:\\\/\\\/schema.org\",\"@graph\":[{\"@type\":\"Article\",\"@id\":\"https:\\\/\\\/www.portdesitges.com\\\/ca\\\/entrevista-director-executiu-port-sitges-revista-skipper\\\/#article\",\"isPartOf\":{\"@id\":\"https:\\\/\\\/www.portdesitges.com\\\/ca\\\/entrevista-director-executiu-port-sitges-revista-skipper\\\/\"},\"author\":{\"name\":\"S\u00f2nia Felip\",\"@id\":\"https:\\\/\\\/www.portdesitges.com\\\/#\\\/schema\\\/person\\\/be98f3191d6c7bb6ccddc2e0ac4d861f\"},\"headline\":\"Entrevista al Director Executiu del Port de Sitges en la revista Skipper\",\"datePublished\":\"2017-12-27T13:13:51+00:00\",\"mainEntityOfPage\":{\"@id\":\"https:\\\/\\\/www.portdesitges.com\\\/ca\\\/entrevista-director-executiu-port-sitges-revista-skipper\\\/\"},\"wordCount\":158,\"image\":{\"@id\":\"https:\\\/\\\/www.portdesitges.com\\\/ca\\\/entrevista-director-executiu-port-sitges-revista-skipper\\\/#primaryimage\"},\"thumbnailUrl\":\"https:\\\/\\\/www.portdesitges.com\\\/wp-content\\\/uploads\\\/2017\\\/12\\\/Albert-300.jpg\",\"inLanguage\":\"ca\"},{\"@type\":\"WebPage\",\"@id\":\"https:\\\/\\\/www.portdesitges.com\\\/ca\\\/entrevista-director-executiu-port-sitges-revista-skipper\\\/\",\"url\":\"https:\\\/\\\/www.portdesitges.com\\\/ca\\\/entrevista-director-executiu-port-sitges-revista-skipper\\\/\",\"name\":\"Entrevista al Director Executiu del Port de Sitges en la revista Skipper - Port de Sitges - Aiguadol\u00e7\",\"isPartOf\":{\"@id\":\"https:\\\/\\\/www.portdesitges.com\\\/#website\"},\"primaryImageOfPage\":{\"@id\":\"https:\\\/\\\/www.portdesitges.com\\\/ca\\\/entrevista-director-executiu-port-sitges-revista-skipper\\\/#primaryimage\"},\"image\":{\"@id\":\"https:\\\/\\\/www.portdesitges.com\\\/ca\\\/entrevista-director-executiu-port-sitges-revista-skipper\\\/#primaryimage\"},\"thumbnailUrl\":\"https:\\\/\\\/www.portdesitges.com\\\/wp-content\\\/uploads\\\/2017\\\/12\\\/Albert-300.jpg\",\"datePublished\":\"2017-12-27T13:13:51+00:00\",\"author\":{\"@id\":\"https:\\\/\\\/www.portdesitges.com\\\/#\\\/schema\\\/person\\\/be98f3191d6c7bb6ccddc2e0ac4d861f\"},\"breadcrumb\":{\"@id\":\"https:\\\/\\\/www.portdesitges.com\\\/ca\\\/entrevista-director-executiu-port-sitges-revista-skipper\\\/#breadcrumb\"},\"inLanguage\":\"ca\",\"potentialAction\":[{\"@type\":\"ReadAction\",\"target\":[\"https:\\\/\\\/www.portdesitges.com\\\/ca\\\/entrevista-director-executiu-port-sitges-revista-skipper\\\/\"]}]},{\"@type\":\"ImageObject\",\"inLanguage\":\"ca\",\"@id\":\"https:\\\/\\\/www.portdesitges.com\\\/ca\\\/entrevista-director-executiu-port-sitges-revista-skipper\\\/#primaryimage\",\"url\":\"https:\\\/\\\/www.portdesitges.com\\\/wp-content\\\/uploads\\\/2017\\\/12\\\/Albert-300.jpg\",\"contentUrl\":\"https:\\\/\\\/www.portdesitges.com\\\/wp-content\\\/uploads\\\/2017\\\/12\\\/Albert-300.jpg\",\"width\":301,\"height\":320},{\"@type\":\"BreadcrumbList\",\"@id\":\"https:\\\/\\\/www.portdesitges.com\\\/ca\\\/entrevista-director-executiu-port-sitges-revista-skipper\\\/#breadcrumb\",\"itemListElement\":[{\"@type\":\"ListItem\",\"position\":1,\"name\":\"Portada\",\"item\":\"https:\\\/\\\/www.portdesitges.com\\\/ca\\\/\"},{\"@type\":\"ListItem\",\"position\":2,\"name\":\"Entrevista al Director Executiu del Port de Sitges en la revista Skipper\"}]},{\"@type\":\"WebSite\",\"@id\":\"https:\\\/\\\/www.portdesitges.com\\\/#website\",\"url\":\"https:\\\/\\\/www.portdesitges.com\\\/\",\"name\":\"Port de Sitges - Aiguadol\u00e7\",\"description\":\"lugar donde el mar y la tierra se dan de la mano para crear un espacio \u00fanico y atractivo. Disfruta de un mar de experiencias.\",\"potentialAction\":[{\"@type\":\"SearchAction\",\"target\":{\"@type\":\"EntryPoint\",\"urlTemplate\":\"https:\\\/\\\/www.portdesitges.com\\\/?s={search_term_string}\"},\"query-input\":{\"@type\":\"PropertyValueSpecification\",\"valueRequired\":true,\"valueName\":\"search_term_string\"}}],\"inLanguage\":\"ca\"},{\"@type\":\"Person\",\"@id\":\"https:\\\/\\\/www.portdesitges.com\\\/#\\\/schema\\\/person\\\/be98f3191d6c7bb6ccddc2e0ac4d861f\",\"name\":\"S\u00f2nia Felip\",\"image\":{\"@type\":\"ImageObject\",\"inLanguage\":\"ca\",\"@id\":\"https:\\\/\\\/secure.gravatar.com\\\/avatar\\\/3f5abf961091eed8bea1ba4a0fb5f78e0c728f907fe0cf722e81af4aa82939db?s=96&d=mm&r=g\",\"url\":\"https:\\\/\\\/secure.gravatar.com\\\/avatar\\\/3f5abf961091eed8bea1ba4a0fb5f78e0c728f907fe0cf722e81af4aa82939db?s=96&d=mm&r=g\",\"contentUrl\":\"https:\\\/\\\/secure.gravatar.com\\\/avatar\\\/3f5abf961091eed8bea1ba4a0fb5f78e0c728f907fe0cf722e81af4aa82939db?s=96&d=mm&r=g\",\"caption\":\"S\u00f2nia Felip\"},\"url\":\"https:\\\/\\\/www.portdesitges.com\\\/ca\\\/author\\\/sonia\\\/\"}]}<\/script>\n<!-- \/ Yoast SEO plugin. -->","yoast_head_json":{"title":"Entrevista al Director Executiu del Port de Sitges en la revista Skipper - Port de Sitges - Aiguadol\u00e7","robots":{"index":"index","follow":"follow","max-snippet":"max-snippet:-1","max-image-preview":"max-image-preview:large","max-video-preview":"max-video-preview:-1"},"canonical":"https:\/\/www.portdesitges.com\/ca\/entrevista-director-executiu-port-sitges-revista-skipper\/","og_locale":"ca_ES","og_type":"article","og_title":"Entrevista al Director Executiu del Port de Sitges en la revista Skipper - Port de Sitges - Aiguadol\u00e7","og_url":"https:\/\/www.portdesitges.com\/ca\/entrevista-director-executiu-port-sitges-revista-skipper\/","og_site_name":"Port de Sitges - Aiguadol\u00e7","article_published_time":"2017-12-27T13:13:51+00:00","og_image":[{"width":301,"height":320,"url":"https:\/\/www.portdesitges.com\/wp-content\/uploads\/2017\/12\/Albert-300.jpg","type":"image\/jpeg"}],"author":"S\u00f2nia Felip","twitter_card":"summary_large_image","twitter_misc":{"Escrit per":"S\u00f2nia Felip","Temps estimat de lectura":"1 minut"},"schema":{"@context":"https:\/\/schema.org","@graph":[{"@type":"Article","@id":"https:\/\/www.portdesitges.com\/ca\/entrevista-director-executiu-port-sitges-revista-skipper\/#article","isPartOf":{"@id":"https:\/\/www.portdesitges.com\/ca\/entrevista-director-executiu-port-sitges-revista-skipper\/"},"author":{"name":"S\u00f2nia Felip","@id":"https:\/\/www.portdesitges.com\/#\/schema\/person\/be98f3191d6c7bb6ccddc2e0ac4d861f"},"headline":"Entrevista al Director Executiu del Port de Sitges en la revista Skipper","datePublished":"2017-12-27T13:13:51+00:00","mainEntityOfPage":{"@id":"https:\/\/www.portdesitges.com\/ca\/entrevista-director-executiu-port-sitges-revista-skipper\/"},"wordCount":158,"image":{"@id":"https:\/\/www.portdesitges.com\/ca\/entrevista-director-executiu-port-sitges-revista-skipper\/#primaryimage"},"thumbnailUrl":"https:\/\/www.portdesitges.com\/wp-content\/uploads\/2017\/12\/Albert-300.jpg","inLanguage":"ca"},{"@type":"WebPage","@id":"https:\/\/www.portdesitges.com\/ca\/entrevista-director-executiu-port-sitges-revista-skipper\/","url":"https:\/\/www.portdesitges.com\/ca\/entrevista-director-executiu-port-sitges-revista-skipper\/","name":"Entrevista al Director Executiu del Port de Sitges en la revista Skipper - Port de Sitges - Aiguadol\u00e7","isPartOf":{"@id":"https:\/\/www.portdesitges.com\/#website"},"primaryImageOfPage":{"@id":"https:\/\/www.portdesitges.com\/ca\/entrevista-director-executiu-port-sitges-revista-skipper\/#primaryimage"},"image":{"@id":"https:\/\/www.portdesitges.com\/ca\/entrevista-director-executiu-port-sitges-revista-skipper\/#primaryimage"},"thumbnailUrl":"https:\/\/www.portdesitges.com\/wp-content\/uploads\/2017\/12\/Albert-300.jpg","datePublished":"2017-12-27T13:13:51+00:00","author":{"@id":"https:\/\/www.portdesitges.com\/#\/schema\/person\/be98f3191d6c7bb6ccddc2e0ac4d861f"},"breadcrumb":{"@id":"https:\/\/www.portdesitges.com\/ca\/entrevista-director-executiu-port-sitges-revista-skipper\/#breadcrumb"},"inLanguage":"ca","potentialAction":[{"@type":"ReadAction","target":["https:\/\/www.portdesitges.com\/ca\/entrevista-director-executiu-port-sitges-revista-skipper\/"]}]},{"@type":"ImageObject","inLanguage":"ca","@id":"https:\/\/www.portdesitges.com\/ca\/entrevista-director-executiu-port-sitges-revista-skipper\/#primaryimage","url":"https:\/\/www.portdesitges.com\/wp-content\/uploads\/2017\/12\/Albert-300.jpg","contentUrl":"https:\/\/www.portdesitges.com\/wp-content\/uploads\/2017\/12\/Albert-300.jpg","width":301,"height":320},{"@type":"BreadcrumbList","@id":"https:\/\/www.portdesitges.com\/ca\/entrevista-director-executiu-port-sitges-revista-skipper\/#breadcrumb","itemListElement":[{"@type":"ListItem","position":1,"name":"Portada","item":"https:\/\/www.portdesitges.com\/ca\/"},{"@type":"ListItem","position":2,"name":"Entrevista al Director Executiu del Port de Sitges en la revista Skipper"}]},{"@type":"WebSite","@id":"https:\/\/www.portdesitges.com\/#website","url":"https:\/\/www.portdesitges.com\/","name":"Port de Sitges - Aiguadol\u00e7","description":"lugar donde el mar y la tierra se dan de la mano para crear un espacio \u00fanico y atractivo. Disfruta de un mar de experiencias.","potentialAction":[{"@type":"SearchAction","target":{"@type":"EntryPoint","urlTemplate":"https:\/\/www.portdesitges.com\/?s={search_term_string}"},"query-input":{"@type":"PropertyValueSpecification","valueRequired":true,"valueName":"search_term_string"}}],"inLanguage":"ca"},{"@type":"Person","@id":"https:\/\/www.portdesitges.com\/#\/schema\/person\/be98f3191d6c7bb6ccddc2e0ac4d861f","name":"S\u00f2nia Felip","image":{"@type":"ImageObject","inLanguage":"ca","@id":"https:\/\/secure.gravatar.com\/avatar\/3f5abf961091eed8bea1ba4a0fb5f78e0c728f907fe0cf722e81af4aa82939db?s=96&d=mm&r=g","url":"https:\/\/secure.gravatar.com\/avatar\/3f5abf961091eed8bea1ba4a0fb5f78e0c728f907fe0cf722e81af4aa82939db?s=96&d=mm&r=g","contentUrl":"https:\/\/secure.gravatar.com\/avatar\/3f5abf961091eed8bea1ba4a0fb5f78e0c728f907fe0cf722e81af4aa82939db?s=96&d=mm&r=g","caption":"S\u00f2nia Felip"},"url":"https:\/\/www.portdesitges.com\/ca\/author\/sonia\/"}]}},"_links":{"self":[{"href":"https:\/\/www.portdesitges.com\/ca\/wp-json\/wp\/v2\/posts\/5798","targetHints":{"allow":["GET"]}}],"collection":[{"href":"https:\/\/www.portdesitges.com\/ca\/wp-json\/wp\/v2\/posts"}],"about":[{"href":"https:\/\/www.portdesitges.com\/ca\/wp-json\/wp\/v2\/types\/post"}],"author":[{"embeddable":true,"href":"https:\/\/www.portdesitges.com\/ca\/wp-json\/wp\/v2\/users\/3"}],"replies":[{"embeddable":true,"href":"https:\/\/www.portdesitges.com\/ca\/wp-json\/wp\/v2\/comments?post=5798"}],"version-history":[{"count":0,"href":"https:\/\/www.portdesitges.com\/ca\/wp-json\/wp\/v2\/posts\/5798\/revisions"}],"wp:featuredmedia":[{"embeddable":true,"href":"https:\/\/www.portdesitges.com\/ca\/wp-json\/wp\/v2\/media\/5801"}],"wp:attachment":[{"href":"https:\/\/www.portdesitges.com\/ca\/wp-json\/wp\/v2\/media?parent=5798"}],"wp:term":[{"taxonomy":"category","embeddable":true,"href":"https:\/\/www.portdesitges.com\/ca\/wp-json\/wp\/v2\/categories?post=5798"},{"taxonomy":"post_tag","embeddable":true,"href":"https:\/\/www.portdesitges.com\/ca\/wp-json\/wp\/v2\/tags?post=5798"}],"curies":[{"name":"wp","href":"https:\/\/api.w.org\/{rel}","templated":true}]}}