{"id":5784,"date":"2017-11-29T18:37:51","date_gmt":"2017-11-29T18:37:51","guid":{"rendered":"http:\/\/www.portdesitges.com\/?p=5784"},"modified":"2017-11-29T18:37:51","modified_gmt":"2017-11-29T18:37:51","slug":"integrants-fs-castelldefels-pc-gaudeixen-duna-jornada-vela-adaptada-port-sitges","status":"publish","type":"post","link":"https:\/\/www.portdesitges.com\/ca\/integrants-fs-castelldefels-pc-gaudeixen-duna-jornada-vela-adaptada-port-sitges\/","title":{"rendered":"Els integrants del FS Castelldefels PC gaudeixen d\u2019una jornada de vela adaptada al Port de Sitges"},"content":{"rendered":"<p><!--more--><\/p>\n<p><em>La vela \u00e9s un esport que aporta m\u00faltiples beneficis a totes aquelles persones que pateixen alguna mena de discapacitat o par\u00e0lisi f\u00edsica o cerebral<\/em><\/p>\n<p>L\u2019<a href=\"http:\/\/www.advela.net\/\">Escola de Vela Adaptada del Port de Sitges-Aiguadol\u00e7<\/a> va organitzar una jornada d\u2019activitats n\u00e0utiques per als nois del FS Castelldefels PC Luna Llar. La EVA va coordinar la sortida amb embarcacions de vela lleugera de tots els nois participants que van gaudir de valent del primer a l\u2019\u00faltim minut. La vela \u00e9s un esport que aporta m\u00faltiples beneficis a totes aquelles persones que pateixen alguna mena de discapacitat o par\u00e0lisi f\u00edsica o cerebral, ja que a banda del sempre necessari i estimulant contacte amb la natura, els participants tamb\u00e9 aprenen a manegar el tim\u00f3 i a controlar conceptes com equilibri, propulsi\u00f3 i orientaci\u00f3, entre d\u2019altres. En definitiva, una eina d\u2019integraci\u00f3 social, que aporta beneficis funcionals, socials i psicol\u00f2gics.<\/p>\n<p style=\"text-align: center;\"><a href=\"http:\/\/www.portdesitges.com\/port\/wp-content\/uploads\/2017\/11\/VELAADAPTADAPC1-1080x612.jpg\"><img loading=\"lazy\" decoding=\"async\" class=\"alignnone size-medium wp-image-5785\" src=\"http:\/\/www.portdesitges.com\/port\/wp-content\/uploads\/2017\/11\/VELAADAPTADAPC1-1080x612-300x170.jpg\" alt=\"\" width=\"300\" height=\"170\" \/><\/a><\/p>\n<p>Des del PC, els seus responsables, I\u00f1aki Requena i Jos\u00e9 Morales van destacar que \u201cva ser una jornada magn\u00edfica, amb un temps excel\u00b7lent en qu\u00e8 tamb\u00e9 va haver-hi bona mar. Els nois s\u2019ho van passar d\u2019all\u00f2 m\u00e9s b\u00e9, amb enormes somriures a les seves cares i a les de tots els familiars que els vam acompanyar, quelcom que ja fa que valguin la pena aquesta mena d\u2019iniciatives\u201d. L\u2019activitat va ser impulsada i patrocinada per l\u2019Ajuntament de Castelldefels, dirigida i oberta a tots els nois i noies discapacitats del municipi.<\/p>\n","protected":false},"excerpt":{"rendered":"La vela \u00e9s un esport que aporta m\u00faltiples beneficis a totes aquelles persones que pateixen alguna mena de discapacitat o par\u00e0lisi f\u00edsica o cerebral L\u2019Escola de Vela Adaptada del Port...","protected":false},"author":3,"featured_media":5786,"comment_status":"closed","ping_status":"closed","sticky":false,"template":"","format":"standard","meta":{"footnotes":""},"categories":[],"tags":[],"class_list":["post-5784","post","type-post","status-publish","format-standard","has-post-thumbnail"],"yoast_head":"<!-- This site is optimized with the Yoast SEO plugin v27.3 - https:\/\/yoast.com\/product\/yoast-seo-wordpress\/ -->\n<title>Els integrants del FS Castelldefels PC gaudeixen d\u2019una jornada de vela adaptada al Port de Sitges - Port de Sitges - Aiguadol\u00e7<\/title>\n<meta name=\"robots\" content=\"index, follow, max-snippet:-1, max-image-preview:large, max-video-preview:-1\" \/>\n<link rel=\"canonical\" href=\"https:\/\/www.portdesitges.com\/ca\/integrants-fs-castelldefels-pc-gaudeixen-duna-jornada-vela-adaptada-port-sitges\/\" \/>\n<meta property=\"og:locale\" content=\"ca_ES\" \/>\n<meta property=\"og:type\" content=\"article\" \/>\n<meta property=\"og:title\" content=\"Els integrants del FS Castelldefels PC gaudeixen d\u2019una jornada de vela adaptada al Port de Sitges - Port de Sitges - Aiguadol\u00e7\" \/>\n<meta property=\"og:url\" content=\"https:\/\/www.portdesitges.com\/ca\/integrants-fs-castelldefels-pc-gaudeixen-duna-jornada-vela-adaptada-port-sitges\/\" \/>\n<meta property=\"og:site_name\" content=\"Port de Sitges - Aiguadol\u00e7\" \/>\n<meta property=\"article:published_time\" content=\"2017-11-29T18:37:51+00:00\" \/>\n<meta property=\"og:image\" content=\"https:\/\/www.portdesitges.com\/wp-content\/uploads\/2017\/11\/VELAADAPTADAP-300.jpg\" \/>\n\t<meta property=\"og:image:width\" content=\"301\" \/>\n\t<meta property=\"og:image:height\" content=\"300\" \/>\n\t<meta property=\"og:image:type\" content=\"image\/jpeg\" \/>\n<meta name=\"author\" content=\"S\u00f2nia Felip\" \/>\n<meta name=\"twitter:card\" content=\"summary_large_image\" \/>\n<meta name=\"twitter:label1\" content=\"Escrit per\" \/>\n\t<meta name=\"twitter:data1\" content=\"S\u00f2nia Felip\" \/>\n\t<meta name=\"twitter:label2\" content=\"Temps estimat de lectura\" \/>\n\t<meta name=\"twitter:data2\" content=\"1 minut\" \/>\n<script type=\"application\/ld+json\" class=\"yoast-schema-graph\">{\"@context\":\"https:\\\/\\\/schema.org\",\"@graph\":[{\"@type\":\"Article\",\"@id\":\"https:\\\/\\\/www.portdesitges.com\\\/ca\\\/integrants-fs-castelldefels-pc-gaudeixen-duna-jornada-vela-adaptada-port-sitges\\\/#article\",\"isPartOf\":{\"@id\":\"https:\\\/\\\/www.portdesitges.com\\\/ca\\\/integrants-fs-castelldefels-pc-gaudeixen-duna-jornada-vela-adaptada-port-sitges\\\/\"},\"author\":{\"name\":\"S\u00f2nia Felip\",\"@id\":\"https:\\\/\\\/www.portdesitges.com\\\/#\\\/schema\\\/person\\\/be98f3191d6c7bb6ccddc2e0ac4d861f\"},\"headline\":\"Els integrants del FS Castelldefels PC gaudeixen d\u2019una jornada de vela adaptada al Port de Sitges\",\"datePublished\":\"2017-11-29T18:37:51+00:00\",\"mainEntityOfPage\":{\"@id\":\"https:\\\/\\\/www.portdesitges.com\\\/ca\\\/integrants-fs-castelldefels-pc-gaudeixen-duna-jornada-vela-adaptada-port-sitges\\\/\"},\"wordCount\":270,\"image\":{\"@id\":\"https:\\\/\\\/www.portdesitges.com\\\/ca\\\/integrants-fs-castelldefels-pc-gaudeixen-duna-jornada-vela-adaptada-port-sitges\\\/#primaryimage\"},\"thumbnailUrl\":\"https:\\\/\\\/www.portdesitges.com\\\/wp-content\\\/uploads\\\/2017\\\/11\\\/VELAADAPTADAP-300.jpg\",\"inLanguage\":\"ca\"},{\"@type\":\"WebPage\",\"@id\":\"https:\\\/\\\/www.portdesitges.com\\\/ca\\\/integrants-fs-castelldefels-pc-gaudeixen-duna-jornada-vela-adaptada-port-sitges\\\/\",\"url\":\"https:\\\/\\\/www.portdesitges.com\\\/ca\\\/integrants-fs-castelldefels-pc-gaudeixen-duna-jornada-vela-adaptada-port-sitges\\\/\",\"name\":\"Els integrants del FS Castelldefels PC gaudeixen d\u2019una jornada de vela adaptada al Port de Sitges - Port de Sitges - Aiguadol\u00e7\",\"isPartOf\":{\"@id\":\"https:\\\/\\\/www.portdesitges.com\\\/#website\"},\"primaryImageOfPage\":{\"@id\":\"https:\\\/\\\/www.portdesitges.com\\\/ca\\\/integrants-fs-castelldefels-pc-gaudeixen-duna-jornada-vela-adaptada-port-sitges\\\/#primaryimage\"},\"image\":{\"@id\":\"https:\\\/\\\/www.portdesitges.com\\\/ca\\\/integrants-fs-castelldefels-pc-gaudeixen-duna-jornada-vela-adaptada-port-sitges\\\/#primaryimage\"},\"thumbnailUrl\":\"https:\\\/\\\/www.portdesitges.com\\\/wp-content\\\/uploads\\\/2017\\\/11\\\/VELAADAPTADAP-300.jpg\",\"datePublished\":\"2017-11-29T18:37:51+00:00\",\"author\":{\"@id\":\"https:\\\/\\\/www.portdesitges.com\\\/#\\\/schema\\\/person\\\/be98f3191d6c7bb6ccddc2e0ac4d861f\"},\"breadcrumb\":{\"@id\":\"https:\\\/\\\/www.portdesitges.com\\\/ca\\\/integrants-fs-castelldefels-pc-gaudeixen-duna-jornada-vela-adaptada-port-sitges\\\/#breadcrumb\"},\"inLanguage\":\"ca\",\"potentialAction\":[{\"@type\":\"ReadAction\",\"target\":[\"https:\\\/\\\/www.portdesitges.com\\\/ca\\\/integrants-fs-castelldefels-pc-gaudeixen-duna-jornada-vela-adaptada-port-sitges\\\/\"]}]},{\"@type\":\"ImageObject\",\"inLanguage\":\"ca\",\"@id\":\"https:\\\/\\\/www.portdesitges.com\\\/ca\\\/integrants-fs-castelldefels-pc-gaudeixen-duna-jornada-vela-adaptada-port-sitges\\\/#primaryimage\",\"url\":\"https:\\\/\\\/www.portdesitges.com\\\/wp-content\\\/uploads\\\/2017\\\/11\\\/VELAADAPTADAP-300.jpg\",\"contentUrl\":\"https:\\\/\\\/www.portdesitges.com\\\/wp-content\\\/uploads\\\/2017\\\/11\\\/VELAADAPTADAP-300.jpg\",\"width\":301,\"height\":300},{\"@type\":\"BreadcrumbList\",\"@id\":\"https:\\\/\\\/www.portdesitges.com\\\/ca\\\/integrants-fs-castelldefels-pc-gaudeixen-duna-jornada-vela-adaptada-port-sitges\\\/#breadcrumb\",\"itemListElement\":[{\"@type\":\"ListItem\",\"position\":1,\"name\":\"Portada\",\"item\":\"https:\\\/\\\/www.portdesitges.com\\\/ca\\\/\"},{\"@type\":\"ListItem\",\"position\":2,\"name\":\"Els integrants del FS Castelldefels PC gaudeixen d\u2019una jornada de vela adaptada al Port de Sitges\"}]},{\"@type\":\"WebSite\",\"@id\":\"https:\\\/\\\/www.portdesitges.com\\\/#website\",\"url\":\"https:\\\/\\\/www.portdesitges.com\\\/\",\"name\":\"Port de Sitges - Aiguadol\u00e7\",\"description\":\"lugar donde el mar y la tierra se dan de la mano para crear un espacio \u00fanico y atractivo. Disfruta de un mar de experiencias.\",\"potentialAction\":[{\"@type\":\"SearchAction\",\"target\":{\"@type\":\"EntryPoint\",\"urlTemplate\":\"https:\\\/\\\/www.portdesitges.com\\\/?s={search_term_string}\"},\"query-input\":{\"@type\":\"PropertyValueSpecification\",\"valueRequired\":true,\"valueName\":\"search_term_string\"}}],\"inLanguage\":\"ca\"},{\"@type\":\"Person\",\"@id\":\"https:\\\/\\\/www.portdesitges.com\\\/#\\\/schema\\\/person\\\/be98f3191d6c7bb6ccddc2e0ac4d861f\",\"name\":\"S\u00f2nia Felip\",\"image\":{\"@type\":\"ImageObject\",\"inLanguage\":\"ca\",\"@id\":\"https:\\\/\\\/secure.gravatar.com\\\/avatar\\\/3f5abf961091eed8bea1ba4a0fb5f78e0c728f907fe0cf722e81af4aa82939db?s=96&d=mm&r=g\",\"url\":\"https:\\\/\\\/secure.gravatar.com\\\/avatar\\\/3f5abf961091eed8bea1ba4a0fb5f78e0c728f907fe0cf722e81af4aa82939db?s=96&d=mm&r=g\",\"contentUrl\":\"https:\\\/\\\/secure.gravatar.com\\\/avatar\\\/3f5abf961091eed8bea1ba4a0fb5f78e0c728f907fe0cf722e81af4aa82939db?s=96&d=mm&r=g\",\"caption\":\"S\u00f2nia Felip\"},\"url\":\"https:\\\/\\\/www.portdesitges.com\\\/ca\\\/author\\\/sonia\\\/\"}]}<\/script>\n<!-- \/ Yoast SEO plugin. -->","yoast_head_json":{"title":"Els integrants del FS Castelldefels PC gaudeixen d\u2019una jornada de vela adaptada al Port de Sitges - Port de Sitges - Aiguadol\u00e7","robots":{"index":"index","follow":"follow","max-snippet":"max-snippet:-1","max-image-preview":"max-image-preview:large","max-video-preview":"max-video-preview:-1"},"canonical":"https:\/\/www.portdesitges.com\/ca\/integrants-fs-castelldefels-pc-gaudeixen-duna-jornada-vela-adaptada-port-sitges\/","og_locale":"ca_ES","og_type":"article","og_title":"Els integrants del FS Castelldefels PC gaudeixen d\u2019una jornada de vela adaptada al Port de Sitges - Port de Sitges - Aiguadol\u00e7","og_url":"https:\/\/www.portdesitges.com\/ca\/integrants-fs-castelldefels-pc-gaudeixen-duna-jornada-vela-adaptada-port-sitges\/","og_site_name":"Port de Sitges - Aiguadol\u00e7","article_published_time":"2017-11-29T18:37:51+00:00","og_image":[{"width":301,"height":300,"url":"https:\/\/www.portdesitges.com\/wp-content\/uploads\/2017\/11\/VELAADAPTADAP-300.jpg","type":"image\/jpeg"}],"author":"S\u00f2nia Felip","twitter_card":"summary_large_image","twitter_misc":{"Escrit per":"S\u00f2nia Felip","Temps estimat de lectura":"1 minut"},"schema":{"@context":"https:\/\/schema.org","@graph":[{"@type":"Article","@id":"https:\/\/www.portdesitges.com\/ca\/integrants-fs-castelldefels-pc-gaudeixen-duna-jornada-vela-adaptada-port-sitges\/#article","isPartOf":{"@id":"https:\/\/www.portdesitges.com\/ca\/integrants-fs-castelldefels-pc-gaudeixen-duna-jornada-vela-adaptada-port-sitges\/"},"author":{"name":"S\u00f2nia Felip","@id":"https:\/\/www.portdesitges.com\/#\/schema\/person\/be98f3191d6c7bb6ccddc2e0ac4d861f"},"headline":"Els integrants del FS Castelldefels PC gaudeixen d\u2019una jornada de vela adaptada al Port de Sitges","datePublished":"2017-11-29T18:37:51+00:00","mainEntityOfPage":{"@id":"https:\/\/www.portdesitges.com\/ca\/integrants-fs-castelldefels-pc-gaudeixen-duna-jornada-vela-adaptada-port-sitges\/"},"wordCount":270,"image":{"@id":"https:\/\/www.portdesitges.com\/ca\/integrants-fs-castelldefels-pc-gaudeixen-duna-jornada-vela-adaptada-port-sitges\/#primaryimage"},"thumbnailUrl":"https:\/\/www.portdesitges.com\/wp-content\/uploads\/2017\/11\/VELAADAPTADAP-300.jpg","inLanguage":"ca"},{"@type":"WebPage","@id":"https:\/\/www.portdesitges.com\/ca\/integrants-fs-castelldefels-pc-gaudeixen-duna-jornada-vela-adaptada-port-sitges\/","url":"https:\/\/www.portdesitges.com\/ca\/integrants-fs-castelldefels-pc-gaudeixen-duna-jornada-vela-adaptada-port-sitges\/","name":"Els integrants del FS Castelldefels PC gaudeixen d\u2019una jornada de vela adaptada al Port de Sitges - Port de Sitges - Aiguadol\u00e7","isPartOf":{"@id":"https:\/\/www.portdesitges.com\/#website"},"primaryImageOfPage":{"@id":"https:\/\/www.portdesitges.com\/ca\/integrants-fs-castelldefels-pc-gaudeixen-duna-jornada-vela-adaptada-port-sitges\/#primaryimage"},"image":{"@id":"https:\/\/www.portdesitges.com\/ca\/integrants-fs-castelldefels-pc-gaudeixen-duna-jornada-vela-adaptada-port-sitges\/#primaryimage"},"thumbnailUrl":"https:\/\/www.portdesitges.com\/wp-content\/uploads\/2017\/11\/VELAADAPTADAP-300.jpg","datePublished":"2017-11-29T18:37:51+00:00","author":{"@id":"https:\/\/www.portdesitges.com\/#\/schema\/person\/be98f3191d6c7bb6ccddc2e0ac4d861f"},"breadcrumb":{"@id":"https:\/\/www.portdesitges.com\/ca\/integrants-fs-castelldefels-pc-gaudeixen-duna-jornada-vela-adaptada-port-sitges\/#breadcrumb"},"inLanguage":"ca","potentialAction":[{"@type":"ReadAction","target":["https:\/\/www.portdesitges.com\/ca\/integrants-fs-castelldefels-pc-gaudeixen-duna-jornada-vela-adaptada-port-sitges\/"]}]},{"@type":"ImageObject","inLanguage":"ca","@id":"https:\/\/www.portdesitges.com\/ca\/integrants-fs-castelldefels-pc-gaudeixen-duna-jornada-vela-adaptada-port-sitges\/#primaryimage","url":"https:\/\/www.portdesitges.com\/wp-content\/uploads\/2017\/11\/VELAADAPTADAP-300.jpg","contentUrl":"https:\/\/www.portdesitges.com\/wp-content\/uploads\/2017\/11\/VELAADAPTADAP-300.jpg","width":301,"height":300},{"@type":"BreadcrumbList","@id":"https:\/\/www.portdesitges.com\/ca\/integrants-fs-castelldefels-pc-gaudeixen-duna-jornada-vela-adaptada-port-sitges\/#breadcrumb","itemListElement":[{"@type":"ListItem","position":1,"name":"Portada","item":"https:\/\/www.portdesitges.com\/ca\/"},{"@type":"ListItem","position":2,"name":"Els integrants del FS Castelldefels PC gaudeixen d\u2019una jornada de vela adaptada al Port de Sitges"}]},{"@type":"WebSite","@id":"https:\/\/www.portdesitges.com\/#website","url":"https:\/\/www.portdesitges.com\/","name":"Port de Sitges - Aiguadol\u00e7","description":"lugar donde el mar y la tierra se dan de la mano para crear un espacio \u00fanico y atractivo. Disfruta de un mar de experiencias.","potentialAction":[{"@type":"SearchAction","target":{"@type":"EntryPoint","urlTemplate":"https:\/\/www.portdesitges.com\/?s={search_term_string}"},"query-input":{"@type":"PropertyValueSpecification","valueRequired":true,"valueName":"search_term_string"}}],"inLanguage":"ca"},{"@type":"Person","@id":"https:\/\/www.portdesitges.com\/#\/schema\/person\/be98f3191d6c7bb6ccddc2e0ac4d861f","name":"S\u00f2nia Felip","image":{"@type":"ImageObject","inLanguage":"ca","@id":"https:\/\/secure.gravatar.com\/avatar\/3f5abf961091eed8bea1ba4a0fb5f78e0c728f907fe0cf722e81af4aa82939db?s=96&d=mm&r=g","url":"https:\/\/secure.gravatar.com\/avatar\/3f5abf961091eed8bea1ba4a0fb5f78e0c728f907fe0cf722e81af4aa82939db?s=96&d=mm&r=g","contentUrl":"https:\/\/secure.gravatar.com\/avatar\/3f5abf961091eed8bea1ba4a0fb5f78e0c728f907fe0cf722e81af4aa82939db?s=96&d=mm&r=g","caption":"S\u00f2nia Felip"},"url":"https:\/\/www.portdesitges.com\/ca\/author\/sonia\/"}]}},"_links":{"self":[{"href":"https:\/\/www.portdesitges.com\/ca\/wp-json\/wp\/v2\/posts\/5784","targetHints":{"allow":["GET"]}}],"collection":[{"href":"https:\/\/www.portdesitges.com\/ca\/wp-json\/wp\/v2\/posts"}],"about":[{"href":"https:\/\/www.portdesitges.com\/ca\/wp-json\/wp\/v2\/types\/post"}],"author":[{"embeddable":true,"href":"https:\/\/www.portdesitges.com\/ca\/wp-json\/wp\/v2\/users\/3"}],"replies":[{"embeddable":true,"href":"https:\/\/www.portdesitges.com\/ca\/wp-json\/wp\/v2\/comments?post=5784"}],"version-history":[{"count":0,"href":"https:\/\/www.portdesitges.com\/ca\/wp-json\/wp\/v2\/posts\/5784\/revisions"}],"wp:featuredmedia":[{"embeddable":true,"href":"https:\/\/www.portdesitges.com\/ca\/wp-json\/wp\/v2\/media\/5786"}],"wp:attachment":[{"href":"https:\/\/www.portdesitges.com\/ca\/wp-json\/wp\/v2\/media?parent=5784"}],"wp:term":[{"taxonomy":"category","embeddable":true,"href":"https:\/\/www.portdesitges.com\/ca\/wp-json\/wp\/v2\/categories?post=5784"},{"taxonomy":"post_tag","embeddable":true,"href":"https:\/\/www.portdesitges.com\/ca\/wp-json\/wp\/v2\/tags?post=5784"}],"curies":[{"name":"wp","href":"https:\/\/api.w.org\/{rel}","templated":true}]}}