{"id":577,"date":"2014-10-04T09:09:20","date_gmt":"2014-10-04T09:09:20","guid":{"rendered":"http:\/\/www.portdesitges.com\/port\/?p=577"},"modified":"2014-10-04T09:09:20","modified_gmt":"2014-10-04T09:09:20","slug":"fiesta-de-inauguracion-del-festival-de-cine-de-sitges-2014","status":"publish","type":"post","link":"https:\/\/www.portdesitges.com\/ca\/fiesta-de-inauguracion-del-festival-de-cine-de-sitges-2014\/","title":{"rendered":"Festa d\u2019inauguraci\u00f3 del Festival de Cinema de Sitges 2014 al Port de Sitges"},"content":{"rendered":"<p><!--more--><\/p>\n<p><strong>Festa d\u2019inauguraci\u00f3 del Festival de Cinema de Sitges 2014 al Port de Sitges<\/strong><\/p>\n<p><em>Van assistir 700 convidats entre els quals destacaven noms com Jaume Balaguer\u00f3, Manuela Velasco, Rodirgo Cort\u00e9s, Judit Masc\u00f3 entre molts altres.<\/em><\/p>\n<p>El Port de Sitges-Aiguadol\u00e7 ha acollit un any m\u00e9s la festa d&#8217;inauguraci\u00f3 del Festival Internacional de Cinema Fant\u00e0stic de Sitges 2014. A les 23h, despr\u00e9s de l&#8217;acte d&#8217;obertura oficial del Festival, es va realitzar al port el sopar d&#8217;inauguraci\u00f3 al que van assistir uns 700 convidats, entre els quals es trobaven diverses celebritys com l&#8217;equip de REC4 amb Jaume Balaguer\u00f3 i Manuela Velasco com a protagonistes, tamb\u00e9 van assistir Rodrigo Cort\u00e9s, Manuela Vell\u00e9s, Gabino Diego, Judit Masc\u00f3, Alex de la Iglesia, Hugo Silva i Franco Nero entre molts altres. <\/p>\n<p>El sopar va estar organitzat pel Port de Sitges amb la col\u00b7laboraci\u00f3 de tots els restaurants del mateix port que van oferir una molt \u00e0mplia selecci\u00f3 de la seva millor oferta gastron\u00f2mica, aix\u00ed com la col\u00b7laboraci\u00f3 de cellers Torres i del Festival de Cinema. Un iot de 23 metres d&#8217;eslora va servir com a zona vip per alguns dels convidats.<\/p>\n<p><img loading=\"lazy\" decoding=\"async\" class=\"aligncenter wp-image-1317 size-full\" src=\"http:\/\/www.portdesitges.com\/port\/wp-content\/uploads\/2014\/09\/Fiesta-de-Inauguracion-del-Festival-de-Cine-de-Sitges-2014-Port-de-Sitges.jpg\" alt=\"Fiesta de Inauguraci\u00f3n del Festival de Cine de Sitges 2014 - Port de Sitges\" width=\"400\" height=\"300\" srcset=\"https:\/\/www.portdesitges.com\/wp-content\/uploads\/2014\/09\/Fiesta-de-Inauguracion-del-Festival-de-Cine-de-Sitges-2014-Port-de-Sitges.jpg 400w, https:\/\/www.portdesitges.com\/wp-content\/uploads\/2014\/09\/Fiesta-de-Inauguracion-del-Festival-de-Cine-de-Sitges-2014-Port-de-Sitges-300x225.jpg 300w\" sizes=\"auto, (max-width: 400px) 100vw, 400px\" \/><\/p>\n<p>&nbsp;<\/p>\n","protected":false},"excerpt":{"rendered":"Festa d\u2019inauguraci\u00f3 del Festival de Cinema de Sitges 2014 al Port de Sitges Van assistir 700 convidats entre els quals destacaven noms com Jaume Balaguer\u00f3, Manuela Velasco, Rodirgo Cort\u00e9s, Judit...","protected":false},"author":2,"featured_media":1319,"comment_status":"closed","ping_status":"closed","sticky":false,"template":"","format":"standard","meta":{"footnotes":""},"categories":[],"tags":[],"class_list":["post-577","post","type-post","status-publish","format-standard","has-post-thumbnail"],"yoast_head":"<!-- This site is optimized with the Yoast SEO plugin v27.3 - https:\/\/yoast.com\/product\/yoast-seo-wordpress\/ -->\n<title>Festa d\u2019inauguraci\u00f3 del Festival de Cinema de Sitges 2014 al Port de Sitges - Port de Sitges - Aiguadol\u00e7<\/title>\n<meta name=\"robots\" content=\"index, follow, max-snippet:-1, max-image-preview:large, max-video-preview:-1\" \/>\n<link rel=\"canonical\" href=\"https:\/\/www.portdesitges.com\/ca\/fiesta-de-inauguracion-del-festival-de-cine-de-sitges-2014\/\" \/>\n<meta property=\"og:locale\" content=\"ca_ES\" \/>\n<meta property=\"og:type\" content=\"article\" \/>\n<meta property=\"og:title\" content=\"Festa d\u2019inauguraci\u00f3 del Festival de Cinema de Sitges 2014 al Port de Sitges - Port de Sitges - Aiguadol\u00e7\" \/>\n<meta property=\"og:url\" content=\"https:\/\/www.portdesitges.com\/ca\/fiesta-de-inauguracion-del-festival-de-cine-de-sitges-2014\/\" \/>\n<meta property=\"og:site_name\" content=\"Port de Sitges - Aiguadol\u00e7\" \/>\n<meta property=\"article:published_time\" content=\"2014-10-04T09:09:20+00:00\" \/>\n<meta property=\"og:image\" content=\"https:\/\/www.portdesitges.com\/wp-content\/uploads\/2014\/09\/Fiesta-de-Inauguracion-del-Festival-de-Cine-de-Sitges-2014-Port-de-Sitges-thumb.jpg\" \/>\n\t<meta property=\"og:image:width\" content=\"300\" \/>\n\t<meta property=\"og:image:height\" content=\"300\" \/>\n\t<meta property=\"og:image:type\" content=\"image\/jpeg\" \/>\n<meta name=\"author\" content=\"portsitg\" \/>\n<meta name=\"twitter:card\" content=\"summary_large_image\" \/>\n<meta name=\"twitter:label1\" content=\"Escrit per\" \/>\n\t<meta name=\"twitter:data1\" content=\"portsitg\" \/>\n\t<meta name=\"twitter:label2\" content=\"Temps estimat de lectura\" \/>\n\t<meta name=\"twitter:data2\" content=\"1 minut\" \/>\n<script type=\"application\/ld+json\" class=\"yoast-schema-graph\">{\"@context\":\"https:\\\/\\\/schema.org\",\"@graph\":[{\"@type\":\"Article\",\"@id\":\"https:\\\/\\\/www.portdesitges.com\\\/ca\\\/fiesta-de-inauguracion-del-festival-de-cine-de-sitges-2014\\\/#article\",\"isPartOf\":{\"@id\":\"https:\\\/\\\/www.portdesitges.com\\\/ca\\\/fiesta-de-inauguracion-del-festival-de-cine-de-sitges-2014\\\/\"},\"author\":{\"name\":\"portsitg\",\"@id\":\"https:\\\/\\\/www.portdesitges.com\\\/#\\\/schema\\\/person\\\/a9e788079fa8154d434e3acb5cc9a560\"},\"headline\":\"Festa d\u2019inauguraci\u00f3 del Festival de Cinema de Sitges 2014 al Port de Sitges\",\"datePublished\":\"2014-10-04T09:09:20+00:00\",\"mainEntityOfPage\":{\"@id\":\"https:\\\/\\\/www.portdesitges.com\\\/ca\\\/fiesta-de-inauguracion-del-festival-de-cine-de-sitges-2014\\\/\"},\"wordCount\":208,\"image\":{\"@id\":\"https:\\\/\\\/www.portdesitges.com\\\/ca\\\/fiesta-de-inauguracion-del-festival-de-cine-de-sitges-2014\\\/#primaryimage\"},\"thumbnailUrl\":\"https:\\\/\\\/www.portdesitges.com\\\/wp-content\\\/uploads\\\/2014\\\/09\\\/Fiesta-de-Inauguracion-del-Festival-de-Cine-de-Sitges-2014-Port-de-Sitges-thumb.jpg\",\"inLanguage\":\"ca\"},{\"@type\":\"WebPage\",\"@id\":\"https:\\\/\\\/www.portdesitges.com\\\/ca\\\/fiesta-de-inauguracion-del-festival-de-cine-de-sitges-2014\\\/\",\"url\":\"https:\\\/\\\/www.portdesitges.com\\\/ca\\\/fiesta-de-inauguracion-del-festival-de-cine-de-sitges-2014\\\/\",\"name\":\"Festa d\u2019inauguraci\u00f3 del Festival de Cinema de Sitges 2014 al Port de Sitges - Port de Sitges - Aiguadol\u00e7\",\"isPartOf\":{\"@id\":\"https:\\\/\\\/www.portdesitges.com\\\/#website\"},\"primaryImageOfPage\":{\"@id\":\"https:\\\/\\\/www.portdesitges.com\\\/ca\\\/fiesta-de-inauguracion-del-festival-de-cine-de-sitges-2014\\\/#primaryimage\"},\"image\":{\"@id\":\"https:\\\/\\\/www.portdesitges.com\\\/ca\\\/fiesta-de-inauguracion-del-festival-de-cine-de-sitges-2014\\\/#primaryimage\"},\"thumbnailUrl\":\"https:\\\/\\\/www.portdesitges.com\\\/wp-content\\\/uploads\\\/2014\\\/09\\\/Fiesta-de-Inauguracion-del-Festival-de-Cine-de-Sitges-2014-Port-de-Sitges-thumb.jpg\",\"datePublished\":\"2014-10-04T09:09:20+00:00\",\"author\":{\"@id\":\"https:\\\/\\\/www.portdesitges.com\\\/#\\\/schema\\\/person\\\/a9e788079fa8154d434e3acb5cc9a560\"},\"breadcrumb\":{\"@id\":\"https:\\\/\\\/www.portdesitges.com\\\/ca\\\/fiesta-de-inauguracion-del-festival-de-cine-de-sitges-2014\\\/#breadcrumb\"},\"inLanguage\":\"ca\",\"potentialAction\":[{\"@type\":\"ReadAction\",\"target\":[\"https:\\\/\\\/www.portdesitges.com\\\/ca\\\/fiesta-de-inauguracion-del-festival-de-cine-de-sitges-2014\\\/\"]}]},{\"@type\":\"ImageObject\",\"inLanguage\":\"ca\",\"@id\":\"https:\\\/\\\/www.portdesitges.com\\\/ca\\\/fiesta-de-inauguracion-del-festival-de-cine-de-sitges-2014\\\/#primaryimage\",\"url\":\"https:\\\/\\\/www.portdesitges.com\\\/wp-content\\\/uploads\\\/2014\\\/09\\\/Fiesta-de-Inauguracion-del-Festival-de-Cine-de-Sitges-2014-Port-de-Sitges-thumb.jpg\",\"contentUrl\":\"https:\\\/\\\/www.portdesitges.com\\\/wp-content\\\/uploads\\\/2014\\\/09\\\/Fiesta-de-Inauguracion-del-Festival-de-Cine-de-Sitges-2014-Port-de-Sitges-thumb.jpg\",\"width\":300,\"height\":300},{\"@type\":\"BreadcrumbList\",\"@id\":\"https:\\\/\\\/www.portdesitges.com\\\/ca\\\/fiesta-de-inauguracion-del-festival-de-cine-de-sitges-2014\\\/#breadcrumb\",\"itemListElement\":[{\"@type\":\"ListItem\",\"position\":1,\"name\":\"Portada\",\"item\":\"https:\\\/\\\/www.portdesitges.com\\\/ca\\\/\"},{\"@type\":\"ListItem\",\"position\":2,\"name\":\"Festa d\u2019inauguraci\u00f3 del Festival de Cinema de Sitges 2014 al Port de Sitges\"}]},{\"@type\":\"WebSite\",\"@id\":\"https:\\\/\\\/www.portdesitges.com\\\/#website\",\"url\":\"https:\\\/\\\/www.portdesitges.com\\\/\",\"name\":\"Port de Sitges - Aiguadol\u00e7\",\"description\":\"lugar donde el mar y la tierra se dan de la mano para crear un espacio \u00fanico y atractivo. Disfruta de un mar de experiencias.\",\"potentialAction\":[{\"@type\":\"SearchAction\",\"target\":{\"@type\":\"EntryPoint\",\"urlTemplate\":\"https:\\\/\\\/www.portdesitges.com\\\/?s={search_term_string}\"},\"query-input\":{\"@type\":\"PropertyValueSpecification\",\"valueRequired\":true,\"valueName\":\"search_term_string\"}}],\"inLanguage\":\"ca\"},{\"@type\":\"Person\",\"@id\":\"https:\\\/\\\/www.portdesitges.com\\\/#\\\/schema\\\/person\\\/a9e788079fa8154d434e3acb5cc9a560\",\"name\":\"portsitg\",\"image\":{\"@type\":\"ImageObject\",\"inLanguage\":\"ca\",\"@id\":\"https:\\\/\\\/secure.gravatar.com\\\/avatar\\\/3859401686883dbd8076c2e625e0365be0dfac18bea72e75083833b81bf7c3a7?s=96&d=mm&r=g\",\"url\":\"https:\\\/\\\/secure.gravatar.com\\\/avatar\\\/3859401686883dbd8076c2e625e0365be0dfac18bea72e75083833b81bf7c3a7?s=96&d=mm&r=g\",\"contentUrl\":\"https:\\\/\\\/secure.gravatar.com\\\/avatar\\\/3859401686883dbd8076c2e625e0365be0dfac18bea72e75083833b81bf7c3a7?s=96&d=mm&r=g\",\"caption\":\"portsitg\"},\"url\":\"https:\\\/\\\/www.portdesitges.com\\\/ca\\\/author\\\/portsitg\\\/\"}]}<\/script>\n<!-- \/ Yoast SEO plugin. -->","yoast_head_json":{"title":"Festa d\u2019inauguraci\u00f3 del Festival de Cinema de Sitges 2014 al Port de Sitges - Port de Sitges - Aiguadol\u00e7","robots":{"index":"index","follow":"follow","max-snippet":"max-snippet:-1","max-image-preview":"max-image-preview:large","max-video-preview":"max-video-preview:-1"},"canonical":"https:\/\/www.portdesitges.com\/ca\/fiesta-de-inauguracion-del-festival-de-cine-de-sitges-2014\/","og_locale":"ca_ES","og_type":"article","og_title":"Festa d\u2019inauguraci\u00f3 del Festival de Cinema de Sitges 2014 al Port de Sitges - Port de Sitges - Aiguadol\u00e7","og_url":"https:\/\/www.portdesitges.com\/ca\/fiesta-de-inauguracion-del-festival-de-cine-de-sitges-2014\/","og_site_name":"Port de Sitges - Aiguadol\u00e7","article_published_time":"2014-10-04T09:09:20+00:00","og_image":[{"width":300,"height":300,"url":"https:\/\/www.portdesitges.com\/wp-content\/uploads\/2014\/09\/Fiesta-de-Inauguracion-del-Festival-de-Cine-de-Sitges-2014-Port-de-Sitges-thumb.jpg","type":"image\/jpeg"}],"author":"portsitg","twitter_card":"summary_large_image","twitter_misc":{"Escrit per":"portsitg","Temps estimat de lectura":"1 minut"},"schema":{"@context":"https:\/\/schema.org","@graph":[{"@type":"Article","@id":"https:\/\/www.portdesitges.com\/ca\/fiesta-de-inauguracion-del-festival-de-cine-de-sitges-2014\/#article","isPartOf":{"@id":"https:\/\/www.portdesitges.com\/ca\/fiesta-de-inauguracion-del-festival-de-cine-de-sitges-2014\/"},"author":{"name":"portsitg","@id":"https:\/\/www.portdesitges.com\/#\/schema\/person\/a9e788079fa8154d434e3acb5cc9a560"},"headline":"Festa d\u2019inauguraci\u00f3 del Festival de Cinema de Sitges 2014 al Port de Sitges","datePublished":"2014-10-04T09:09:20+00:00","mainEntityOfPage":{"@id":"https:\/\/www.portdesitges.com\/ca\/fiesta-de-inauguracion-del-festival-de-cine-de-sitges-2014\/"},"wordCount":208,"image":{"@id":"https:\/\/www.portdesitges.com\/ca\/fiesta-de-inauguracion-del-festival-de-cine-de-sitges-2014\/#primaryimage"},"thumbnailUrl":"https:\/\/www.portdesitges.com\/wp-content\/uploads\/2014\/09\/Fiesta-de-Inauguracion-del-Festival-de-Cine-de-Sitges-2014-Port-de-Sitges-thumb.jpg","inLanguage":"ca"},{"@type":"WebPage","@id":"https:\/\/www.portdesitges.com\/ca\/fiesta-de-inauguracion-del-festival-de-cine-de-sitges-2014\/","url":"https:\/\/www.portdesitges.com\/ca\/fiesta-de-inauguracion-del-festival-de-cine-de-sitges-2014\/","name":"Festa d\u2019inauguraci\u00f3 del Festival de Cinema de Sitges 2014 al Port de Sitges - Port de Sitges - Aiguadol\u00e7","isPartOf":{"@id":"https:\/\/www.portdesitges.com\/#website"},"primaryImageOfPage":{"@id":"https:\/\/www.portdesitges.com\/ca\/fiesta-de-inauguracion-del-festival-de-cine-de-sitges-2014\/#primaryimage"},"image":{"@id":"https:\/\/www.portdesitges.com\/ca\/fiesta-de-inauguracion-del-festival-de-cine-de-sitges-2014\/#primaryimage"},"thumbnailUrl":"https:\/\/www.portdesitges.com\/wp-content\/uploads\/2014\/09\/Fiesta-de-Inauguracion-del-Festival-de-Cine-de-Sitges-2014-Port-de-Sitges-thumb.jpg","datePublished":"2014-10-04T09:09:20+00:00","author":{"@id":"https:\/\/www.portdesitges.com\/#\/schema\/person\/a9e788079fa8154d434e3acb5cc9a560"},"breadcrumb":{"@id":"https:\/\/www.portdesitges.com\/ca\/fiesta-de-inauguracion-del-festival-de-cine-de-sitges-2014\/#breadcrumb"},"inLanguage":"ca","potentialAction":[{"@type":"ReadAction","target":["https:\/\/www.portdesitges.com\/ca\/fiesta-de-inauguracion-del-festival-de-cine-de-sitges-2014\/"]}]},{"@type":"ImageObject","inLanguage":"ca","@id":"https:\/\/www.portdesitges.com\/ca\/fiesta-de-inauguracion-del-festival-de-cine-de-sitges-2014\/#primaryimage","url":"https:\/\/www.portdesitges.com\/wp-content\/uploads\/2014\/09\/Fiesta-de-Inauguracion-del-Festival-de-Cine-de-Sitges-2014-Port-de-Sitges-thumb.jpg","contentUrl":"https:\/\/www.portdesitges.com\/wp-content\/uploads\/2014\/09\/Fiesta-de-Inauguracion-del-Festival-de-Cine-de-Sitges-2014-Port-de-Sitges-thumb.jpg","width":300,"height":300},{"@type":"BreadcrumbList","@id":"https:\/\/www.portdesitges.com\/ca\/fiesta-de-inauguracion-del-festival-de-cine-de-sitges-2014\/#breadcrumb","itemListElement":[{"@type":"ListItem","position":1,"name":"Portada","item":"https:\/\/www.portdesitges.com\/ca\/"},{"@type":"ListItem","position":2,"name":"Festa d\u2019inauguraci\u00f3 del Festival de Cinema de Sitges 2014 al Port de Sitges"}]},{"@type":"WebSite","@id":"https:\/\/www.portdesitges.com\/#website","url":"https:\/\/www.portdesitges.com\/","name":"Port de Sitges - Aiguadol\u00e7","description":"lugar donde el mar y la tierra se dan de la mano para crear un espacio \u00fanico y atractivo. Disfruta de un mar de experiencias.","potentialAction":[{"@type":"SearchAction","target":{"@type":"EntryPoint","urlTemplate":"https:\/\/www.portdesitges.com\/?s={search_term_string}"},"query-input":{"@type":"PropertyValueSpecification","valueRequired":true,"valueName":"search_term_string"}}],"inLanguage":"ca"},{"@type":"Person","@id":"https:\/\/www.portdesitges.com\/#\/schema\/person\/a9e788079fa8154d434e3acb5cc9a560","name":"portsitg","image":{"@type":"ImageObject","inLanguage":"ca","@id":"https:\/\/secure.gravatar.com\/avatar\/3859401686883dbd8076c2e625e0365be0dfac18bea72e75083833b81bf7c3a7?s=96&d=mm&r=g","url":"https:\/\/secure.gravatar.com\/avatar\/3859401686883dbd8076c2e625e0365be0dfac18bea72e75083833b81bf7c3a7?s=96&d=mm&r=g","contentUrl":"https:\/\/secure.gravatar.com\/avatar\/3859401686883dbd8076c2e625e0365be0dfac18bea72e75083833b81bf7c3a7?s=96&d=mm&r=g","caption":"portsitg"},"url":"https:\/\/www.portdesitges.com\/ca\/author\/portsitg\/"}]}},"_links":{"self":[{"href":"https:\/\/www.portdesitges.com\/ca\/wp-json\/wp\/v2\/posts\/577","targetHints":{"allow":["GET"]}}],"collection":[{"href":"https:\/\/www.portdesitges.com\/ca\/wp-json\/wp\/v2\/posts"}],"about":[{"href":"https:\/\/www.portdesitges.com\/ca\/wp-json\/wp\/v2\/types\/post"}],"author":[{"embeddable":true,"href":"https:\/\/www.portdesitges.com\/ca\/wp-json\/wp\/v2\/users\/2"}],"replies":[{"embeddable":true,"href":"https:\/\/www.portdesitges.com\/ca\/wp-json\/wp\/v2\/comments?post=577"}],"version-history":[{"count":0,"href":"https:\/\/www.portdesitges.com\/ca\/wp-json\/wp\/v2\/posts\/577\/revisions"}],"wp:featuredmedia":[{"embeddable":true,"href":"https:\/\/www.portdesitges.com\/ca\/wp-json\/wp\/v2\/media\/1319"}],"wp:attachment":[{"href":"https:\/\/www.portdesitges.com\/ca\/wp-json\/wp\/v2\/media?parent=577"}],"wp:term":[{"taxonomy":"category","embeddable":true,"href":"https:\/\/www.portdesitges.com\/ca\/wp-json\/wp\/v2\/categories?post=577"},{"taxonomy":"post_tag","embeddable":true,"href":"https:\/\/www.portdesitges.com\/ca\/wp-json\/wp\/v2\/tags?post=577"}],"curies":[{"name":"wp","href":"https:\/\/api.w.org\/{rel}","templated":true}]}}