{"id":5765,"date":"2017-10-19T11:16:09","date_gmt":"2017-10-19T11:16:09","guid":{"rendered":"http:\/\/www.portdesitges.com\/?p=5765"},"modified":"2017-10-19T11:16:09","modified_gmt":"2017-10-19T11:16:09","slug":"presentacio-regata-sitges-ciutadella-salo-nautic-bcn","status":"publish","type":"post","link":"https:\/\/www.portdesitges.com\/ca\/presentacio-regata-sitges-ciutadella-salo-nautic-bcn\/","title":{"rendered":"Presentaci\u00f3 de la Regata Sitges-Ciutadella en el Sal\u00f3 N\u00e0utic de BCN"},"content":{"rendered":"<p><!--more--><\/p>\n<p>&nbsp;<\/p>\n<p><em>El Port de Sitges-Aiguadol\u00e7 acull la sortida de la regata aix\u00ed com la festa pr\u00e8via a la mateixa <\/em><\/p>\n<p>Durant el passat Sal\u00f3 N\u00e0utic de Barcelona es va presentar la Regata Sitges Ciutadella 2018, la prova de navegaci\u00f3 d&#8217;altura mediterr\u00e0nia aquest any partir\u00e0 del Port de Sitges-Aiguadol\u00e7 el proper 15 de juny amb destinaci\u00f3 als pantalans del Club N\u00e0utic Ciutadella. El Port de Sitges acull la sortida de la regata aix\u00ed com la festa pr\u00e8via a la mateixa.<\/p>\n<p style=\"text-align: center;\"><a href=\"http:\/\/www.portdesitges.com\/port\/wp-content\/uploads\/2017\/10\/Sitges-Sal\u00f3.jpg\"><img loading=\"lazy\" decoding=\"async\" class=\"alignnone size-medium wp-image-5766\" src=\"http:\/\/www.portdesitges.com\/port\/wp-content\/uploads\/2017\/10\/Sitges-Sal\u00f3-300x169.jpg\" alt=\"\" width=\"300\" height=\"169\" srcset=\"https:\/\/www.portdesitges.com\/wp-content\/uploads\/2017\/10\/Sitges-Sal\u00f3-300x169.jpg 300w, https:\/\/www.portdesitges.com\/wp-content\/uploads\/2017\/10\/Sitges-Sal\u00f3.jpg 711w\" sizes=\"auto, (max-width: 300px) 100vw, 300px\" \/><\/a> <a href=\"http:\/\/www.portdesitges.com\/port\/wp-content\/uploads\/2017\/10\/Sitges-Sal\u00f3-1.jpg\"><img loading=\"lazy\" decoding=\"async\" class=\"alignnone size-medium wp-image-5767\" src=\"http:\/\/www.portdesitges.com\/port\/wp-content\/uploads\/2017\/10\/Sitges-Sal\u00f3-1-300x169.jpg\" alt=\"\" width=\"300\" height=\"169\" srcset=\"https:\/\/www.portdesitges.com\/wp-content\/uploads\/2017\/10\/Sitges-Sal\u00f3-1-300x169.jpg 300w, https:\/\/www.portdesitges.com\/wp-content\/uploads\/2017\/10\/Sitges-Sal\u00f3-1.jpg 711w\" sizes=\"auto, (max-width: 300px) 100vw, 300px\" \/><\/a><\/p>\n<p>El gerent del CN Ciutadella, Mat\u00edas Campins, va donar la benvinguda als regatistes i els va animar a participar de nou en aquesta prova que serveix de pont mar\u00edtim de dues ciutats emblem\u00e0tiques i creatives del Mediterrani, com s\u00f3n Sitges i Ciutadella. Mat\u00edas Campins va assenyalar que hi ha un agermanament entre ambdues poblacions gr\u00e0cies a aquesta regata, la qual cosa fa que \u2018els acosti tant en l&#8217;aspecte cultural com a esportiu, en ser l&#8217;\u00fanica regata que uneix un port peninsular amb el seu, com a meta d&#8217;arribada\u2019. Antonio Franco, de Port de Sitges-Aiguadol\u00e7 va ratificar aquest agermanament, i va manifestar que estan molt identificats amb la regata i que \u2018en ser el port de sortida amb destinaci\u00f3 Ciutadella, \u00e9s una prova que evidencia l&#8217;afecte per l&#8217;ess\u00e8ncia menorquina que es viu ja des de la sortida\u2019.<\/p>\n<p>Enrique Curt va afirmar que l&#8217;actiu cultural i art\u00edstic de la regata queda constatat en el fet que el premi al vencedor absolut de la prova sigui cada any una obra pict\u00f2rica, realitzada pel reconegut artista menorqu\u00ed Pepe Torrent Viv\u00f3, \u2018quadre que \u00e9s lliurat a l&#8217;armador de la tripulaci\u00f3 guanyadora\u2019.<\/p>\n","protected":false},"excerpt":{"rendered":"&nbsp; El Port de Sitges-Aiguadol\u00e7 acull la sortida de la regata aix\u00ed com la festa pr\u00e8via a la mateixa Durant el passat Sal\u00f3 N\u00e0utic de Barcelona es va presentar la...","protected":false},"author":3,"featured_media":5768,"comment_status":"closed","ping_status":"closed","sticky":false,"template":"","format":"standard","meta":{"footnotes":""},"categories":[],"tags":[],"class_list":["post-5765","post","type-post","status-publish","format-standard","has-post-thumbnail"],"yoast_head":"<!-- This site is optimized with the Yoast SEO plugin v27.3 - https:\/\/yoast.com\/product\/yoast-seo-wordpress\/ -->\n<title>Presentaci\u00f3 de la Regata Sitges-Ciutadella en el Sal\u00f3 N\u00e0utic de BCN - Port de Sitges - Aiguadol\u00e7<\/title>\n<meta name=\"robots\" content=\"index, follow, max-snippet:-1, max-image-preview:large, max-video-preview:-1\" \/>\n<link rel=\"canonical\" href=\"https:\/\/www.portdesitges.com\/ca\/presentacio-regata-sitges-ciutadella-salo-nautic-bcn\/\" \/>\n<meta property=\"og:locale\" content=\"ca_ES\" \/>\n<meta property=\"og:type\" content=\"article\" \/>\n<meta property=\"og:title\" content=\"Presentaci\u00f3 de la Regata Sitges-Ciutadella en el Sal\u00f3 N\u00e0utic de BCN - Port de Sitges - Aiguadol\u00e7\" \/>\n<meta property=\"og:url\" content=\"https:\/\/www.portdesitges.com\/ca\/presentacio-regata-sitges-ciutadella-salo-nautic-bcn\/\" \/>\n<meta property=\"og:site_name\" content=\"Port de Sitges - Aiguadol\u00e7\" \/>\n<meta property=\"article:published_time\" content=\"2017-10-19T11:16:09+00:00\" \/>\n<meta property=\"og:image\" content=\"https:\/\/www.portdesitges.com\/wp-content\/uploads\/2017\/10\/Sitges-Sal\u00f3-300.jpg\" \/>\n\t<meta property=\"og:image:width\" content=\"301\" \/>\n\t<meta property=\"og:image:height\" content=\"300\" \/>\n\t<meta property=\"og:image:type\" content=\"image\/jpeg\" \/>\n<meta name=\"author\" content=\"S\u00f2nia Felip\" \/>\n<meta name=\"twitter:card\" content=\"summary_large_image\" \/>\n<meta name=\"twitter:label1\" content=\"Escrit per\" \/>\n\t<meta name=\"twitter:data1\" content=\"S\u00f2nia Felip\" \/>\n\t<meta name=\"twitter:label2\" content=\"Temps estimat de lectura\" \/>\n\t<meta name=\"twitter:data2\" content=\"1 minut\" \/>\n<script type=\"application\/ld+json\" class=\"yoast-schema-graph\">{\"@context\":\"https:\\\/\\\/schema.org\",\"@graph\":[{\"@type\":\"Article\",\"@id\":\"https:\\\/\\\/www.portdesitges.com\\\/ca\\\/presentacio-regata-sitges-ciutadella-salo-nautic-bcn\\\/#article\",\"isPartOf\":{\"@id\":\"https:\\\/\\\/www.portdesitges.com\\\/ca\\\/presentacio-regata-sitges-ciutadella-salo-nautic-bcn\\\/\"},\"author\":{\"name\":\"S\u00f2nia Felip\",\"@id\":\"https:\\\/\\\/www.portdesitges.com\\\/#\\\/schema\\\/person\\\/be98f3191d6c7bb6ccddc2e0ac4d861f\"},\"headline\":\"Presentaci\u00f3 de la Regata Sitges-Ciutadella en el Sal\u00f3 N\u00e0utic de BCN\",\"datePublished\":\"2017-10-19T11:16:09+00:00\",\"mainEntityOfPage\":{\"@id\":\"https:\\\/\\\/www.portdesitges.com\\\/ca\\\/presentacio-regata-sitges-ciutadella-salo-nautic-bcn\\\/\"},\"wordCount\":296,\"image\":{\"@id\":\"https:\\\/\\\/www.portdesitges.com\\\/ca\\\/presentacio-regata-sitges-ciutadella-salo-nautic-bcn\\\/#primaryimage\"},\"thumbnailUrl\":\"https:\\\/\\\/www.portdesitges.com\\\/wp-content\\\/uploads\\\/2017\\\/10\\\/Sitges-Sal\u00f3-300.jpg\",\"inLanguage\":\"ca\"},{\"@type\":\"WebPage\",\"@id\":\"https:\\\/\\\/www.portdesitges.com\\\/ca\\\/presentacio-regata-sitges-ciutadella-salo-nautic-bcn\\\/\",\"url\":\"https:\\\/\\\/www.portdesitges.com\\\/ca\\\/presentacio-regata-sitges-ciutadella-salo-nautic-bcn\\\/\",\"name\":\"Presentaci\u00f3 de la Regata Sitges-Ciutadella en el Sal\u00f3 N\u00e0utic de BCN - Port de Sitges - Aiguadol\u00e7\",\"isPartOf\":{\"@id\":\"https:\\\/\\\/www.portdesitges.com\\\/#website\"},\"primaryImageOfPage\":{\"@id\":\"https:\\\/\\\/www.portdesitges.com\\\/ca\\\/presentacio-regata-sitges-ciutadella-salo-nautic-bcn\\\/#primaryimage\"},\"image\":{\"@id\":\"https:\\\/\\\/www.portdesitges.com\\\/ca\\\/presentacio-regata-sitges-ciutadella-salo-nautic-bcn\\\/#primaryimage\"},\"thumbnailUrl\":\"https:\\\/\\\/www.portdesitges.com\\\/wp-content\\\/uploads\\\/2017\\\/10\\\/Sitges-Sal\u00f3-300.jpg\",\"datePublished\":\"2017-10-19T11:16:09+00:00\",\"author\":{\"@id\":\"https:\\\/\\\/www.portdesitges.com\\\/#\\\/schema\\\/person\\\/be98f3191d6c7bb6ccddc2e0ac4d861f\"},\"breadcrumb\":{\"@id\":\"https:\\\/\\\/www.portdesitges.com\\\/ca\\\/presentacio-regata-sitges-ciutadella-salo-nautic-bcn\\\/#breadcrumb\"},\"inLanguage\":\"ca\",\"potentialAction\":[{\"@type\":\"ReadAction\",\"target\":[\"https:\\\/\\\/www.portdesitges.com\\\/ca\\\/presentacio-regata-sitges-ciutadella-salo-nautic-bcn\\\/\"]}]},{\"@type\":\"ImageObject\",\"inLanguage\":\"ca\",\"@id\":\"https:\\\/\\\/www.portdesitges.com\\\/ca\\\/presentacio-regata-sitges-ciutadella-salo-nautic-bcn\\\/#primaryimage\",\"url\":\"https:\\\/\\\/www.portdesitges.com\\\/wp-content\\\/uploads\\\/2017\\\/10\\\/Sitges-Sal\u00f3-300.jpg\",\"contentUrl\":\"https:\\\/\\\/www.portdesitges.com\\\/wp-content\\\/uploads\\\/2017\\\/10\\\/Sitges-Sal\u00f3-300.jpg\",\"width\":301,\"height\":300},{\"@type\":\"BreadcrumbList\",\"@id\":\"https:\\\/\\\/www.portdesitges.com\\\/ca\\\/presentacio-regata-sitges-ciutadella-salo-nautic-bcn\\\/#breadcrumb\",\"itemListElement\":[{\"@type\":\"ListItem\",\"position\":1,\"name\":\"Portada\",\"item\":\"https:\\\/\\\/www.portdesitges.com\\\/ca\\\/\"},{\"@type\":\"ListItem\",\"position\":2,\"name\":\"Presentaci\u00f3 de la Regata Sitges-Ciutadella en el Sal\u00f3 N\u00e0utic de BCN\"}]},{\"@type\":\"WebSite\",\"@id\":\"https:\\\/\\\/www.portdesitges.com\\\/#website\",\"url\":\"https:\\\/\\\/www.portdesitges.com\\\/\",\"name\":\"Port de Sitges - Aiguadol\u00e7\",\"description\":\"lugar donde el mar y la tierra se dan de la mano para crear un espacio \u00fanico y atractivo. Disfruta de un mar de experiencias.\",\"potentialAction\":[{\"@type\":\"SearchAction\",\"target\":{\"@type\":\"EntryPoint\",\"urlTemplate\":\"https:\\\/\\\/www.portdesitges.com\\\/?s={search_term_string}\"},\"query-input\":{\"@type\":\"PropertyValueSpecification\",\"valueRequired\":true,\"valueName\":\"search_term_string\"}}],\"inLanguage\":\"ca\"},{\"@type\":\"Person\",\"@id\":\"https:\\\/\\\/www.portdesitges.com\\\/#\\\/schema\\\/person\\\/be98f3191d6c7bb6ccddc2e0ac4d861f\",\"name\":\"S\u00f2nia Felip\",\"image\":{\"@type\":\"ImageObject\",\"inLanguage\":\"ca\",\"@id\":\"https:\\\/\\\/secure.gravatar.com\\\/avatar\\\/3f5abf961091eed8bea1ba4a0fb5f78e0c728f907fe0cf722e81af4aa82939db?s=96&d=mm&r=g\",\"url\":\"https:\\\/\\\/secure.gravatar.com\\\/avatar\\\/3f5abf961091eed8bea1ba4a0fb5f78e0c728f907fe0cf722e81af4aa82939db?s=96&d=mm&r=g\",\"contentUrl\":\"https:\\\/\\\/secure.gravatar.com\\\/avatar\\\/3f5abf961091eed8bea1ba4a0fb5f78e0c728f907fe0cf722e81af4aa82939db?s=96&d=mm&r=g\",\"caption\":\"S\u00f2nia Felip\"},\"url\":\"https:\\\/\\\/www.portdesitges.com\\\/ca\\\/author\\\/sonia\\\/\"}]}<\/script>\n<!-- \/ Yoast SEO plugin. -->","yoast_head_json":{"title":"Presentaci\u00f3 de la Regata Sitges-Ciutadella en el Sal\u00f3 N\u00e0utic de BCN - Port de Sitges - Aiguadol\u00e7","robots":{"index":"index","follow":"follow","max-snippet":"max-snippet:-1","max-image-preview":"max-image-preview:large","max-video-preview":"max-video-preview:-1"},"canonical":"https:\/\/www.portdesitges.com\/ca\/presentacio-regata-sitges-ciutadella-salo-nautic-bcn\/","og_locale":"ca_ES","og_type":"article","og_title":"Presentaci\u00f3 de la Regata Sitges-Ciutadella en el Sal\u00f3 N\u00e0utic de BCN - Port de Sitges - Aiguadol\u00e7","og_url":"https:\/\/www.portdesitges.com\/ca\/presentacio-regata-sitges-ciutadella-salo-nautic-bcn\/","og_site_name":"Port de Sitges - Aiguadol\u00e7","article_published_time":"2017-10-19T11:16:09+00:00","og_image":[{"width":301,"height":300,"url":"https:\/\/www.portdesitges.com\/wp-content\/uploads\/2017\/10\/Sitges-Sal\u00f3-300.jpg","type":"image\/jpeg"}],"author":"S\u00f2nia Felip","twitter_card":"summary_large_image","twitter_misc":{"Escrit per":"S\u00f2nia Felip","Temps estimat de lectura":"1 minut"},"schema":{"@context":"https:\/\/schema.org","@graph":[{"@type":"Article","@id":"https:\/\/www.portdesitges.com\/ca\/presentacio-regata-sitges-ciutadella-salo-nautic-bcn\/#article","isPartOf":{"@id":"https:\/\/www.portdesitges.com\/ca\/presentacio-regata-sitges-ciutadella-salo-nautic-bcn\/"},"author":{"name":"S\u00f2nia Felip","@id":"https:\/\/www.portdesitges.com\/#\/schema\/person\/be98f3191d6c7bb6ccddc2e0ac4d861f"},"headline":"Presentaci\u00f3 de la Regata Sitges-Ciutadella en el Sal\u00f3 N\u00e0utic de BCN","datePublished":"2017-10-19T11:16:09+00:00","mainEntityOfPage":{"@id":"https:\/\/www.portdesitges.com\/ca\/presentacio-regata-sitges-ciutadella-salo-nautic-bcn\/"},"wordCount":296,"image":{"@id":"https:\/\/www.portdesitges.com\/ca\/presentacio-regata-sitges-ciutadella-salo-nautic-bcn\/#primaryimage"},"thumbnailUrl":"https:\/\/www.portdesitges.com\/wp-content\/uploads\/2017\/10\/Sitges-Sal\u00f3-300.jpg","inLanguage":"ca"},{"@type":"WebPage","@id":"https:\/\/www.portdesitges.com\/ca\/presentacio-regata-sitges-ciutadella-salo-nautic-bcn\/","url":"https:\/\/www.portdesitges.com\/ca\/presentacio-regata-sitges-ciutadella-salo-nautic-bcn\/","name":"Presentaci\u00f3 de la Regata Sitges-Ciutadella en el Sal\u00f3 N\u00e0utic de BCN - Port de Sitges - Aiguadol\u00e7","isPartOf":{"@id":"https:\/\/www.portdesitges.com\/#website"},"primaryImageOfPage":{"@id":"https:\/\/www.portdesitges.com\/ca\/presentacio-regata-sitges-ciutadella-salo-nautic-bcn\/#primaryimage"},"image":{"@id":"https:\/\/www.portdesitges.com\/ca\/presentacio-regata-sitges-ciutadella-salo-nautic-bcn\/#primaryimage"},"thumbnailUrl":"https:\/\/www.portdesitges.com\/wp-content\/uploads\/2017\/10\/Sitges-Sal\u00f3-300.jpg","datePublished":"2017-10-19T11:16:09+00:00","author":{"@id":"https:\/\/www.portdesitges.com\/#\/schema\/person\/be98f3191d6c7bb6ccddc2e0ac4d861f"},"breadcrumb":{"@id":"https:\/\/www.portdesitges.com\/ca\/presentacio-regata-sitges-ciutadella-salo-nautic-bcn\/#breadcrumb"},"inLanguage":"ca","potentialAction":[{"@type":"ReadAction","target":["https:\/\/www.portdesitges.com\/ca\/presentacio-regata-sitges-ciutadella-salo-nautic-bcn\/"]}]},{"@type":"ImageObject","inLanguage":"ca","@id":"https:\/\/www.portdesitges.com\/ca\/presentacio-regata-sitges-ciutadella-salo-nautic-bcn\/#primaryimage","url":"https:\/\/www.portdesitges.com\/wp-content\/uploads\/2017\/10\/Sitges-Sal\u00f3-300.jpg","contentUrl":"https:\/\/www.portdesitges.com\/wp-content\/uploads\/2017\/10\/Sitges-Sal\u00f3-300.jpg","width":301,"height":300},{"@type":"BreadcrumbList","@id":"https:\/\/www.portdesitges.com\/ca\/presentacio-regata-sitges-ciutadella-salo-nautic-bcn\/#breadcrumb","itemListElement":[{"@type":"ListItem","position":1,"name":"Portada","item":"https:\/\/www.portdesitges.com\/ca\/"},{"@type":"ListItem","position":2,"name":"Presentaci\u00f3 de la Regata Sitges-Ciutadella en el Sal\u00f3 N\u00e0utic de BCN"}]},{"@type":"WebSite","@id":"https:\/\/www.portdesitges.com\/#website","url":"https:\/\/www.portdesitges.com\/","name":"Port de Sitges - Aiguadol\u00e7","description":"lugar donde el mar y la tierra se dan de la mano para crear un espacio \u00fanico y atractivo. Disfruta de un mar de experiencias.","potentialAction":[{"@type":"SearchAction","target":{"@type":"EntryPoint","urlTemplate":"https:\/\/www.portdesitges.com\/?s={search_term_string}"},"query-input":{"@type":"PropertyValueSpecification","valueRequired":true,"valueName":"search_term_string"}}],"inLanguage":"ca"},{"@type":"Person","@id":"https:\/\/www.portdesitges.com\/#\/schema\/person\/be98f3191d6c7bb6ccddc2e0ac4d861f","name":"S\u00f2nia Felip","image":{"@type":"ImageObject","inLanguage":"ca","@id":"https:\/\/secure.gravatar.com\/avatar\/3f5abf961091eed8bea1ba4a0fb5f78e0c728f907fe0cf722e81af4aa82939db?s=96&d=mm&r=g","url":"https:\/\/secure.gravatar.com\/avatar\/3f5abf961091eed8bea1ba4a0fb5f78e0c728f907fe0cf722e81af4aa82939db?s=96&d=mm&r=g","contentUrl":"https:\/\/secure.gravatar.com\/avatar\/3f5abf961091eed8bea1ba4a0fb5f78e0c728f907fe0cf722e81af4aa82939db?s=96&d=mm&r=g","caption":"S\u00f2nia Felip"},"url":"https:\/\/www.portdesitges.com\/ca\/author\/sonia\/"}]}},"_links":{"self":[{"href":"https:\/\/www.portdesitges.com\/ca\/wp-json\/wp\/v2\/posts\/5765","targetHints":{"allow":["GET"]}}],"collection":[{"href":"https:\/\/www.portdesitges.com\/ca\/wp-json\/wp\/v2\/posts"}],"about":[{"href":"https:\/\/www.portdesitges.com\/ca\/wp-json\/wp\/v2\/types\/post"}],"author":[{"embeddable":true,"href":"https:\/\/www.portdesitges.com\/ca\/wp-json\/wp\/v2\/users\/3"}],"replies":[{"embeddable":true,"href":"https:\/\/www.portdesitges.com\/ca\/wp-json\/wp\/v2\/comments?post=5765"}],"version-history":[{"count":0,"href":"https:\/\/www.portdesitges.com\/ca\/wp-json\/wp\/v2\/posts\/5765\/revisions"}],"wp:featuredmedia":[{"embeddable":true,"href":"https:\/\/www.portdesitges.com\/ca\/wp-json\/wp\/v2\/media\/5768"}],"wp:attachment":[{"href":"https:\/\/www.portdesitges.com\/ca\/wp-json\/wp\/v2\/media?parent=5765"}],"wp:term":[{"taxonomy":"category","embeddable":true,"href":"https:\/\/www.portdesitges.com\/ca\/wp-json\/wp\/v2\/categories?post=5765"},{"taxonomy":"post_tag","embeddable":true,"href":"https:\/\/www.portdesitges.com\/ca\/wp-json\/wp\/v2\/tags?post=5765"}],"curies":[{"name":"wp","href":"https:\/\/api.w.org\/{rel}","templated":true}]}}