{"id":5755,"date":"2017-10-10T11:00:52","date_gmt":"2017-10-10T11:00:52","guid":{"rendered":"http:\/\/www.portdesitges.com\/?p=5755"},"modified":"2017-10-10T11:00:52","modified_gmt":"2017-10-10T11:00:52","slug":"port-sitges-acull-festa-dinauguracio-50-aniversari-festival-cinema-sitges","status":"publish","type":"post","link":"https:\/\/www.portdesitges.com\/ca\/port-sitges-acull-festa-dinauguracio-50-aniversari-festival-cinema-sitges\/","title":{"rendered":"El Port de Sitges acull la festa d&#8217;inauguraci\u00f3 del 50 aniversari del Festival de Cinema de Sitges"},"content":{"rendered":"<p><!--more--><\/p>\n<p><em>Diverses personalitats van assistir a la festa entre les quals es trobaven Guillermo del Toro, director de \u2018La forma del agua\u2019<\/em><\/p>\n<p>La nit del 5 d&#8217;octubre el Port de Sitges-Aiguadol\u00e7 va acollir una de les dates m\u00e9s importants del Festival Internacional de Cinema de Catalunya, la festa inaugural del 50 aniversari, una de les edicions m\u00e9s simb\u00f2liques dels \u00faltims anys, cinc d\u00e8cades de cinema han consolidat el Festival i la poblaci\u00f3 de Sitges en el mapa internacional.<\/p>\n<p style=\"text-align: center;\"><a href=\"http:\/\/www.portdesitges.com\/port\/wp-content\/uploads\/2017\/10\/Festival-3.jpg\"><img loading=\"lazy\" decoding=\"async\" class=\"alignnone size-medium wp-image-5758\" src=\"http:\/\/www.portdesitges.com\/port\/wp-content\/uploads\/2017\/10\/Festival-3-300x182.jpg\" alt=\"\" width=\"300\" height=\"182\" srcset=\"https:\/\/www.portdesitges.com\/wp-content\/uploads\/2017\/10\/Festival-3-300x182.jpg 300w, https:\/\/www.portdesitges.com\/wp-content\/uploads\/2017\/10\/Festival-3.jpg 633w\" sizes=\"auto, (max-width: 300px) 100vw, 300px\" \/><\/a> <a href=\"http:\/\/www.portdesitges.com\/port\/wp-content\/uploads\/2017\/10\/festival-2.jpg\"><img loading=\"lazy\" decoding=\"async\" class=\"alignnone  wp-image-5757\" src=\"http:\/\/www.portdesitges.com\/port\/wp-content\/uploads\/2017\/10\/festival-2-300x169.jpg\" alt=\"\" width=\"321\" height=\"181\" srcset=\"https:\/\/www.portdesitges.com\/wp-content\/uploads\/2017\/10\/festival-2-300x169.jpg 300w, https:\/\/www.portdesitges.com\/wp-content\/uploads\/2017\/10\/festival-2.jpg 711w\" sizes=\"auto, (max-width: 321px) 100vw, 321px\" \/><\/a><\/p>\n<p>Des de ja fa molts anys el Port de Sitges col\u00b7labora amb l&#8217;organitzaci\u00f3 del Festival organitzant la Festa d&#8217;Inauguraci\u00f3 aix\u00ed com altres actes relacionats. En l&#8217;acte van estar presents multitud de convidats del certamen entre els quals van destacar Guillermo del Toro, director de \u2018La Forma de l&#8217;aigua\u2019 pel\u00b7l\u00edcula inaugural d&#8217;aquesta edici\u00f3, que ha estat ovacionada en els diferents festivals pels que ha passat. El director mexic\u00e0 va estar acompanyat del seu equip de rodatge, pel photocall del port van passar altres cares conegudes aix\u00ed com diferents personalitats com l&#8217;Alcalde de Sitges, Miquel Forns, en representaci\u00f3 de la localitat barcelonina. Els restaurants del Port van ser els encarregats de servir un catering de primera qualitat i la festa es va veure amenitzada pel concert sorpresa de Ram\u00f3n Mirabet.<\/p>\n<p style=\"text-align: center;\"><a href=\"http:\/\/www.portdesitges.com\/port\/wp-content\/uploads\/2017\/10\/festival-1.jpg\"><img loading=\"lazy\" decoding=\"async\" class=\"alignnone size-medium wp-image-5756\" src=\"http:\/\/www.portdesitges.com\/port\/wp-content\/uploads\/2017\/10\/festival-1-300x169.jpg\" alt=\"\" width=\"300\" height=\"169\" srcset=\"https:\/\/www.portdesitges.com\/wp-content\/uploads\/2017\/10\/festival-1-300x169.jpg 300w, https:\/\/www.portdesitges.com\/wp-content\/uploads\/2017\/10\/festival-1.jpg 711w\" sizes=\"auto, (max-width: 300px) 100vw, 300px\" \/><\/a> <a href=\"http:\/\/www.portdesitges.com\/port\/wp-content\/uploads\/2017\/10\/Festival-4.jpg\"><img loading=\"lazy\" decoding=\"async\" class=\"alignnone size-medium wp-image-5759\" src=\"http:\/\/www.portdesitges.com\/port\/wp-content\/uploads\/2017\/10\/Festival-4-300x167.jpg\" alt=\"\" width=\"300\" height=\"167\" srcset=\"https:\/\/www.portdesitges.com\/wp-content\/uploads\/2017\/10\/Festival-4-300x167.jpg 300w, https:\/\/www.portdesitges.com\/wp-content\/uploads\/2017\/10\/Festival-4.jpg 532w\" sizes=\"auto, (max-width: 300px) 100vw, 300px\" \/><\/a><\/p>\n<p>El Festival de Cinema de Sitges se celebra entre el 5 i l&#8217;11 d&#8217;octubre i acull 255 pel\u00b7l\u00edcules aix\u00ed com molts altres esdeveniments relacionats amb el set\u00e8 art, una setmana de cinema fant\u00e0stic i de terror de qualitat que compta amb la pres\u00e8ncia d&#8217;estels internacionals i amb una gran assist\u00e8ncia de p\u00fablic.<\/p>\n","protected":false},"excerpt":{"rendered":"Diverses personalitats van assistir a la festa entre les quals es trobaven Guillermo del Toro, director de \u2018La forma del agua\u2019 La nit del 5 d'octubre el Port de Sitges-Aiguadol\u00e7...","protected":false},"author":3,"featured_media":5760,"comment_status":"closed","ping_status":"closed","sticky":false,"template":"","format":"standard","meta":{"footnotes":""},"categories":[],"tags":[],"class_list":["post-5755","post","type-post","status-publish","format-standard","has-post-thumbnail"],"yoast_head":"<!-- This site is optimized with the Yoast SEO plugin v27.3 - https:\/\/yoast.com\/product\/yoast-seo-wordpress\/ -->\n<title>El Port de Sitges acull la festa d&#039;inauguraci\u00f3 del 50 aniversari del Festival de Cinema de Sitges - Port de Sitges - Aiguadol\u00e7<\/title>\n<meta name=\"robots\" content=\"index, follow, max-snippet:-1, max-image-preview:large, max-video-preview:-1\" \/>\n<link rel=\"canonical\" href=\"https:\/\/www.portdesitges.com\/ca\/port-sitges-acull-festa-dinauguracio-50-aniversari-festival-cinema-sitges\/\" \/>\n<meta property=\"og:locale\" content=\"ca_ES\" \/>\n<meta property=\"og:type\" content=\"article\" \/>\n<meta property=\"og:title\" content=\"El Port de Sitges acull la festa d&#039;inauguraci\u00f3 del 50 aniversari del Festival de Cinema de Sitges - Port de Sitges - Aiguadol\u00e7\" \/>\n<meta property=\"og:url\" content=\"https:\/\/www.portdesitges.com\/ca\/port-sitges-acull-festa-dinauguracio-50-aniversari-festival-cinema-sitges\/\" \/>\n<meta property=\"og:site_name\" content=\"Port de Sitges - Aiguadol\u00e7\" \/>\n<meta property=\"article:published_time\" content=\"2017-10-10T11:00:52+00:00\" \/>\n<meta property=\"og:image\" content=\"https:\/\/www.portdesitges.com\/wp-content\/uploads\/2017\/10\/Festival-300.jpg\" \/>\n\t<meta property=\"og:image:width\" content=\"301\" \/>\n\t<meta property=\"og:image:height\" content=\"300\" \/>\n\t<meta property=\"og:image:type\" content=\"image\/jpeg\" \/>\n<meta name=\"author\" content=\"S\u00f2nia Felip\" \/>\n<meta name=\"twitter:card\" content=\"summary_large_image\" \/>\n<meta name=\"twitter:label1\" content=\"Escrit per\" \/>\n\t<meta name=\"twitter:data1\" content=\"S\u00f2nia Felip\" \/>\n\t<meta name=\"twitter:label2\" content=\"Temps estimat de lectura\" \/>\n\t<meta name=\"twitter:data2\" content=\"1 minut\" \/>\n<script type=\"application\/ld+json\" class=\"yoast-schema-graph\">{\"@context\":\"https:\\\/\\\/schema.org\",\"@graph\":[{\"@type\":\"Article\",\"@id\":\"https:\\\/\\\/www.portdesitges.com\\\/ca\\\/port-sitges-acull-festa-dinauguracio-50-aniversari-festival-cinema-sitges\\\/#article\",\"isPartOf\":{\"@id\":\"https:\\\/\\\/www.portdesitges.com\\\/ca\\\/port-sitges-acull-festa-dinauguracio-50-aniversari-festival-cinema-sitges\\\/\"},\"author\":{\"name\":\"S\u00f2nia Felip\",\"@id\":\"https:\\\/\\\/www.portdesitges.com\\\/#\\\/schema\\\/person\\\/be98f3191d6c7bb6ccddc2e0ac4d861f\"},\"headline\":\"El Port de Sitges acull la festa d&#8217;inauguraci\u00f3 del 50 aniversari del Festival de Cinema de Sitges\",\"datePublished\":\"2017-10-10T11:00:52+00:00\",\"mainEntityOfPage\":{\"@id\":\"https:\\\/\\\/www.portdesitges.com\\\/ca\\\/port-sitges-acull-festa-dinauguracio-50-aniversari-festival-cinema-sitges\\\/\"},\"wordCount\":293,\"image\":{\"@id\":\"https:\\\/\\\/www.portdesitges.com\\\/ca\\\/port-sitges-acull-festa-dinauguracio-50-aniversari-festival-cinema-sitges\\\/#primaryimage\"},\"thumbnailUrl\":\"https:\\\/\\\/www.portdesitges.com\\\/wp-content\\\/uploads\\\/2017\\\/10\\\/Festival-300.jpg\",\"inLanguage\":\"ca\"},{\"@type\":\"WebPage\",\"@id\":\"https:\\\/\\\/www.portdesitges.com\\\/ca\\\/port-sitges-acull-festa-dinauguracio-50-aniversari-festival-cinema-sitges\\\/\",\"url\":\"https:\\\/\\\/www.portdesitges.com\\\/ca\\\/port-sitges-acull-festa-dinauguracio-50-aniversari-festival-cinema-sitges\\\/\",\"name\":\"El Port de Sitges acull la festa d'inauguraci\u00f3 del 50 aniversari del Festival de Cinema de Sitges - Port de Sitges - Aiguadol\u00e7\",\"isPartOf\":{\"@id\":\"https:\\\/\\\/www.portdesitges.com\\\/#website\"},\"primaryImageOfPage\":{\"@id\":\"https:\\\/\\\/www.portdesitges.com\\\/ca\\\/port-sitges-acull-festa-dinauguracio-50-aniversari-festival-cinema-sitges\\\/#primaryimage\"},\"image\":{\"@id\":\"https:\\\/\\\/www.portdesitges.com\\\/ca\\\/port-sitges-acull-festa-dinauguracio-50-aniversari-festival-cinema-sitges\\\/#primaryimage\"},\"thumbnailUrl\":\"https:\\\/\\\/www.portdesitges.com\\\/wp-content\\\/uploads\\\/2017\\\/10\\\/Festival-300.jpg\",\"datePublished\":\"2017-10-10T11:00:52+00:00\",\"author\":{\"@id\":\"https:\\\/\\\/www.portdesitges.com\\\/#\\\/schema\\\/person\\\/be98f3191d6c7bb6ccddc2e0ac4d861f\"},\"breadcrumb\":{\"@id\":\"https:\\\/\\\/www.portdesitges.com\\\/ca\\\/port-sitges-acull-festa-dinauguracio-50-aniversari-festival-cinema-sitges\\\/#breadcrumb\"},\"inLanguage\":\"ca\",\"potentialAction\":[{\"@type\":\"ReadAction\",\"target\":[\"https:\\\/\\\/www.portdesitges.com\\\/ca\\\/port-sitges-acull-festa-dinauguracio-50-aniversari-festival-cinema-sitges\\\/\"]}]},{\"@type\":\"ImageObject\",\"inLanguage\":\"ca\",\"@id\":\"https:\\\/\\\/www.portdesitges.com\\\/ca\\\/port-sitges-acull-festa-dinauguracio-50-aniversari-festival-cinema-sitges\\\/#primaryimage\",\"url\":\"https:\\\/\\\/www.portdesitges.com\\\/wp-content\\\/uploads\\\/2017\\\/10\\\/Festival-300.jpg\",\"contentUrl\":\"https:\\\/\\\/www.portdesitges.com\\\/wp-content\\\/uploads\\\/2017\\\/10\\\/Festival-300.jpg\",\"width\":301,\"height\":300},{\"@type\":\"BreadcrumbList\",\"@id\":\"https:\\\/\\\/www.portdesitges.com\\\/ca\\\/port-sitges-acull-festa-dinauguracio-50-aniversari-festival-cinema-sitges\\\/#breadcrumb\",\"itemListElement\":[{\"@type\":\"ListItem\",\"position\":1,\"name\":\"Portada\",\"item\":\"https:\\\/\\\/www.portdesitges.com\\\/ca\\\/\"},{\"@type\":\"ListItem\",\"position\":2,\"name\":\"El Port de Sitges acull la festa d&#8217;inauguraci\u00f3 del 50 aniversari del Festival de Cinema de Sitges\"}]},{\"@type\":\"WebSite\",\"@id\":\"https:\\\/\\\/www.portdesitges.com\\\/#website\",\"url\":\"https:\\\/\\\/www.portdesitges.com\\\/\",\"name\":\"Port de Sitges - Aiguadol\u00e7\",\"description\":\"lugar donde el mar y la tierra se dan de la mano para crear un espacio \u00fanico y atractivo. Disfruta de un mar de experiencias.\",\"potentialAction\":[{\"@type\":\"SearchAction\",\"target\":{\"@type\":\"EntryPoint\",\"urlTemplate\":\"https:\\\/\\\/www.portdesitges.com\\\/?s={search_term_string}\"},\"query-input\":{\"@type\":\"PropertyValueSpecification\",\"valueRequired\":true,\"valueName\":\"search_term_string\"}}],\"inLanguage\":\"ca\"},{\"@type\":\"Person\",\"@id\":\"https:\\\/\\\/www.portdesitges.com\\\/#\\\/schema\\\/person\\\/be98f3191d6c7bb6ccddc2e0ac4d861f\",\"name\":\"S\u00f2nia Felip\",\"image\":{\"@type\":\"ImageObject\",\"inLanguage\":\"ca\",\"@id\":\"https:\\\/\\\/secure.gravatar.com\\\/avatar\\\/3f5abf961091eed8bea1ba4a0fb5f78e0c728f907fe0cf722e81af4aa82939db?s=96&d=mm&r=g\",\"url\":\"https:\\\/\\\/secure.gravatar.com\\\/avatar\\\/3f5abf961091eed8bea1ba4a0fb5f78e0c728f907fe0cf722e81af4aa82939db?s=96&d=mm&r=g\",\"contentUrl\":\"https:\\\/\\\/secure.gravatar.com\\\/avatar\\\/3f5abf961091eed8bea1ba4a0fb5f78e0c728f907fe0cf722e81af4aa82939db?s=96&d=mm&r=g\",\"caption\":\"S\u00f2nia Felip\"},\"url\":\"https:\\\/\\\/www.portdesitges.com\\\/ca\\\/author\\\/sonia\\\/\"}]}<\/script>\n<!-- \/ Yoast SEO plugin. -->","yoast_head_json":{"title":"El Port de Sitges acull la festa d'inauguraci\u00f3 del 50 aniversari del Festival de Cinema de Sitges - Port de Sitges - Aiguadol\u00e7","robots":{"index":"index","follow":"follow","max-snippet":"max-snippet:-1","max-image-preview":"max-image-preview:large","max-video-preview":"max-video-preview:-1"},"canonical":"https:\/\/www.portdesitges.com\/ca\/port-sitges-acull-festa-dinauguracio-50-aniversari-festival-cinema-sitges\/","og_locale":"ca_ES","og_type":"article","og_title":"El Port de Sitges acull la festa d'inauguraci\u00f3 del 50 aniversari del Festival de Cinema de Sitges - Port de Sitges - Aiguadol\u00e7","og_url":"https:\/\/www.portdesitges.com\/ca\/port-sitges-acull-festa-dinauguracio-50-aniversari-festival-cinema-sitges\/","og_site_name":"Port de Sitges - Aiguadol\u00e7","article_published_time":"2017-10-10T11:00:52+00:00","og_image":[{"width":301,"height":300,"url":"https:\/\/www.portdesitges.com\/wp-content\/uploads\/2017\/10\/Festival-300.jpg","type":"image\/jpeg"}],"author":"S\u00f2nia Felip","twitter_card":"summary_large_image","twitter_misc":{"Escrit per":"S\u00f2nia Felip","Temps estimat de lectura":"1 minut"},"schema":{"@context":"https:\/\/schema.org","@graph":[{"@type":"Article","@id":"https:\/\/www.portdesitges.com\/ca\/port-sitges-acull-festa-dinauguracio-50-aniversari-festival-cinema-sitges\/#article","isPartOf":{"@id":"https:\/\/www.portdesitges.com\/ca\/port-sitges-acull-festa-dinauguracio-50-aniversari-festival-cinema-sitges\/"},"author":{"name":"S\u00f2nia Felip","@id":"https:\/\/www.portdesitges.com\/#\/schema\/person\/be98f3191d6c7bb6ccddc2e0ac4d861f"},"headline":"El Port de Sitges acull la festa d&#8217;inauguraci\u00f3 del 50 aniversari del Festival de Cinema de Sitges","datePublished":"2017-10-10T11:00:52+00:00","mainEntityOfPage":{"@id":"https:\/\/www.portdesitges.com\/ca\/port-sitges-acull-festa-dinauguracio-50-aniversari-festival-cinema-sitges\/"},"wordCount":293,"image":{"@id":"https:\/\/www.portdesitges.com\/ca\/port-sitges-acull-festa-dinauguracio-50-aniversari-festival-cinema-sitges\/#primaryimage"},"thumbnailUrl":"https:\/\/www.portdesitges.com\/wp-content\/uploads\/2017\/10\/Festival-300.jpg","inLanguage":"ca"},{"@type":"WebPage","@id":"https:\/\/www.portdesitges.com\/ca\/port-sitges-acull-festa-dinauguracio-50-aniversari-festival-cinema-sitges\/","url":"https:\/\/www.portdesitges.com\/ca\/port-sitges-acull-festa-dinauguracio-50-aniversari-festival-cinema-sitges\/","name":"El Port de Sitges acull la festa d'inauguraci\u00f3 del 50 aniversari del Festival de Cinema de Sitges - Port de Sitges - Aiguadol\u00e7","isPartOf":{"@id":"https:\/\/www.portdesitges.com\/#website"},"primaryImageOfPage":{"@id":"https:\/\/www.portdesitges.com\/ca\/port-sitges-acull-festa-dinauguracio-50-aniversari-festival-cinema-sitges\/#primaryimage"},"image":{"@id":"https:\/\/www.portdesitges.com\/ca\/port-sitges-acull-festa-dinauguracio-50-aniversari-festival-cinema-sitges\/#primaryimage"},"thumbnailUrl":"https:\/\/www.portdesitges.com\/wp-content\/uploads\/2017\/10\/Festival-300.jpg","datePublished":"2017-10-10T11:00:52+00:00","author":{"@id":"https:\/\/www.portdesitges.com\/#\/schema\/person\/be98f3191d6c7bb6ccddc2e0ac4d861f"},"breadcrumb":{"@id":"https:\/\/www.portdesitges.com\/ca\/port-sitges-acull-festa-dinauguracio-50-aniversari-festival-cinema-sitges\/#breadcrumb"},"inLanguage":"ca","potentialAction":[{"@type":"ReadAction","target":["https:\/\/www.portdesitges.com\/ca\/port-sitges-acull-festa-dinauguracio-50-aniversari-festival-cinema-sitges\/"]}]},{"@type":"ImageObject","inLanguage":"ca","@id":"https:\/\/www.portdesitges.com\/ca\/port-sitges-acull-festa-dinauguracio-50-aniversari-festival-cinema-sitges\/#primaryimage","url":"https:\/\/www.portdesitges.com\/wp-content\/uploads\/2017\/10\/Festival-300.jpg","contentUrl":"https:\/\/www.portdesitges.com\/wp-content\/uploads\/2017\/10\/Festival-300.jpg","width":301,"height":300},{"@type":"BreadcrumbList","@id":"https:\/\/www.portdesitges.com\/ca\/port-sitges-acull-festa-dinauguracio-50-aniversari-festival-cinema-sitges\/#breadcrumb","itemListElement":[{"@type":"ListItem","position":1,"name":"Portada","item":"https:\/\/www.portdesitges.com\/ca\/"},{"@type":"ListItem","position":2,"name":"El Port de Sitges acull la festa d&#8217;inauguraci\u00f3 del 50 aniversari del Festival de Cinema de Sitges"}]},{"@type":"WebSite","@id":"https:\/\/www.portdesitges.com\/#website","url":"https:\/\/www.portdesitges.com\/","name":"Port de Sitges - Aiguadol\u00e7","description":"lugar donde el mar y la tierra se dan de la mano para crear un espacio \u00fanico y atractivo. Disfruta de un mar de experiencias.","potentialAction":[{"@type":"SearchAction","target":{"@type":"EntryPoint","urlTemplate":"https:\/\/www.portdesitges.com\/?s={search_term_string}"},"query-input":{"@type":"PropertyValueSpecification","valueRequired":true,"valueName":"search_term_string"}}],"inLanguage":"ca"},{"@type":"Person","@id":"https:\/\/www.portdesitges.com\/#\/schema\/person\/be98f3191d6c7bb6ccddc2e0ac4d861f","name":"S\u00f2nia Felip","image":{"@type":"ImageObject","inLanguage":"ca","@id":"https:\/\/secure.gravatar.com\/avatar\/3f5abf961091eed8bea1ba4a0fb5f78e0c728f907fe0cf722e81af4aa82939db?s=96&d=mm&r=g","url":"https:\/\/secure.gravatar.com\/avatar\/3f5abf961091eed8bea1ba4a0fb5f78e0c728f907fe0cf722e81af4aa82939db?s=96&d=mm&r=g","contentUrl":"https:\/\/secure.gravatar.com\/avatar\/3f5abf961091eed8bea1ba4a0fb5f78e0c728f907fe0cf722e81af4aa82939db?s=96&d=mm&r=g","caption":"S\u00f2nia Felip"},"url":"https:\/\/www.portdesitges.com\/ca\/author\/sonia\/"}]}},"_links":{"self":[{"href":"https:\/\/www.portdesitges.com\/ca\/wp-json\/wp\/v2\/posts\/5755","targetHints":{"allow":["GET"]}}],"collection":[{"href":"https:\/\/www.portdesitges.com\/ca\/wp-json\/wp\/v2\/posts"}],"about":[{"href":"https:\/\/www.portdesitges.com\/ca\/wp-json\/wp\/v2\/types\/post"}],"author":[{"embeddable":true,"href":"https:\/\/www.portdesitges.com\/ca\/wp-json\/wp\/v2\/users\/3"}],"replies":[{"embeddable":true,"href":"https:\/\/www.portdesitges.com\/ca\/wp-json\/wp\/v2\/comments?post=5755"}],"version-history":[{"count":0,"href":"https:\/\/www.portdesitges.com\/ca\/wp-json\/wp\/v2\/posts\/5755\/revisions"}],"wp:featuredmedia":[{"embeddable":true,"href":"https:\/\/www.portdesitges.com\/ca\/wp-json\/wp\/v2\/media\/5760"}],"wp:attachment":[{"href":"https:\/\/www.portdesitges.com\/ca\/wp-json\/wp\/v2\/media?parent=5755"}],"wp:term":[{"taxonomy":"category","embeddable":true,"href":"https:\/\/www.portdesitges.com\/ca\/wp-json\/wp\/v2\/categories?post=5755"},{"taxonomy":"post_tag","embeddable":true,"href":"https:\/\/www.portdesitges.com\/ca\/wp-json\/wp\/v2\/tags?post=5755"}],"curies":[{"name":"wp","href":"https:\/\/api.w.org\/{rel}","templated":true}]}}