{"id":5749,"date":"2017-10-04T16:44:53","date_gmt":"2017-10-04T16:44:53","guid":{"rendered":"http:\/\/www.portdesitges.com\/?p=5749"},"modified":"2017-10-04T16:44:53","modified_gmt":"2017-10-04T16:44:53","slug":"port-sitges-rep-reconeixement-sitges-film-festival","status":"publish","type":"post","link":"https:\/\/www.portdesitges.com\/ca\/port-sitges-rep-reconeixement-sitges-film-festival\/","title":{"rendered":"El Port de Sitges rep el reconeixement del Sitges Film Festival"},"content":{"rendered":"<p><!--more--><\/p>\n<p><em>El Port acull un any m\u00e9s la festa inaugural del festival, aquest any de manera molt especial degut al 50 aniversari<\/em><\/p>\n<p>El Port de Sitges va rebre ahir el reconeixement del Sitges Film Festival per la seva participaci\u00f3 i participaci\u00f3 en el festival de cinema durant tots aquests anys.<\/p>\n<p>Fa 50 anys es va projectar a les sales de Casino Prado Suburense la primera pelicula Aelita (Yakov Protazanov, 1924) de la Setmana del cinema de Terror de Sitges el que ara \u00e9s el Festival Internacional de Cinema Fant\u00e0stic de Catalunya. Per aquest motiu s&#8217;ha fet un homenatge a les persones que ho van fundar i han col\u00b7laborat durant tot aquest temps perqu\u00e8 el festival segu\u00eds avanci i a les entitats que han ajudat al fet que tot aix\u00f2 fos possible.<\/p>\n<p style=\"text-align: center;\"><a href=\"http:\/\/www.portdesitges.com\/port\/wp-content\/uploads\/2017\/10\/reconeixement.jpg\"><img loading=\"lazy\" decoding=\"async\" class=\"alignnone size-medium wp-image-5751\" src=\"http:\/\/www.portdesitges.com\/port\/wp-content\/uploads\/2017\/10\/reconeixement-300x300.jpg\" alt=\"\" width=\"300\" height=\"300\" srcset=\"https:\/\/www.portdesitges.com\/wp-content\/uploads\/2017\/10\/reconeixement-300x300.jpg 300w, https:\/\/www.portdesitges.com\/wp-content\/uploads\/2017\/10\/reconeixement-150x150.jpg 150w, https:\/\/www.portdesitges.com\/wp-content\/uploads\/2017\/10\/reconeixement-100x100.jpg 100w, https:\/\/www.portdesitges.com\/wp-content\/uploads\/2017\/10\/reconeixement-140x140.jpg 140w, https:\/\/www.portdesitges.com\/wp-content\/uploads\/2017\/10\/reconeixement-350x350.jpg 350w, https:\/\/www.portdesitges.com\/wp-content\/uploads\/2017\/10\/reconeixement.jpg 480w\" sizes=\"auto, (max-width: 300px) 100vw, 300px\" \/><\/a><\/p>\n<p>El dijous 5 d\u2019octubre un any m\u00e9s el Port de Sitges acull la festa inaugural del Festival Internacional de Cinema Fant\u00e0stic de Catalunya 2017, en el seu 50 aniversari l\u2019esdeveniment ser\u00e0 molt especial, amb m\u00e9s convidats, m\u00e9s estrelles del m\u00f3n del cinema, concerts i moltes sorpreses.<\/p>\n<p>Des del port de Sitges agra\u00efm aquest reconeixement.<\/p>\n","protected":false},"excerpt":{"rendered":"El Port acull un any m\u00e9s la festa inaugural del festival, aquest any de manera molt especial degut al 50 aniversari El Port de Sitges va rebre ahir el reconeixement...","protected":false},"author":3,"featured_media":5750,"comment_status":"closed","ping_status":"closed","sticky":false,"template":"","format":"standard","meta":{"footnotes":""},"categories":[],"tags":[],"class_list":["post-5749","post","type-post","status-publish","format-standard","has-post-thumbnail"],"yoast_head":"<!-- This site is optimized with the Yoast SEO plugin v27.3 - https:\/\/yoast.com\/product\/yoast-seo-wordpress\/ -->\n<title>El Port de Sitges rep el reconeixement del Sitges Film Festival - Port de Sitges - Aiguadol\u00e7<\/title>\n<meta name=\"robots\" content=\"index, follow, max-snippet:-1, max-image-preview:large, max-video-preview:-1\" \/>\n<link rel=\"canonical\" href=\"https:\/\/www.portdesitges.com\/ca\/port-sitges-rep-reconeixement-sitges-film-festival\/\" \/>\n<meta property=\"og:locale\" content=\"ca_ES\" \/>\n<meta property=\"og:type\" content=\"article\" \/>\n<meta property=\"og:title\" content=\"El Port de Sitges rep el reconeixement del Sitges Film Festival - Port de Sitges - Aiguadol\u00e7\" \/>\n<meta property=\"og:url\" content=\"https:\/\/www.portdesitges.com\/ca\/port-sitges-rep-reconeixement-sitges-film-festival\/\" \/>\n<meta property=\"og:site_name\" content=\"Port de Sitges - Aiguadol\u00e7\" \/>\n<meta property=\"article:published_time\" content=\"2017-10-04T16:44:53+00:00\" \/>\n<meta property=\"og:image\" content=\"https:\/\/www.portdesitges.com\/wp-content\/uploads\/2017\/10\/reconeixement-300.jpg\" \/>\n\t<meta property=\"og:image:width\" content=\"300\" \/>\n\t<meta property=\"og:image:height\" content=\"300\" \/>\n\t<meta property=\"og:image:type\" content=\"image\/jpeg\" \/>\n<meta name=\"author\" content=\"S\u00f2nia Felip\" \/>\n<meta name=\"twitter:card\" content=\"summary_large_image\" \/>\n<meta name=\"twitter:label1\" content=\"Escrit per\" \/>\n\t<meta name=\"twitter:data1\" content=\"S\u00f2nia Felip\" \/>\n\t<meta name=\"twitter:label2\" content=\"Temps estimat de lectura\" \/>\n\t<meta name=\"twitter:data2\" content=\"1 minut\" \/>\n<script type=\"application\/ld+json\" class=\"yoast-schema-graph\">{\"@context\":\"https:\\\/\\\/schema.org\",\"@graph\":[{\"@type\":\"Article\",\"@id\":\"https:\\\/\\\/www.portdesitges.com\\\/ca\\\/port-sitges-rep-reconeixement-sitges-film-festival\\\/#article\",\"isPartOf\":{\"@id\":\"https:\\\/\\\/www.portdesitges.com\\\/ca\\\/port-sitges-rep-reconeixement-sitges-film-festival\\\/\"},\"author\":{\"name\":\"S\u00f2nia Felip\",\"@id\":\"https:\\\/\\\/www.portdesitges.com\\\/#\\\/schema\\\/person\\\/be98f3191d6c7bb6ccddc2e0ac4d861f\"},\"headline\":\"El Port de Sitges rep el reconeixement del Sitges Film Festival\",\"datePublished\":\"2017-10-04T16:44:53+00:00\",\"mainEntityOfPage\":{\"@id\":\"https:\\\/\\\/www.portdesitges.com\\\/ca\\\/port-sitges-rep-reconeixement-sitges-film-festival\\\/\"},\"wordCount\":202,\"image\":{\"@id\":\"https:\\\/\\\/www.portdesitges.com\\\/ca\\\/port-sitges-rep-reconeixement-sitges-film-festival\\\/#primaryimage\"},\"thumbnailUrl\":\"https:\\\/\\\/www.portdesitges.com\\\/wp-content\\\/uploads\\\/2017\\\/10\\\/reconeixement-300.jpg\",\"inLanguage\":\"ca\"},{\"@type\":\"WebPage\",\"@id\":\"https:\\\/\\\/www.portdesitges.com\\\/ca\\\/port-sitges-rep-reconeixement-sitges-film-festival\\\/\",\"url\":\"https:\\\/\\\/www.portdesitges.com\\\/ca\\\/port-sitges-rep-reconeixement-sitges-film-festival\\\/\",\"name\":\"El Port de Sitges rep el reconeixement del Sitges Film Festival - Port de Sitges - Aiguadol\u00e7\",\"isPartOf\":{\"@id\":\"https:\\\/\\\/www.portdesitges.com\\\/#website\"},\"primaryImageOfPage\":{\"@id\":\"https:\\\/\\\/www.portdesitges.com\\\/ca\\\/port-sitges-rep-reconeixement-sitges-film-festival\\\/#primaryimage\"},\"image\":{\"@id\":\"https:\\\/\\\/www.portdesitges.com\\\/ca\\\/port-sitges-rep-reconeixement-sitges-film-festival\\\/#primaryimage\"},\"thumbnailUrl\":\"https:\\\/\\\/www.portdesitges.com\\\/wp-content\\\/uploads\\\/2017\\\/10\\\/reconeixement-300.jpg\",\"datePublished\":\"2017-10-04T16:44:53+00:00\",\"author\":{\"@id\":\"https:\\\/\\\/www.portdesitges.com\\\/#\\\/schema\\\/person\\\/be98f3191d6c7bb6ccddc2e0ac4d861f\"},\"breadcrumb\":{\"@id\":\"https:\\\/\\\/www.portdesitges.com\\\/ca\\\/port-sitges-rep-reconeixement-sitges-film-festival\\\/#breadcrumb\"},\"inLanguage\":\"ca\",\"potentialAction\":[{\"@type\":\"ReadAction\",\"target\":[\"https:\\\/\\\/www.portdesitges.com\\\/ca\\\/port-sitges-rep-reconeixement-sitges-film-festival\\\/\"]}]},{\"@type\":\"ImageObject\",\"inLanguage\":\"ca\",\"@id\":\"https:\\\/\\\/www.portdesitges.com\\\/ca\\\/port-sitges-rep-reconeixement-sitges-film-festival\\\/#primaryimage\",\"url\":\"https:\\\/\\\/www.portdesitges.com\\\/wp-content\\\/uploads\\\/2017\\\/10\\\/reconeixement-300.jpg\",\"contentUrl\":\"https:\\\/\\\/www.portdesitges.com\\\/wp-content\\\/uploads\\\/2017\\\/10\\\/reconeixement-300.jpg\",\"width\":300,\"height\":300},{\"@type\":\"BreadcrumbList\",\"@id\":\"https:\\\/\\\/www.portdesitges.com\\\/ca\\\/port-sitges-rep-reconeixement-sitges-film-festival\\\/#breadcrumb\",\"itemListElement\":[{\"@type\":\"ListItem\",\"position\":1,\"name\":\"Portada\",\"item\":\"https:\\\/\\\/www.portdesitges.com\\\/ca\\\/\"},{\"@type\":\"ListItem\",\"position\":2,\"name\":\"El Port de Sitges rep el reconeixement del Sitges Film Festival\"}]},{\"@type\":\"WebSite\",\"@id\":\"https:\\\/\\\/www.portdesitges.com\\\/#website\",\"url\":\"https:\\\/\\\/www.portdesitges.com\\\/\",\"name\":\"Port de Sitges - Aiguadol\u00e7\",\"description\":\"lugar donde el mar y la tierra se dan de la mano para crear un espacio \u00fanico y atractivo. Disfruta de un mar de experiencias.\",\"potentialAction\":[{\"@type\":\"SearchAction\",\"target\":{\"@type\":\"EntryPoint\",\"urlTemplate\":\"https:\\\/\\\/www.portdesitges.com\\\/?s={search_term_string}\"},\"query-input\":{\"@type\":\"PropertyValueSpecification\",\"valueRequired\":true,\"valueName\":\"search_term_string\"}}],\"inLanguage\":\"ca\"},{\"@type\":\"Person\",\"@id\":\"https:\\\/\\\/www.portdesitges.com\\\/#\\\/schema\\\/person\\\/be98f3191d6c7bb6ccddc2e0ac4d861f\",\"name\":\"S\u00f2nia Felip\",\"image\":{\"@type\":\"ImageObject\",\"inLanguage\":\"ca\",\"@id\":\"https:\\\/\\\/secure.gravatar.com\\\/avatar\\\/3f5abf961091eed8bea1ba4a0fb5f78e0c728f907fe0cf722e81af4aa82939db?s=96&d=mm&r=g\",\"url\":\"https:\\\/\\\/secure.gravatar.com\\\/avatar\\\/3f5abf961091eed8bea1ba4a0fb5f78e0c728f907fe0cf722e81af4aa82939db?s=96&d=mm&r=g\",\"contentUrl\":\"https:\\\/\\\/secure.gravatar.com\\\/avatar\\\/3f5abf961091eed8bea1ba4a0fb5f78e0c728f907fe0cf722e81af4aa82939db?s=96&d=mm&r=g\",\"caption\":\"S\u00f2nia Felip\"},\"url\":\"https:\\\/\\\/www.portdesitges.com\\\/ca\\\/author\\\/sonia\\\/\"}]}<\/script>\n<!-- \/ Yoast SEO plugin. -->","yoast_head_json":{"title":"El Port de Sitges rep el reconeixement del Sitges Film Festival - Port de Sitges - Aiguadol\u00e7","robots":{"index":"index","follow":"follow","max-snippet":"max-snippet:-1","max-image-preview":"max-image-preview:large","max-video-preview":"max-video-preview:-1"},"canonical":"https:\/\/www.portdesitges.com\/ca\/port-sitges-rep-reconeixement-sitges-film-festival\/","og_locale":"ca_ES","og_type":"article","og_title":"El Port de Sitges rep el reconeixement del Sitges Film Festival - Port de Sitges - Aiguadol\u00e7","og_url":"https:\/\/www.portdesitges.com\/ca\/port-sitges-rep-reconeixement-sitges-film-festival\/","og_site_name":"Port de Sitges - Aiguadol\u00e7","article_published_time":"2017-10-04T16:44:53+00:00","og_image":[{"width":300,"height":300,"url":"https:\/\/www.portdesitges.com\/wp-content\/uploads\/2017\/10\/reconeixement-300.jpg","type":"image\/jpeg"}],"author":"S\u00f2nia Felip","twitter_card":"summary_large_image","twitter_misc":{"Escrit per":"S\u00f2nia Felip","Temps estimat de lectura":"1 minut"},"schema":{"@context":"https:\/\/schema.org","@graph":[{"@type":"Article","@id":"https:\/\/www.portdesitges.com\/ca\/port-sitges-rep-reconeixement-sitges-film-festival\/#article","isPartOf":{"@id":"https:\/\/www.portdesitges.com\/ca\/port-sitges-rep-reconeixement-sitges-film-festival\/"},"author":{"name":"S\u00f2nia Felip","@id":"https:\/\/www.portdesitges.com\/#\/schema\/person\/be98f3191d6c7bb6ccddc2e0ac4d861f"},"headline":"El Port de Sitges rep el reconeixement del Sitges Film Festival","datePublished":"2017-10-04T16:44:53+00:00","mainEntityOfPage":{"@id":"https:\/\/www.portdesitges.com\/ca\/port-sitges-rep-reconeixement-sitges-film-festival\/"},"wordCount":202,"image":{"@id":"https:\/\/www.portdesitges.com\/ca\/port-sitges-rep-reconeixement-sitges-film-festival\/#primaryimage"},"thumbnailUrl":"https:\/\/www.portdesitges.com\/wp-content\/uploads\/2017\/10\/reconeixement-300.jpg","inLanguage":"ca"},{"@type":"WebPage","@id":"https:\/\/www.portdesitges.com\/ca\/port-sitges-rep-reconeixement-sitges-film-festival\/","url":"https:\/\/www.portdesitges.com\/ca\/port-sitges-rep-reconeixement-sitges-film-festival\/","name":"El Port de Sitges rep el reconeixement del Sitges Film Festival - Port de Sitges - Aiguadol\u00e7","isPartOf":{"@id":"https:\/\/www.portdesitges.com\/#website"},"primaryImageOfPage":{"@id":"https:\/\/www.portdesitges.com\/ca\/port-sitges-rep-reconeixement-sitges-film-festival\/#primaryimage"},"image":{"@id":"https:\/\/www.portdesitges.com\/ca\/port-sitges-rep-reconeixement-sitges-film-festival\/#primaryimage"},"thumbnailUrl":"https:\/\/www.portdesitges.com\/wp-content\/uploads\/2017\/10\/reconeixement-300.jpg","datePublished":"2017-10-04T16:44:53+00:00","author":{"@id":"https:\/\/www.portdesitges.com\/#\/schema\/person\/be98f3191d6c7bb6ccddc2e0ac4d861f"},"breadcrumb":{"@id":"https:\/\/www.portdesitges.com\/ca\/port-sitges-rep-reconeixement-sitges-film-festival\/#breadcrumb"},"inLanguage":"ca","potentialAction":[{"@type":"ReadAction","target":["https:\/\/www.portdesitges.com\/ca\/port-sitges-rep-reconeixement-sitges-film-festival\/"]}]},{"@type":"ImageObject","inLanguage":"ca","@id":"https:\/\/www.portdesitges.com\/ca\/port-sitges-rep-reconeixement-sitges-film-festival\/#primaryimage","url":"https:\/\/www.portdesitges.com\/wp-content\/uploads\/2017\/10\/reconeixement-300.jpg","contentUrl":"https:\/\/www.portdesitges.com\/wp-content\/uploads\/2017\/10\/reconeixement-300.jpg","width":300,"height":300},{"@type":"BreadcrumbList","@id":"https:\/\/www.portdesitges.com\/ca\/port-sitges-rep-reconeixement-sitges-film-festival\/#breadcrumb","itemListElement":[{"@type":"ListItem","position":1,"name":"Portada","item":"https:\/\/www.portdesitges.com\/ca\/"},{"@type":"ListItem","position":2,"name":"El Port de Sitges rep el reconeixement del Sitges Film Festival"}]},{"@type":"WebSite","@id":"https:\/\/www.portdesitges.com\/#website","url":"https:\/\/www.portdesitges.com\/","name":"Port de Sitges - Aiguadol\u00e7","description":"lugar donde el mar y la tierra se dan de la mano para crear un espacio \u00fanico y atractivo. Disfruta de un mar de experiencias.","potentialAction":[{"@type":"SearchAction","target":{"@type":"EntryPoint","urlTemplate":"https:\/\/www.portdesitges.com\/?s={search_term_string}"},"query-input":{"@type":"PropertyValueSpecification","valueRequired":true,"valueName":"search_term_string"}}],"inLanguage":"ca"},{"@type":"Person","@id":"https:\/\/www.portdesitges.com\/#\/schema\/person\/be98f3191d6c7bb6ccddc2e0ac4d861f","name":"S\u00f2nia Felip","image":{"@type":"ImageObject","inLanguage":"ca","@id":"https:\/\/secure.gravatar.com\/avatar\/3f5abf961091eed8bea1ba4a0fb5f78e0c728f907fe0cf722e81af4aa82939db?s=96&d=mm&r=g","url":"https:\/\/secure.gravatar.com\/avatar\/3f5abf961091eed8bea1ba4a0fb5f78e0c728f907fe0cf722e81af4aa82939db?s=96&d=mm&r=g","contentUrl":"https:\/\/secure.gravatar.com\/avatar\/3f5abf961091eed8bea1ba4a0fb5f78e0c728f907fe0cf722e81af4aa82939db?s=96&d=mm&r=g","caption":"S\u00f2nia Felip"},"url":"https:\/\/www.portdesitges.com\/ca\/author\/sonia\/"}]}},"_links":{"self":[{"href":"https:\/\/www.portdesitges.com\/ca\/wp-json\/wp\/v2\/posts\/5749","targetHints":{"allow":["GET"]}}],"collection":[{"href":"https:\/\/www.portdesitges.com\/ca\/wp-json\/wp\/v2\/posts"}],"about":[{"href":"https:\/\/www.portdesitges.com\/ca\/wp-json\/wp\/v2\/types\/post"}],"author":[{"embeddable":true,"href":"https:\/\/www.portdesitges.com\/ca\/wp-json\/wp\/v2\/users\/3"}],"replies":[{"embeddable":true,"href":"https:\/\/www.portdesitges.com\/ca\/wp-json\/wp\/v2\/comments?post=5749"}],"version-history":[{"count":0,"href":"https:\/\/www.portdesitges.com\/ca\/wp-json\/wp\/v2\/posts\/5749\/revisions"}],"wp:featuredmedia":[{"embeddable":true,"href":"https:\/\/www.portdesitges.com\/ca\/wp-json\/wp\/v2\/media\/5750"}],"wp:attachment":[{"href":"https:\/\/www.portdesitges.com\/ca\/wp-json\/wp\/v2\/media?parent=5749"}],"wp:term":[{"taxonomy":"category","embeddable":true,"href":"https:\/\/www.portdesitges.com\/ca\/wp-json\/wp\/v2\/categories?post=5749"},{"taxonomy":"post_tag","embeddable":true,"href":"https:\/\/www.portdesitges.com\/ca\/wp-json\/wp\/v2\/tags?post=5749"}],"curies":[{"name":"wp","href":"https:\/\/api.w.org\/{rel}","templated":true}]}}