{"id":5704,"date":"2017-08-08T15:59:29","date_gmt":"2017-08-08T15:59:29","guid":{"rendered":"http:\/\/www.portdesitges.com\/?p=5704"},"modified":"2017-08-08T15:59:29","modified_gmt":"2017-08-08T15:59:29","slug":"sitges-big-band-barbara-perez-aixequen-public-dels-concerts-mitjanit","status":"publish","type":"post","link":"https:\/\/www.portdesitges.com\/ca\/sitges-big-band-barbara-perez-aixequen-public-dels-concerts-mitjanit\/","title":{"rendered":"La Sitges Big Band i Barbara P\u00e9rez aixequen al p\u00fablic dels Concerts de Mitjanit"},"content":{"rendered":"<p><!--more--><\/p>\n<p><em>B\u00e1rbara P\u00e9rez va fer que la nit de divendres un Auditori ple de gom a gom acab\u00e9s ballant al ritme de les seves can\u00e7ons<\/em><\/p>\n<p>Per sis\u00e8 any consecutiu els Concerts de Mitjanit del Port de Sitges han tingut al seu escenari a la Sitges Big Band, acollint un nombr\u00f3s p\u00fablic durant la seva actuaci\u00f3 de dissabte a la nit, oferint un repertori variat amb temes com Chamaleon de Herbie Hanckock, Splanky o Moten swing de Count Basie, Don\u2019t Know why\u2019 de la Norah Jones entre d\u2019altres. Un cl\u00e0ssic dels Concerts de Mitjanit que fa les del\u00edcies dels assistents amb la potencia del seu ampli grup instrumental.<\/p>\n<p>Encara que amb una sola veu no menys sonora va ser l\u2019actuaci\u00f3 de B\u00e1rbara P\u00e9rez, la seva barreja de funk i soul i una energia desbordantment contagiosa va fer que la nit de divendres un Auditori ple de gom a gom acab\u00e9s ballant al ritme de les seves can\u00e7ons.<\/p>\n<p style=\"text-align: center;\"><a href=\"http:\/\/www.portdesitges.com\/port\/wp-content\/uploads\/2017\/08\/penultim-find-2.jpg\"><img loading=\"lazy\" decoding=\"async\" class=\"alignnone size-full wp-image-5705\" src=\"http:\/\/www.portdesitges.com\/port\/wp-content\/uploads\/2017\/08\/penultim-find-2.jpg\" alt=\"\" width=\"267\" height=\"200\" \/><\/a> <a href=\"http:\/\/www.portdesitges.com\/port\/wp-content\/uploads\/2017\/08\/penultim-find.jpg\"><img loading=\"lazy\" decoding=\"async\" class=\"alignnone size-medium wp-image-5706\" src=\"http:\/\/www.portdesitges.com\/port\/wp-content\/uploads\/2017\/08\/penultim-find.jpg\" alt=\"\" width=\"244\" height=\"200\" \/><\/a><\/p>\n<p>Despr\u00e9s de quasi un mes els Concerts de Mitjanit arriben a la recta final amb un \u00faltim cap de setmana amb quatre propostes. Divendres 11 d\u2019agost a les 23:30h actuar\u00e0 Anita Zengeza, una cantautora de Zimbabwe amb can\u00e7ons originals d\u2019estil \u00e8tnica-fusi\u00f3, presentant un repertori ple d\u2019energia i groove. Dissabte a les 23:30h \u00e9s el torn de Mariana Amaral, una brasilera influenciada pel jazz capa\u00e7 d\u2019oferir un repertori sofisticat i alegre alhora.<\/p>\n<p>Diumenge 13 d\u2019agost el Concerts de Mitjanit canvien la m\u00fasica pel cinema amb la tradicional projecci\u00f3 de Curts Fant\u00e0stics del Festival de Cinema de Sitges, on el p\u00fablic podr\u00e0 gaudir de\u00a0 set curts que es van poder veure en la passada edici\u00f3 del Sitges Film Festival. Per tancar l\u2019edici\u00f3 d\u2019enguany dels Concerts comptarem amb la presencia de \u2018Loka Linda\u2019, una parella que aposta pel soul-pop i que va participar al programa \u2018Oh Happy Day\u2019 de TV3. Entrada gratu\u00efta a totes les actuacions.<\/p>\n<p>Per a m\u00e9s informaci\u00f3 visiteu la web dels <a href=\"http:\/\/concertsdemitjanit.com\/\">Concerts de Mitjanit<\/a><\/p>\n","protected":false},"excerpt":{"rendered":"B\u00e1rbara P\u00e9rez va fer que la nit de divendres un Auditori ple de gom a gom acab\u00e9s ballant al ritme de les seves can\u00e7ons Per sis\u00e8 any consecutiu els Concerts...","protected":false},"author":3,"featured_media":5707,"comment_status":"closed","ping_status":"closed","sticky":false,"template":"","format":"standard","meta":{"footnotes":""},"categories":[],"tags":[],"class_list":["post-5704","post","type-post","status-publish","format-standard","has-post-thumbnail"],"yoast_head":"<!-- This site is optimized with the Yoast SEO plugin v27.3 - https:\/\/yoast.com\/product\/yoast-seo-wordpress\/ -->\n<title>La Sitges Big Band i Barbara P\u00e9rez aixequen al p\u00fablic dels Concerts de Mitjanit - Port de Sitges - Aiguadol\u00e7<\/title>\n<meta name=\"robots\" content=\"index, follow, max-snippet:-1, max-image-preview:large, max-video-preview:-1\" \/>\n<link rel=\"canonical\" href=\"https:\/\/www.portdesitges.com\/ca\/sitges-big-band-barbara-perez-aixequen-public-dels-concerts-mitjanit\/\" \/>\n<meta property=\"og:locale\" content=\"ca_ES\" \/>\n<meta property=\"og:type\" content=\"article\" \/>\n<meta property=\"og:title\" content=\"La Sitges Big Band i Barbara P\u00e9rez aixequen al p\u00fablic dels Concerts de Mitjanit - Port de Sitges - Aiguadol\u00e7\" \/>\n<meta property=\"og:url\" content=\"https:\/\/www.portdesitges.com\/ca\/sitges-big-band-barbara-perez-aixequen-public-dels-concerts-mitjanit\/\" \/>\n<meta property=\"og:site_name\" content=\"Port de Sitges - Aiguadol\u00e7\" \/>\n<meta property=\"article:published_time\" content=\"2017-08-08T15:59:29+00:00\" \/>\n<meta property=\"og:image\" content=\"https:\/\/www.portdesitges.com\/wp-content\/uploads\/2017\/08\/penultim-find-300.jpg\" \/>\n\t<meta property=\"og:image:width\" content=\"301\" \/>\n\t<meta property=\"og:image:height\" content=\"300\" \/>\n\t<meta property=\"og:image:type\" content=\"image\/jpeg\" \/>\n<meta name=\"author\" content=\"S\u00f2nia Felip\" \/>\n<meta name=\"twitter:card\" content=\"summary_large_image\" \/>\n<meta name=\"twitter:label1\" content=\"Escrit per\" \/>\n\t<meta name=\"twitter:data1\" content=\"S\u00f2nia Felip\" \/>\n\t<meta name=\"twitter:label2\" content=\"Temps estimat de lectura\" \/>\n\t<meta name=\"twitter:data2\" content=\"2 minuts\" \/>\n<script type=\"application\/ld+json\" class=\"yoast-schema-graph\">{\"@context\":\"https:\\\/\\\/schema.org\",\"@graph\":[{\"@type\":\"Article\",\"@id\":\"https:\\\/\\\/www.portdesitges.com\\\/ca\\\/sitges-big-band-barbara-perez-aixequen-public-dels-concerts-mitjanit\\\/#article\",\"isPartOf\":{\"@id\":\"https:\\\/\\\/www.portdesitges.com\\\/ca\\\/sitges-big-band-barbara-perez-aixequen-public-dels-concerts-mitjanit\\\/\"},\"author\":{\"name\":\"S\u00f2nia Felip\",\"@id\":\"https:\\\/\\\/www.portdesitges.com\\\/#\\\/schema\\\/person\\\/be98f3191d6c7bb6ccddc2e0ac4d861f\"},\"headline\":\"La Sitges Big Band i Barbara P\u00e9rez aixequen al p\u00fablic dels Concerts de Mitjanit\",\"datePublished\":\"2017-08-08T15:59:29+00:00\",\"mainEntityOfPage\":{\"@id\":\"https:\\\/\\\/www.portdesitges.com\\\/ca\\\/sitges-big-band-barbara-perez-aixequen-public-dels-concerts-mitjanit\\\/\"},\"wordCount\":362,\"image\":{\"@id\":\"https:\\\/\\\/www.portdesitges.com\\\/ca\\\/sitges-big-band-barbara-perez-aixequen-public-dels-concerts-mitjanit\\\/#primaryimage\"},\"thumbnailUrl\":\"https:\\\/\\\/www.portdesitges.com\\\/wp-content\\\/uploads\\\/2017\\\/08\\\/penultim-find-300.jpg\",\"inLanguage\":\"ca\"},{\"@type\":\"WebPage\",\"@id\":\"https:\\\/\\\/www.portdesitges.com\\\/ca\\\/sitges-big-band-barbara-perez-aixequen-public-dels-concerts-mitjanit\\\/\",\"url\":\"https:\\\/\\\/www.portdesitges.com\\\/ca\\\/sitges-big-band-barbara-perez-aixequen-public-dels-concerts-mitjanit\\\/\",\"name\":\"La Sitges Big Band i Barbara P\u00e9rez aixequen al p\u00fablic dels Concerts de Mitjanit - Port de Sitges - Aiguadol\u00e7\",\"isPartOf\":{\"@id\":\"https:\\\/\\\/www.portdesitges.com\\\/#website\"},\"primaryImageOfPage\":{\"@id\":\"https:\\\/\\\/www.portdesitges.com\\\/ca\\\/sitges-big-band-barbara-perez-aixequen-public-dels-concerts-mitjanit\\\/#primaryimage\"},\"image\":{\"@id\":\"https:\\\/\\\/www.portdesitges.com\\\/ca\\\/sitges-big-band-barbara-perez-aixequen-public-dels-concerts-mitjanit\\\/#primaryimage\"},\"thumbnailUrl\":\"https:\\\/\\\/www.portdesitges.com\\\/wp-content\\\/uploads\\\/2017\\\/08\\\/penultim-find-300.jpg\",\"datePublished\":\"2017-08-08T15:59:29+00:00\",\"author\":{\"@id\":\"https:\\\/\\\/www.portdesitges.com\\\/#\\\/schema\\\/person\\\/be98f3191d6c7bb6ccddc2e0ac4d861f\"},\"breadcrumb\":{\"@id\":\"https:\\\/\\\/www.portdesitges.com\\\/ca\\\/sitges-big-band-barbara-perez-aixequen-public-dels-concerts-mitjanit\\\/#breadcrumb\"},\"inLanguage\":\"ca\",\"potentialAction\":[{\"@type\":\"ReadAction\",\"target\":[\"https:\\\/\\\/www.portdesitges.com\\\/ca\\\/sitges-big-band-barbara-perez-aixequen-public-dels-concerts-mitjanit\\\/\"]}]},{\"@type\":\"ImageObject\",\"inLanguage\":\"ca\",\"@id\":\"https:\\\/\\\/www.portdesitges.com\\\/ca\\\/sitges-big-band-barbara-perez-aixequen-public-dels-concerts-mitjanit\\\/#primaryimage\",\"url\":\"https:\\\/\\\/www.portdesitges.com\\\/wp-content\\\/uploads\\\/2017\\\/08\\\/penultim-find-300.jpg\",\"contentUrl\":\"https:\\\/\\\/www.portdesitges.com\\\/wp-content\\\/uploads\\\/2017\\\/08\\\/penultim-find-300.jpg\",\"width\":301,\"height\":300},{\"@type\":\"BreadcrumbList\",\"@id\":\"https:\\\/\\\/www.portdesitges.com\\\/ca\\\/sitges-big-band-barbara-perez-aixequen-public-dels-concerts-mitjanit\\\/#breadcrumb\",\"itemListElement\":[{\"@type\":\"ListItem\",\"position\":1,\"name\":\"Portada\",\"item\":\"https:\\\/\\\/www.portdesitges.com\\\/ca\\\/\"},{\"@type\":\"ListItem\",\"position\":2,\"name\":\"La Sitges Big Band i Barbara P\u00e9rez aixequen al p\u00fablic dels Concerts de Mitjanit\"}]},{\"@type\":\"WebSite\",\"@id\":\"https:\\\/\\\/www.portdesitges.com\\\/#website\",\"url\":\"https:\\\/\\\/www.portdesitges.com\\\/\",\"name\":\"Port de Sitges - Aiguadol\u00e7\",\"description\":\"lugar donde el mar y la tierra se dan de la mano para crear un espacio \u00fanico y atractivo. Disfruta de un mar de experiencias.\",\"potentialAction\":[{\"@type\":\"SearchAction\",\"target\":{\"@type\":\"EntryPoint\",\"urlTemplate\":\"https:\\\/\\\/www.portdesitges.com\\\/?s={search_term_string}\"},\"query-input\":{\"@type\":\"PropertyValueSpecification\",\"valueRequired\":true,\"valueName\":\"search_term_string\"}}],\"inLanguage\":\"ca\"},{\"@type\":\"Person\",\"@id\":\"https:\\\/\\\/www.portdesitges.com\\\/#\\\/schema\\\/person\\\/be98f3191d6c7bb6ccddc2e0ac4d861f\",\"name\":\"S\u00f2nia Felip\",\"image\":{\"@type\":\"ImageObject\",\"inLanguage\":\"ca\",\"@id\":\"https:\\\/\\\/secure.gravatar.com\\\/avatar\\\/3f5abf961091eed8bea1ba4a0fb5f78e0c728f907fe0cf722e81af4aa82939db?s=96&d=mm&r=g\",\"url\":\"https:\\\/\\\/secure.gravatar.com\\\/avatar\\\/3f5abf961091eed8bea1ba4a0fb5f78e0c728f907fe0cf722e81af4aa82939db?s=96&d=mm&r=g\",\"contentUrl\":\"https:\\\/\\\/secure.gravatar.com\\\/avatar\\\/3f5abf961091eed8bea1ba4a0fb5f78e0c728f907fe0cf722e81af4aa82939db?s=96&d=mm&r=g\",\"caption\":\"S\u00f2nia Felip\"},\"url\":\"https:\\\/\\\/www.portdesitges.com\\\/ca\\\/author\\\/sonia\\\/\"}]}<\/script>\n<!-- \/ Yoast SEO plugin. -->","yoast_head_json":{"title":"La Sitges Big Band i Barbara P\u00e9rez aixequen al p\u00fablic dels Concerts de Mitjanit - Port de Sitges - Aiguadol\u00e7","robots":{"index":"index","follow":"follow","max-snippet":"max-snippet:-1","max-image-preview":"max-image-preview:large","max-video-preview":"max-video-preview:-1"},"canonical":"https:\/\/www.portdesitges.com\/ca\/sitges-big-band-barbara-perez-aixequen-public-dels-concerts-mitjanit\/","og_locale":"ca_ES","og_type":"article","og_title":"La Sitges Big Band i Barbara P\u00e9rez aixequen al p\u00fablic dels Concerts de Mitjanit - Port de Sitges - Aiguadol\u00e7","og_url":"https:\/\/www.portdesitges.com\/ca\/sitges-big-band-barbara-perez-aixequen-public-dels-concerts-mitjanit\/","og_site_name":"Port de Sitges - Aiguadol\u00e7","article_published_time":"2017-08-08T15:59:29+00:00","og_image":[{"width":301,"height":300,"url":"https:\/\/www.portdesitges.com\/wp-content\/uploads\/2017\/08\/penultim-find-300.jpg","type":"image\/jpeg"}],"author":"S\u00f2nia Felip","twitter_card":"summary_large_image","twitter_misc":{"Escrit per":"S\u00f2nia Felip","Temps estimat de lectura":"2 minuts"},"schema":{"@context":"https:\/\/schema.org","@graph":[{"@type":"Article","@id":"https:\/\/www.portdesitges.com\/ca\/sitges-big-band-barbara-perez-aixequen-public-dels-concerts-mitjanit\/#article","isPartOf":{"@id":"https:\/\/www.portdesitges.com\/ca\/sitges-big-band-barbara-perez-aixequen-public-dels-concerts-mitjanit\/"},"author":{"name":"S\u00f2nia Felip","@id":"https:\/\/www.portdesitges.com\/#\/schema\/person\/be98f3191d6c7bb6ccddc2e0ac4d861f"},"headline":"La Sitges Big Band i Barbara P\u00e9rez aixequen al p\u00fablic dels Concerts de Mitjanit","datePublished":"2017-08-08T15:59:29+00:00","mainEntityOfPage":{"@id":"https:\/\/www.portdesitges.com\/ca\/sitges-big-band-barbara-perez-aixequen-public-dels-concerts-mitjanit\/"},"wordCount":362,"image":{"@id":"https:\/\/www.portdesitges.com\/ca\/sitges-big-band-barbara-perez-aixequen-public-dels-concerts-mitjanit\/#primaryimage"},"thumbnailUrl":"https:\/\/www.portdesitges.com\/wp-content\/uploads\/2017\/08\/penultim-find-300.jpg","inLanguage":"ca"},{"@type":"WebPage","@id":"https:\/\/www.portdesitges.com\/ca\/sitges-big-band-barbara-perez-aixequen-public-dels-concerts-mitjanit\/","url":"https:\/\/www.portdesitges.com\/ca\/sitges-big-band-barbara-perez-aixequen-public-dels-concerts-mitjanit\/","name":"La Sitges Big Band i Barbara P\u00e9rez aixequen al p\u00fablic dels Concerts de Mitjanit - Port de Sitges - Aiguadol\u00e7","isPartOf":{"@id":"https:\/\/www.portdesitges.com\/#website"},"primaryImageOfPage":{"@id":"https:\/\/www.portdesitges.com\/ca\/sitges-big-band-barbara-perez-aixequen-public-dels-concerts-mitjanit\/#primaryimage"},"image":{"@id":"https:\/\/www.portdesitges.com\/ca\/sitges-big-band-barbara-perez-aixequen-public-dels-concerts-mitjanit\/#primaryimage"},"thumbnailUrl":"https:\/\/www.portdesitges.com\/wp-content\/uploads\/2017\/08\/penultim-find-300.jpg","datePublished":"2017-08-08T15:59:29+00:00","author":{"@id":"https:\/\/www.portdesitges.com\/#\/schema\/person\/be98f3191d6c7bb6ccddc2e0ac4d861f"},"breadcrumb":{"@id":"https:\/\/www.portdesitges.com\/ca\/sitges-big-band-barbara-perez-aixequen-public-dels-concerts-mitjanit\/#breadcrumb"},"inLanguage":"ca","potentialAction":[{"@type":"ReadAction","target":["https:\/\/www.portdesitges.com\/ca\/sitges-big-band-barbara-perez-aixequen-public-dels-concerts-mitjanit\/"]}]},{"@type":"ImageObject","inLanguage":"ca","@id":"https:\/\/www.portdesitges.com\/ca\/sitges-big-band-barbara-perez-aixequen-public-dels-concerts-mitjanit\/#primaryimage","url":"https:\/\/www.portdesitges.com\/wp-content\/uploads\/2017\/08\/penultim-find-300.jpg","contentUrl":"https:\/\/www.portdesitges.com\/wp-content\/uploads\/2017\/08\/penultim-find-300.jpg","width":301,"height":300},{"@type":"BreadcrumbList","@id":"https:\/\/www.portdesitges.com\/ca\/sitges-big-band-barbara-perez-aixequen-public-dels-concerts-mitjanit\/#breadcrumb","itemListElement":[{"@type":"ListItem","position":1,"name":"Portada","item":"https:\/\/www.portdesitges.com\/ca\/"},{"@type":"ListItem","position":2,"name":"La Sitges Big Band i Barbara P\u00e9rez aixequen al p\u00fablic dels Concerts de Mitjanit"}]},{"@type":"WebSite","@id":"https:\/\/www.portdesitges.com\/#website","url":"https:\/\/www.portdesitges.com\/","name":"Port de Sitges - Aiguadol\u00e7","description":"lugar donde el mar y la tierra se dan de la mano para crear un espacio \u00fanico y atractivo. Disfruta de un mar de experiencias.","potentialAction":[{"@type":"SearchAction","target":{"@type":"EntryPoint","urlTemplate":"https:\/\/www.portdesitges.com\/?s={search_term_string}"},"query-input":{"@type":"PropertyValueSpecification","valueRequired":true,"valueName":"search_term_string"}}],"inLanguage":"ca"},{"@type":"Person","@id":"https:\/\/www.portdesitges.com\/#\/schema\/person\/be98f3191d6c7bb6ccddc2e0ac4d861f","name":"S\u00f2nia Felip","image":{"@type":"ImageObject","inLanguage":"ca","@id":"https:\/\/secure.gravatar.com\/avatar\/3f5abf961091eed8bea1ba4a0fb5f78e0c728f907fe0cf722e81af4aa82939db?s=96&d=mm&r=g","url":"https:\/\/secure.gravatar.com\/avatar\/3f5abf961091eed8bea1ba4a0fb5f78e0c728f907fe0cf722e81af4aa82939db?s=96&d=mm&r=g","contentUrl":"https:\/\/secure.gravatar.com\/avatar\/3f5abf961091eed8bea1ba4a0fb5f78e0c728f907fe0cf722e81af4aa82939db?s=96&d=mm&r=g","caption":"S\u00f2nia Felip"},"url":"https:\/\/www.portdesitges.com\/ca\/author\/sonia\/"}]}},"_links":{"self":[{"href":"https:\/\/www.portdesitges.com\/ca\/wp-json\/wp\/v2\/posts\/5704","targetHints":{"allow":["GET"]}}],"collection":[{"href":"https:\/\/www.portdesitges.com\/ca\/wp-json\/wp\/v2\/posts"}],"about":[{"href":"https:\/\/www.portdesitges.com\/ca\/wp-json\/wp\/v2\/types\/post"}],"author":[{"embeddable":true,"href":"https:\/\/www.portdesitges.com\/ca\/wp-json\/wp\/v2\/users\/3"}],"replies":[{"embeddable":true,"href":"https:\/\/www.portdesitges.com\/ca\/wp-json\/wp\/v2\/comments?post=5704"}],"version-history":[{"count":0,"href":"https:\/\/www.portdesitges.com\/ca\/wp-json\/wp\/v2\/posts\/5704\/revisions"}],"wp:featuredmedia":[{"embeddable":true,"href":"https:\/\/www.portdesitges.com\/ca\/wp-json\/wp\/v2\/media\/5707"}],"wp:attachment":[{"href":"https:\/\/www.portdesitges.com\/ca\/wp-json\/wp\/v2\/media?parent=5704"}],"wp:term":[{"taxonomy":"category","embeddable":true,"href":"https:\/\/www.portdesitges.com\/ca\/wp-json\/wp\/v2\/categories?post=5704"},{"taxonomy":"post_tag","embeddable":true,"href":"https:\/\/www.portdesitges.com\/ca\/wp-json\/wp\/v2\/tags?post=5704"}],"curies":[{"name":"wp","href":"https:\/\/api.w.org\/{rel}","templated":true}]}}