{"id":5695,"date":"2017-08-02T15:47:00","date_gmt":"2017-08-02T15:47:00","guid":{"rendered":"http:\/\/www.portdesitges.com\/?p=5695"},"modified":"2017-08-02T15:47:00","modified_gmt":"2017-08-02T15:47:00","slug":"gran-nit-lirica-omple-concerts-mitjanit-millor-opera","status":"publish","type":"post","link":"https:\/\/www.portdesitges.com\/ca\/gran-nit-lirica-omple-concerts-mitjanit-millor-opera\/","title":{"rendered":"La Gran Nit L\u00edrica omple els Concerts de Mitjanit amb la millor \u00f2pera"},"content":{"rendered":"<p><!--more--><\/p>\n<p><em>El dia previ va actuar WoM, tres veus femenines que van oferir un concert de jazz-pop de caire \u00edntim <\/em><\/p>\n<p>Dues veus m\u00e9s que espectaculars acompanyades d\u2019un mestre del piano van omplir la nit de dissabte l\u2019Auditori del Port de Sitges. La Gran Nit L\u00edrica \u00e9s la proposta m\u00e9s emblem\u00e0tica dels <a href=\"http:\/\/concertsdemitjanit.com\/\">Concerts de Mitjanit<\/a> i en aquesta edici\u00f3 van comptar amb la presencia de la reconeguda soprano Mar\u00eda del Mar Humanes, la potencia del bar\u00edton Xavier Aguilar i la destresa al piano de Maxim Shamo. Com cada any la cita d\u2019\u00f2pera en viu que propos\u00e0 la Fundaci\u00f3 del Port de Sitges-Aiguadol\u00e7 va oferir al p\u00fablic, que no va deixar un seien lliure, un fant\u00e0stic repertori de les obres m\u00e9s representatives de cada \u00e8poca i autor.<\/p>\n<p style=\"text-align: center;\"><a href=\"http:\/\/www.portdesitges.com\/port\/wp-content\/uploads\/2017\/08\/Gran-Nit-Lirica-Port-de-Sitges-023.jpg\"><img loading=\"lazy\" decoding=\"async\" class=\"alignnone size-medium wp-image-5696\" src=\"http:\/\/www.portdesitges.com\/port\/wp-content\/uploads\/2017\/08\/Gran-Nit-Lirica-Port-de-Sitges-023-300x200.jpg\" alt=\"\" width=\"300\" height=\"200\" srcset=\"https:\/\/www.portdesitges.com\/wp-content\/uploads\/2017\/08\/Gran-Nit-Lirica-Port-de-Sitges-023-300x200.jpg 300w, https:\/\/www.portdesitges.com\/wp-content\/uploads\/2017\/08\/Gran-Nit-Lirica-Port-de-Sitges-023-768x511.jpg 768w, https:\/\/www.portdesitges.com\/wp-content\/uploads\/2017\/08\/Gran-Nit-Lirica-Port-de-Sitges-023.jpg 853w\" sizes=\"auto, (max-width: 300px) 100vw, 300px\" \/><\/a><\/p>\n<p>Divendres el grup WoM va oferir un concerts de caire \u00edntim on es barrejava jazz i pop, tot a trav\u00e9s de les veus femenines de les tres integrants del grup. La Clara Luna, la Laia Fortia\u0300 i la Gemma Abrie\u0301 realitzaren proposta compacta, atrevida, sensible i atractiva en tots els sentits, on conflu\u00efen diferents estils com el jazz, la bossanova, el soul o el pop a trave\u0301s d\u2019arranjaments propis.<\/p>\n<p>El proper divendres 4 d\u2019agost a les 23:30h una barreja homog\u00e8nia de funk i soul amb toques llatins que sacseja els sentits, de la ma de B\u00e1rbara P\u00e9rez Tr\u00edo, omplir\u00e0 l\u2019Auditori de Capitania del Port de Sitges. Dissabte 5 d\u2019agost a les 23:30h una de les cites imprescindibles que ja ve sent un cl\u00e0ssic dels Concerts de Mitjanit, la Sitges Big Band una amplia formaci\u00f3 instrumental que cada any fan les del\u00edcies del p\u00fablic dels concerts. Entrada gratu\u00efta.<\/p>\n","protected":false},"excerpt":{"rendered":"El dia previ va actuar WoM, tres veus femenines que van oferir un concert de jazz-pop de caire \u00edntim Dues veus m\u00e9s que espectaculars acompanyades d\u2019un mestre del piano van...","protected":false},"author":3,"featured_media":5697,"comment_status":"closed","ping_status":"closed","sticky":false,"template":"","format":"standard","meta":{"footnotes":""},"categories":[],"tags":[],"class_list":["post-5695","post","type-post","status-publish","format-standard","has-post-thumbnail"],"yoast_head":"<!-- This site is optimized with the Yoast SEO plugin v27.3 - https:\/\/yoast.com\/product\/yoast-seo-wordpress\/ -->\n<title>La Gran Nit L\u00edrica omple els Concerts de Mitjanit amb la millor \u00f2pera - Port de Sitges - Aiguadol\u00e7<\/title>\n<meta name=\"robots\" content=\"index, follow, max-snippet:-1, max-image-preview:large, max-video-preview:-1\" \/>\n<link rel=\"canonical\" href=\"https:\/\/www.portdesitges.com\/ca\/gran-nit-lirica-omple-concerts-mitjanit-millor-opera\/\" \/>\n<meta property=\"og:locale\" content=\"ca_ES\" \/>\n<meta property=\"og:type\" content=\"article\" \/>\n<meta property=\"og:title\" content=\"La Gran Nit L\u00edrica omple els Concerts de Mitjanit amb la millor \u00f2pera - Port de Sitges - Aiguadol\u00e7\" \/>\n<meta property=\"og:url\" content=\"https:\/\/www.portdesitges.com\/ca\/gran-nit-lirica-omple-concerts-mitjanit-millor-opera\/\" \/>\n<meta property=\"og:site_name\" content=\"Port de Sitges - Aiguadol\u00e7\" \/>\n<meta property=\"article:published_time\" content=\"2017-08-02T15:47:00+00:00\" \/>\n<meta property=\"og:image\" content=\"https:\/\/www.portdesitges.com\/wp-content\/uploads\/2017\/08\/Gran-Nit-Lirica-Port-de-Sitges-300.jpg\" \/>\n\t<meta property=\"og:image:width\" content=\"301\" \/>\n\t<meta property=\"og:image:height\" content=\"300\" \/>\n\t<meta property=\"og:image:type\" content=\"image\/jpeg\" \/>\n<meta name=\"author\" content=\"S\u00f2nia Felip\" \/>\n<meta name=\"twitter:card\" content=\"summary_large_image\" \/>\n<meta name=\"twitter:label1\" content=\"Escrit per\" \/>\n\t<meta name=\"twitter:data1\" content=\"S\u00f2nia Felip\" \/>\n\t<meta name=\"twitter:label2\" content=\"Temps estimat de lectura\" \/>\n\t<meta name=\"twitter:data2\" content=\"1 minut\" \/>\n<script type=\"application\/ld+json\" class=\"yoast-schema-graph\">{\"@context\":\"https:\\\/\\\/schema.org\",\"@graph\":[{\"@type\":\"Article\",\"@id\":\"https:\\\/\\\/www.portdesitges.com\\\/ca\\\/gran-nit-lirica-omple-concerts-mitjanit-millor-opera\\\/#article\",\"isPartOf\":{\"@id\":\"https:\\\/\\\/www.portdesitges.com\\\/ca\\\/gran-nit-lirica-omple-concerts-mitjanit-millor-opera\\\/\"},\"author\":{\"name\":\"S\u00f2nia Felip\",\"@id\":\"https:\\\/\\\/www.portdesitges.com\\\/#\\\/schema\\\/person\\\/be98f3191d6c7bb6ccddc2e0ac4d861f\"},\"headline\":\"La Gran Nit L\u00edrica omple els Concerts de Mitjanit amb la millor \u00f2pera\",\"datePublished\":\"2017-08-02T15:47:00+00:00\",\"mainEntityOfPage\":{\"@id\":\"https:\\\/\\\/www.portdesitges.com\\\/ca\\\/gran-nit-lirica-omple-concerts-mitjanit-millor-opera\\\/\"},\"wordCount\":310,\"image\":{\"@id\":\"https:\\\/\\\/www.portdesitges.com\\\/ca\\\/gran-nit-lirica-omple-concerts-mitjanit-millor-opera\\\/#primaryimage\"},\"thumbnailUrl\":\"https:\\\/\\\/www.portdesitges.com\\\/wp-content\\\/uploads\\\/2017\\\/08\\\/Gran-Nit-Lirica-Port-de-Sitges-300.jpg\",\"inLanguage\":\"ca\"},{\"@type\":\"WebPage\",\"@id\":\"https:\\\/\\\/www.portdesitges.com\\\/ca\\\/gran-nit-lirica-omple-concerts-mitjanit-millor-opera\\\/\",\"url\":\"https:\\\/\\\/www.portdesitges.com\\\/ca\\\/gran-nit-lirica-omple-concerts-mitjanit-millor-opera\\\/\",\"name\":\"La Gran Nit L\u00edrica omple els Concerts de Mitjanit amb la millor \u00f2pera - Port de Sitges - Aiguadol\u00e7\",\"isPartOf\":{\"@id\":\"https:\\\/\\\/www.portdesitges.com\\\/#website\"},\"primaryImageOfPage\":{\"@id\":\"https:\\\/\\\/www.portdesitges.com\\\/ca\\\/gran-nit-lirica-omple-concerts-mitjanit-millor-opera\\\/#primaryimage\"},\"image\":{\"@id\":\"https:\\\/\\\/www.portdesitges.com\\\/ca\\\/gran-nit-lirica-omple-concerts-mitjanit-millor-opera\\\/#primaryimage\"},\"thumbnailUrl\":\"https:\\\/\\\/www.portdesitges.com\\\/wp-content\\\/uploads\\\/2017\\\/08\\\/Gran-Nit-Lirica-Port-de-Sitges-300.jpg\",\"datePublished\":\"2017-08-02T15:47:00+00:00\",\"author\":{\"@id\":\"https:\\\/\\\/www.portdesitges.com\\\/#\\\/schema\\\/person\\\/be98f3191d6c7bb6ccddc2e0ac4d861f\"},\"breadcrumb\":{\"@id\":\"https:\\\/\\\/www.portdesitges.com\\\/ca\\\/gran-nit-lirica-omple-concerts-mitjanit-millor-opera\\\/#breadcrumb\"},\"inLanguage\":\"ca\",\"potentialAction\":[{\"@type\":\"ReadAction\",\"target\":[\"https:\\\/\\\/www.portdesitges.com\\\/ca\\\/gran-nit-lirica-omple-concerts-mitjanit-millor-opera\\\/\"]}]},{\"@type\":\"ImageObject\",\"inLanguage\":\"ca\",\"@id\":\"https:\\\/\\\/www.portdesitges.com\\\/ca\\\/gran-nit-lirica-omple-concerts-mitjanit-millor-opera\\\/#primaryimage\",\"url\":\"https:\\\/\\\/www.portdesitges.com\\\/wp-content\\\/uploads\\\/2017\\\/08\\\/Gran-Nit-Lirica-Port-de-Sitges-300.jpg\",\"contentUrl\":\"https:\\\/\\\/www.portdesitges.com\\\/wp-content\\\/uploads\\\/2017\\\/08\\\/Gran-Nit-Lirica-Port-de-Sitges-300.jpg\",\"width\":301,\"height\":300},{\"@type\":\"BreadcrumbList\",\"@id\":\"https:\\\/\\\/www.portdesitges.com\\\/ca\\\/gran-nit-lirica-omple-concerts-mitjanit-millor-opera\\\/#breadcrumb\",\"itemListElement\":[{\"@type\":\"ListItem\",\"position\":1,\"name\":\"Portada\",\"item\":\"https:\\\/\\\/www.portdesitges.com\\\/ca\\\/\"},{\"@type\":\"ListItem\",\"position\":2,\"name\":\"La Gran Nit L\u00edrica omple els Concerts de Mitjanit amb la millor \u00f2pera\"}]},{\"@type\":\"WebSite\",\"@id\":\"https:\\\/\\\/www.portdesitges.com\\\/#website\",\"url\":\"https:\\\/\\\/www.portdesitges.com\\\/\",\"name\":\"Port de Sitges - Aiguadol\u00e7\",\"description\":\"lugar donde el mar y la tierra se dan de la mano para crear un espacio \u00fanico y atractivo. Disfruta de un mar de experiencias.\",\"potentialAction\":[{\"@type\":\"SearchAction\",\"target\":{\"@type\":\"EntryPoint\",\"urlTemplate\":\"https:\\\/\\\/www.portdesitges.com\\\/?s={search_term_string}\"},\"query-input\":{\"@type\":\"PropertyValueSpecification\",\"valueRequired\":true,\"valueName\":\"search_term_string\"}}],\"inLanguage\":\"ca\"},{\"@type\":\"Person\",\"@id\":\"https:\\\/\\\/www.portdesitges.com\\\/#\\\/schema\\\/person\\\/be98f3191d6c7bb6ccddc2e0ac4d861f\",\"name\":\"S\u00f2nia Felip\",\"image\":{\"@type\":\"ImageObject\",\"inLanguage\":\"ca\",\"@id\":\"https:\\\/\\\/secure.gravatar.com\\\/avatar\\\/3f5abf961091eed8bea1ba4a0fb5f78e0c728f907fe0cf722e81af4aa82939db?s=96&d=mm&r=g\",\"url\":\"https:\\\/\\\/secure.gravatar.com\\\/avatar\\\/3f5abf961091eed8bea1ba4a0fb5f78e0c728f907fe0cf722e81af4aa82939db?s=96&d=mm&r=g\",\"contentUrl\":\"https:\\\/\\\/secure.gravatar.com\\\/avatar\\\/3f5abf961091eed8bea1ba4a0fb5f78e0c728f907fe0cf722e81af4aa82939db?s=96&d=mm&r=g\",\"caption\":\"S\u00f2nia Felip\"},\"url\":\"https:\\\/\\\/www.portdesitges.com\\\/ca\\\/author\\\/sonia\\\/\"}]}<\/script>\n<!-- \/ Yoast SEO plugin. -->","yoast_head_json":{"title":"La Gran Nit L\u00edrica omple els Concerts de Mitjanit amb la millor \u00f2pera - Port de Sitges - Aiguadol\u00e7","robots":{"index":"index","follow":"follow","max-snippet":"max-snippet:-1","max-image-preview":"max-image-preview:large","max-video-preview":"max-video-preview:-1"},"canonical":"https:\/\/www.portdesitges.com\/ca\/gran-nit-lirica-omple-concerts-mitjanit-millor-opera\/","og_locale":"ca_ES","og_type":"article","og_title":"La Gran Nit L\u00edrica omple els Concerts de Mitjanit amb la millor \u00f2pera - Port de Sitges - Aiguadol\u00e7","og_url":"https:\/\/www.portdesitges.com\/ca\/gran-nit-lirica-omple-concerts-mitjanit-millor-opera\/","og_site_name":"Port de Sitges - Aiguadol\u00e7","article_published_time":"2017-08-02T15:47:00+00:00","og_image":[{"width":301,"height":300,"url":"https:\/\/www.portdesitges.com\/wp-content\/uploads\/2017\/08\/Gran-Nit-Lirica-Port-de-Sitges-300.jpg","type":"image\/jpeg"}],"author":"S\u00f2nia Felip","twitter_card":"summary_large_image","twitter_misc":{"Escrit per":"S\u00f2nia Felip","Temps estimat de lectura":"1 minut"},"schema":{"@context":"https:\/\/schema.org","@graph":[{"@type":"Article","@id":"https:\/\/www.portdesitges.com\/ca\/gran-nit-lirica-omple-concerts-mitjanit-millor-opera\/#article","isPartOf":{"@id":"https:\/\/www.portdesitges.com\/ca\/gran-nit-lirica-omple-concerts-mitjanit-millor-opera\/"},"author":{"name":"S\u00f2nia Felip","@id":"https:\/\/www.portdesitges.com\/#\/schema\/person\/be98f3191d6c7bb6ccddc2e0ac4d861f"},"headline":"La Gran Nit L\u00edrica omple els Concerts de Mitjanit amb la millor \u00f2pera","datePublished":"2017-08-02T15:47:00+00:00","mainEntityOfPage":{"@id":"https:\/\/www.portdesitges.com\/ca\/gran-nit-lirica-omple-concerts-mitjanit-millor-opera\/"},"wordCount":310,"image":{"@id":"https:\/\/www.portdesitges.com\/ca\/gran-nit-lirica-omple-concerts-mitjanit-millor-opera\/#primaryimage"},"thumbnailUrl":"https:\/\/www.portdesitges.com\/wp-content\/uploads\/2017\/08\/Gran-Nit-Lirica-Port-de-Sitges-300.jpg","inLanguage":"ca"},{"@type":"WebPage","@id":"https:\/\/www.portdesitges.com\/ca\/gran-nit-lirica-omple-concerts-mitjanit-millor-opera\/","url":"https:\/\/www.portdesitges.com\/ca\/gran-nit-lirica-omple-concerts-mitjanit-millor-opera\/","name":"La Gran Nit L\u00edrica omple els Concerts de Mitjanit amb la millor \u00f2pera - Port de Sitges - Aiguadol\u00e7","isPartOf":{"@id":"https:\/\/www.portdesitges.com\/#website"},"primaryImageOfPage":{"@id":"https:\/\/www.portdesitges.com\/ca\/gran-nit-lirica-omple-concerts-mitjanit-millor-opera\/#primaryimage"},"image":{"@id":"https:\/\/www.portdesitges.com\/ca\/gran-nit-lirica-omple-concerts-mitjanit-millor-opera\/#primaryimage"},"thumbnailUrl":"https:\/\/www.portdesitges.com\/wp-content\/uploads\/2017\/08\/Gran-Nit-Lirica-Port-de-Sitges-300.jpg","datePublished":"2017-08-02T15:47:00+00:00","author":{"@id":"https:\/\/www.portdesitges.com\/#\/schema\/person\/be98f3191d6c7bb6ccddc2e0ac4d861f"},"breadcrumb":{"@id":"https:\/\/www.portdesitges.com\/ca\/gran-nit-lirica-omple-concerts-mitjanit-millor-opera\/#breadcrumb"},"inLanguage":"ca","potentialAction":[{"@type":"ReadAction","target":["https:\/\/www.portdesitges.com\/ca\/gran-nit-lirica-omple-concerts-mitjanit-millor-opera\/"]}]},{"@type":"ImageObject","inLanguage":"ca","@id":"https:\/\/www.portdesitges.com\/ca\/gran-nit-lirica-omple-concerts-mitjanit-millor-opera\/#primaryimage","url":"https:\/\/www.portdesitges.com\/wp-content\/uploads\/2017\/08\/Gran-Nit-Lirica-Port-de-Sitges-300.jpg","contentUrl":"https:\/\/www.portdesitges.com\/wp-content\/uploads\/2017\/08\/Gran-Nit-Lirica-Port-de-Sitges-300.jpg","width":301,"height":300},{"@type":"BreadcrumbList","@id":"https:\/\/www.portdesitges.com\/ca\/gran-nit-lirica-omple-concerts-mitjanit-millor-opera\/#breadcrumb","itemListElement":[{"@type":"ListItem","position":1,"name":"Portada","item":"https:\/\/www.portdesitges.com\/ca\/"},{"@type":"ListItem","position":2,"name":"La Gran Nit L\u00edrica omple els Concerts de Mitjanit amb la millor \u00f2pera"}]},{"@type":"WebSite","@id":"https:\/\/www.portdesitges.com\/#website","url":"https:\/\/www.portdesitges.com\/","name":"Port de Sitges - Aiguadol\u00e7","description":"lugar donde el mar y la tierra se dan de la mano para crear un espacio \u00fanico y atractivo. Disfruta de un mar de experiencias.","potentialAction":[{"@type":"SearchAction","target":{"@type":"EntryPoint","urlTemplate":"https:\/\/www.portdesitges.com\/?s={search_term_string}"},"query-input":{"@type":"PropertyValueSpecification","valueRequired":true,"valueName":"search_term_string"}}],"inLanguage":"ca"},{"@type":"Person","@id":"https:\/\/www.portdesitges.com\/#\/schema\/person\/be98f3191d6c7bb6ccddc2e0ac4d861f","name":"S\u00f2nia Felip","image":{"@type":"ImageObject","inLanguage":"ca","@id":"https:\/\/secure.gravatar.com\/avatar\/3f5abf961091eed8bea1ba4a0fb5f78e0c728f907fe0cf722e81af4aa82939db?s=96&d=mm&r=g","url":"https:\/\/secure.gravatar.com\/avatar\/3f5abf961091eed8bea1ba4a0fb5f78e0c728f907fe0cf722e81af4aa82939db?s=96&d=mm&r=g","contentUrl":"https:\/\/secure.gravatar.com\/avatar\/3f5abf961091eed8bea1ba4a0fb5f78e0c728f907fe0cf722e81af4aa82939db?s=96&d=mm&r=g","caption":"S\u00f2nia Felip"},"url":"https:\/\/www.portdesitges.com\/ca\/author\/sonia\/"}]}},"_links":{"self":[{"href":"https:\/\/www.portdesitges.com\/ca\/wp-json\/wp\/v2\/posts\/5695","targetHints":{"allow":["GET"]}}],"collection":[{"href":"https:\/\/www.portdesitges.com\/ca\/wp-json\/wp\/v2\/posts"}],"about":[{"href":"https:\/\/www.portdesitges.com\/ca\/wp-json\/wp\/v2\/types\/post"}],"author":[{"embeddable":true,"href":"https:\/\/www.portdesitges.com\/ca\/wp-json\/wp\/v2\/users\/3"}],"replies":[{"embeddable":true,"href":"https:\/\/www.portdesitges.com\/ca\/wp-json\/wp\/v2\/comments?post=5695"}],"version-history":[{"count":0,"href":"https:\/\/www.portdesitges.com\/ca\/wp-json\/wp\/v2\/posts\/5695\/revisions"}],"wp:featuredmedia":[{"embeddable":true,"href":"https:\/\/www.portdesitges.com\/ca\/wp-json\/wp\/v2\/media\/5697"}],"wp:attachment":[{"href":"https:\/\/www.portdesitges.com\/ca\/wp-json\/wp\/v2\/media?parent=5695"}],"wp:term":[{"taxonomy":"category","embeddable":true,"href":"https:\/\/www.portdesitges.com\/ca\/wp-json\/wp\/v2\/categories?post=5695"},{"taxonomy":"post_tag","embeddable":true,"href":"https:\/\/www.portdesitges.com\/ca\/wp-json\/wp\/v2\/tags?post=5695"}],"curies":[{"name":"wp","href":"https:\/\/api.w.org\/{rel}","templated":true}]}}