{"id":5673,"date":"2017-07-18T15:49:05","date_gmt":"2017-07-18T15:49:05","guid":{"rendered":"http:\/\/www.portdesitges.com\/?p=5673"},"modified":"2017-07-18T15:49:05","modified_gmt":"2017-07-18T15:49:05","slug":"mes-300-persones-omplen-primera-nit-dels-concerts-mitjanit-2017","status":"publish","type":"post","link":"https:\/\/www.portdesitges.com\/ca\/mes-300-persones-omplen-primera-nit-dels-concerts-mitjanit-2017\/","title":{"rendered":"M\u00e9s de 300 persones omplen la primera nit dels Concerts de Mitjanit 2017"},"content":{"rendered":"<p><!--more--><\/p>\n<p><em>Les versions dels Beatles de Scarbeats van fer cantar i ballar al p\u00fablic durant tota l\u2019actuaci\u00f3<\/em><\/p>\n<p>Les millors can\u00e7ons dels Beatles versionades pel grup Scarbeats van omplir de gom a gom la primera nit dels Concerts de Mijanit 2017 organitzats per la Fundaci\u00f3 Port de Sitges-Aiguadol\u00e7. El passat dissabte 15 de juliol m\u00e9s de 300 persones van ballar i cantar al ritme de \u2018She loves you\u2019, \u2018All you need is love\u2019 i d\u2019altres temes del Quartet de Liverpool que van sonar durant m\u00e9s d\u2019una hora. L\u2019Auditori de Capitania on es duen a terme els concerts es va veure desbordat per la quantitat de p\u00fablic assistent, omplint els voltants del recinte amb un gran nombre extra d\u2019espectadors.<\/p>\n<p style=\"text-align: center;\"><a href=\"http:\/\/www.portdesitges.com\/port\/wp-content\/uploads\/2017\/07\/concert-15-juliol.png\"><img loading=\"lazy\" decoding=\"async\" class=\"alignnone size-medium wp-image-5674\" src=\"http:\/\/www.portdesitges.com\/port\/wp-content\/uploads\/2017\/07\/concert-15-juliol-300x148.png\" alt=\"\" width=\"300\" height=\"148\" srcset=\"https:\/\/www.portdesitges.com\/wp-content\/uploads\/2017\/07\/concert-15-juliol-300x148.png 300w, https:\/\/www.portdesitges.com\/wp-content\/uploads\/2017\/07\/concert-15-juliol.png 473w\" sizes=\"auto, (max-width: 300px) 100vw, 300px\" \/><\/a><\/p>\n<p>Diumenge, tamb\u00e9 dins del marc dels Concerts de Mitjanit, es va celebrar la tradicional Festa del Carme amb la process\u00f3 marinera, havaneres i rom cremat. Tota una festa popular que des de fa anys acull el Port de Sitges i a la que van assistir m\u00e9s de 400 persones.<\/p>\n<p>Aquesta nova edici\u00f3 dels Concerts de Mitjanit comen\u00e7a amb molta for\u00e7a, el proper divendres 21 de juliol a les 22h el Port de Sitges ser\u00e0 un dels indrets de Catalunya on se celebrar\u00e0 la nit del Liceu a la Fresca amb la retransmissi\u00f3 en directe del \u2018Il Trovatore\u2019 omplint Sitges de la millor \u00d2pera. Dissabte 22 a les 23:30h arriba el millor Smooth Soul amb la suavitat i sensualitat de Gemma Genazzano.<\/p>\n<p>Els Concerts de mitjanit ofereixen un total de dotze activitats que es duran a terme entre el 15 de juliol i el 14 d\u2019agost al Auditori del Port de Sitges. Aquest 2017 la Fundaci\u00f3 Cultural Port de Sitges-Aiguadol\u00e7 presenta un festival fresc i din\u00e0mic, des de concerts de m\u00fasica en viu a projeccions d\u2019\u00d2pera o de cinema. Una programaci\u00f3 gratu\u00efta que omplir\u00e0 un any m\u00e9s de cultura, color i m\u00fasica el Port de Sitges.<\/p>\n<p>Podeu consultar tota la informaci\u00f3 a <a href=\"http:\/\/www.concertsdemitjanit.com\">Concerts de Mitjanit<\/a><\/p>\n","protected":false},"excerpt":{"rendered":"Les versions dels Beatles de Scarbeats van fer cantar i ballar al p\u00fablic durant tota l\u2019actuaci\u00f3 Les millors can\u00e7ons dels Beatles versionades pel grup Scarbeats van omplir de gom a...","protected":false},"author":3,"featured_media":5675,"comment_status":"closed","ping_status":"closed","sticky":false,"template":"","format":"standard","meta":{"footnotes":""},"categories":[],"tags":[],"class_list":["post-5673","post","type-post","status-publish","format-standard","has-post-thumbnail"],"yoast_head":"<!-- This site is optimized with the Yoast SEO plugin v27.3 - https:\/\/yoast.com\/product\/yoast-seo-wordpress\/ -->\n<title>M\u00e9s de 300 persones omplen la primera nit dels Concerts de Mitjanit 2017 - Port de Sitges - Aiguadol\u00e7<\/title>\n<meta name=\"robots\" content=\"index, follow, max-snippet:-1, max-image-preview:large, max-video-preview:-1\" \/>\n<link rel=\"canonical\" href=\"https:\/\/www.portdesitges.com\/ca\/mes-300-persones-omplen-primera-nit-dels-concerts-mitjanit-2017\/\" \/>\n<meta property=\"og:locale\" content=\"ca_ES\" \/>\n<meta property=\"og:type\" content=\"article\" \/>\n<meta property=\"og:title\" content=\"M\u00e9s de 300 persones omplen la primera nit dels Concerts de Mitjanit 2017 - Port de Sitges - Aiguadol\u00e7\" \/>\n<meta property=\"og:url\" content=\"https:\/\/www.portdesitges.com\/ca\/mes-300-persones-omplen-primera-nit-dels-concerts-mitjanit-2017\/\" \/>\n<meta property=\"og:site_name\" content=\"Port de Sitges - Aiguadol\u00e7\" \/>\n<meta property=\"article:published_time\" content=\"2017-07-18T15:49:05+00:00\" \/>\n<meta property=\"og:image\" content=\"https:\/\/www.portdesitges.com\/wp-content\/uploads\/2017\/07\/concert-15-juliol-300.jpg\" \/>\n\t<meta property=\"og:image:width\" content=\"302\" \/>\n\t<meta property=\"og:image:height\" content=\"300\" \/>\n\t<meta property=\"og:image:type\" content=\"image\/jpeg\" \/>\n<meta name=\"author\" content=\"S\u00f2nia Felip\" \/>\n<meta name=\"twitter:card\" content=\"summary_large_image\" \/>\n<meta name=\"twitter:label1\" content=\"Escrit per\" \/>\n\t<meta name=\"twitter:data1\" content=\"S\u00f2nia Felip\" \/>\n\t<meta name=\"twitter:label2\" content=\"Temps estimat de lectura\" \/>\n\t<meta name=\"twitter:data2\" content=\"2 minuts\" \/>\n<script type=\"application\/ld+json\" class=\"yoast-schema-graph\">{\"@context\":\"https:\\\/\\\/schema.org\",\"@graph\":[{\"@type\":\"Article\",\"@id\":\"https:\\\/\\\/www.portdesitges.com\\\/ca\\\/mes-300-persones-omplen-primera-nit-dels-concerts-mitjanit-2017\\\/#article\",\"isPartOf\":{\"@id\":\"https:\\\/\\\/www.portdesitges.com\\\/ca\\\/mes-300-persones-omplen-primera-nit-dels-concerts-mitjanit-2017\\\/\"},\"author\":{\"name\":\"S\u00f2nia Felip\",\"@id\":\"https:\\\/\\\/www.portdesitges.com\\\/#\\\/schema\\\/person\\\/be98f3191d6c7bb6ccddc2e0ac4d861f\"},\"headline\":\"M\u00e9s de 300 persones omplen la primera nit dels Concerts de Mitjanit 2017\",\"datePublished\":\"2017-07-18T15:49:05+00:00\",\"mainEntityOfPage\":{\"@id\":\"https:\\\/\\\/www.portdesitges.com\\\/ca\\\/mes-300-persones-omplen-primera-nit-dels-concerts-mitjanit-2017\\\/\"},\"wordCount\":343,\"image\":{\"@id\":\"https:\\\/\\\/www.portdesitges.com\\\/ca\\\/mes-300-persones-omplen-primera-nit-dels-concerts-mitjanit-2017\\\/#primaryimage\"},\"thumbnailUrl\":\"https:\\\/\\\/www.portdesitges.com\\\/wp-content\\\/uploads\\\/2017\\\/07\\\/concert-15-juliol-300.jpg\",\"inLanguage\":\"ca\"},{\"@type\":\"WebPage\",\"@id\":\"https:\\\/\\\/www.portdesitges.com\\\/ca\\\/mes-300-persones-omplen-primera-nit-dels-concerts-mitjanit-2017\\\/\",\"url\":\"https:\\\/\\\/www.portdesitges.com\\\/ca\\\/mes-300-persones-omplen-primera-nit-dels-concerts-mitjanit-2017\\\/\",\"name\":\"M\u00e9s de 300 persones omplen la primera nit dels Concerts de Mitjanit 2017 - Port de Sitges - Aiguadol\u00e7\",\"isPartOf\":{\"@id\":\"https:\\\/\\\/www.portdesitges.com\\\/#website\"},\"primaryImageOfPage\":{\"@id\":\"https:\\\/\\\/www.portdesitges.com\\\/ca\\\/mes-300-persones-omplen-primera-nit-dels-concerts-mitjanit-2017\\\/#primaryimage\"},\"image\":{\"@id\":\"https:\\\/\\\/www.portdesitges.com\\\/ca\\\/mes-300-persones-omplen-primera-nit-dels-concerts-mitjanit-2017\\\/#primaryimage\"},\"thumbnailUrl\":\"https:\\\/\\\/www.portdesitges.com\\\/wp-content\\\/uploads\\\/2017\\\/07\\\/concert-15-juliol-300.jpg\",\"datePublished\":\"2017-07-18T15:49:05+00:00\",\"author\":{\"@id\":\"https:\\\/\\\/www.portdesitges.com\\\/#\\\/schema\\\/person\\\/be98f3191d6c7bb6ccddc2e0ac4d861f\"},\"breadcrumb\":{\"@id\":\"https:\\\/\\\/www.portdesitges.com\\\/ca\\\/mes-300-persones-omplen-primera-nit-dels-concerts-mitjanit-2017\\\/#breadcrumb\"},\"inLanguage\":\"ca\",\"potentialAction\":[{\"@type\":\"ReadAction\",\"target\":[\"https:\\\/\\\/www.portdesitges.com\\\/ca\\\/mes-300-persones-omplen-primera-nit-dels-concerts-mitjanit-2017\\\/\"]}]},{\"@type\":\"ImageObject\",\"inLanguage\":\"ca\",\"@id\":\"https:\\\/\\\/www.portdesitges.com\\\/ca\\\/mes-300-persones-omplen-primera-nit-dels-concerts-mitjanit-2017\\\/#primaryimage\",\"url\":\"https:\\\/\\\/www.portdesitges.com\\\/wp-content\\\/uploads\\\/2017\\\/07\\\/concert-15-juliol-300.jpg\",\"contentUrl\":\"https:\\\/\\\/www.portdesitges.com\\\/wp-content\\\/uploads\\\/2017\\\/07\\\/concert-15-juliol-300.jpg\",\"width\":302,\"height\":300},{\"@type\":\"BreadcrumbList\",\"@id\":\"https:\\\/\\\/www.portdesitges.com\\\/ca\\\/mes-300-persones-omplen-primera-nit-dels-concerts-mitjanit-2017\\\/#breadcrumb\",\"itemListElement\":[{\"@type\":\"ListItem\",\"position\":1,\"name\":\"Portada\",\"item\":\"https:\\\/\\\/www.portdesitges.com\\\/ca\\\/\"},{\"@type\":\"ListItem\",\"position\":2,\"name\":\"M\u00e9s de 300 persones omplen la primera nit dels Concerts de Mitjanit 2017\"}]},{\"@type\":\"WebSite\",\"@id\":\"https:\\\/\\\/www.portdesitges.com\\\/#website\",\"url\":\"https:\\\/\\\/www.portdesitges.com\\\/\",\"name\":\"Port de Sitges - Aiguadol\u00e7\",\"description\":\"lugar donde el mar y la tierra se dan de la mano para crear un espacio \u00fanico y atractivo. Disfruta de un mar de experiencias.\",\"potentialAction\":[{\"@type\":\"SearchAction\",\"target\":{\"@type\":\"EntryPoint\",\"urlTemplate\":\"https:\\\/\\\/www.portdesitges.com\\\/?s={search_term_string}\"},\"query-input\":{\"@type\":\"PropertyValueSpecification\",\"valueRequired\":true,\"valueName\":\"search_term_string\"}}],\"inLanguage\":\"ca\"},{\"@type\":\"Person\",\"@id\":\"https:\\\/\\\/www.portdesitges.com\\\/#\\\/schema\\\/person\\\/be98f3191d6c7bb6ccddc2e0ac4d861f\",\"name\":\"S\u00f2nia Felip\",\"image\":{\"@type\":\"ImageObject\",\"inLanguage\":\"ca\",\"@id\":\"https:\\\/\\\/secure.gravatar.com\\\/avatar\\\/3f5abf961091eed8bea1ba4a0fb5f78e0c728f907fe0cf722e81af4aa82939db?s=96&d=mm&r=g\",\"url\":\"https:\\\/\\\/secure.gravatar.com\\\/avatar\\\/3f5abf961091eed8bea1ba4a0fb5f78e0c728f907fe0cf722e81af4aa82939db?s=96&d=mm&r=g\",\"contentUrl\":\"https:\\\/\\\/secure.gravatar.com\\\/avatar\\\/3f5abf961091eed8bea1ba4a0fb5f78e0c728f907fe0cf722e81af4aa82939db?s=96&d=mm&r=g\",\"caption\":\"S\u00f2nia Felip\"},\"url\":\"https:\\\/\\\/www.portdesitges.com\\\/ca\\\/author\\\/sonia\\\/\"}]}<\/script>\n<!-- \/ Yoast SEO plugin. -->","yoast_head_json":{"title":"M\u00e9s de 300 persones omplen la primera nit dels Concerts de Mitjanit 2017 - Port de Sitges - Aiguadol\u00e7","robots":{"index":"index","follow":"follow","max-snippet":"max-snippet:-1","max-image-preview":"max-image-preview:large","max-video-preview":"max-video-preview:-1"},"canonical":"https:\/\/www.portdesitges.com\/ca\/mes-300-persones-omplen-primera-nit-dels-concerts-mitjanit-2017\/","og_locale":"ca_ES","og_type":"article","og_title":"M\u00e9s de 300 persones omplen la primera nit dels Concerts de Mitjanit 2017 - Port de Sitges - Aiguadol\u00e7","og_url":"https:\/\/www.portdesitges.com\/ca\/mes-300-persones-omplen-primera-nit-dels-concerts-mitjanit-2017\/","og_site_name":"Port de Sitges - Aiguadol\u00e7","article_published_time":"2017-07-18T15:49:05+00:00","og_image":[{"width":302,"height":300,"url":"https:\/\/www.portdesitges.com\/wp-content\/uploads\/2017\/07\/concert-15-juliol-300.jpg","type":"image\/jpeg"}],"author":"S\u00f2nia Felip","twitter_card":"summary_large_image","twitter_misc":{"Escrit per":"S\u00f2nia Felip","Temps estimat de lectura":"2 minuts"},"schema":{"@context":"https:\/\/schema.org","@graph":[{"@type":"Article","@id":"https:\/\/www.portdesitges.com\/ca\/mes-300-persones-omplen-primera-nit-dels-concerts-mitjanit-2017\/#article","isPartOf":{"@id":"https:\/\/www.portdesitges.com\/ca\/mes-300-persones-omplen-primera-nit-dels-concerts-mitjanit-2017\/"},"author":{"name":"S\u00f2nia Felip","@id":"https:\/\/www.portdesitges.com\/#\/schema\/person\/be98f3191d6c7bb6ccddc2e0ac4d861f"},"headline":"M\u00e9s de 300 persones omplen la primera nit dels Concerts de Mitjanit 2017","datePublished":"2017-07-18T15:49:05+00:00","mainEntityOfPage":{"@id":"https:\/\/www.portdesitges.com\/ca\/mes-300-persones-omplen-primera-nit-dels-concerts-mitjanit-2017\/"},"wordCount":343,"image":{"@id":"https:\/\/www.portdesitges.com\/ca\/mes-300-persones-omplen-primera-nit-dels-concerts-mitjanit-2017\/#primaryimage"},"thumbnailUrl":"https:\/\/www.portdesitges.com\/wp-content\/uploads\/2017\/07\/concert-15-juliol-300.jpg","inLanguage":"ca"},{"@type":"WebPage","@id":"https:\/\/www.portdesitges.com\/ca\/mes-300-persones-omplen-primera-nit-dels-concerts-mitjanit-2017\/","url":"https:\/\/www.portdesitges.com\/ca\/mes-300-persones-omplen-primera-nit-dels-concerts-mitjanit-2017\/","name":"M\u00e9s de 300 persones omplen la primera nit dels Concerts de Mitjanit 2017 - Port de Sitges - Aiguadol\u00e7","isPartOf":{"@id":"https:\/\/www.portdesitges.com\/#website"},"primaryImageOfPage":{"@id":"https:\/\/www.portdesitges.com\/ca\/mes-300-persones-omplen-primera-nit-dels-concerts-mitjanit-2017\/#primaryimage"},"image":{"@id":"https:\/\/www.portdesitges.com\/ca\/mes-300-persones-omplen-primera-nit-dels-concerts-mitjanit-2017\/#primaryimage"},"thumbnailUrl":"https:\/\/www.portdesitges.com\/wp-content\/uploads\/2017\/07\/concert-15-juliol-300.jpg","datePublished":"2017-07-18T15:49:05+00:00","author":{"@id":"https:\/\/www.portdesitges.com\/#\/schema\/person\/be98f3191d6c7bb6ccddc2e0ac4d861f"},"breadcrumb":{"@id":"https:\/\/www.portdesitges.com\/ca\/mes-300-persones-omplen-primera-nit-dels-concerts-mitjanit-2017\/#breadcrumb"},"inLanguage":"ca","potentialAction":[{"@type":"ReadAction","target":["https:\/\/www.portdesitges.com\/ca\/mes-300-persones-omplen-primera-nit-dels-concerts-mitjanit-2017\/"]}]},{"@type":"ImageObject","inLanguage":"ca","@id":"https:\/\/www.portdesitges.com\/ca\/mes-300-persones-omplen-primera-nit-dels-concerts-mitjanit-2017\/#primaryimage","url":"https:\/\/www.portdesitges.com\/wp-content\/uploads\/2017\/07\/concert-15-juliol-300.jpg","contentUrl":"https:\/\/www.portdesitges.com\/wp-content\/uploads\/2017\/07\/concert-15-juliol-300.jpg","width":302,"height":300},{"@type":"BreadcrumbList","@id":"https:\/\/www.portdesitges.com\/ca\/mes-300-persones-omplen-primera-nit-dels-concerts-mitjanit-2017\/#breadcrumb","itemListElement":[{"@type":"ListItem","position":1,"name":"Portada","item":"https:\/\/www.portdesitges.com\/ca\/"},{"@type":"ListItem","position":2,"name":"M\u00e9s de 300 persones omplen la primera nit dels Concerts de Mitjanit 2017"}]},{"@type":"WebSite","@id":"https:\/\/www.portdesitges.com\/#website","url":"https:\/\/www.portdesitges.com\/","name":"Port de Sitges - Aiguadol\u00e7","description":"lugar donde el mar y la tierra se dan de la mano para crear un espacio \u00fanico y atractivo. Disfruta de un mar de experiencias.","potentialAction":[{"@type":"SearchAction","target":{"@type":"EntryPoint","urlTemplate":"https:\/\/www.portdesitges.com\/?s={search_term_string}"},"query-input":{"@type":"PropertyValueSpecification","valueRequired":true,"valueName":"search_term_string"}}],"inLanguage":"ca"},{"@type":"Person","@id":"https:\/\/www.portdesitges.com\/#\/schema\/person\/be98f3191d6c7bb6ccddc2e0ac4d861f","name":"S\u00f2nia Felip","image":{"@type":"ImageObject","inLanguage":"ca","@id":"https:\/\/secure.gravatar.com\/avatar\/3f5abf961091eed8bea1ba4a0fb5f78e0c728f907fe0cf722e81af4aa82939db?s=96&d=mm&r=g","url":"https:\/\/secure.gravatar.com\/avatar\/3f5abf961091eed8bea1ba4a0fb5f78e0c728f907fe0cf722e81af4aa82939db?s=96&d=mm&r=g","contentUrl":"https:\/\/secure.gravatar.com\/avatar\/3f5abf961091eed8bea1ba4a0fb5f78e0c728f907fe0cf722e81af4aa82939db?s=96&d=mm&r=g","caption":"S\u00f2nia Felip"},"url":"https:\/\/www.portdesitges.com\/ca\/author\/sonia\/"}]}},"_links":{"self":[{"href":"https:\/\/www.portdesitges.com\/ca\/wp-json\/wp\/v2\/posts\/5673","targetHints":{"allow":["GET"]}}],"collection":[{"href":"https:\/\/www.portdesitges.com\/ca\/wp-json\/wp\/v2\/posts"}],"about":[{"href":"https:\/\/www.portdesitges.com\/ca\/wp-json\/wp\/v2\/types\/post"}],"author":[{"embeddable":true,"href":"https:\/\/www.portdesitges.com\/ca\/wp-json\/wp\/v2\/users\/3"}],"replies":[{"embeddable":true,"href":"https:\/\/www.portdesitges.com\/ca\/wp-json\/wp\/v2\/comments?post=5673"}],"version-history":[{"count":0,"href":"https:\/\/www.portdesitges.com\/ca\/wp-json\/wp\/v2\/posts\/5673\/revisions"}],"wp:featuredmedia":[{"embeddable":true,"href":"https:\/\/www.portdesitges.com\/ca\/wp-json\/wp\/v2\/media\/5675"}],"wp:attachment":[{"href":"https:\/\/www.portdesitges.com\/ca\/wp-json\/wp\/v2\/media?parent=5673"}],"wp:term":[{"taxonomy":"category","embeddable":true,"href":"https:\/\/www.portdesitges.com\/ca\/wp-json\/wp\/v2\/categories?post=5673"},{"taxonomy":"post_tag","embeddable":true,"href":"https:\/\/www.portdesitges.com\/ca\/wp-json\/wp\/v2\/tags?post=5673"}],"curies":[{"name":"wp","href":"https:\/\/api.w.org\/{rel}","templated":true}]}}