{"id":5596,"date":"2017-06-08T21:12:00","date_gmt":"2017-06-08T21:12:00","guid":{"rendered":"http:\/\/www.portdesitges.com\/?p=5596"},"modified":"2017-06-08T21:12:00","modified_gmt":"2017-06-08T21:12:00","slug":"nova-edicio-regata-sitges-ciutadella-port-sitges-aiguadolc","status":"publish","type":"post","link":"https:\/\/www.portdesitges.com\/ca\/nova-edicio-regata-sitges-ciutadella-port-sitges-aiguadolc\/","title":{"rendered":"Nova edici\u00f3 de la regata Sitges-Ciutadella al Port de Sitges-Aiguadol\u00e7"},"content":{"rendered":"<p><!--more--><\/p>\n<p><em>El Port de Sitges acull la sortida i la gran Festa de Comiat de tripulacions al poblat mariner<\/em><\/p>\n<p>Tot \u00e9s a punt perqu\u00e8 dins d&#8217;una setmana els vaixells inscrits en la regata Sitges- Ciutadella salpin del Port de Sitges-Aiguadol\u00e7 per cobrir les 120 milles que separen la localitat catalana del port menorqu\u00ed de Ciutadella i cobrir la propera edici\u00f3 d&#8217;aquesta prova puntuable per al Campionat de Catalunya d&#8217;Altura de Creuers. La regata est\u00e0 organitzada pel CN Skipper, el CN Ciutadella, i compta amb la col\u00b7laboraci\u00f3 del Port de Sitges i els ajuntaments de Ciutadella i Sitges.<\/p>\n<p>La prova s&#8217;ha convertit en un cl\u00e0ssic dins del calendari de regates mediterr\u00e0nies que uneixen la pen\u00ednsula amb les illes, sortint del Port de Sitges-Aiguadol\u00e7 el proper dia 16 de juny. El vencedor absolut de la regata ser\u00e0 obsequiat amb el quadre del pintor menorqu\u00ed Torrent Viv\u00f3, conegut artista que cada any realitza un oli commemoratiu de la prova.<\/p>\n<p>Entre altres atractius de la regata, a part de la travessia cap a la illa de Menorca i amarrar al port de Ciutadella, est\u00e0 la gran Festa de Comiat de tripulacions, al poblat mariner del Port de Sitges-Aiguadolc i la celebraci\u00f3 de la Festa del Xai, al CN Ciutadella.<\/p>\n<p style=\"text-align: center;\"><a href=\"http:\/\/www.portdesitges.com\/port\/wp-content\/uploads\/2017\/06\/cartel-regata-sitges-ciutadella-red.jpg\"><img loading=\"lazy\" decoding=\"async\" class=\"alignnone size-full wp-image-5597\" src=\"http:\/\/www.portdesitges.com\/port\/wp-content\/uploads\/2017\/06\/cartel-regata-sitges-ciutadella-red.jpg\" alt=\"\" width=\"583\" height=\"400\" srcset=\"https:\/\/www.portdesitges.com\/wp-content\/uploads\/2017\/06\/cartel-regata-sitges-ciutadella-red.jpg 583w, https:\/\/www.portdesitges.com\/wp-content\/uploads\/2017\/06\/cartel-regata-sitges-ciutadella-red-300x206.jpg 300w\" sizes=\"auto, (max-width: 583px) 100vw, 583px\" \/><\/a><\/p>\n","protected":false},"excerpt":{"rendered":"El Port de Sitges acull la sortida i la gran Festa de Comiat de tripulacions al poblat mariner Tot \u00e9s a punt perqu\u00e8 dins d'una setmana els vaixells inscrits en...","protected":false},"author":3,"featured_media":5598,"comment_status":"closed","ping_status":"closed","sticky":false,"template":"","format":"standard","meta":{"footnotes":""},"categories":[],"tags":[],"class_list":["post-5596","post","type-post","status-publish","format-standard","has-post-thumbnail"],"yoast_head":"<!-- This site is optimized with the Yoast SEO plugin v27.3 - https:\/\/yoast.com\/product\/yoast-seo-wordpress\/ -->\n<title>Nova edici\u00f3 de la regata Sitges-Ciutadella al Port de Sitges-Aiguadol\u00e7 - Port de Sitges - Aiguadol\u00e7<\/title>\n<meta name=\"robots\" content=\"index, follow, max-snippet:-1, max-image-preview:large, max-video-preview:-1\" \/>\n<link rel=\"canonical\" href=\"https:\/\/www.portdesitges.com\/ca\/nova-edicio-regata-sitges-ciutadella-port-sitges-aiguadolc\/\" \/>\n<meta property=\"og:locale\" content=\"ca_ES\" \/>\n<meta property=\"og:type\" content=\"article\" \/>\n<meta property=\"og:title\" content=\"Nova edici\u00f3 de la regata Sitges-Ciutadella al Port de Sitges-Aiguadol\u00e7 - Port de Sitges - Aiguadol\u00e7\" \/>\n<meta property=\"og:url\" content=\"https:\/\/www.portdesitges.com\/ca\/nova-edicio-regata-sitges-ciutadella-port-sitges-aiguadolc\/\" \/>\n<meta property=\"og:site_name\" content=\"Port de Sitges - Aiguadol\u00e7\" \/>\n<meta property=\"article:published_time\" content=\"2017-06-08T21:12:00+00:00\" \/>\n<meta property=\"og:image\" content=\"https:\/\/www.portdesitges.com\/wp-content\/uploads\/2017\/06\/cartel-regata-sitges-ciutadella-300.jpg\" \/>\n\t<meta property=\"og:image:width\" content=\"301\" \/>\n\t<meta property=\"og:image:height\" content=\"300\" \/>\n\t<meta property=\"og:image:type\" content=\"image\/jpeg\" \/>\n<meta name=\"author\" content=\"S\u00f2nia Felip\" \/>\n<meta name=\"twitter:card\" content=\"summary_large_image\" \/>\n<meta name=\"twitter:label1\" content=\"Escrit per\" \/>\n\t<meta name=\"twitter:data1\" content=\"S\u00f2nia Felip\" \/>\n\t<meta name=\"twitter:label2\" content=\"Temps estimat de lectura\" \/>\n\t<meta name=\"twitter:data2\" content=\"1 minut\" \/>\n<script type=\"application\/ld+json\" class=\"yoast-schema-graph\">{\"@context\":\"https:\\\/\\\/schema.org\",\"@graph\":[{\"@type\":\"Article\",\"@id\":\"https:\\\/\\\/www.portdesitges.com\\\/ca\\\/nova-edicio-regata-sitges-ciutadella-port-sitges-aiguadolc\\\/#article\",\"isPartOf\":{\"@id\":\"https:\\\/\\\/www.portdesitges.com\\\/ca\\\/nova-edicio-regata-sitges-ciutadella-port-sitges-aiguadolc\\\/\"},\"author\":{\"name\":\"S\u00f2nia Felip\",\"@id\":\"https:\\\/\\\/www.portdesitges.com\\\/#\\\/schema\\\/person\\\/be98f3191d6c7bb6ccddc2e0ac4d861f\"},\"headline\":\"Nova edici\u00f3 de la regata Sitges-Ciutadella al Port de Sitges-Aiguadol\u00e7\",\"datePublished\":\"2017-06-08T21:12:00+00:00\",\"mainEntityOfPage\":{\"@id\":\"https:\\\/\\\/www.portdesitges.com\\\/ca\\\/nova-edicio-regata-sitges-ciutadella-port-sitges-aiguadolc\\\/\"},\"wordCount\":220,\"image\":{\"@id\":\"https:\\\/\\\/www.portdesitges.com\\\/ca\\\/nova-edicio-regata-sitges-ciutadella-port-sitges-aiguadolc\\\/#primaryimage\"},\"thumbnailUrl\":\"https:\\\/\\\/www.portdesitges.com\\\/wp-content\\\/uploads\\\/2017\\\/06\\\/cartel-regata-sitges-ciutadella-300.jpg\",\"inLanguage\":\"ca\"},{\"@type\":\"WebPage\",\"@id\":\"https:\\\/\\\/www.portdesitges.com\\\/ca\\\/nova-edicio-regata-sitges-ciutadella-port-sitges-aiguadolc\\\/\",\"url\":\"https:\\\/\\\/www.portdesitges.com\\\/ca\\\/nova-edicio-regata-sitges-ciutadella-port-sitges-aiguadolc\\\/\",\"name\":\"Nova edici\u00f3 de la regata Sitges-Ciutadella al Port de Sitges-Aiguadol\u00e7 - Port de Sitges - Aiguadol\u00e7\",\"isPartOf\":{\"@id\":\"https:\\\/\\\/www.portdesitges.com\\\/#website\"},\"primaryImageOfPage\":{\"@id\":\"https:\\\/\\\/www.portdesitges.com\\\/ca\\\/nova-edicio-regata-sitges-ciutadella-port-sitges-aiguadolc\\\/#primaryimage\"},\"image\":{\"@id\":\"https:\\\/\\\/www.portdesitges.com\\\/ca\\\/nova-edicio-regata-sitges-ciutadella-port-sitges-aiguadolc\\\/#primaryimage\"},\"thumbnailUrl\":\"https:\\\/\\\/www.portdesitges.com\\\/wp-content\\\/uploads\\\/2017\\\/06\\\/cartel-regata-sitges-ciutadella-300.jpg\",\"datePublished\":\"2017-06-08T21:12:00+00:00\",\"author\":{\"@id\":\"https:\\\/\\\/www.portdesitges.com\\\/#\\\/schema\\\/person\\\/be98f3191d6c7bb6ccddc2e0ac4d861f\"},\"breadcrumb\":{\"@id\":\"https:\\\/\\\/www.portdesitges.com\\\/ca\\\/nova-edicio-regata-sitges-ciutadella-port-sitges-aiguadolc\\\/#breadcrumb\"},\"inLanguage\":\"ca\",\"potentialAction\":[{\"@type\":\"ReadAction\",\"target\":[\"https:\\\/\\\/www.portdesitges.com\\\/ca\\\/nova-edicio-regata-sitges-ciutadella-port-sitges-aiguadolc\\\/\"]}]},{\"@type\":\"ImageObject\",\"inLanguage\":\"ca\",\"@id\":\"https:\\\/\\\/www.portdesitges.com\\\/ca\\\/nova-edicio-regata-sitges-ciutadella-port-sitges-aiguadolc\\\/#primaryimage\",\"url\":\"https:\\\/\\\/www.portdesitges.com\\\/wp-content\\\/uploads\\\/2017\\\/06\\\/cartel-regata-sitges-ciutadella-300.jpg\",\"contentUrl\":\"https:\\\/\\\/www.portdesitges.com\\\/wp-content\\\/uploads\\\/2017\\\/06\\\/cartel-regata-sitges-ciutadella-300.jpg\",\"width\":301,\"height\":300},{\"@type\":\"BreadcrumbList\",\"@id\":\"https:\\\/\\\/www.portdesitges.com\\\/ca\\\/nova-edicio-regata-sitges-ciutadella-port-sitges-aiguadolc\\\/#breadcrumb\",\"itemListElement\":[{\"@type\":\"ListItem\",\"position\":1,\"name\":\"Portada\",\"item\":\"https:\\\/\\\/www.portdesitges.com\\\/ca\\\/\"},{\"@type\":\"ListItem\",\"position\":2,\"name\":\"Nova edici\u00f3 de la regata Sitges-Ciutadella al Port de Sitges-Aiguadol\u00e7\"}]},{\"@type\":\"WebSite\",\"@id\":\"https:\\\/\\\/www.portdesitges.com\\\/#website\",\"url\":\"https:\\\/\\\/www.portdesitges.com\\\/\",\"name\":\"Port de Sitges - Aiguadol\u00e7\",\"description\":\"lugar donde el mar y la tierra se dan de la mano para crear un espacio \u00fanico y atractivo. Disfruta de un mar de experiencias.\",\"potentialAction\":[{\"@type\":\"SearchAction\",\"target\":{\"@type\":\"EntryPoint\",\"urlTemplate\":\"https:\\\/\\\/www.portdesitges.com\\\/?s={search_term_string}\"},\"query-input\":{\"@type\":\"PropertyValueSpecification\",\"valueRequired\":true,\"valueName\":\"search_term_string\"}}],\"inLanguage\":\"ca\"},{\"@type\":\"Person\",\"@id\":\"https:\\\/\\\/www.portdesitges.com\\\/#\\\/schema\\\/person\\\/be98f3191d6c7bb6ccddc2e0ac4d861f\",\"name\":\"S\u00f2nia Felip\",\"image\":{\"@type\":\"ImageObject\",\"inLanguage\":\"ca\",\"@id\":\"https:\\\/\\\/secure.gravatar.com\\\/avatar\\\/3f5abf961091eed8bea1ba4a0fb5f78e0c728f907fe0cf722e81af4aa82939db?s=96&d=mm&r=g\",\"url\":\"https:\\\/\\\/secure.gravatar.com\\\/avatar\\\/3f5abf961091eed8bea1ba4a0fb5f78e0c728f907fe0cf722e81af4aa82939db?s=96&d=mm&r=g\",\"contentUrl\":\"https:\\\/\\\/secure.gravatar.com\\\/avatar\\\/3f5abf961091eed8bea1ba4a0fb5f78e0c728f907fe0cf722e81af4aa82939db?s=96&d=mm&r=g\",\"caption\":\"S\u00f2nia Felip\"},\"url\":\"https:\\\/\\\/www.portdesitges.com\\\/ca\\\/author\\\/sonia\\\/\"}]}<\/script>\n<!-- \/ Yoast SEO plugin. -->","yoast_head_json":{"title":"Nova edici\u00f3 de la regata Sitges-Ciutadella al Port de Sitges-Aiguadol\u00e7 - Port de Sitges - Aiguadol\u00e7","robots":{"index":"index","follow":"follow","max-snippet":"max-snippet:-1","max-image-preview":"max-image-preview:large","max-video-preview":"max-video-preview:-1"},"canonical":"https:\/\/www.portdesitges.com\/ca\/nova-edicio-regata-sitges-ciutadella-port-sitges-aiguadolc\/","og_locale":"ca_ES","og_type":"article","og_title":"Nova edici\u00f3 de la regata Sitges-Ciutadella al Port de Sitges-Aiguadol\u00e7 - Port de Sitges - Aiguadol\u00e7","og_url":"https:\/\/www.portdesitges.com\/ca\/nova-edicio-regata-sitges-ciutadella-port-sitges-aiguadolc\/","og_site_name":"Port de Sitges - Aiguadol\u00e7","article_published_time":"2017-06-08T21:12:00+00:00","og_image":[{"width":301,"height":300,"url":"https:\/\/www.portdesitges.com\/wp-content\/uploads\/2017\/06\/cartel-regata-sitges-ciutadella-300.jpg","type":"image\/jpeg"}],"author":"S\u00f2nia Felip","twitter_card":"summary_large_image","twitter_misc":{"Escrit per":"S\u00f2nia Felip","Temps estimat de lectura":"1 minut"},"schema":{"@context":"https:\/\/schema.org","@graph":[{"@type":"Article","@id":"https:\/\/www.portdesitges.com\/ca\/nova-edicio-regata-sitges-ciutadella-port-sitges-aiguadolc\/#article","isPartOf":{"@id":"https:\/\/www.portdesitges.com\/ca\/nova-edicio-regata-sitges-ciutadella-port-sitges-aiguadolc\/"},"author":{"name":"S\u00f2nia Felip","@id":"https:\/\/www.portdesitges.com\/#\/schema\/person\/be98f3191d6c7bb6ccddc2e0ac4d861f"},"headline":"Nova edici\u00f3 de la regata Sitges-Ciutadella al Port de Sitges-Aiguadol\u00e7","datePublished":"2017-06-08T21:12:00+00:00","mainEntityOfPage":{"@id":"https:\/\/www.portdesitges.com\/ca\/nova-edicio-regata-sitges-ciutadella-port-sitges-aiguadolc\/"},"wordCount":220,"image":{"@id":"https:\/\/www.portdesitges.com\/ca\/nova-edicio-regata-sitges-ciutadella-port-sitges-aiguadolc\/#primaryimage"},"thumbnailUrl":"https:\/\/www.portdesitges.com\/wp-content\/uploads\/2017\/06\/cartel-regata-sitges-ciutadella-300.jpg","inLanguage":"ca"},{"@type":"WebPage","@id":"https:\/\/www.portdesitges.com\/ca\/nova-edicio-regata-sitges-ciutadella-port-sitges-aiguadolc\/","url":"https:\/\/www.portdesitges.com\/ca\/nova-edicio-regata-sitges-ciutadella-port-sitges-aiguadolc\/","name":"Nova edici\u00f3 de la regata Sitges-Ciutadella al Port de Sitges-Aiguadol\u00e7 - Port de Sitges - Aiguadol\u00e7","isPartOf":{"@id":"https:\/\/www.portdesitges.com\/#website"},"primaryImageOfPage":{"@id":"https:\/\/www.portdesitges.com\/ca\/nova-edicio-regata-sitges-ciutadella-port-sitges-aiguadolc\/#primaryimage"},"image":{"@id":"https:\/\/www.portdesitges.com\/ca\/nova-edicio-regata-sitges-ciutadella-port-sitges-aiguadolc\/#primaryimage"},"thumbnailUrl":"https:\/\/www.portdesitges.com\/wp-content\/uploads\/2017\/06\/cartel-regata-sitges-ciutadella-300.jpg","datePublished":"2017-06-08T21:12:00+00:00","author":{"@id":"https:\/\/www.portdesitges.com\/#\/schema\/person\/be98f3191d6c7bb6ccddc2e0ac4d861f"},"breadcrumb":{"@id":"https:\/\/www.portdesitges.com\/ca\/nova-edicio-regata-sitges-ciutadella-port-sitges-aiguadolc\/#breadcrumb"},"inLanguage":"ca","potentialAction":[{"@type":"ReadAction","target":["https:\/\/www.portdesitges.com\/ca\/nova-edicio-regata-sitges-ciutadella-port-sitges-aiguadolc\/"]}]},{"@type":"ImageObject","inLanguage":"ca","@id":"https:\/\/www.portdesitges.com\/ca\/nova-edicio-regata-sitges-ciutadella-port-sitges-aiguadolc\/#primaryimage","url":"https:\/\/www.portdesitges.com\/wp-content\/uploads\/2017\/06\/cartel-regata-sitges-ciutadella-300.jpg","contentUrl":"https:\/\/www.portdesitges.com\/wp-content\/uploads\/2017\/06\/cartel-regata-sitges-ciutadella-300.jpg","width":301,"height":300},{"@type":"BreadcrumbList","@id":"https:\/\/www.portdesitges.com\/ca\/nova-edicio-regata-sitges-ciutadella-port-sitges-aiguadolc\/#breadcrumb","itemListElement":[{"@type":"ListItem","position":1,"name":"Portada","item":"https:\/\/www.portdesitges.com\/ca\/"},{"@type":"ListItem","position":2,"name":"Nova edici\u00f3 de la regata Sitges-Ciutadella al Port de Sitges-Aiguadol\u00e7"}]},{"@type":"WebSite","@id":"https:\/\/www.portdesitges.com\/#website","url":"https:\/\/www.portdesitges.com\/","name":"Port de Sitges - Aiguadol\u00e7","description":"lugar donde el mar y la tierra se dan de la mano para crear un espacio \u00fanico y atractivo. Disfruta de un mar de experiencias.","potentialAction":[{"@type":"SearchAction","target":{"@type":"EntryPoint","urlTemplate":"https:\/\/www.portdesitges.com\/?s={search_term_string}"},"query-input":{"@type":"PropertyValueSpecification","valueRequired":true,"valueName":"search_term_string"}}],"inLanguage":"ca"},{"@type":"Person","@id":"https:\/\/www.portdesitges.com\/#\/schema\/person\/be98f3191d6c7bb6ccddc2e0ac4d861f","name":"S\u00f2nia Felip","image":{"@type":"ImageObject","inLanguage":"ca","@id":"https:\/\/secure.gravatar.com\/avatar\/3f5abf961091eed8bea1ba4a0fb5f78e0c728f907fe0cf722e81af4aa82939db?s=96&d=mm&r=g","url":"https:\/\/secure.gravatar.com\/avatar\/3f5abf961091eed8bea1ba4a0fb5f78e0c728f907fe0cf722e81af4aa82939db?s=96&d=mm&r=g","contentUrl":"https:\/\/secure.gravatar.com\/avatar\/3f5abf961091eed8bea1ba4a0fb5f78e0c728f907fe0cf722e81af4aa82939db?s=96&d=mm&r=g","caption":"S\u00f2nia Felip"},"url":"https:\/\/www.portdesitges.com\/ca\/author\/sonia\/"}]}},"_links":{"self":[{"href":"https:\/\/www.portdesitges.com\/ca\/wp-json\/wp\/v2\/posts\/5596","targetHints":{"allow":["GET"]}}],"collection":[{"href":"https:\/\/www.portdesitges.com\/ca\/wp-json\/wp\/v2\/posts"}],"about":[{"href":"https:\/\/www.portdesitges.com\/ca\/wp-json\/wp\/v2\/types\/post"}],"author":[{"embeddable":true,"href":"https:\/\/www.portdesitges.com\/ca\/wp-json\/wp\/v2\/users\/3"}],"replies":[{"embeddable":true,"href":"https:\/\/www.portdesitges.com\/ca\/wp-json\/wp\/v2\/comments?post=5596"}],"version-history":[{"count":0,"href":"https:\/\/www.portdesitges.com\/ca\/wp-json\/wp\/v2\/posts\/5596\/revisions"}],"wp:featuredmedia":[{"embeddable":true,"href":"https:\/\/www.portdesitges.com\/ca\/wp-json\/wp\/v2\/media\/5598"}],"wp:attachment":[{"href":"https:\/\/www.portdesitges.com\/ca\/wp-json\/wp\/v2\/media?parent=5596"}],"wp:term":[{"taxonomy":"category","embeddable":true,"href":"https:\/\/www.portdesitges.com\/ca\/wp-json\/wp\/v2\/categories?post=5596"},{"taxonomy":"post_tag","embeddable":true,"href":"https:\/\/www.portdesitges.com\/ca\/wp-json\/wp\/v2\/tags?post=5596"}],"curies":[{"name":"wp","href":"https:\/\/api.w.org\/{rel}","templated":true}]}}