{"id":5327,"date":"2017-05-17T16:09:02","date_gmt":"2017-05-17T16:09:02","guid":{"rendered":"http:\/\/www.portdesitges.com\/?p=5327"},"modified":"2017-05-17T16:09:02","modified_gmt":"2017-05-17T16:09:02","slug":"prevencio-plaga-xylella-fastidiosa-catalunya","status":"publish","type":"post","link":"https:\/\/www.portdesitges.com\/ca\/prevencio-plaga-xylella-fastidiosa-catalunya\/","title":{"rendered":"Prevenci\u00f3 de la plaga Xylella fastidiosa a Catalunya"},"content":{"rendered":"<p><!--more--><\/p>\n<p>El Port de Sitges-Aiguadol\u00e7 anuncia a tots els navegants, passatgers i usuaris que no es pot introdu\u00efr a Catalunya cap tipus de planta provinent de les illes Balears.<\/p>\n<p>D\u2019acord amb la petici\u00f3 rebuda per part de la Direcci\u00f3 General de Agricultura, Ramaderia i Pesca de la Generalitat de Catalunya en relaci\u00f3 a que es propagui al nostre territori la plaga del bacteria <em>Xylella fastidiosa<\/em> que afecte a m\u00e9s de 300 esp\u00e8cies de plantes inclosos cultius molt importants en el nostre pa\u00eds com l\u2019olivera, la vinya, els c\u00edtrics, ametller, cirerer i nombroses plantes ornamentals, aix\u00ed com amb l\u2019Ordre del Ministeri APM\/21\/2017 per la qual s\u2019estableixen mesures espec\u00edfiques de prevenci\u00f3 en relaci\u00f3 amb\u00a0 el bacteri <em>Xylella fastidiosa<\/em> per la qual es prohibeix la sortida de plantes susceptibles a la plaga de les illes Balears, pel que no es pot introdu\u00efr a Catalunya cap tipus de planta provinent de les illes Balears.<\/p>\n<p style=\"text-align: center;\"><a href=\"http:\/\/www.portdesitges.com\/port\/wp-content\/uploads\/2017\/05\/Xylella-red.jpg\"><img loading=\"lazy\" decoding=\"async\" class=\"alignnone  wp-image-5329\" src=\"http:\/\/www.portdesitges.com\/port\/wp-content\/uploads\/2017\/05\/Xylella-red-212x300.jpg\" alt=\"\" width=\"248\" height=\"351\" srcset=\"https:\/\/www.portdesitges.com\/wp-content\/uploads\/2017\/05\/Xylella-red-212x300.jpg 212w, https:\/\/www.portdesitges.com\/wp-content\/uploads\/2017\/05\/Xylella-red.jpg 400w\" sizes=\"auto, (max-width: 248px) 100vw, 248px\" \/><\/a><\/p>\n","protected":false},"excerpt":{"rendered":"El Port de Sitges-Aiguadol\u00e7 anuncia a tots els navegants, passatgers i usuaris que no es pot introdu\u00efr a Catalunya cap tipus de planta provinent de les illes Balears. D\u2019acord amb...","protected":false},"author":3,"featured_media":5328,"comment_status":"closed","ping_status":"closed","sticky":false,"template":"","format":"standard","meta":{"footnotes":""},"categories":[],"tags":[],"class_list":["post-5327","post","type-post","status-publish","format-standard","has-post-thumbnail"],"yoast_head":"<!-- This site is optimized with the Yoast SEO plugin v27.3 - https:\/\/yoast.com\/product\/yoast-seo-wordpress\/ -->\n<title>Prevenci\u00f3 de la plaga Xylella fastidiosa a Catalunya - Port de Sitges - Aiguadol\u00e7<\/title>\n<meta name=\"robots\" content=\"index, follow, max-snippet:-1, max-image-preview:large, max-video-preview:-1\" \/>\n<link rel=\"canonical\" href=\"https:\/\/www.portdesitges.com\/ca\/prevencio-plaga-xylella-fastidiosa-catalunya\/\" \/>\n<meta property=\"og:locale\" content=\"ca_ES\" \/>\n<meta property=\"og:type\" content=\"article\" \/>\n<meta property=\"og:title\" content=\"Prevenci\u00f3 de la plaga Xylella fastidiosa a Catalunya - Port de Sitges - Aiguadol\u00e7\" \/>\n<meta property=\"og:url\" content=\"https:\/\/www.portdesitges.com\/ca\/prevencio-plaga-xylella-fastidiosa-catalunya\/\" \/>\n<meta property=\"og:site_name\" content=\"Port de Sitges - Aiguadol\u00e7\" \/>\n<meta property=\"article:published_time\" content=\"2017-05-17T16:09:02+00:00\" \/>\n<meta property=\"og:image\" content=\"https:\/\/www.portdesitges.com\/wp-content\/uploads\/2017\/05\/Xylella-300.jpg\" \/>\n\t<meta property=\"og:image:width\" content=\"299\" \/>\n\t<meta property=\"og:image:height\" content=\"301\" \/>\n\t<meta property=\"og:image:type\" content=\"image\/jpeg\" \/>\n<meta name=\"author\" content=\"S\u00f2nia Felip\" \/>\n<meta name=\"twitter:card\" content=\"summary_large_image\" \/>\n<meta name=\"twitter:label1\" content=\"Escrit per\" \/>\n\t<meta name=\"twitter:data1\" content=\"S\u00f2nia Felip\" \/>\n\t<meta name=\"twitter:label2\" content=\"Temps estimat de lectura\" \/>\n\t<meta name=\"twitter:data2\" content=\"1 minut\" \/>\n<script type=\"application\/ld+json\" class=\"yoast-schema-graph\">{\"@context\":\"https:\\\/\\\/schema.org\",\"@graph\":[{\"@type\":\"Article\",\"@id\":\"https:\\\/\\\/www.portdesitges.com\\\/ca\\\/prevencio-plaga-xylella-fastidiosa-catalunya\\\/#article\",\"isPartOf\":{\"@id\":\"https:\\\/\\\/www.portdesitges.com\\\/ca\\\/prevencio-plaga-xylella-fastidiosa-catalunya\\\/\"},\"author\":{\"name\":\"S\u00f2nia Felip\",\"@id\":\"https:\\\/\\\/www.portdesitges.com\\\/#\\\/schema\\\/person\\\/be98f3191d6c7bb6ccddc2e0ac4d861f\"},\"headline\":\"Prevenci\u00f3 de la plaga Xylella fastidiosa a Catalunya\",\"datePublished\":\"2017-05-17T16:09:02+00:00\",\"mainEntityOfPage\":{\"@id\":\"https:\\\/\\\/www.portdesitges.com\\\/ca\\\/prevencio-plaga-xylella-fastidiosa-catalunya\\\/\"},\"wordCount\":167,\"image\":{\"@id\":\"https:\\\/\\\/www.portdesitges.com\\\/ca\\\/prevencio-plaga-xylella-fastidiosa-catalunya\\\/#primaryimage\"},\"thumbnailUrl\":\"https:\\\/\\\/www.portdesitges.com\\\/wp-content\\\/uploads\\\/2017\\\/05\\\/Xylella-300.jpg\",\"inLanguage\":\"ca\"},{\"@type\":\"WebPage\",\"@id\":\"https:\\\/\\\/www.portdesitges.com\\\/ca\\\/prevencio-plaga-xylella-fastidiosa-catalunya\\\/\",\"url\":\"https:\\\/\\\/www.portdesitges.com\\\/ca\\\/prevencio-plaga-xylella-fastidiosa-catalunya\\\/\",\"name\":\"Prevenci\u00f3 de la plaga Xylella fastidiosa a Catalunya - Port de Sitges - Aiguadol\u00e7\",\"isPartOf\":{\"@id\":\"https:\\\/\\\/www.portdesitges.com\\\/#website\"},\"primaryImageOfPage\":{\"@id\":\"https:\\\/\\\/www.portdesitges.com\\\/ca\\\/prevencio-plaga-xylella-fastidiosa-catalunya\\\/#primaryimage\"},\"image\":{\"@id\":\"https:\\\/\\\/www.portdesitges.com\\\/ca\\\/prevencio-plaga-xylella-fastidiosa-catalunya\\\/#primaryimage\"},\"thumbnailUrl\":\"https:\\\/\\\/www.portdesitges.com\\\/wp-content\\\/uploads\\\/2017\\\/05\\\/Xylella-300.jpg\",\"datePublished\":\"2017-05-17T16:09:02+00:00\",\"author\":{\"@id\":\"https:\\\/\\\/www.portdesitges.com\\\/#\\\/schema\\\/person\\\/be98f3191d6c7bb6ccddc2e0ac4d861f\"},\"breadcrumb\":{\"@id\":\"https:\\\/\\\/www.portdesitges.com\\\/ca\\\/prevencio-plaga-xylella-fastidiosa-catalunya\\\/#breadcrumb\"},\"inLanguage\":\"ca\",\"potentialAction\":[{\"@type\":\"ReadAction\",\"target\":[\"https:\\\/\\\/www.portdesitges.com\\\/ca\\\/prevencio-plaga-xylella-fastidiosa-catalunya\\\/\"]}]},{\"@type\":\"ImageObject\",\"inLanguage\":\"ca\",\"@id\":\"https:\\\/\\\/www.portdesitges.com\\\/ca\\\/prevencio-plaga-xylella-fastidiosa-catalunya\\\/#primaryimage\",\"url\":\"https:\\\/\\\/www.portdesitges.com\\\/wp-content\\\/uploads\\\/2017\\\/05\\\/Xylella-300.jpg\",\"contentUrl\":\"https:\\\/\\\/www.portdesitges.com\\\/wp-content\\\/uploads\\\/2017\\\/05\\\/Xylella-300.jpg\",\"width\":299,\"height\":301},{\"@type\":\"BreadcrumbList\",\"@id\":\"https:\\\/\\\/www.portdesitges.com\\\/ca\\\/prevencio-plaga-xylella-fastidiosa-catalunya\\\/#breadcrumb\",\"itemListElement\":[{\"@type\":\"ListItem\",\"position\":1,\"name\":\"Portada\",\"item\":\"https:\\\/\\\/www.portdesitges.com\\\/ca\\\/\"},{\"@type\":\"ListItem\",\"position\":2,\"name\":\"Prevenci\u00f3 de la plaga Xylella fastidiosa a Catalunya\"}]},{\"@type\":\"WebSite\",\"@id\":\"https:\\\/\\\/www.portdesitges.com\\\/#website\",\"url\":\"https:\\\/\\\/www.portdesitges.com\\\/\",\"name\":\"Port de Sitges - Aiguadol\u00e7\",\"description\":\"lugar donde el mar y la tierra se dan de la mano para crear un espacio \u00fanico y atractivo. Disfruta de un mar de experiencias.\",\"potentialAction\":[{\"@type\":\"SearchAction\",\"target\":{\"@type\":\"EntryPoint\",\"urlTemplate\":\"https:\\\/\\\/www.portdesitges.com\\\/?s={search_term_string}\"},\"query-input\":{\"@type\":\"PropertyValueSpecification\",\"valueRequired\":true,\"valueName\":\"search_term_string\"}}],\"inLanguage\":\"ca\"},{\"@type\":\"Person\",\"@id\":\"https:\\\/\\\/www.portdesitges.com\\\/#\\\/schema\\\/person\\\/be98f3191d6c7bb6ccddc2e0ac4d861f\",\"name\":\"S\u00f2nia Felip\",\"image\":{\"@type\":\"ImageObject\",\"inLanguage\":\"ca\",\"@id\":\"https:\\\/\\\/secure.gravatar.com\\\/avatar\\\/3f5abf961091eed8bea1ba4a0fb5f78e0c728f907fe0cf722e81af4aa82939db?s=96&d=mm&r=g\",\"url\":\"https:\\\/\\\/secure.gravatar.com\\\/avatar\\\/3f5abf961091eed8bea1ba4a0fb5f78e0c728f907fe0cf722e81af4aa82939db?s=96&d=mm&r=g\",\"contentUrl\":\"https:\\\/\\\/secure.gravatar.com\\\/avatar\\\/3f5abf961091eed8bea1ba4a0fb5f78e0c728f907fe0cf722e81af4aa82939db?s=96&d=mm&r=g\",\"caption\":\"S\u00f2nia Felip\"},\"url\":\"https:\\\/\\\/www.portdesitges.com\\\/ca\\\/author\\\/sonia\\\/\"}]}<\/script>\n<!-- \/ Yoast SEO plugin. -->","yoast_head_json":{"title":"Prevenci\u00f3 de la plaga Xylella fastidiosa a Catalunya - Port de Sitges - Aiguadol\u00e7","robots":{"index":"index","follow":"follow","max-snippet":"max-snippet:-1","max-image-preview":"max-image-preview:large","max-video-preview":"max-video-preview:-1"},"canonical":"https:\/\/www.portdesitges.com\/ca\/prevencio-plaga-xylella-fastidiosa-catalunya\/","og_locale":"ca_ES","og_type":"article","og_title":"Prevenci\u00f3 de la plaga Xylella fastidiosa a Catalunya - Port de Sitges - Aiguadol\u00e7","og_url":"https:\/\/www.portdesitges.com\/ca\/prevencio-plaga-xylella-fastidiosa-catalunya\/","og_site_name":"Port de Sitges - Aiguadol\u00e7","article_published_time":"2017-05-17T16:09:02+00:00","og_image":[{"width":299,"height":301,"url":"https:\/\/www.portdesitges.com\/wp-content\/uploads\/2017\/05\/Xylella-300.jpg","type":"image\/jpeg"}],"author":"S\u00f2nia Felip","twitter_card":"summary_large_image","twitter_misc":{"Escrit per":"S\u00f2nia Felip","Temps estimat de lectura":"1 minut"},"schema":{"@context":"https:\/\/schema.org","@graph":[{"@type":"Article","@id":"https:\/\/www.portdesitges.com\/ca\/prevencio-plaga-xylella-fastidiosa-catalunya\/#article","isPartOf":{"@id":"https:\/\/www.portdesitges.com\/ca\/prevencio-plaga-xylella-fastidiosa-catalunya\/"},"author":{"name":"S\u00f2nia Felip","@id":"https:\/\/www.portdesitges.com\/#\/schema\/person\/be98f3191d6c7bb6ccddc2e0ac4d861f"},"headline":"Prevenci\u00f3 de la plaga Xylella fastidiosa a Catalunya","datePublished":"2017-05-17T16:09:02+00:00","mainEntityOfPage":{"@id":"https:\/\/www.portdesitges.com\/ca\/prevencio-plaga-xylella-fastidiosa-catalunya\/"},"wordCount":167,"image":{"@id":"https:\/\/www.portdesitges.com\/ca\/prevencio-plaga-xylella-fastidiosa-catalunya\/#primaryimage"},"thumbnailUrl":"https:\/\/www.portdesitges.com\/wp-content\/uploads\/2017\/05\/Xylella-300.jpg","inLanguage":"ca"},{"@type":"WebPage","@id":"https:\/\/www.portdesitges.com\/ca\/prevencio-plaga-xylella-fastidiosa-catalunya\/","url":"https:\/\/www.portdesitges.com\/ca\/prevencio-plaga-xylella-fastidiosa-catalunya\/","name":"Prevenci\u00f3 de la plaga Xylella fastidiosa a Catalunya - Port de Sitges - Aiguadol\u00e7","isPartOf":{"@id":"https:\/\/www.portdesitges.com\/#website"},"primaryImageOfPage":{"@id":"https:\/\/www.portdesitges.com\/ca\/prevencio-plaga-xylella-fastidiosa-catalunya\/#primaryimage"},"image":{"@id":"https:\/\/www.portdesitges.com\/ca\/prevencio-plaga-xylella-fastidiosa-catalunya\/#primaryimage"},"thumbnailUrl":"https:\/\/www.portdesitges.com\/wp-content\/uploads\/2017\/05\/Xylella-300.jpg","datePublished":"2017-05-17T16:09:02+00:00","author":{"@id":"https:\/\/www.portdesitges.com\/#\/schema\/person\/be98f3191d6c7bb6ccddc2e0ac4d861f"},"breadcrumb":{"@id":"https:\/\/www.portdesitges.com\/ca\/prevencio-plaga-xylella-fastidiosa-catalunya\/#breadcrumb"},"inLanguage":"ca","potentialAction":[{"@type":"ReadAction","target":["https:\/\/www.portdesitges.com\/ca\/prevencio-plaga-xylella-fastidiosa-catalunya\/"]}]},{"@type":"ImageObject","inLanguage":"ca","@id":"https:\/\/www.portdesitges.com\/ca\/prevencio-plaga-xylella-fastidiosa-catalunya\/#primaryimage","url":"https:\/\/www.portdesitges.com\/wp-content\/uploads\/2017\/05\/Xylella-300.jpg","contentUrl":"https:\/\/www.portdesitges.com\/wp-content\/uploads\/2017\/05\/Xylella-300.jpg","width":299,"height":301},{"@type":"BreadcrumbList","@id":"https:\/\/www.portdesitges.com\/ca\/prevencio-plaga-xylella-fastidiosa-catalunya\/#breadcrumb","itemListElement":[{"@type":"ListItem","position":1,"name":"Portada","item":"https:\/\/www.portdesitges.com\/ca\/"},{"@type":"ListItem","position":2,"name":"Prevenci\u00f3 de la plaga Xylella fastidiosa a Catalunya"}]},{"@type":"WebSite","@id":"https:\/\/www.portdesitges.com\/#website","url":"https:\/\/www.portdesitges.com\/","name":"Port de Sitges - Aiguadol\u00e7","description":"lugar donde el mar y la tierra se dan de la mano para crear un espacio \u00fanico y atractivo. Disfruta de un mar de experiencias.","potentialAction":[{"@type":"SearchAction","target":{"@type":"EntryPoint","urlTemplate":"https:\/\/www.portdesitges.com\/?s={search_term_string}"},"query-input":{"@type":"PropertyValueSpecification","valueRequired":true,"valueName":"search_term_string"}}],"inLanguage":"ca"},{"@type":"Person","@id":"https:\/\/www.portdesitges.com\/#\/schema\/person\/be98f3191d6c7bb6ccddc2e0ac4d861f","name":"S\u00f2nia Felip","image":{"@type":"ImageObject","inLanguage":"ca","@id":"https:\/\/secure.gravatar.com\/avatar\/3f5abf961091eed8bea1ba4a0fb5f78e0c728f907fe0cf722e81af4aa82939db?s=96&d=mm&r=g","url":"https:\/\/secure.gravatar.com\/avatar\/3f5abf961091eed8bea1ba4a0fb5f78e0c728f907fe0cf722e81af4aa82939db?s=96&d=mm&r=g","contentUrl":"https:\/\/secure.gravatar.com\/avatar\/3f5abf961091eed8bea1ba4a0fb5f78e0c728f907fe0cf722e81af4aa82939db?s=96&d=mm&r=g","caption":"S\u00f2nia Felip"},"url":"https:\/\/www.portdesitges.com\/ca\/author\/sonia\/"}]}},"_links":{"self":[{"href":"https:\/\/www.portdesitges.com\/ca\/wp-json\/wp\/v2\/posts\/5327","targetHints":{"allow":["GET"]}}],"collection":[{"href":"https:\/\/www.portdesitges.com\/ca\/wp-json\/wp\/v2\/posts"}],"about":[{"href":"https:\/\/www.portdesitges.com\/ca\/wp-json\/wp\/v2\/types\/post"}],"author":[{"embeddable":true,"href":"https:\/\/www.portdesitges.com\/ca\/wp-json\/wp\/v2\/users\/3"}],"replies":[{"embeddable":true,"href":"https:\/\/www.portdesitges.com\/ca\/wp-json\/wp\/v2\/comments?post=5327"}],"version-history":[{"count":0,"href":"https:\/\/www.portdesitges.com\/ca\/wp-json\/wp\/v2\/posts\/5327\/revisions"}],"wp:featuredmedia":[{"embeddable":true,"href":"https:\/\/www.portdesitges.com\/ca\/wp-json\/wp\/v2\/media\/5328"}],"wp:attachment":[{"href":"https:\/\/www.portdesitges.com\/ca\/wp-json\/wp\/v2\/media?parent=5327"}],"wp:term":[{"taxonomy":"category","embeddable":true,"href":"https:\/\/www.portdesitges.com\/ca\/wp-json\/wp\/v2\/categories?post=5327"},{"taxonomy":"post_tag","embeddable":true,"href":"https:\/\/www.portdesitges.com\/ca\/wp-json\/wp\/v2\/tags?post=5327"}],"curies":[{"name":"wp","href":"https:\/\/api.w.org\/{rel}","templated":true}]}}