{"id":5298,"date":"2017-05-11T16:36:47","date_gmt":"2017-05-11T16:36:47","guid":{"rendered":"http:\/\/www.portdesitges.com\/?p=5298"},"modified":"2017-05-11T16:36:47","modified_gmt":"2017-05-11T16:36:47","slug":"lalcalde-sitges-miquel-forns-inaugura-jornades-tecniques-lacpet-celebrades-port-sitges-aiguadolc","status":"publish","type":"post","link":"https:\/\/www.portdesitges.com\/ca\/lalcalde-sitges-miquel-forns-inaugura-jornades-tecniques-lacpet-celebrades-port-sitges-aiguadolc\/","title":{"rendered":"L\u2019Alcalde de Sitges, Miquel Forns, inaugura les Jornades T\u00e8cniques de l\u2019ACPET celebrades al Port de Sitges-Aiguadol\u00e7"},"content":{"rendered":"<p><!--more--><\/p>\n<p><em>Els principals representants dels ports esportius catalans es reuneixen durant dos dies al Port de Sitges-Aiguadol\u00e7 per tractar els principals temes del sector<\/em><\/p>\n<p>L\u2019Alcade de Sitges, el Sr. Miquel Forns, ha sigut l\u2019encarregat de donar el tret de sortida a les XV Jornades T\u00e8cniques i de Treball de l\u2019Associaci\u00f3 Catalana de Ports Esportius i Tur\u00edstics (ACPET) celebrades aquest dijous i divendres al Port de Sitges-Aiguadol\u00e7.<\/p>\n<p>A l\u2019acte d\u2019inauguraci\u00f3 l\u2019Aclade estava acompanyat del President Executiu del Port de Sitges-Aiguadol\u00e7, Albert Bertran, el President de l\u2019ACPET, Tom\u00e0s Gallart i el President de la Federaci\u00f3 Espanyola de Ports Esportius i Tur\u00edstics (FEAPDT), Gabriel de Sandoval.<\/p>\n<p style=\"text-align: center;\">\u00a0\u00a0<a href=\"http:\/\/www.portdesitges.com\/port\/wp-content\/uploads\/2017\/05\/Alcalde-jpg-300.jpg\"><img loading=\"lazy\" decoding=\"async\" class=\"alignnone size-full wp-image-5301\" src=\"http:\/\/www.portdesitges.com\/port\/wp-content\/uploads\/2017\/05\/Alcalde-jpg-300.jpg\" alt=\"\" width=\"270\" height=\"266\" srcset=\"https:\/\/www.portdesitges.com\/wp-content\/uploads\/2017\/05\/Alcalde-jpg-300.jpg 270w, https:\/\/www.portdesitges.com\/wp-content\/uploads\/2017\/05\/Alcalde-jpg-300-100x100.jpg 100w\" sizes=\"auto, (max-width: 270px) 100vw, 270px\" \/><\/a><\/p>\n<p>Forns tamb\u00e9 participar\u00e0 en la pon\u00e8ncia de divendres 12 de maig sobre la Integraci\u00f3 Port-Ciutat. El mateix dia el Responsable de la Zona Portu\u00e0ria Sud, Enric Mart\u00ednez, i el Cap de Serveis de Ports de la Generalitat, Francesc Macias, \u00a0parlaran del Pla de Ports 2017-2030. Durant els dos dies de les Jornades es posaran a debat els principals temes del sector n\u00e0utic com la situaci\u00f3 actual i tend\u00e8ncies de la n\u00e0utica, les renovacions de les concessions i les emerg\u00e8ncies en ports esportius entre d\u2019altres.<\/p>\n<p style=\"text-align: center;\"><a href=\"http:\/\/www.portdesitges.com\/port\/wp-content\/uploads\/2017\/05\/Grup-red.jpg\"><img loading=\"lazy\" decoding=\"async\" class=\"alignnone size-medium wp-image-5302\" src=\"http:\/\/www.portdesitges.com\/port\/wp-content\/uploads\/2017\/05\/Grup-red-300x169.jpg\" alt=\"\" width=\"300\" height=\"169\" srcset=\"https:\/\/www.portdesitges.com\/wp-content\/uploads\/2017\/05\/Grup-red-300x169.jpg 300w, https:\/\/www.portdesitges.com\/wp-content\/uploads\/2017\/05\/Grup-red-768x433.jpg 768w, https:\/\/www.portdesitges.com\/wp-content\/uploads\/2017\/05\/Grup-red.jpg 797w\" sizes=\"auto, (max-width: 300px) 100vw, 300px\" \/><\/a><\/p>\n","protected":false},"excerpt":{"rendered":"Els principals representants dels ports esportius catalans es reuneixen durant dos dies al Port de Sitges-Aiguadol\u00e7 per tractar els principals temes del sector L\u2019Alcade de Sitges, el Sr. Miquel Forns,...","protected":false},"author":3,"featured_media":5301,"comment_status":"closed","ping_status":"closed","sticky":false,"template":"","format":"standard","meta":{"footnotes":""},"categories":[],"tags":[],"class_list":["post-5298","post","type-post","status-publish","format-standard","has-post-thumbnail"],"yoast_head":"<!-- This site is optimized with the Yoast SEO plugin v27.3 - https:\/\/yoast.com\/product\/yoast-seo-wordpress\/ -->\n<title>L\u2019Alcalde de Sitges, Miquel Forns, inaugura les Jornades T\u00e8cniques de l\u2019ACPET celebrades al Port de Sitges-Aiguadol\u00e7 - Port de Sitges - Aiguadol\u00e7<\/title>\n<meta name=\"robots\" content=\"index, follow, max-snippet:-1, max-image-preview:large, max-video-preview:-1\" \/>\n<link rel=\"canonical\" href=\"https:\/\/www.portdesitges.com\/ca\/lalcalde-sitges-miquel-forns-inaugura-jornades-tecniques-lacpet-celebrades-port-sitges-aiguadolc\/\" \/>\n<meta property=\"og:locale\" content=\"ca_ES\" \/>\n<meta property=\"og:type\" content=\"article\" \/>\n<meta property=\"og:title\" content=\"L\u2019Alcalde de Sitges, Miquel Forns, inaugura les Jornades T\u00e8cniques de l\u2019ACPET celebrades al Port de Sitges-Aiguadol\u00e7 - Port de Sitges - Aiguadol\u00e7\" \/>\n<meta property=\"og:url\" content=\"https:\/\/www.portdesitges.com\/ca\/lalcalde-sitges-miquel-forns-inaugura-jornades-tecniques-lacpet-celebrades-port-sitges-aiguadolc\/\" \/>\n<meta property=\"og:site_name\" content=\"Port de Sitges - Aiguadol\u00e7\" \/>\n<meta property=\"article:published_time\" content=\"2017-05-11T16:36:47+00:00\" \/>\n<meta property=\"og:image\" content=\"https:\/\/www.portdesitges.com\/wp-content\/uploads\/2017\/05\/Alcalde-jpg-300.jpg\" \/>\n\t<meta property=\"og:image:width\" content=\"270\" \/>\n\t<meta property=\"og:image:height\" content=\"266\" \/>\n\t<meta property=\"og:image:type\" content=\"image\/jpeg\" \/>\n<meta name=\"author\" content=\"S\u00f2nia Felip\" \/>\n<meta name=\"twitter:card\" content=\"summary_large_image\" \/>\n<meta name=\"twitter:label1\" content=\"Escrit per\" \/>\n\t<meta name=\"twitter:data1\" content=\"S\u00f2nia Felip\" \/>\n\t<meta name=\"twitter:label2\" content=\"Temps estimat de lectura\" \/>\n\t<meta name=\"twitter:data2\" content=\"1 minut\" \/>\n<script type=\"application\/ld+json\" class=\"yoast-schema-graph\">{\"@context\":\"https:\\\/\\\/schema.org\",\"@graph\":[{\"@type\":\"Article\",\"@id\":\"https:\\\/\\\/www.portdesitges.com\\\/ca\\\/lalcalde-sitges-miquel-forns-inaugura-jornades-tecniques-lacpet-celebrades-port-sitges-aiguadolc\\\/#article\",\"isPartOf\":{\"@id\":\"https:\\\/\\\/www.portdesitges.com\\\/ca\\\/lalcalde-sitges-miquel-forns-inaugura-jornades-tecniques-lacpet-celebrades-port-sitges-aiguadolc\\\/\"},\"author\":{\"name\":\"S\u00f2nia Felip\",\"@id\":\"https:\\\/\\\/www.portdesitges.com\\\/#\\\/schema\\\/person\\\/be98f3191d6c7bb6ccddc2e0ac4d861f\"},\"headline\":\"L\u2019Alcalde de Sitges, Miquel Forns, inaugura les Jornades T\u00e8cniques de l\u2019ACPET celebrades al Port de Sitges-Aiguadol\u00e7\",\"datePublished\":\"2017-05-11T16:36:47+00:00\",\"mainEntityOfPage\":{\"@id\":\"https:\\\/\\\/www.portdesitges.com\\\/ca\\\/lalcalde-sitges-miquel-forns-inaugura-jornades-tecniques-lacpet-celebrades-port-sitges-aiguadolc\\\/\"},\"wordCount\":223,\"image\":{\"@id\":\"https:\\\/\\\/www.portdesitges.com\\\/ca\\\/lalcalde-sitges-miquel-forns-inaugura-jornades-tecniques-lacpet-celebrades-port-sitges-aiguadolc\\\/#primaryimage\"},\"thumbnailUrl\":\"https:\\\/\\\/www.portdesitges.com\\\/wp-content\\\/uploads\\\/2017\\\/05\\\/Alcalde-jpg-300.jpg\",\"inLanguage\":\"ca\"},{\"@type\":\"WebPage\",\"@id\":\"https:\\\/\\\/www.portdesitges.com\\\/ca\\\/lalcalde-sitges-miquel-forns-inaugura-jornades-tecniques-lacpet-celebrades-port-sitges-aiguadolc\\\/\",\"url\":\"https:\\\/\\\/www.portdesitges.com\\\/ca\\\/lalcalde-sitges-miquel-forns-inaugura-jornades-tecniques-lacpet-celebrades-port-sitges-aiguadolc\\\/\",\"name\":\"L\u2019Alcalde de Sitges, Miquel Forns, inaugura les Jornades T\u00e8cniques de l\u2019ACPET celebrades al Port de Sitges-Aiguadol\u00e7 - Port de Sitges - Aiguadol\u00e7\",\"isPartOf\":{\"@id\":\"https:\\\/\\\/www.portdesitges.com\\\/#website\"},\"primaryImageOfPage\":{\"@id\":\"https:\\\/\\\/www.portdesitges.com\\\/ca\\\/lalcalde-sitges-miquel-forns-inaugura-jornades-tecniques-lacpet-celebrades-port-sitges-aiguadolc\\\/#primaryimage\"},\"image\":{\"@id\":\"https:\\\/\\\/www.portdesitges.com\\\/ca\\\/lalcalde-sitges-miquel-forns-inaugura-jornades-tecniques-lacpet-celebrades-port-sitges-aiguadolc\\\/#primaryimage\"},\"thumbnailUrl\":\"https:\\\/\\\/www.portdesitges.com\\\/wp-content\\\/uploads\\\/2017\\\/05\\\/Alcalde-jpg-300.jpg\",\"datePublished\":\"2017-05-11T16:36:47+00:00\",\"author\":{\"@id\":\"https:\\\/\\\/www.portdesitges.com\\\/#\\\/schema\\\/person\\\/be98f3191d6c7bb6ccddc2e0ac4d861f\"},\"breadcrumb\":{\"@id\":\"https:\\\/\\\/www.portdesitges.com\\\/ca\\\/lalcalde-sitges-miquel-forns-inaugura-jornades-tecniques-lacpet-celebrades-port-sitges-aiguadolc\\\/#breadcrumb\"},\"inLanguage\":\"ca\",\"potentialAction\":[{\"@type\":\"ReadAction\",\"target\":[\"https:\\\/\\\/www.portdesitges.com\\\/ca\\\/lalcalde-sitges-miquel-forns-inaugura-jornades-tecniques-lacpet-celebrades-port-sitges-aiguadolc\\\/\"]}]},{\"@type\":\"ImageObject\",\"inLanguage\":\"ca\",\"@id\":\"https:\\\/\\\/www.portdesitges.com\\\/ca\\\/lalcalde-sitges-miquel-forns-inaugura-jornades-tecniques-lacpet-celebrades-port-sitges-aiguadolc\\\/#primaryimage\",\"url\":\"https:\\\/\\\/www.portdesitges.com\\\/wp-content\\\/uploads\\\/2017\\\/05\\\/Alcalde-jpg-300.jpg\",\"contentUrl\":\"https:\\\/\\\/www.portdesitges.com\\\/wp-content\\\/uploads\\\/2017\\\/05\\\/Alcalde-jpg-300.jpg\",\"width\":270,\"height\":266},{\"@type\":\"BreadcrumbList\",\"@id\":\"https:\\\/\\\/www.portdesitges.com\\\/ca\\\/lalcalde-sitges-miquel-forns-inaugura-jornades-tecniques-lacpet-celebrades-port-sitges-aiguadolc\\\/#breadcrumb\",\"itemListElement\":[{\"@type\":\"ListItem\",\"position\":1,\"name\":\"Portada\",\"item\":\"https:\\\/\\\/www.portdesitges.com\\\/ca\\\/\"},{\"@type\":\"ListItem\",\"position\":2,\"name\":\"L\u2019Alcalde de Sitges, Miquel Forns, inaugura les Jornades T\u00e8cniques de l\u2019ACPET celebrades al Port de Sitges-Aiguadol\u00e7\"}]},{\"@type\":\"WebSite\",\"@id\":\"https:\\\/\\\/www.portdesitges.com\\\/#website\",\"url\":\"https:\\\/\\\/www.portdesitges.com\\\/\",\"name\":\"Port de Sitges - Aiguadol\u00e7\",\"description\":\"lugar donde el mar y la tierra se dan de la mano para crear un espacio \u00fanico y atractivo. Disfruta de un mar de experiencias.\",\"potentialAction\":[{\"@type\":\"SearchAction\",\"target\":{\"@type\":\"EntryPoint\",\"urlTemplate\":\"https:\\\/\\\/www.portdesitges.com\\\/?s={search_term_string}\"},\"query-input\":{\"@type\":\"PropertyValueSpecification\",\"valueRequired\":true,\"valueName\":\"search_term_string\"}}],\"inLanguage\":\"ca\"},{\"@type\":\"Person\",\"@id\":\"https:\\\/\\\/www.portdesitges.com\\\/#\\\/schema\\\/person\\\/be98f3191d6c7bb6ccddc2e0ac4d861f\",\"name\":\"S\u00f2nia Felip\",\"image\":{\"@type\":\"ImageObject\",\"inLanguage\":\"ca\",\"@id\":\"https:\\\/\\\/secure.gravatar.com\\\/avatar\\\/3f5abf961091eed8bea1ba4a0fb5f78e0c728f907fe0cf722e81af4aa82939db?s=96&d=mm&r=g\",\"url\":\"https:\\\/\\\/secure.gravatar.com\\\/avatar\\\/3f5abf961091eed8bea1ba4a0fb5f78e0c728f907fe0cf722e81af4aa82939db?s=96&d=mm&r=g\",\"contentUrl\":\"https:\\\/\\\/secure.gravatar.com\\\/avatar\\\/3f5abf961091eed8bea1ba4a0fb5f78e0c728f907fe0cf722e81af4aa82939db?s=96&d=mm&r=g\",\"caption\":\"S\u00f2nia Felip\"},\"url\":\"https:\\\/\\\/www.portdesitges.com\\\/ca\\\/author\\\/sonia\\\/\"}]}<\/script>\n<!-- \/ Yoast SEO plugin. -->","yoast_head_json":{"title":"L\u2019Alcalde de Sitges, Miquel Forns, inaugura les Jornades T\u00e8cniques de l\u2019ACPET celebrades al Port de Sitges-Aiguadol\u00e7 - Port de Sitges - Aiguadol\u00e7","robots":{"index":"index","follow":"follow","max-snippet":"max-snippet:-1","max-image-preview":"max-image-preview:large","max-video-preview":"max-video-preview:-1"},"canonical":"https:\/\/www.portdesitges.com\/ca\/lalcalde-sitges-miquel-forns-inaugura-jornades-tecniques-lacpet-celebrades-port-sitges-aiguadolc\/","og_locale":"ca_ES","og_type":"article","og_title":"L\u2019Alcalde de Sitges, Miquel Forns, inaugura les Jornades T\u00e8cniques de l\u2019ACPET celebrades al Port de Sitges-Aiguadol\u00e7 - Port de Sitges - Aiguadol\u00e7","og_url":"https:\/\/www.portdesitges.com\/ca\/lalcalde-sitges-miquel-forns-inaugura-jornades-tecniques-lacpet-celebrades-port-sitges-aiguadolc\/","og_site_name":"Port de Sitges - Aiguadol\u00e7","article_published_time":"2017-05-11T16:36:47+00:00","og_image":[{"width":270,"height":266,"url":"https:\/\/www.portdesitges.com\/wp-content\/uploads\/2017\/05\/Alcalde-jpg-300.jpg","type":"image\/jpeg"}],"author":"S\u00f2nia Felip","twitter_card":"summary_large_image","twitter_misc":{"Escrit per":"S\u00f2nia Felip","Temps estimat de lectura":"1 minut"},"schema":{"@context":"https:\/\/schema.org","@graph":[{"@type":"Article","@id":"https:\/\/www.portdesitges.com\/ca\/lalcalde-sitges-miquel-forns-inaugura-jornades-tecniques-lacpet-celebrades-port-sitges-aiguadolc\/#article","isPartOf":{"@id":"https:\/\/www.portdesitges.com\/ca\/lalcalde-sitges-miquel-forns-inaugura-jornades-tecniques-lacpet-celebrades-port-sitges-aiguadolc\/"},"author":{"name":"S\u00f2nia Felip","@id":"https:\/\/www.portdesitges.com\/#\/schema\/person\/be98f3191d6c7bb6ccddc2e0ac4d861f"},"headline":"L\u2019Alcalde de Sitges, Miquel Forns, inaugura les Jornades T\u00e8cniques de l\u2019ACPET celebrades al Port de Sitges-Aiguadol\u00e7","datePublished":"2017-05-11T16:36:47+00:00","mainEntityOfPage":{"@id":"https:\/\/www.portdesitges.com\/ca\/lalcalde-sitges-miquel-forns-inaugura-jornades-tecniques-lacpet-celebrades-port-sitges-aiguadolc\/"},"wordCount":223,"image":{"@id":"https:\/\/www.portdesitges.com\/ca\/lalcalde-sitges-miquel-forns-inaugura-jornades-tecniques-lacpet-celebrades-port-sitges-aiguadolc\/#primaryimage"},"thumbnailUrl":"https:\/\/www.portdesitges.com\/wp-content\/uploads\/2017\/05\/Alcalde-jpg-300.jpg","inLanguage":"ca"},{"@type":"WebPage","@id":"https:\/\/www.portdesitges.com\/ca\/lalcalde-sitges-miquel-forns-inaugura-jornades-tecniques-lacpet-celebrades-port-sitges-aiguadolc\/","url":"https:\/\/www.portdesitges.com\/ca\/lalcalde-sitges-miquel-forns-inaugura-jornades-tecniques-lacpet-celebrades-port-sitges-aiguadolc\/","name":"L\u2019Alcalde de Sitges, Miquel Forns, inaugura les Jornades T\u00e8cniques de l\u2019ACPET celebrades al Port de Sitges-Aiguadol\u00e7 - Port de Sitges - Aiguadol\u00e7","isPartOf":{"@id":"https:\/\/www.portdesitges.com\/#website"},"primaryImageOfPage":{"@id":"https:\/\/www.portdesitges.com\/ca\/lalcalde-sitges-miquel-forns-inaugura-jornades-tecniques-lacpet-celebrades-port-sitges-aiguadolc\/#primaryimage"},"image":{"@id":"https:\/\/www.portdesitges.com\/ca\/lalcalde-sitges-miquel-forns-inaugura-jornades-tecniques-lacpet-celebrades-port-sitges-aiguadolc\/#primaryimage"},"thumbnailUrl":"https:\/\/www.portdesitges.com\/wp-content\/uploads\/2017\/05\/Alcalde-jpg-300.jpg","datePublished":"2017-05-11T16:36:47+00:00","author":{"@id":"https:\/\/www.portdesitges.com\/#\/schema\/person\/be98f3191d6c7bb6ccddc2e0ac4d861f"},"breadcrumb":{"@id":"https:\/\/www.portdesitges.com\/ca\/lalcalde-sitges-miquel-forns-inaugura-jornades-tecniques-lacpet-celebrades-port-sitges-aiguadolc\/#breadcrumb"},"inLanguage":"ca","potentialAction":[{"@type":"ReadAction","target":["https:\/\/www.portdesitges.com\/ca\/lalcalde-sitges-miquel-forns-inaugura-jornades-tecniques-lacpet-celebrades-port-sitges-aiguadolc\/"]}]},{"@type":"ImageObject","inLanguage":"ca","@id":"https:\/\/www.portdesitges.com\/ca\/lalcalde-sitges-miquel-forns-inaugura-jornades-tecniques-lacpet-celebrades-port-sitges-aiguadolc\/#primaryimage","url":"https:\/\/www.portdesitges.com\/wp-content\/uploads\/2017\/05\/Alcalde-jpg-300.jpg","contentUrl":"https:\/\/www.portdesitges.com\/wp-content\/uploads\/2017\/05\/Alcalde-jpg-300.jpg","width":270,"height":266},{"@type":"BreadcrumbList","@id":"https:\/\/www.portdesitges.com\/ca\/lalcalde-sitges-miquel-forns-inaugura-jornades-tecniques-lacpet-celebrades-port-sitges-aiguadolc\/#breadcrumb","itemListElement":[{"@type":"ListItem","position":1,"name":"Portada","item":"https:\/\/www.portdesitges.com\/ca\/"},{"@type":"ListItem","position":2,"name":"L\u2019Alcalde de Sitges, Miquel Forns, inaugura les Jornades T\u00e8cniques de l\u2019ACPET celebrades al Port de Sitges-Aiguadol\u00e7"}]},{"@type":"WebSite","@id":"https:\/\/www.portdesitges.com\/#website","url":"https:\/\/www.portdesitges.com\/","name":"Port de Sitges - Aiguadol\u00e7","description":"lugar donde el mar y la tierra se dan de la mano para crear un espacio \u00fanico y atractivo. Disfruta de un mar de experiencias.","potentialAction":[{"@type":"SearchAction","target":{"@type":"EntryPoint","urlTemplate":"https:\/\/www.portdesitges.com\/?s={search_term_string}"},"query-input":{"@type":"PropertyValueSpecification","valueRequired":true,"valueName":"search_term_string"}}],"inLanguage":"ca"},{"@type":"Person","@id":"https:\/\/www.portdesitges.com\/#\/schema\/person\/be98f3191d6c7bb6ccddc2e0ac4d861f","name":"S\u00f2nia Felip","image":{"@type":"ImageObject","inLanguage":"ca","@id":"https:\/\/secure.gravatar.com\/avatar\/3f5abf961091eed8bea1ba4a0fb5f78e0c728f907fe0cf722e81af4aa82939db?s=96&d=mm&r=g","url":"https:\/\/secure.gravatar.com\/avatar\/3f5abf961091eed8bea1ba4a0fb5f78e0c728f907fe0cf722e81af4aa82939db?s=96&d=mm&r=g","contentUrl":"https:\/\/secure.gravatar.com\/avatar\/3f5abf961091eed8bea1ba4a0fb5f78e0c728f907fe0cf722e81af4aa82939db?s=96&d=mm&r=g","caption":"S\u00f2nia Felip"},"url":"https:\/\/www.portdesitges.com\/ca\/author\/sonia\/"}]}},"_links":{"self":[{"href":"https:\/\/www.portdesitges.com\/ca\/wp-json\/wp\/v2\/posts\/5298","targetHints":{"allow":["GET"]}}],"collection":[{"href":"https:\/\/www.portdesitges.com\/ca\/wp-json\/wp\/v2\/posts"}],"about":[{"href":"https:\/\/www.portdesitges.com\/ca\/wp-json\/wp\/v2\/types\/post"}],"author":[{"embeddable":true,"href":"https:\/\/www.portdesitges.com\/ca\/wp-json\/wp\/v2\/users\/3"}],"replies":[{"embeddable":true,"href":"https:\/\/www.portdesitges.com\/ca\/wp-json\/wp\/v2\/comments?post=5298"}],"version-history":[{"count":0,"href":"https:\/\/www.portdesitges.com\/ca\/wp-json\/wp\/v2\/posts\/5298\/revisions"}],"wp:featuredmedia":[{"embeddable":true,"href":"https:\/\/www.portdesitges.com\/ca\/wp-json\/wp\/v2\/media\/5301"}],"wp:attachment":[{"href":"https:\/\/www.portdesitges.com\/ca\/wp-json\/wp\/v2\/media?parent=5298"}],"wp:term":[{"taxonomy":"category","embeddable":true,"href":"https:\/\/www.portdesitges.com\/ca\/wp-json\/wp\/v2\/categories?post=5298"},{"taxonomy":"post_tag","embeddable":true,"href":"https:\/\/www.portdesitges.com\/ca\/wp-json\/wp\/v2\/tags?post=5298"}],"curies":[{"name":"wp","href":"https:\/\/api.w.org\/{rel}","templated":true}]}}