{"id":5192,"date":"2017-04-06T17:37:21","date_gmt":"2017-04-06T17:37:21","guid":{"rendered":"http:\/\/www.portdesitges.com\/?p=5192"},"modified":"2017-04-06T17:37:21","modified_gmt":"2017-04-06T17:37:21","slug":"port-sitges-acull-5-integrants-programa-joves-locupacio","status":"publish","type":"post","link":"https:\/\/www.portdesitges.com\/ca\/port-sitges-acull-5-integrants-programa-joves-locupacio\/","title":{"rendered":"El Port de Sitges acull 5 integrants del Programa Joves per l\u2019Ocupaci\u00f3"},"content":{"rendered":"<p><!--more--><\/p>\n<p>Des d\u2019avui el Port de Sitges acull en pr\u00e0ctiques cinc integrants del Programa Joves per l\u2019Ocupaci\u00f3 inscrits a Garantia Juvenil que han finalitzat la part formativa. L\u2019Oriol Torn\u00e9, la Sara Quesada i l\u2019Albert Sep\u00falveda treballaran en l\u2019apartat de serveis i manteniment d\u2019instal\u00b7lacions portu\u00e0ries, Gabriel Boter a l\u2019empresa del port Talleres del Mar i el Sergi Soler a l\u2019empresa Jon Buliga.<\/p>\n<p style=\"text-align: center;\"><a href=\"http:\/\/www.portdesitges.com\/port\/wp-content\/uploads\/2017\/04\/Joves-per-lOcupaci\u00f3-Port-Sitges.jpg\"><img loading=\"lazy\" decoding=\"async\" class=\"alignnone size-medium wp-image-5194\" src=\"http:\/\/www.portdesitges.com\/port\/wp-content\/uploads\/2017\/04\/Joves-per-lOcupaci\u00f3-Port-Sitges-225x300.jpg\" alt=\"\" width=\"225\" height=\"300\" srcset=\"https:\/\/www.portdesitges.com\/wp-content\/uploads\/2017\/04\/Joves-per-lOcupaci\u00f3-Port-Sitges-225x300.jpg 225w, https:\/\/www.portdesitges.com\/wp-content\/uploads\/2017\/04\/Joves-per-lOcupaci\u00f3-Port-Sitges-768x1024.jpg 768w, https:\/\/www.portdesitges.com\/wp-content\/uploads\/2017\/04\/Joves-per-lOcupaci\u00f3-Port-Sitges-1152x1536.jpg 1152w, https:\/\/www.portdesitges.com\/wp-content\/uploads\/2017\/04\/Joves-per-lOcupaci\u00f3-Port-Sitges.jpg 1200w\" sizes=\"auto, (max-width: 225px) 100vw, 225px\" \/><\/a>\u00a0 \u00a0<a href=\"http:\/\/www.portdesitges.com\/port\/wp-content\/uploads\/2017\/04\/Joves-per-lOcupaci\u00f3-pr\u00e0ctiques.jpg\"><img loading=\"lazy\" decoding=\"async\" class=\"alignnone size-medium wp-image-5193\" src=\"http:\/\/www.portdesitges.com\/port\/wp-content\/uploads\/2017\/04\/Joves-per-lOcupaci\u00f3-pr\u00e0ctiques-225x300.jpg\" alt=\"\" width=\"225\" height=\"300\" srcset=\"https:\/\/www.portdesitges.com\/wp-content\/uploads\/2017\/04\/Joves-per-lOcupaci\u00f3-pr\u00e0ctiques-225x300.jpg 225w, https:\/\/www.portdesitges.com\/wp-content\/uploads\/2017\/04\/Joves-per-lOcupaci\u00f3-pr\u00e0ctiques.jpg 768w\" sizes=\"auto, (max-width: 225px) 100vw, 225px\" \/><\/a><\/p>\n<p>Ahir va tenir lloc a Port Ginesta l\u2019acte de cloenda de la part formativa del programa que per segon any consecutiu s\u2019ha enfocat al sector de serveis i manteniment en instal\u00b7lacions portu\u00e0ries. La formaci\u00f3 ha anat a c\u00e0rrec de la Facultat de N\u00e0utica de Barcelona i els joves van realitzar demostracions de maniobres d\u2019amarratge, simulacre d\u2019emerg\u00e8ncies, nusos i altres accions.<\/p>\n<p>Joves per l\u2019Ocupaci\u00f3 \u00e9s un programa coordinat pel Consell Comarcal del Garraf en conveni amb els ajuntaments de Sitges, Cubelles, Canyelles i Olivella, i est\u00e0 subvencionat pel Servei P\u00fablic d\u2019Ocupaci\u00f3 de Catalunya, el Ministeri d\u2019Ocupaci\u00f3 i Seguretat Social i el Fons Social Europeu en el marc de la Iniciativa d\u2019Ocupaci\u00f3 Juvenil.<\/p>\n","protected":false},"excerpt":{"rendered":"Des d\u2019avui el Port de Sitges acull en pr\u00e0ctiques cinc integrants del Programa Joves per l\u2019Ocupaci\u00f3 inscrits a Garantia Juvenil que han finalitzat la part formativa. L\u2019Oriol Torn\u00e9, la Sara...","protected":false},"author":3,"featured_media":5195,"comment_status":"closed","ping_status":"closed","sticky":false,"template":"","format":"standard","meta":{"footnotes":""},"categories":[],"tags":[],"class_list":["post-5192","post","type-post","status-publish","format-standard","has-post-thumbnail"],"yoast_head":"<!-- This site is optimized with the Yoast SEO plugin v27.3 - https:\/\/yoast.com\/product\/yoast-seo-wordpress\/ -->\n<title>El Port de Sitges acull 5 integrants del Programa Joves per l\u2019Ocupaci\u00f3 - Port de Sitges - Aiguadol\u00e7<\/title>\n<meta name=\"robots\" content=\"index, follow, max-snippet:-1, max-image-preview:large, max-video-preview:-1\" \/>\n<link rel=\"canonical\" href=\"https:\/\/www.portdesitges.com\/ca\/port-sitges-acull-5-integrants-programa-joves-locupacio\/\" \/>\n<meta property=\"og:locale\" content=\"ca_ES\" \/>\n<meta property=\"og:type\" content=\"article\" \/>\n<meta property=\"og:title\" content=\"El Port de Sitges acull 5 integrants del Programa Joves per l\u2019Ocupaci\u00f3 - Port de Sitges - Aiguadol\u00e7\" \/>\n<meta property=\"og:url\" content=\"https:\/\/www.portdesitges.com\/ca\/port-sitges-acull-5-integrants-programa-joves-locupacio\/\" \/>\n<meta property=\"og:site_name\" content=\"Port de Sitges - Aiguadol\u00e7\" \/>\n<meta property=\"article:published_time\" content=\"2017-04-06T17:37:21+00:00\" \/>\n<meta property=\"og:image\" content=\"https:\/\/www.portdesitges.com\/wp-content\/uploads\/2017\/04\/Joves-Ocuapci\u00f3-Port-Sitges-300.jpg\" \/>\n\t<meta property=\"og:image:width\" content=\"300\" \/>\n\t<meta property=\"og:image:height\" content=\"300\" \/>\n\t<meta property=\"og:image:type\" content=\"image\/jpeg\" \/>\n<meta name=\"author\" content=\"S\u00f2nia Felip\" \/>\n<meta name=\"twitter:card\" content=\"summary_large_image\" \/>\n<meta name=\"twitter:label1\" content=\"Escrit per\" \/>\n\t<meta name=\"twitter:data1\" content=\"S\u00f2nia Felip\" \/>\n\t<meta name=\"twitter:label2\" content=\"Temps estimat de lectura\" \/>\n\t<meta name=\"twitter:data2\" content=\"1 minut\" \/>\n<script type=\"application\/ld+json\" class=\"yoast-schema-graph\">{\"@context\":\"https:\\\/\\\/schema.org\",\"@graph\":[{\"@type\":\"Article\",\"@id\":\"https:\\\/\\\/www.portdesitges.com\\\/ca\\\/port-sitges-acull-5-integrants-programa-joves-locupacio\\\/#article\",\"isPartOf\":{\"@id\":\"https:\\\/\\\/www.portdesitges.com\\\/ca\\\/port-sitges-acull-5-integrants-programa-joves-locupacio\\\/\"},\"author\":{\"name\":\"S\u00f2nia Felip\",\"@id\":\"https:\\\/\\\/www.portdesitges.com\\\/#\\\/schema\\\/person\\\/be98f3191d6c7bb6ccddc2e0ac4d861f\"},\"headline\":\"El Port de Sitges acull 5 integrants del Programa Joves per l\u2019Ocupaci\u00f3\",\"datePublished\":\"2017-04-06T17:37:21+00:00\",\"mainEntityOfPage\":{\"@id\":\"https:\\\/\\\/www.portdesitges.com\\\/ca\\\/port-sitges-acull-5-integrants-programa-joves-locupacio\\\/\"},\"wordCount\":209,\"image\":{\"@id\":\"https:\\\/\\\/www.portdesitges.com\\\/ca\\\/port-sitges-acull-5-integrants-programa-joves-locupacio\\\/#primaryimage\"},\"thumbnailUrl\":\"https:\\\/\\\/www.portdesitges.com\\\/wp-content\\\/uploads\\\/2017\\\/04\\\/Joves-Ocuapci\u00f3-Port-Sitges-300.jpg\",\"inLanguage\":\"ca\"},{\"@type\":\"WebPage\",\"@id\":\"https:\\\/\\\/www.portdesitges.com\\\/ca\\\/port-sitges-acull-5-integrants-programa-joves-locupacio\\\/\",\"url\":\"https:\\\/\\\/www.portdesitges.com\\\/ca\\\/port-sitges-acull-5-integrants-programa-joves-locupacio\\\/\",\"name\":\"El Port de Sitges acull 5 integrants del Programa Joves per l\u2019Ocupaci\u00f3 - Port de Sitges - Aiguadol\u00e7\",\"isPartOf\":{\"@id\":\"https:\\\/\\\/www.portdesitges.com\\\/#website\"},\"primaryImageOfPage\":{\"@id\":\"https:\\\/\\\/www.portdesitges.com\\\/ca\\\/port-sitges-acull-5-integrants-programa-joves-locupacio\\\/#primaryimage\"},\"image\":{\"@id\":\"https:\\\/\\\/www.portdesitges.com\\\/ca\\\/port-sitges-acull-5-integrants-programa-joves-locupacio\\\/#primaryimage\"},\"thumbnailUrl\":\"https:\\\/\\\/www.portdesitges.com\\\/wp-content\\\/uploads\\\/2017\\\/04\\\/Joves-Ocuapci\u00f3-Port-Sitges-300.jpg\",\"datePublished\":\"2017-04-06T17:37:21+00:00\",\"author\":{\"@id\":\"https:\\\/\\\/www.portdesitges.com\\\/#\\\/schema\\\/person\\\/be98f3191d6c7bb6ccddc2e0ac4d861f\"},\"breadcrumb\":{\"@id\":\"https:\\\/\\\/www.portdesitges.com\\\/ca\\\/port-sitges-acull-5-integrants-programa-joves-locupacio\\\/#breadcrumb\"},\"inLanguage\":\"ca\",\"potentialAction\":[{\"@type\":\"ReadAction\",\"target\":[\"https:\\\/\\\/www.portdesitges.com\\\/ca\\\/port-sitges-acull-5-integrants-programa-joves-locupacio\\\/\"]}]},{\"@type\":\"ImageObject\",\"inLanguage\":\"ca\",\"@id\":\"https:\\\/\\\/www.portdesitges.com\\\/ca\\\/port-sitges-acull-5-integrants-programa-joves-locupacio\\\/#primaryimage\",\"url\":\"https:\\\/\\\/www.portdesitges.com\\\/wp-content\\\/uploads\\\/2017\\\/04\\\/Joves-Ocuapci\u00f3-Port-Sitges-300.jpg\",\"contentUrl\":\"https:\\\/\\\/www.portdesitges.com\\\/wp-content\\\/uploads\\\/2017\\\/04\\\/Joves-Ocuapci\u00f3-Port-Sitges-300.jpg\",\"width\":300,\"height\":300},{\"@type\":\"BreadcrumbList\",\"@id\":\"https:\\\/\\\/www.portdesitges.com\\\/ca\\\/port-sitges-acull-5-integrants-programa-joves-locupacio\\\/#breadcrumb\",\"itemListElement\":[{\"@type\":\"ListItem\",\"position\":1,\"name\":\"Portada\",\"item\":\"https:\\\/\\\/www.portdesitges.com\\\/ca\\\/\"},{\"@type\":\"ListItem\",\"position\":2,\"name\":\"El Port de Sitges acull 5 integrants del Programa Joves per l\u2019Ocupaci\u00f3\"}]},{\"@type\":\"WebSite\",\"@id\":\"https:\\\/\\\/www.portdesitges.com\\\/#website\",\"url\":\"https:\\\/\\\/www.portdesitges.com\\\/\",\"name\":\"Port de Sitges - Aiguadol\u00e7\",\"description\":\"lugar donde el mar y la tierra se dan de la mano para crear un espacio \u00fanico y atractivo. Disfruta de un mar de experiencias.\",\"potentialAction\":[{\"@type\":\"SearchAction\",\"target\":{\"@type\":\"EntryPoint\",\"urlTemplate\":\"https:\\\/\\\/www.portdesitges.com\\\/?s={search_term_string}\"},\"query-input\":{\"@type\":\"PropertyValueSpecification\",\"valueRequired\":true,\"valueName\":\"search_term_string\"}}],\"inLanguage\":\"ca\"},{\"@type\":\"Person\",\"@id\":\"https:\\\/\\\/www.portdesitges.com\\\/#\\\/schema\\\/person\\\/be98f3191d6c7bb6ccddc2e0ac4d861f\",\"name\":\"S\u00f2nia Felip\",\"image\":{\"@type\":\"ImageObject\",\"inLanguage\":\"ca\",\"@id\":\"https:\\\/\\\/secure.gravatar.com\\\/avatar\\\/3f5abf961091eed8bea1ba4a0fb5f78e0c728f907fe0cf722e81af4aa82939db?s=96&d=mm&r=g\",\"url\":\"https:\\\/\\\/secure.gravatar.com\\\/avatar\\\/3f5abf961091eed8bea1ba4a0fb5f78e0c728f907fe0cf722e81af4aa82939db?s=96&d=mm&r=g\",\"contentUrl\":\"https:\\\/\\\/secure.gravatar.com\\\/avatar\\\/3f5abf961091eed8bea1ba4a0fb5f78e0c728f907fe0cf722e81af4aa82939db?s=96&d=mm&r=g\",\"caption\":\"S\u00f2nia Felip\"},\"url\":\"https:\\\/\\\/www.portdesitges.com\\\/ca\\\/author\\\/sonia\\\/\"}]}<\/script>\n<!-- \/ Yoast SEO plugin. -->","yoast_head_json":{"title":"El Port de Sitges acull 5 integrants del Programa Joves per l\u2019Ocupaci\u00f3 - Port de Sitges - Aiguadol\u00e7","robots":{"index":"index","follow":"follow","max-snippet":"max-snippet:-1","max-image-preview":"max-image-preview:large","max-video-preview":"max-video-preview:-1"},"canonical":"https:\/\/www.portdesitges.com\/ca\/port-sitges-acull-5-integrants-programa-joves-locupacio\/","og_locale":"ca_ES","og_type":"article","og_title":"El Port de Sitges acull 5 integrants del Programa Joves per l\u2019Ocupaci\u00f3 - Port de Sitges - Aiguadol\u00e7","og_url":"https:\/\/www.portdesitges.com\/ca\/port-sitges-acull-5-integrants-programa-joves-locupacio\/","og_site_name":"Port de Sitges - Aiguadol\u00e7","article_published_time":"2017-04-06T17:37:21+00:00","og_image":[{"width":300,"height":300,"url":"https:\/\/www.portdesitges.com\/wp-content\/uploads\/2017\/04\/Joves-Ocuapci\u00f3-Port-Sitges-300.jpg","type":"image\/jpeg"}],"author":"S\u00f2nia Felip","twitter_card":"summary_large_image","twitter_misc":{"Escrit per":"S\u00f2nia Felip","Temps estimat de lectura":"1 minut"},"schema":{"@context":"https:\/\/schema.org","@graph":[{"@type":"Article","@id":"https:\/\/www.portdesitges.com\/ca\/port-sitges-acull-5-integrants-programa-joves-locupacio\/#article","isPartOf":{"@id":"https:\/\/www.portdesitges.com\/ca\/port-sitges-acull-5-integrants-programa-joves-locupacio\/"},"author":{"name":"S\u00f2nia Felip","@id":"https:\/\/www.portdesitges.com\/#\/schema\/person\/be98f3191d6c7bb6ccddc2e0ac4d861f"},"headline":"El Port de Sitges acull 5 integrants del Programa Joves per l\u2019Ocupaci\u00f3","datePublished":"2017-04-06T17:37:21+00:00","mainEntityOfPage":{"@id":"https:\/\/www.portdesitges.com\/ca\/port-sitges-acull-5-integrants-programa-joves-locupacio\/"},"wordCount":209,"image":{"@id":"https:\/\/www.portdesitges.com\/ca\/port-sitges-acull-5-integrants-programa-joves-locupacio\/#primaryimage"},"thumbnailUrl":"https:\/\/www.portdesitges.com\/wp-content\/uploads\/2017\/04\/Joves-Ocuapci\u00f3-Port-Sitges-300.jpg","inLanguage":"ca"},{"@type":"WebPage","@id":"https:\/\/www.portdesitges.com\/ca\/port-sitges-acull-5-integrants-programa-joves-locupacio\/","url":"https:\/\/www.portdesitges.com\/ca\/port-sitges-acull-5-integrants-programa-joves-locupacio\/","name":"El Port de Sitges acull 5 integrants del Programa Joves per l\u2019Ocupaci\u00f3 - Port de Sitges - Aiguadol\u00e7","isPartOf":{"@id":"https:\/\/www.portdesitges.com\/#website"},"primaryImageOfPage":{"@id":"https:\/\/www.portdesitges.com\/ca\/port-sitges-acull-5-integrants-programa-joves-locupacio\/#primaryimage"},"image":{"@id":"https:\/\/www.portdesitges.com\/ca\/port-sitges-acull-5-integrants-programa-joves-locupacio\/#primaryimage"},"thumbnailUrl":"https:\/\/www.portdesitges.com\/wp-content\/uploads\/2017\/04\/Joves-Ocuapci\u00f3-Port-Sitges-300.jpg","datePublished":"2017-04-06T17:37:21+00:00","author":{"@id":"https:\/\/www.portdesitges.com\/#\/schema\/person\/be98f3191d6c7bb6ccddc2e0ac4d861f"},"breadcrumb":{"@id":"https:\/\/www.portdesitges.com\/ca\/port-sitges-acull-5-integrants-programa-joves-locupacio\/#breadcrumb"},"inLanguage":"ca","potentialAction":[{"@type":"ReadAction","target":["https:\/\/www.portdesitges.com\/ca\/port-sitges-acull-5-integrants-programa-joves-locupacio\/"]}]},{"@type":"ImageObject","inLanguage":"ca","@id":"https:\/\/www.portdesitges.com\/ca\/port-sitges-acull-5-integrants-programa-joves-locupacio\/#primaryimage","url":"https:\/\/www.portdesitges.com\/wp-content\/uploads\/2017\/04\/Joves-Ocuapci\u00f3-Port-Sitges-300.jpg","contentUrl":"https:\/\/www.portdesitges.com\/wp-content\/uploads\/2017\/04\/Joves-Ocuapci\u00f3-Port-Sitges-300.jpg","width":300,"height":300},{"@type":"BreadcrumbList","@id":"https:\/\/www.portdesitges.com\/ca\/port-sitges-acull-5-integrants-programa-joves-locupacio\/#breadcrumb","itemListElement":[{"@type":"ListItem","position":1,"name":"Portada","item":"https:\/\/www.portdesitges.com\/ca\/"},{"@type":"ListItem","position":2,"name":"El Port de Sitges acull 5 integrants del Programa Joves per l\u2019Ocupaci\u00f3"}]},{"@type":"WebSite","@id":"https:\/\/www.portdesitges.com\/#website","url":"https:\/\/www.portdesitges.com\/","name":"Port de Sitges - Aiguadol\u00e7","description":"lugar donde el mar y la tierra se dan de la mano para crear un espacio \u00fanico y atractivo. Disfruta de un mar de experiencias.","potentialAction":[{"@type":"SearchAction","target":{"@type":"EntryPoint","urlTemplate":"https:\/\/www.portdesitges.com\/?s={search_term_string}"},"query-input":{"@type":"PropertyValueSpecification","valueRequired":true,"valueName":"search_term_string"}}],"inLanguage":"ca"},{"@type":"Person","@id":"https:\/\/www.portdesitges.com\/#\/schema\/person\/be98f3191d6c7bb6ccddc2e0ac4d861f","name":"S\u00f2nia Felip","image":{"@type":"ImageObject","inLanguage":"ca","@id":"https:\/\/secure.gravatar.com\/avatar\/3f5abf961091eed8bea1ba4a0fb5f78e0c728f907fe0cf722e81af4aa82939db?s=96&d=mm&r=g","url":"https:\/\/secure.gravatar.com\/avatar\/3f5abf961091eed8bea1ba4a0fb5f78e0c728f907fe0cf722e81af4aa82939db?s=96&d=mm&r=g","contentUrl":"https:\/\/secure.gravatar.com\/avatar\/3f5abf961091eed8bea1ba4a0fb5f78e0c728f907fe0cf722e81af4aa82939db?s=96&d=mm&r=g","caption":"S\u00f2nia Felip"},"url":"https:\/\/www.portdesitges.com\/ca\/author\/sonia\/"}]}},"_links":{"self":[{"href":"https:\/\/www.portdesitges.com\/ca\/wp-json\/wp\/v2\/posts\/5192","targetHints":{"allow":["GET"]}}],"collection":[{"href":"https:\/\/www.portdesitges.com\/ca\/wp-json\/wp\/v2\/posts"}],"about":[{"href":"https:\/\/www.portdesitges.com\/ca\/wp-json\/wp\/v2\/types\/post"}],"author":[{"embeddable":true,"href":"https:\/\/www.portdesitges.com\/ca\/wp-json\/wp\/v2\/users\/3"}],"replies":[{"embeddable":true,"href":"https:\/\/www.portdesitges.com\/ca\/wp-json\/wp\/v2\/comments?post=5192"}],"version-history":[{"count":0,"href":"https:\/\/www.portdesitges.com\/ca\/wp-json\/wp\/v2\/posts\/5192\/revisions"}],"wp:featuredmedia":[{"embeddable":true,"href":"https:\/\/www.portdesitges.com\/ca\/wp-json\/wp\/v2\/media\/5195"}],"wp:attachment":[{"href":"https:\/\/www.portdesitges.com\/ca\/wp-json\/wp\/v2\/media?parent=5192"}],"wp:term":[{"taxonomy":"category","embeddable":true,"href":"https:\/\/www.portdesitges.com\/ca\/wp-json\/wp\/v2\/categories?post=5192"},{"taxonomy":"post_tag","embeddable":true,"href":"https:\/\/www.portdesitges.com\/ca\/wp-json\/wp\/v2\/tags?post=5192"}],"curies":[{"name":"wp","href":"https:\/\/api.w.org\/{rel}","templated":true}]}}