{"id":5071,"date":"2017-04-03T14:47:59","date_gmt":"2017-04-03T14:47:59","guid":{"rendered":"http:\/\/www.portdesitges.com\/?p=5071"},"modified":"2017-04-03T14:47:59","modified_gmt":"2017-04-03T14:47:59","slug":"primera-recarrega-dun-vehicle-electric-port-sitges","status":"publish","type":"post","link":"https:\/\/www.portdesitges.com\/ca\/primera-recarrega-dun-vehicle-electric-port-sitges\/","title":{"rendered":"Primera rec\u00e0rrega d&#8217;un vehicle el\u00e8ctric al Port de Sitges"},"content":{"rendered":"<p class=\"p1\"><!--more--><\/p>\n<p class=\"p1\"><span class=\"s1\">Ahir diumenge al Port de Sitges v\u00e0rem tenir la primera rec\u00e0rrega d&#8217;un vehicle el\u00e8ctric al nostre punt de rec\u00e0rrega el\u00e8ctrica. El Port de Sitges segueix apostant per les energies renovables, fent accessible les seves instal\u00b7lacions i tota la zona del Garraf als conductors de vehicles el\u00e8ctrics.<\/span><\/p>\n<p class=\"p1\"><a href=\"http:\/\/www.portdesitges.com\/port\/wp-content\/uploads\/2017\/04\/WhatsApp-Image-2017-04-03-at-13.46.44.jpeg\"><img loading=\"lazy\" decoding=\"async\" class=\"alignnone size-medium wp-image-5078\" src=\"http:\/\/www.portdesitges.com\/port\/wp-content\/uploads\/2017\/04\/WhatsApp-Image-2017-04-03-at-13.46.44-298x300.jpeg\" alt=\"\" width=\"298\" height=\"300\" srcset=\"https:\/\/www.portdesitges.com\/wp-content\/uploads\/2017\/04\/WhatsApp-Image-2017-04-03-at-13.46.44-298x300.jpeg 298w, https:\/\/www.portdesitges.com\/wp-content\/uploads\/2017\/04\/WhatsApp-Image-2017-04-03-at-13.46.44-150x150.jpeg 150w, https:\/\/www.portdesitges.com\/wp-content\/uploads\/2017\/04\/WhatsApp-Image-2017-04-03-at-13.46.44-100x100.jpeg 100w, https:\/\/www.portdesitges.com\/wp-content\/uploads\/2017\/04\/WhatsApp-Image-2017-04-03-at-13.46.44-140x140.jpeg 140w, https:\/\/www.portdesitges.com\/wp-content\/uploads\/2017\/04\/WhatsApp-Image-2017-04-03-at-13.46.44.jpeg 300w\" sizes=\"auto, (max-width: 298px) 100vw, 298px\" \/><\/a>\u00a0<a href=\"http:\/\/www.portdesitges.com\/port\/wp-content\/uploads\/2017\/04\/WhatsApp-Image-2017-04-03-at-13.46.45.jpeg\"><img loading=\"lazy\" decoding=\"async\" class=\"alignnone size-medium wp-image-5079\" src=\"http:\/\/www.portdesitges.com\/port\/wp-content\/uploads\/2017\/04\/WhatsApp-Image-2017-04-03-at-13.46.45-291x300.jpeg\" alt=\"\" width=\"291\" height=\"300\" srcset=\"https:\/\/www.portdesitges.com\/wp-content\/uploads\/2017\/04\/WhatsApp-Image-2017-04-03-at-13.46.45-291x300.jpeg 291w, https:\/\/www.portdesitges.com\/wp-content\/uploads\/2017\/04\/WhatsApp-Image-2017-04-03-at-13.46.45.jpeg 300w\" sizes=\"auto, (max-width: 291px) 100vw, 291px\" \/><\/a><\/p>\n<p>&nbsp;<\/p>\n","protected":false},"excerpt":{"rendered":"Ahir diumenge al Port de Sitges v\u00e0rem tenir la primera rec\u00e0rrega d'un vehicle el\u00e8ctric al nostre punt de rec\u00e0rrega el\u00e8ctrica. El Port de Sitges segueix apostant per les energies renovables,...","protected":false},"author":3,"featured_media":5078,"comment_status":"closed","ping_status":"closed","sticky":false,"template":"","format":"standard","meta":{"footnotes":""},"categories":[],"tags":[],"class_list":["post-5071","post","type-post","status-publish","format-standard","has-post-thumbnail"],"yoast_head":"<!-- This site is optimized with the Yoast SEO plugin v27.3 - https:\/\/yoast.com\/product\/yoast-seo-wordpress\/ -->\n<title>Primera rec\u00e0rrega d&#039;un vehicle el\u00e8ctric al Port de Sitges - Port de Sitges - Aiguadol\u00e7<\/title>\n<meta name=\"robots\" content=\"index, follow, max-snippet:-1, max-image-preview:large, max-video-preview:-1\" \/>\n<link rel=\"canonical\" href=\"https:\/\/www.portdesitges.com\/ca\/primera-recarrega-dun-vehicle-electric-port-sitges\/\" \/>\n<meta property=\"og:locale\" content=\"ca_ES\" \/>\n<meta property=\"og:type\" content=\"article\" \/>\n<meta property=\"og:title\" content=\"Primera rec\u00e0rrega d&#039;un vehicle el\u00e8ctric al Port de Sitges - Port de Sitges - Aiguadol\u00e7\" \/>\n<meta property=\"og:url\" content=\"https:\/\/www.portdesitges.com\/ca\/primera-recarrega-dun-vehicle-electric-port-sitges\/\" \/>\n<meta property=\"og:site_name\" content=\"Port de Sitges - Aiguadol\u00e7\" \/>\n<meta property=\"article:published_time\" content=\"2017-04-03T14:47:59+00:00\" \/>\n<meta property=\"og:image\" content=\"https:\/\/www.portdesitges.com\/wp-content\/uploads\/2017\/04\/WhatsApp-Image-2017-04-03-at-13.46.44.jpeg\" \/>\n\t<meta property=\"og:image:width\" content=\"300\" \/>\n\t<meta property=\"og:image:height\" content=\"302\" \/>\n\t<meta property=\"og:image:type\" content=\"image\/jpeg\" \/>\n<meta name=\"author\" content=\"S\u00f2nia Felip\" \/>\n<meta name=\"twitter:card\" content=\"summary_large_image\" \/>\n<meta name=\"twitter:label1\" content=\"Escrit per\" \/>\n\t<meta name=\"twitter:data1\" content=\"S\u00f2nia Felip\" \/>\n<script type=\"application\/ld+json\" class=\"yoast-schema-graph\">{\"@context\":\"https:\\\/\\\/schema.org\",\"@graph\":[{\"@type\":\"Article\",\"@id\":\"https:\\\/\\\/www.portdesitges.com\\\/ca\\\/primera-recarrega-dun-vehicle-electric-port-sitges\\\/#article\",\"isPartOf\":{\"@id\":\"https:\\\/\\\/www.portdesitges.com\\\/ca\\\/primera-recarrega-dun-vehicle-electric-port-sitges\\\/\"},\"author\":{\"name\":\"S\u00f2nia Felip\",\"@id\":\"https:\\\/\\\/www.portdesitges.com\\\/#\\\/schema\\\/person\\\/be98f3191d6c7bb6ccddc2e0ac4d861f\"},\"headline\":\"Primera rec\u00e0rrega d&#8217;un vehicle el\u00e8ctric al Port de Sitges\",\"datePublished\":\"2017-04-03T14:47:59+00:00\",\"mainEntityOfPage\":{\"@id\":\"https:\\\/\\\/www.portdesitges.com\\\/ca\\\/primera-recarrega-dun-vehicle-electric-port-sitges\\\/\"},\"wordCount\":67,\"image\":{\"@id\":\"https:\\\/\\\/www.portdesitges.com\\\/ca\\\/primera-recarrega-dun-vehicle-electric-port-sitges\\\/#primaryimage\"},\"thumbnailUrl\":\"https:\\\/\\\/www.portdesitges.com\\\/wp-content\\\/uploads\\\/2017\\\/04\\\/WhatsApp-Image-2017-04-03-at-13.46.44.jpeg\",\"inLanguage\":\"ca\"},{\"@type\":\"WebPage\",\"@id\":\"https:\\\/\\\/www.portdesitges.com\\\/ca\\\/primera-recarrega-dun-vehicle-electric-port-sitges\\\/\",\"url\":\"https:\\\/\\\/www.portdesitges.com\\\/ca\\\/primera-recarrega-dun-vehicle-electric-port-sitges\\\/\",\"name\":\"Primera rec\u00e0rrega d'un vehicle el\u00e8ctric al Port de Sitges - Port de Sitges - Aiguadol\u00e7\",\"isPartOf\":{\"@id\":\"https:\\\/\\\/www.portdesitges.com\\\/#website\"},\"primaryImageOfPage\":{\"@id\":\"https:\\\/\\\/www.portdesitges.com\\\/ca\\\/primera-recarrega-dun-vehicle-electric-port-sitges\\\/#primaryimage\"},\"image\":{\"@id\":\"https:\\\/\\\/www.portdesitges.com\\\/ca\\\/primera-recarrega-dun-vehicle-electric-port-sitges\\\/#primaryimage\"},\"thumbnailUrl\":\"https:\\\/\\\/www.portdesitges.com\\\/wp-content\\\/uploads\\\/2017\\\/04\\\/WhatsApp-Image-2017-04-03-at-13.46.44.jpeg\",\"datePublished\":\"2017-04-03T14:47:59+00:00\",\"author\":{\"@id\":\"https:\\\/\\\/www.portdesitges.com\\\/#\\\/schema\\\/person\\\/be98f3191d6c7bb6ccddc2e0ac4d861f\"},\"breadcrumb\":{\"@id\":\"https:\\\/\\\/www.portdesitges.com\\\/ca\\\/primera-recarrega-dun-vehicle-electric-port-sitges\\\/#breadcrumb\"},\"inLanguage\":\"ca\",\"potentialAction\":[{\"@type\":\"ReadAction\",\"target\":[\"https:\\\/\\\/www.portdesitges.com\\\/ca\\\/primera-recarrega-dun-vehicle-electric-port-sitges\\\/\"]}]},{\"@type\":\"ImageObject\",\"inLanguage\":\"ca\",\"@id\":\"https:\\\/\\\/www.portdesitges.com\\\/ca\\\/primera-recarrega-dun-vehicle-electric-port-sitges\\\/#primaryimage\",\"url\":\"https:\\\/\\\/www.portdesitges.com\\\/wp-content\\\/uploads\\\/2017\\\/04\\\/WhatsApp-Image-2017-04-03-at-13.46.44.jpeg\",\"contentUrl\":\"https:\\\/\\\/www.portdesitges.com\\\/wp-content\\\/uploads\\\/2017\\\/04\\\/WhatsApp-Image-2017-04-03-at-13.46.44.jpeg\",\"width\":300,\"height\":302},{\"@type\":\"BreadcrumbList\",\"@id\":\"https:\\\/\\\/www.portdesitges.com\\\/ca\\\/primera-recarrega-dun-vehicle-electric-port-sitges\\\/#breadcrumb\",\"itemListElement\":[{\"@type\":\"ListItem\",\"position\":1,\"name\":\"Portada\",\"item\":\"https:\\\/\\\/www.portdesitges.com\\\/ca\\\/\"},{\"@type\":\"ListItem\",\"position\":2,\"name\":\"Primera rec\u00e0rrega d&#8217;un vehicle el\u00e8ctric al Port de Sitges\"}]},{\"@type\":\"WebSite\",\"@id\":\"https:\\\/\\\/www.portdesitges.com\\\/#website\",\"url\":\"https:\\\/\\\/www.portdesitges.com\\\/\",\"name\":\"Port de Sitges - Aiguadol\u00e7\",\"description\":\"lugar donde el mar y la tierra se dan de la mano para crear un espacio \u00fanico y atractivo. Disfruta de un mar de experiencias.\",\"potentialAction\":[{\"@type\":\"SearchAction\",\"target\":{\"@type\":\"EntryPoint\",\"urlTemplate\":\"https:\\\/\\\/www.portdesitges.com\\\/?s={search_term_string}\"},\"query-input\":{\"@type\":\"PropertyValueSpecification\",\"valueRequired\":true,\"valueName\":\"search_term_string\"}}],\"inLanguage\":\"ca\"},{\"@type\":\"Person\",\"@id\":\"https:\\\/\\\/www.portdesitges.com\\\/#\\\/schema\\\/person\\\/be98f3191d6c7bb6ccddc2e0ac4d861f\",\"name\":\"S\u00f2nia Felip\",\"image\":{\"@type\":\"ImageObject\",\"inLanguage\":\"ca\",\"@id\":\"https:\\\/\\\/secure.gravatar.com\\\/avatar\\\/3f5abf961091eed8bea1ba4a0fb5f78e0c728f907fe0cf722e81af4aa82939db?s=96&d=mm&r=g\",\"url\":\"https:\\\/\\\/secure.gravatar.com\\\/avatar\\\/3f5abf961091eed8bea1ba4a0fb5f78e0c728f907fe0cf722e81af4aa82939db?s=96&d=mm&r=g\",\"contentUrl\":\"https:\\\/\\\/secure.gravatar.com\\\/avatar\\\/3f5abf961091eed8bea1ba4a0fb5f78e0c728f907fe0cf722e81af4aa82939db?s=96&d=mm&r=g\",\"caption\":\"S\u00f2nia Felip\"},\"url\":\"https:\\\/\\\/www.portdesitges.com\\\/ca\\\/author\\\/sonia\\\/\"}]}<\/script>\n<!-- \/ Yoast SEO plugin. -->","yoast_head_json":{"title":"Primera rec\u00e0rrega d'un vehicle el\u00e8ctric al Port de Sitges - Port de Sitges - Aiguadol\u00e7","robots":{"index":"index","follow":"follow","max-snippet":"max-snippet:-1","max-image-preview":"max-image-preview:large","max-video-preview":"max-video-preview:-1"},"canonical":"https:\/\/www.portdesitges.com\/ca\/primera-recarrega-dun-vehicle-electric-port-sitges\/","og_locale":"ca_ES","og_type":"article","og_title":"Primera rec\u00e0rrega d'un vehicle el\u00e8ctric al Port de Sitges - Port de Sitges - Aiguadol\u00e7","og_url":"https:\/\/www.portdesitges.com\/ca\/primera-recarrega-dun-vehicle-electric-port-sitges\/","og_site_name":"Port de Sitges - Aiguadol\u00e7","article_published_time":"2017-04-03T14:47:59+00:00","og_image":[{"width":300,"height":302,"url":"https:\/\/www.portdesitges.com\/wp-content\/uploads\/2017\/04\/WhatsApp-Image-2017-04-03-at-13.46.44.jpeg","type":"image\/jpeg"}],"author":"S\u00f2nia Felip","twitter_card":"summary_large_image","twitter_misc":{"Escrit per":"S\u00f2nia Felip"},"schema":{"@context":"https:\/\/schema.org","@graph":[{"@type":"Article","@id":"https:\/\/www.portdesitges.com\/ca\/primera-recarrega-dun-vehicle-electric-port-sitges\/#article","isPartOf":{"@id":"https:\/\/www.portdesitges.com\/ca\/primera-recarrega-dun-vehicle-electric-port-sitges\/"},"author":{"name":"S\u00f2nia Felip","@id":"https:\/\/www.portdesitges.com\/#\/schema\/person\/be98f3191d6c7bb6ccddc2e0ac4d861f"},"headline":"Primera rec\u00e0rrega d&#8217;un vehicle el\u00e8ctric al Port de Sitges","datePublished":"2017-04-03T14:47:59+00:00","mainEntityOfPage":{"@id":"https:\/\/www.portdesitges.com\/ca\/primera-recarrega-dun-vehicle-electric-port-sitges\/"},"wordCount":67,"image":{"@id":"https:\/\/www.portdesitges.com\/ca\/primera-recarrega-dun-vehicle-electric-port-sitges\/#primaryimage"},"thumbnailUrl":"https:\/\/www.portdesitges.com\/wp-content\/uploads\/2017\/04\/WhatsApp-Image-2017-04-03-at-13.46.44.jpeg","inLanguage":"ca"},{"@type":"WebPage","@id":"https:\/\/www.portdesitges.com\/ca\/primera-recarrega-dun-vehicle-electric-port-sitges\/","url":"https:\/\/www.portdesitges.com\/ca\/primera-recarrega-dun-vehicle-electric-port-sitges\/","name":"Primera rec\u00e0rrega d'un vehicle el\u00e8ctric al Port de Sitges - Port de Sitges - Aiguadol\u00e7","isPartOf":{"@id":"https:\/\/www.portdesitges.com\/#website"},"primaryImageOfPage":{"@id":"https:\/\/www.portdesitges.com\/ca\/primera-recarrega-dun-vehicle-electric-port-sitges\/#primaryimage"},"image":{"@id":"https:\/\/www.portdesitges.com\/ca\/primera-recarrega-dun-vehicle-electric-port-sitges\/#primaryimage"},"thumbnailUrl":"https:\/\/www.portdesitges.com\/wp-content\/uploads\/2017\/04\/WhatsApp-Image-2017-04-03-at-13.46.44.jpeg","datePublished":"2017-04-03T14:47:59+00:00","author":{"@id":"https:\/\/www.portdesitges.com\/#\/schema\/person\/be98f3191d6c7bb6ccddc2e0ac4d861f"},"breadcrumb":{"@id":"https:\/\/www.portdesitges.com\/ca\/primera-recarrega-dun-vehicle-electric-port-sitges\/#breadcrumb"},"inLanguage":"ca","potentialAction":[{"@type":"ReadAction","target":["https:\/\/www.portdesitges.com\/ca\/primera-recarrega-dun-vehicle-electric-port-sitges\/"]}]},{"@type":"ImageObject","inLanguage":"ca","@id":"https:\/\/www.portdesitges.com\/ca\/primera-recarrega-dun-vehicle-electric-port-sitges\/#primaryimage","url":"https:\/\/www.portdesitges.com\/wp-content\/uploads\/2017\/04\/WhatsApp-Image-2017-04-03-at-13.46.44.jpeg","contentUrl":"https:\/\/www.portdesitges.com\/wp-content\/uploads\/2017\/04\/WhatsApp-Image-2017-04-03-at-13.46.44.jpeg","width":300,"height":302},{"@type":"BreadcrumbList","@id":"https:\/\/www.portdesitges.com\/ca\/primera-recarrega-dun-vehicle-electric-port-sitges\/#breadcrumb","itemListElement":[{"@type":"ListItem","position":1,"name":"Portada","item":"https:\/\/www.portdesitges.com\/ca\/"},{"@type":"ListItem","position":2,"name":"Primera rec\u00e0rrega d&#8217;un vehicle el\u00e8ctric al Port de Sitges"}]},{"@type":"WebSite","@id":"https:\/\/www.portdesitges.com\/#website","url":"https:\/\/www.portdesitges.com\/","name":"Port de Sitges - Aiguadol\u00e7","description":"lugar donde el mar y la tierra se dan de la mano para crear un espacio \u00fanico y atractivo. Disfruta de un mar de experiencias.","potentialAction":[{"@type":"SearchAction","target":{"@type":"EntryPoint","urlTemplate":"https:\/\/www.portdesitges.com\/?s={search_term_string}"},"query-input":{"@type":"PropertyValueSpecification","valueRequired":true,"valueName":"search_term_string"}}],"inLanguage":"ca"},{"@type":"Person","@id":"https:\/\/www.portdesitges.com\/#\/schema\/person\/be98f3191d6c7bb6ccddc2e0ac4d861f","name":"S\u00f2nia Felip","image":{"@type":"ImageObject","inLanguage":"ca","@id":"https:\/\/secure.gravatar.com\/avatar\/3f5abf961091eed8bea1ba4a0fb5f78e0c728f907fe0cf722e81af4aa82939db?s=96&d=mm&r=g","url":"https:\/\/secure.gravatar.com\/avatar\/3f5abf961091eed8bea1ba4a0fb5f78e0c728f907fe0cf722e81af4aa82939db?s=96&d=mm&r=g","contentUrl":"https:\/\/secure.gravatar.com\/avatar\/3f5abf961091eed8bea1ba4a0fb5f78e0c728f907fe0cf722e81af4aa82939db?s=96&d=mm&r=g","caption":"S\u00f2nia Felip"},"url":"https:\/\/www.portdesitges.com\/ca\/author\/sonia\/"}]}},"_links":{"self":[{"href":"https:\/\/www.portdesitges.com\/ca\/wp-json\/wp\/v2\/posts\/5071","targetHints":{"allow":["GET"]}}],"collection":[{"href":"https:\/\/www.portdesitges.com\/ca\/wp-json\/wp\/v2\/posts"}],"about":[{"href":"https:\/\/www.portdesitges.com\/ca\/wp-json\/wp\/v2\/types\/post"}],"author":[{"embeddable":true,"href":"https:\/\/www.portdesitges.com\/ca\/wp-json\/wp\/v2\/users\/3"}],"replies":[{"embeddable":true,"href":"https:\/\/www.portdesitges.com\/ca\/wp-json\/wp\/v2\/comments?post=5071"}],"version-history":[{"count":0,"href":"https:\/\/www.portdesitges.com\/ca\/wp-json\/wp\/v2\/posts\/5071\/revisions"}],"wp:featuredmedia":[{"embeddable":true,"href":"https:\/\/www.portdesitges.com\/ca\/wp-json\/wp\/v2\/media\/5078"}],"wp:attachment":[{"href":"https:\/\/www.portdesitges.com\/ca\/wp-json\/wp\/v2\/media?parent=5071"}],"wp:term":[{"taxonomy":"category","embeddable":true,"href":"https:\/\/www.portdesitges.com\/ca\/wp-json\/wp\/v2\/categories?post=5071"},{"taxonomy":"post_tag","embeddable":true,"href":"https:\/\/www.portdesitges.com\/ca\/wp-json\/wp\/v2\/tags?post=5071"}],"curies":[{"name":"wp","href":"https:\/\/api.w.org\/{rel}","templated":true}]}}