{"id":4837,"date":"2017-02-13T11:22:37","date_gmt":"2017-02-13T11:22:37","guid":{"rendered":"http:\/\/www.portdesitges.com\/?p=4837"},"modified":"2017-02-13T11:22:37","modified_gmt":"2017-02-13T11:22:37","slug":"rally-barcelona-sitges-torna-port-sitges-aiguadolc","status":"publish","type":"post","link":"https:\/\/www.portdesitges.com\/ca\/rally-barcelona-sitges-torna-port-sitges-aiguadolc\/","title":{"rendered":"El Rally Barcelona-Sitges torna al Port de Sitges-Aiguadol\u00e7"},"content":{"rendered":"<p><!--more--><\/p>\n<p>El proper diumenge 5 de mar\u00e7 el Port de Sitges-Aiguadol\u00e7 es tornar\u00e0 a vestir d\u2019\u00e8poca, cap a les 12h del mat\u00ed arribaran els participants del 59 Rally-Barcelona Sitges. M\u00e9s de cinquanta joies automobil\u00edstiques , cotxes i motos fabricats abans de 1938, ompliran el port, on es servir\u00e0 un convit a tots els assistents.<\/p>\n<p style=\"text-align: center;\"><a href=\"http:\/\/www.portdesitges.com\/port\/wp-content\/uploads\/2017\/02\/Ral\u00b7li-Sitges-9.jpg\"><img loading=\"lazy\" decoding=\"async\" class=\"alignnone size-medium wp-image-4839\" src=\"http:\/\/www.portdesitges.com\/port\/wp-content\/uploads\/2017\/02\/Ral\u00b7li-Sitges-9-300x169.jpg\" alt=\"Ral\u00b7li-Sitges-9\" width=\"300\" height=\"169\" srcset=\"https:\/\/www.portdesitges.com\/wp-content\/uploads\/2017\/02\/Ral\u00b7li-Sitges-9-300x169.jpg 300w, https:\/\/www.portdesitges.com\/wp-content\/uploads\/2017\/02\/Ral\u00b7li-Sitges-9.jpg 600w\" sizes=\"auto, (max-width: 300px) 100vw, 300px\" \/><\/a>\u00a0\u00a0<a href=\"http:\/\/www.portdesitges.com\/port\/wp-content\/uploads\/2017\/02\/Ral\u00b7li-Sitges-1.jpg\"><img loading=\"lazy\" decoding=\"async\" class=\"alignnone size-medium wp-image-4838\" src=\"http:\/\/www.portdesitges.com\/port\/wp-content\/uploads\/2017\/02\/Ral\u00b7li-Sitges-1-300x169.jpg\" alt=\"Ral\u00b7li-Sitges-1\" width=\"300\" height=\"169\" srcset=\"https:\/\/www.portdesitges.com\/wp-content\/uploads\/2017\/02\/Ral\u00b7li-Sitges-1-300x169.jpg 300w, https:\/\/www.portdesitges.com\/wp-content\/uploads\/2017\/02\/Ral\u00b7li-Sitges-1.jpg 600w\" sizes=\"auto, (max-width: 300px) 100vw, 300px\" \/><\/a><\/p>\n<p>El Rally es concentrar\u00e0 a les 11h del mat\u00ed a la pla\u00e7a Sant Jaume de Barcelona on la alcaldessa, Ada Colau, donar\u00e0 el tret de sortida juntament amb la Presidenta de Foment del Turisme de Sitges, Maria Marin, el alcalde de Sitges, Miquel Forns, i la Pubilla i l&#8217;Hereu de Sitges. Cap a les 12h hores els participants arribaran al port i posteriorment es dirigiran a la vila de Sitges.<\/p>\n<p style=\"text-align: center;\"><a href=\"http:\/\/www.portdesitges.com\/port\/wp-content\/uploads\/2017\/02\/Rally-Sitges-2017.jpg\"><img loading=\"lazy\" decoding=\"async\" class=\"aligncenter  wp-image-4847\" src=\"http:\/\/www.portdesitges.com\/port\/wp-content\/uploads\/2017\/02\/Rally-Sitges-2017.jpg\" alt=\"\" width=\"172\" height=\"271\" srcset=\"https:\/\/www.portdesitges.com\/wp-content\/uploads\/2017\/02\/Rally-Sitges-2017.jpg 500w, https:\/\/www.portdesitges.com\/wp-content\/uploads\/2017\/02\/Rally-Sitges-2017-190x300.jpg 190w\" sizes=\"auto, (max-width: 172px) 100vw, 172px\" \/><\/a><\/p>\n","protected":false},"excerpt":{"rendered":"El proper diumenge 5 de mar\u00e7 el Port de Sitges-Aiguadol\u00e7 es tornar\u00e0 a vestir d\u2019\u00e8poca, cap a les 12h del mat\u00ed arribaran els participants del 59 Rally-Barcelona Sitges. M\u00e9s de...","protected":false},"author":2,"featured_media":4840,"comment_status":"closed","ping_status":"closed","sticky":false,"template":"","format":"standard","meta":{"footnotes":""},"categories":[],"tags":[],"class_list":["post-4837","post","type-post","status-publish","format-standard","has-post-thumbnail"],"yoast_head":"<!-- This site is optimized with the Yoast SEO plugin v27.3 - https:\/\/yoast.com\/product\/yoast-seo-wordpress\/ -->\n<title>El Rally Barcelona-Sitges torna al Port de Sitges-Aiguadol\u00e7 - Port de Sitges - Aiguadol\u00e7<\/title>\n<meta name=\"robots\" content=\"index, follow, max-snippet:-1, max-image-preview:large, max-video-preview:-1\" \/>\n<link rel=\"canonical\" href=\"https:\/\/www.portdesitges.com\/ca\/rally-barcelona-sitges-torna-port-sitges-aiguadolc\/\" \/>\n<meta property=\"og:locale\" content=\"ca_ES\" \/>\n<meta property=\"og:type\" content=\"article\" \/>\n<meta property=\"og:title\" content=\"El Rally Barcelona-Sitges torna al Port de Sitges-Aiguadol\u00e7 - Port de Sitges - Aiguadol\u00e7\" \/>\n<meta property=\"og:url\" content=\"https:\/\/www.portdesitges.com\/ca\/rally-barcelona-sitges-torna-port-sitges-aiguadolc\/\" \/>\n<meta property=\"og:site_name\" content=\"Port de Sitges - Aiguadol\u00e7\" \/>\n<meta property=\"article:published_time\" content=\"2017-02-13T11:22:37+00:00\" \/>\n<meta property=\"og:image\" content=\"https:\/\/www.portdesitges.com\/wp-content\/uploads\/2017\/02\/Ral\u00b7li-Sitges-9-300.jpg\" \/>\n\t<meta property=\"og:image:width\" content=\"301\" \/>\n\t<meta property=\"og:image:height\" content=\"300\" \/>\n\t<meta property=\"og:image:type\" content=\"image\/jpeg\" \/>\n<meta name=\"author\" content=\"portsitg\" \/>\n<meta name=\"twitter:card\" content=\"summary_large_image\" \/>\n<meta name=\"twitter:label1\" content=\"Escrit per\" \/>\n\t<meta name=\"twitter:data1\" content=\"portsitg\" \/>\n\t<meta name=\"twitter:label2\" content=\"Temps estimat de lectura\" \/>\n\t<meta name=\"twitter:data2\" content=\"1 minut\" \/>\n<script type=\"application\/ld+json\" class=\"yoast-schema-graph\">{\"@context\":\"https:\\\/\\\/schema.org\",\"@graph\":[{\"@type\":\"Article\",\"@id\":\"https:\\\/\\\/www.portdesitges.com\\\/ca\\\/rally-barcelona-sitges-torna-port-sitges-aiguadolc\\\/#article\",\"isPartOf\":{\"@id\":\"https:\\\/\\\/www.portdesitges.com\\\/ca\\\/rally-barcelona-sitges-torna-port-sitges-aiguadolc\\\/\"},\"author\":{\"name\":\"portsitg\",\"@id\":\"https:\\\/\\\/www.portdesitges.com\\\/#\\\/schema\\\/person\\\/a9e788079fa8154d434e3acb5cc9a560\"},\"headline\":\"El Rally Barcelona-Sitges torna al Port de Sitges-Aiguadol\u00e7\",\"datePublished\":\"2017-02-13T11:22:37+00:00\",\"mainEntityOfPage\":{\"@id\":\"https:\\\/\\\/www.portdesitges.com\\\/ca\\\/rally-barcelona-sitges-torna-port-sitges-aiguadolc\\\/\"},\"wordCount\":132,\"image\":{\"@id\":\"https:\\\/\\\/www.portdesitges.com\\\/ca\\\/rally-barcelona-sitges-torna-port-sitges-aiguadolc\\\/#primaryimage\"},\"thumbnailUrl\":\"https:\\\/\\\/www.portdesitges.com\\\/wp-content\\\/uploads\\\/2017\\\/02\\\/Ral\u00b7li-Sitges-9-300.jpg\",\"inLanguage\":\"ca\"},{\"@type\":\"WebPage\",\"@id\":\"https:\\\/\\\/www.portdesitges.com\\\/ca\\\/rally-barcelona-sitges-torna-port-sitges-aiguadolc\\\/\",\"url\":\"https:\\\/\\\/www.portdesitges.com\\\/ca\\\/rally-barcelona-sitges-torna-port-sitges-aiguadolc\\\/\",\"name\":\"El Rally Barcelona-Sitges torna al Port de Sitges-Aiguadol\u00e7 - Port de Sitges - Aiguadol\u00e7\",\"isPartOf\":{\"@id\":\"https:\\\/\\\/www.portdesitges.com\\\/#website\"},\"primaryImageOfPage\":{\"@id\":\"https:\\\/\\\/www.portdesitges.com\\\/ca\\\/rally-barcelona-sitges-torna-port-sitges-aiguadolc\\\/#primaryimage\"},\"image\":{\"@id\":\"https:\\\/\\\/www.portdesitges.com\\\/ca\\\/rally-barcelona-sitges-torna-port-sitges-aiguadolc\\\/#primaryimage\"},\"thumbnailUrl\":\"https:\\\/\\\/www.portdesitges.com\\\/wp-content\\\/uploads\\\/2017\\\/02\\\/Ral\u00b7li-Sitges-9-300.jpg\",\"datePublished\":\"2017-02-13T11:22:37+00:00\",\"author\":{\"@id\":\"https:\\\/\\\/www.portdesitges.com\\\/#\\\/schema\\\/person\\\/a9e788079fa8154d434e3acb5cc9a560\"},\"breadcrumb\":{\"@id\":\"https:\\\/\\\/www.portdesitges.com\\\/ca\\\/rally-barcelona-sitges-torna-port-sitges-aiguadolc\\\/#breadcrumb\"},\"inLanguage\":\"ca\",\"potentialAction\":[{\"@type\":\"ReadAction\",\"target\":[\"https:\\\/\\\/www.portdesitges.com\\\/ca\\\/rally-barcelona-sitges-torna-port-sitges-aiguadolc\\\/\"]}]},{\"@type\":\"ImageObject\",\"inLanguage\":\"ca\",\"@id\":\"https:\\\/\\\/www.portdesitges.com\\\/ca\\\/rally-barcelona-sitges-torna-port-sitges-aiguadolc\\\/#primaryimage\",\"url\":\"https:\\\/\\\/www.portdesitges.com\\\/wp-content\\\/uploads\\\/2017\\\/02\\\/Ral\u00b7li-Sitges-9-300.jpg\",\"contentUrl\":\"https:\\\/\\\/www.portdesitges.com\\\/wp-content\\\/uploads\\\/2017\\\/02\\\/Ral\u00b7li-Sitges-9-300.jpg\",\"width\":301,\"height\":300},{\"@type\":\"BreadcrumbList\",\"@id\":\"https:\\\/\\\/www.portdesitges.com\\\/ca\\\/rally-barcelona-sitges-torna-port-sitges-aiguadolc\\\/#breadcrumb\",\"itemListElement\":[{\"@type\":\"ListItem\",\"position\":1,\"name\":\"Portada\",\"item\":\"https:\\\/\\\/www.portdesitges.com\\\/ca\\\/\"},{\"@type\":\"ListItem\",\"position\":2,\"name\":\"El Rally Barcelona-Sitges torna al Port de Sitges-Aiguadol\u00e7\"}]},{\"@type\":\"WebSite\",\"@id\":\"https:\\\/\\\/www.portdesitges.com\\\/#website\",\"url\":\"https:\\\/\\\/www.portdesitges.com\\\/\",\"name\":\"Port de Sitges - Aiguadol\u00e7\",\"description\":\"lugar donde el mar y la tierra se dan de la mano para crear un espacio \u00fanico y atractivo. Disfruta de un mar de experiencias.\",\"potentialAction\":[{\"@type\":\"SearchAction\",\"target\":{\"@type\":\"EntryPoint\",\"urlTemplate\":\"https:\\\/\\\/www.portdesitges.com\\\/?s={search_term_string}\"},\"query-input\":{\"@type\":\"PropertyValueSpecification\",\"valueRequired\":true,\"valueName\":\"search_term_string\"}}],\"inLanguage\":\"ca\"},{\"@type\":\"Person\",\"@id\":\"https:\\\/\\\/www.portdesitges.com\\\/#\\\/schema\\\/person\\\/a9e788079fa8154d434e3acb5cc9a560\",\"name\":\"portsitg\",\"image\":{\"@type\":\"ImageObject\",\"inLanguage\":\"ca\",\"@id\":\"https:\\\/\\\/secure.gravatar.com\\\/avatar\\\/3859401686883dbd8076c2e625e0365be0dfac18bea72e75083833b81bf7c3a7?s=96&d=mm&r=g\",\"url\":\"https:\\\/\\\/secure.gravatar.com\\\/avatar\\\/3859401686883dbd8076c2e625e0365be0dfac18bea72e75083833b81bf7c3a7?s=96&d=mm&r=g\",\"contentUrl\":\"https:\\\/\\\/secure.gravatar.com\\\/avatar\\\/3859401686883dbd8076c2e625e0365be0dfac18bea72e75083833b81bf7c3a7?s=96&d=mm&r=g\",\"caption\":\"portsitg\"},\"url\":\"https:\\\/\\\/www.portdesitges.com\\\/ca\\\/author\\\/portsitg\\\/\"}]}<\/script>\n<!-- \/ Yoast SEO plugin. -->","yoast_head_json":{"title":"El Rally Barcelona-Sitges torna al Port de Sitges-Aiguadol\u00e7 - Port de Sitges - Aiguadol\u00e7","robots":{"index":"index","follow":"follow","max-snippet":"max-snippet:-1","max-image-preview":"max-image-preview:large","max-video-preview":"max-video-preview:-1"},"canonical":"https:\/\/www.portdesitges.com\/ca\/rally-barcelona-sitges-torna-port-sitges-aiguadolc\/","og_locale":"ca_ES","og_type":"article","og_title":"El Rally Barcelona-Sitges torna al Port de Sitges-Aiguadol\u00e7 - Port de Sitges - Aiguadol\u00e7","og_url":"https:\/\/www.portdesitges.com\/ca\/rally-barcelona-sitges-torna-port-sitges-aiguadolc\/","og_site_name":"Port de Sitges - Aiguadol\u00e7","article_published_time":"2017-02-13T11:22:37+00:00","og_image":[{"width":301,"height":300,"url":"https:\/\/www.portdesitges.com\/wp-content\/uploads\/2017\/02\/Ral\u00b7li-Sitges-9-300.jpg","type":"image\/jpeg"}],"author":"portsitg","twitter_card":"summary_large_image","twitter_misc":{"Escrit per":"portsitg","Temps estimat de lectura":"1 minut"},"schema":{"@context":"https:\/\/schema.org","@graph":[{"@type":"Article","@id":"https:\/\/www.portdesitges.com\/ca\/rally-barcelona-sitges-torna-port-sitges-aiguadolc\/#article","isPartOf":{"@id":"https:\/\/www.portdesitges.com\/ca\/rally-barcelona-sitges-torna-port-sitges-aiguadolc\/"},"author":{"name":"portsitg","@id":"https:\/\/www.portdesitges.com\/#\/schema\/person\/a9e788079fa8154d434e3acb5cc9a560"},"headline":"El Rally Barcelona-Sitges torna al Port de Sitges-Aiguadol\u00e7","datePublished":"2017-02-13T11:22:37+00:00","mainEntityOfPage":{"@id":"https:\/\/www.portdesitges.com\/ca\/rally-barcelona-sitges-torna-port-sitges-aiguadolc\/"},"wordCount":132,"image":{"@id":"https:\/\/www.portdesitges.com\/ca\/rally-barcelona-sitges-torna-port-sitges-aiguadolc\/#primaryimage"},"thumbnailUrl":"https:\/\/www.portdesitges.com\/wp-content\/uploads\/2017\/02\/Ral\u00b7li-Sitges-9-300.jpg","inLanguage":"ca"},{"@type":"WebPage","@id":"https:\/\/www.portdesitges.com\/ca\/rally-barcelona-sitges-torna-port-sitges-aiguadolc\/","url":"https:\/\/www.portdesitges.com\/ca\/rally-barcelona-sitges-torna-port-sitges-aiguadolc\/","name":"El Rally Barcelona-Sitges torna al Port de Sitges-Aiguadol\u00e7 - Port de Sitges - Aiguadol\u00e7","isPartOf":{"@id":"https:\/\/www.portdesitges.com\/#website"},"primaryImageOfPage":{"@id":"https:\/\/www.portdesitges.com\/ca\/rally-barcelona-sitges-torna-port-sitges-aiguadolc\/#primaryimage"},"image":{"@id":"https:\/\/www.portdesitges.com\/ca\/rally-barcelona-sitges-torna-port-sitges-aiguadolc\/#primaryimage"},"thumbnailUrl":"https:\/\/www.portdesitges.com\/wp-content\/uploads\/2017\/02\/Ral\u00b7li-Sitges-9-300.jpg","datePublished":"2017-02-13T11:22:37+00:00","author":{"@id":"https:\/\/www.portdesitges.com\/#\/schema\/person\/a9e788079fa8154d434e3acb5cc9a560"},"breadcrumb":{"@id":"https:\/\/www.portdesitges.com\/ca\/rally-barcelona-sitges-torna-port-sitges-aiguadolc\/#breadcrumb"},"inLanguage":"ca","potentialAction":[{"@type":"ReadAction","target":["https:\/\/www.portdesitges.com\/ca\/rally-barcelona-sitges-torna-port-sitges-aiguadolc\/"]}]},{"@type":"ImageObject","inLanguage":"ca","@id":"https:\/\/www.portdesitges.com\/ca\/rally-barcelona-sitges-torna-port-sitges-aiguadolc\/#primaryimage","url":"https:\/\/www.portdesitges.com\/wp-content\/uploads\/2017\/02\/Ral\u00b7li-Sitges-9-300.jpg","contentUrl":"https:\/\/www.portdesitges.com\/wp-content\/uploads\/2017\/02\/Ral\u00b7li-Sitges-9-300.jpg","width":301,"height":300},{"@type":"BreadcrumbList","@id":"https:\/\/www.portdesitges.com\/ca\/rally-barcelona-sitges-torna-port-sitges-aiguadolc\/#breadcrumb","itemListElement":[{"@type":"ListItem","position":1,"name":"Portada","item":"https:\/\/www.portdesitges.com\/ca\/"},{"@type":"ListItem","position":2,"name":"El Rally Barcelona-Sitges torna al Port de Sitges-Aiguadol\u00e7"}]},{"@type":"WebSite","@id":"https:\/\/www.portdesitges.com\/#website","url":"https:\/\/www.portdesitges.com\/","name":"Port de Sitges - Aiguadol\u00e7","description":"lugar donde el mar y la tierra se dan de la mano para crear un espacio \u00fanico y atractivo. Disfruta de un mar de experiencias.","potentialAction":[{"@type":"SearchAction","target":{"@type":"EntryPoint","urlTemplate":"https:\/\/www.portdesitges.com\/?s={search_term_string}"},"query-input":{"@type":"PropertyValueSpecification","valueRequired":true,"valueName":"search_term_string"}}],"inLanguage":"ca"},{"@type":"Person","@id":"https:\/\/www.portdesitges.com\/#\/schema\/person\/a9e788079fa8154d434e3acb5cc9a560","name":"portsitg","image":{"@type":"ImageObject","inLanguage":"ca","@id":"https:\/\/secure.gravatar.com\/avatar\/3859401686883dbd8076c2e625e0365be0dfac18bea72e75083833b81bf7c3a7?s=96&d=mm&r=g","url":"https:\/\/secure.gravatar.com\/avatar\/3859401686883dbd8076c2e625e0365be0dfac18bea72e75083833b81bf7c3a7?s=96&d=mm&r=g","contentUrl":"https:\/\/secure.gravatar.com\/avatar\/3859401686883dbd8076c2e625e0365be0dfac18bea72e75083833b81bf7c3a7?s=96&d=mm&r=g","caption":"portsitg"},"url":"https:\/\/www.portdesitges.com\/ca\/author\/portsitg\/"}]}},"_links":{"self":[{"href":"https:\/\/www.portdesitges.com\/ca\/wp-json\/wp\/v2\/posts\/4837","targetHints":{"allow":["GET"]}}],"collection":[{"href":"https:\/\/www.portdesitges.com\/ca\/wp-json\/wp\/v2\/posts"}],"about":[{"href":"https:\/\/www.portdesitges.com\/ca\/wp-json\/wp\/v2\/types\/post"}],"author":[{"embeddable":true,"href":"https:\/\/www.portdesitges.com\/ca\/wp-json\/wp\/v2\/users\/2"}],"replies":[{"embeddable":true,"href":"https:\/\/www.portdesitges.com\/ca\/wp-json\/wp\/v2\/comments?post=4837"}],"version-history":[{"count":0,"href":"https:\/\/www.portdesitges.com\/ca\/wp-json\/wp\/v2\/posts\/4837\/revisions"}],"wp:featuredmedia":[{"embeddable":true,"href":"https:\/\/www.portdesitges.com\/ca\/wp-json\/wp\/v2\/media\/4840"}],"wp:attachment":[{"href":"https:\/\/www.portdesitges.com\/ca\/wp-json\/wp\/v2\/media?parent=4837"}],"wp:term":[{"taxonomy":"category","embeddable":true,"href":"https:\/\/www.portdesitges.com\/ca\/wp-json\/wp\/v2\/categories?post=4837"},{"taxonomy":"post_tag","embeddable":true,"href":"https:\/\/www.portdesitges.com\/ca\/wp-json\/wp\/v2\/tags?post=4837"}],"curies":[{"name":"wp","href":"https:\/\/api.w.org\/{rel}","templated":true}]}}