{"id":4830,"date":"2017-02-08T10:51:02","date_gmt":"2017-02-08T10:51:02","guid":{"rendered":"http:\/\/www.portdesitges.com\/?p=4830"},"modified":"2017-02-08T10:51:02","modified_gmt":"2017-02-08T10:51:02","slug":"revisio-vigilancia-installacions-durant-temporal","status":"publish","type":"post","link":"https:\/\/www.portdesitges.com\/ca\/revisio-vigilancia-installacions-durant-temporal\/","title":{"rendered":"Revisi\u00f3 i vigil\u00e0ncia de les instal\u00b7lacions durant el temporal"},"content":{"rendered":"<p><!--more--><\/p>\n<p>El personal del port ha estat pendent de la seguretat de les embarcacions i instal\u00b7lacions durant el passat temporal. Degut a les fortes ratxes de vent que van arribar fins als 44 nusos, durant el cap de setmana es van realitzar inspeccions constants de seguretat en els amarratges, els fondeigs, embarcacions, pantalans, senyalitzacions i d\u2019altres instal\u00b7lacions. Gr\u00e0cies a la tasca del personal el port i les embarcacions han aguantat sense problemes el fort temporal d\u2019aquests dies.<\/p>\n<p><a href=\"http:\/\/www.portdesitges.com\/port\/wp-content\/uploads\/2017\/01\/temporal-sitges.jpg\"><img loading=\"lazy\" decoding=\"async\" class=\"size-medium wp-image-4786\" src=\"http:\/\/www.portdesitges.com\/port\/wp-content\/uploads\/2017\/01\/temporal-sitges-300x199.jpg\" alt=\"GRA092. BARCELONA, 30\/09\/2015.- Imagen del mar en la Villa Ol\u00edmpica de Barcelona, donde la Guardia Urbana ha cerrado el acceso al rompeolas y a los espigones del frente mar\u00edtimo de la ciudad ante la previsi\u00f3n de que m\u00e1s del 30 % de las olas superen los 2,5 metros. EFE\/Andreu Dalmau\" width=\"300\" height=\"199\" srcset=\"https:\/\/www.portdesitges.com\/wp-content\/uploads\/2017\/01\/temporal-sitges-300x199.jpg 300w, https:\/\/www.portdesitges.com\/wp-content\/uploads\/2017\/01\/temporal-sitges.jpg 641w\" sizes=\"auto, (max-width: 300px) 100vw, 300px\" \/><\/a><\/p>\n","protected":false},"excerpt":{"rendered":"El personal del port ha estat pendent de la seguretat de les embarcacions i instal\u00b7lacions durant el passat temporal. Degut a les fortes ratxes de vent que van arribar fins...","protected":false},"author":2,"featured_media":4787,"comment_status":"closed","ping_status":"closed","sticky":false,"template":"","format":"standard","meta":{"footnotes":""},"categories":[],"tags":[],"class_list":["post-4830","post","type-post","status-publish","format-standard","has-post-thumbnail"],"yoast_head":"<!-- This site is optimized with the Yoast SEO plugin v27.3 - https:\/\/yoast.com\/product\/yoast-seo-wordpress\/ -->\n<title>Revisi\u00f3 i vigil\u00e0ncia de les instal\u00b7lacions durant el temporal - Port de Sitges - Aiguadol\u00e7<\/title>\n<meta name=\"robots\" content=\"index, follow, max-snippet:-1, max-image-preview:large, max-video-preview:-1\" \/>\n<link rel=\"canonical\" href=\"https:\/\/www.portdesitges.com\/ca\/revisio-vigilancia-installacions-durant-temporal\/\" \/>\n<meta property=\"og:locale\" content=\"ca_ES\" \/>\n<meta property=\"og:type\" content=\"article\" \/>\n<meta property=\"og:title\" content=\"Revisi\u00f3 i vigil\u00e0ncia de les instal\u00b7lacions durant el temporal - Port de Sitges - Aiguadol\u00e7\" \/>\n<meta property=\"og:url\" content=\"https:\/\/www.portdesitges.com\/ca\/revisio-vigilancia-installacions-durant-temporal\/\" \/>\n<meta property=\"og:site_name\" content=\"Port de Sitges - Aiguadol\u00e7\" \/>\n<meta property=\"article:published_time\" content=\"2017-02-08T10:51:02+00:00\" \/>\n<meta property=\"og:image\" content=\"https:\/\/www.portdesitges.com\/wp-content\/uploads\/2017\/01\/temporal-sitges-300.jpg\" \/>\n\t<meta property=\"og:image:width\" content=\"301\" \/>\n\t<meta property=\"og:image:height\" content=\"300\" \/>\n\t<meta property=\"og:image:type\" content=\"image\/jpeg\" \/>\n<meta name=\"author\" content=\"portsitg\" \/>\n<meta name=\"twitter:card\" content=\"summary_large_image\" \/>\n<meta name=\"twitter:label1\" content=\"Escrit per\" \/>\n\t<meta name=\"twitter:data1\" content=\"portsitg\" \/>\n<script type=\"application\/ld+json\" class=\"yoast-schema-graph\">{\"@context\":\"https:\\\/\\\/schema.org\",\"@graph\":[{\"@type\":\"Article\",\"@id\":\"https:\\\/\\\/www.portdesitges.com\\\/ca\\\/revisio-vigilancia-installacions-durant-temporal\\\/#article\",\"isPartOf\":{\"@id\":\"https:\\\/\\\/www.portdesitges.com\\\/ca\\\/revisio-vigilancia-installacions-durant-temporal\\\/\"},\"author\":{\"name\":\"portsitg\",\"@id\":\"https:\\\/\\\/www.portdesitges.com\\\/#\\\/schema\\\/person\\\/a9e788079fa8154d434e3acb5cc9a560\"},\"headline\":\"Revisi\u00f3 i vigil\u00e0ncia de les instal\u00b7lacions durant el temporal\",\"datePublished\":\"2017-02-08T10:51:02+00:00\",\"mainEntityOfPage\":{\"@id\":\"https:\\\/\\\/www.portdesitges.com\\\/ca\\\/revisio-vigilancia-installacions-durant-temporal\\\/\"},\"wordCount\":91,\"image\":{\"@id\":\"https:\\\/\\\/www.portdesitges.com\\\/ca\\\/revisio-vigilancia-installacions-durant-temporal\\\/#primaryimage\"},\"thumbnailUrl\":\"https:\\\/\\\/www.portdesitges.com\\\/wp-content\\\/uploads\\\/2017\\\/01\\\/temporal-sitges-300.jpg\",\"inLanguage\":\"ca\"},{\"@type\":\"WebPage\",\"@id\":\"https:\\\/\\\/www.portdesitges.com\\\/ca\\\/revisio-vigilancia-installacions-durant-temporal\\\/\",\"url\":\"https:\\\/\\\/www.portdesitges.com\\\/ca\\\/revisio-vigilancia-installacions-durant-temporal\\\/\",\"name\":\"Revisi\u00f3 i vigil\u00e0ncia de les instal\u00b7lacions durant el temporal - Port de Sitges - Aiguadol\u00e7\",\"isPartOf\":{\"@id\":\"https:\\\/\\\/www.portdesitges.com\\\/#website\"},\"primaryImageOfPage\":{\"@id\":\"https:\\\/\\\/www.portdesitges.com\\\/ca\\\/revisio-vigilancia-installacions-durant-temporal\\\/#primaryimage\"},\"image\":{\"@id\":\"https:\\\/\\\/www.portdesitges.com\\\/ca\\\/revisio-vigilancia-installacions-durant-temporal\\\/#primaryimage\"},\"thumbnailUrl\":\"https:\\\/\\\/www.portdesitges.com\\\/wp-content\\\/uploads\\\/2017\\\/01\\\/temporal-sitges-300.jpg\",\"datePublished\":\"2017-02-08T10:51:02+00:00\",\"author\":{\"@id\":\"https:\\\/\\\/www.portdesitges.com\\\/#\\\/schema\\\/person\\\/a9e788079fa8154d434e3acb5cc9a560\"},\"breadcrumb\":{\"@id\":\"https:\\\/\\\/www.portdesitges.com\\\/ca\\\/revisio-vigilancia-installacions-durant-temporal\\\/#breadcrumb\"},\"inLanguage\":\"ca\",\"potentialAction\":[{\"@type\":\"ReadAction\",\"target\":[\"https:\\\/\\\/www.portdesitges.com\\\/ca\\\/revisio-vigilancia-installacions-durant-temporal\\\/\"]}]},{\"@type\":\"ImageObject\",\"inLanguage\":\"ca\",\"@id\":\"https:\\\/\\\/www.portdesitges.com\\\/ca\\\/revisio-vigilancia-installacions-durant-temporal\\\/#primaryimage\",\"url\":\"https:\\\/\\\/www.portdesitges.com\\\/wp-content\\\/uploads\\\/2017\\\/01\\\/temporal-sitges-300.jpg\",\"contentUrl\":\"https:\\\/\\\/www.portdesitges.com\\\/wp-content\\\/uploads\\\/2017\\\/01\\\/temporal-sitges-300.jpg\",\"width\":301,\"height\":300,\"caption\":\"GRA092. BARCELONA, 30\\\/09\\\/2015.- Imagen del mar en la Villa Ol\u00edmpica de Barcelona, donde la Guardia Urbana ha cerrado el acceso al rompeolas y a los espigones del frente mar\u00edtimo de la ciudad ante la previsi\u00f3n de que m\u00e1s del 30 % de las olas superen los 2,5 metros. EFE\\\/Andreu Dalmau\"},{\"@type\":\"BreadcrumbList\",\"@id\":\"https:\\\/\\\/www.portdesitges.com\\\/ca\\\/revisio-vigilancia-installacions-durant-temporal\\\/#breadcrumb\",\"itemListElement\":[{\"@type\":\"ListItem\",\"position\":1,\"name\":\"Portada\",\"item\":\"https:\\\/\\\/www.portdesitges.com\\\/ca\\\/\"},{\"@type\":\"ListItem\",\"position\":2,\"name\":\"Revisi\u00f3 i vigil\u00e0ncia de les instal\u00b7lacions durant el temporal\"}]},{\"@type\":\"WebSite\",\"@id\":\"https:\\\/\\\/www.portdesitges.com\\\/#website\",\"url\":\"https:\\\/\\\/www.portdesitges.com\\\/\",\"name\":\"Port de Sitges - Aiguadol\u00e7\",\"description\":\"lugar donde el mar y la tierra se dan de la mano para crear un espacio \u00fanico y atractivo. Disfruta de un mar de experiencias.\",\"potentialAction\":[{\"@type\":\"SearchAction\",\"target\":{\"@type\":\"EntryPoint\",\"urlTemplate\":\"https:\\\/\\\/www.portdesitges.com\\\/?s={search_term_string}\"},\"query-input\":{\"@type\":\"PropertyValueSpecification\",\"valueRequired\":true,\"valueName\":\"search_term_string\"}}],\"inLanguage\":\"ca\"},{\"@type\":\"Person\",\"@id\":\"https:\\\/\\\/www.portdesitges.com\\\/#\\\/schema\\\/person\\\/a9e788079fa8154d434e3acb5cc9a560\",\"name\":\"portsitg\",\"image\":{\"@type\":\"ImageObject\",\"inLanguage\":\"ca\",\"@id\":\"https:\\\/\\\/secure.gravatar.com\\\/avatar\\\/3859401686883dbd8076c2e625e0365be0dfac18bea72e75083833b81bf7c3a7?s=96&d=mm&r=g\",\"url\":\"https:\\\/\\\/secure.gravatar.com\\\/avatar\\\/3859401686883dbd8076c2e625e0365be0dfac18bea72e75083833b81bf7c3a7?s=96&d=mm&r=g\",\"contentUrl\":\"https:\\\/\\\/secure.gravatar.com\\\/avatar\\\/3859401686883dbd8076c2e625e0365be0dfac18bea72e75083833b81bf7c3a7?s=96&d=mm&r=g\",\"caption\":\"portsitg\"},\"url\":\"https:\\\/\\\/www.portdesitges.com\\\/ca\\\/author\\\/portsitg\\\/\"}]}<\/script>\n<!-- \/ Yoast SEO plugin. -->","yoast_head_json":{"title":"Revisi\u00f3 i vigil\u00e0ncia de les instal\u00b7lacions durant el temporal - Port de Sitges - Aiguadol\u00e7","robots":{"index":"index","follow":"follow","max-snippet":"max-snippet:-1","max-image-preview":"max-image-preview:large","max-video-preview":"max-video-preview:-1"},"canonical":"https:\/\/www.portdesitges.com\/ca\/revisio-vigilancia-installacions-durant-temporal\/","og_locale":"ca_ES","og_type":"article","og_title":"Revisi\u00f3 i vigil\u00e0ncia de les instal\u00b7lacions durant el temporal - Port de Sitges - Aiguadol\u00e7","og_url":"https:\/\/www.portdesitges.com\/ca\/revisio-vigilancia-installacions-durant-temporal\/","og_site_name":"Port de Sitges - Aiguadol\u00e7","article_published_time":"2017-02-08T10:51:02+00:00","og_image":[{"width":301,"height":300,"url":"https:\/\/www.portdesitges.com\/wp-content\/uploads\/2017\/01\/temporal-sitges-300.jpg","type":"image\/jpeg"}],"author":"portsitg","twitter_card":"summary_large_image","twitter_misc":{"Escrit per":"portsitg"},"schema":{"@context":"https:\/\/schema.org","@graph":[{"@type":"Article","@id":"https:\/\/www.portdesitges.com\/ca\/revisio-vigilancia-installacions-durant-temporal\/#article","isPartOf":{"@id":"https:\/\/www.portdesitges.com\/ca\/revisio-vigilancia-installacions-durant-temporal\/"},"author":{"name":"portsitg","@id":"https:\/\/www.portdesitges.com\/#\/schema\/person\/a9e788079fa8154d434e3acb5cc9a560"},"headline":"Revisi\u00f3 i vigil\u00e0ncia de les instal\u00b7lacions durant el temporal","datePublished":"2017-02-08T10:51:02+00:00","mainEntityOfPage":{"@id":"https:\/\/www.portdesitges.com\/ca\/revisio-vigilancia-installacions-durant-temporal\/"},"wordCount":91,"image":{"@id":"https:\/\/www.portdesitges.com\/ca\/revisio-vigilancia-installacions-durant-temporal\/#primaryimage"},"thumbnailUrl":"https:\/\/www.portdesitges.com\/wp-content\/uploads\/2017\/01\/temporal-sitges-300.jpg","inLanguage":"ca"},{"@type":"WebPage","@id":"https:\/\/www.portdesitges.com\/ca\/revisio-vigilancia-installacions-durant-temporal\/","url":"https:\/\/www.portdesitges.com\/ca\/revisio-vigilancia-installacions-durant-temporal\/","name":"Revisi\u00f3 i vigil\u00e0ncia de les instal\u00b7lacions durant el temporal - Port de Sitges - Aiguadol\u00e7","isPartOf":{"@id":"https:\/\/www.portdesitges.com\/#website"},"primaryImageOfPage":{"@id":"https:\/\/www.portdesitges.com\/ca\/revisio-vigilancia-installacions-durant-temporal\/#primaryimage"},"image":{"@id":"https:\/\/www.portdesitges.com\/ca\/revisio-vigilancia-installacions-durant-temporal\/#primaryimage"},"thumbnailUrl":"https:\/\/www.portdesitges.com\/wp-content\/uploads\/2017\/01\/temporal-sitges-300.jpg","datePublished":"2017-02-08T10:51:02+00:00","author":{"@id":"https:\/\/www.portdesitges.com\/#\/schema\/person\/a9e788079fa8154d434e3acb5cc9a560"},"breadcrumb":{"@id":"https:\/\/www.portdesitges.com\/ca\/revisio-vigilancia-installacions-durant-temporal\/#breadcrumb"},"inLanguage":"ca","potentialAction":[{"@type":"ReadAction","target":["https:\/\/www.portdesitges.com\/ca\/revisio-vigilancia-installacions-durant-temporal\/"]}]},{"@type":"ImageObject","inLanguage":"ca","@id":"https:\/\/www.portdesitges.com\/ca\/revisio-vigilancia-installacions-durant-temporal\/#primaryimage","url":"https:\/\/www.portdesitges.com\/wp-content\/uploads\/2017\/01\/temporal-sitges-300.jpg","contentUrl":"https:\/\/www.portdesitges.com\/wp-content\/uploads\/2017\/01\/temporal-sitges-300.jpg","width":301,"height":300,"caption":"GRA092. BARCELONA, 30\/09\/2015.- Imagen del mar en la Villa Ol\u00edmpica de Barcelona, donde la Guardia Urbana ha cerrado el acceso al rompeolas y a los espigones del frente mar\u00edtimo de la ciudad ante la previsi\u00f3n de que m\u00e1s del 30 % de las olas superen los 2,5 metros. EFE\/Andreu Dalmau"},{"@type":"BreadcrumbList","@id":"https:\/\/www.portdesitges.com\/ca\/revisio-vigilancia-installacions-durant-temporal\/#breadcrumb","itemListElement":[{"@type":"ListItem","position":1,"name":"Portada","item":"https:\/\/www.portdesitges.com\/ca\/"},{"@type":"ListItem","position":2,"name":"Revisi\u00f3 i vigil\u00e0ncia de les instal\u00b7lacions durant el temporal"}]},{"@type":"WebSite","@id":"https:\/\/www.portdesitges.com\/#website","url":"https:\/\/www.portdesitges.com\/","name":"Port de Sitges - Aiguadol\u00e7","description":"lugar donde el mar y la tierra se dan de la mano para crear un espacio \u00fanico y atractivo. Disfruta de un mar de experiencias.","potentialAction":[{"@type":"SearchAction","target":{"@type":"EntryPoint","urlTemplate":"https:\/\/www.portdesitges.com\/?s={search_term_string}"},"query-input":{"@type":"PropertyValueSpecification","valueRequired":true,"valueName":"search_term_string"}}],"inLanguage":"ca"},{"@type":"Person","@id":"https:\/\/www.portdesitges.com\/#\/schema\/person\/a9e788079fa8154d434e3acb5cc9a560","name":"portsitg","image":{"@type":"ImageObject","inLanguage":"ca","@id":"https:\/\/secure.gravatar.com\/avatar\/3859401686883dbd8076c2e625e0365be0dfac18bea72e75083833b81bf7c3a7?s=96&d=mm&r=g","url":"https:\/\/secure.gravatar.com\/avatar\/3859401686883dbd8076c2e625e0365be0dfac18bea72e75083833b81bf7c3a7?s=96&d=mm&r=g","contentUrl":"https:\/\/secure.gravatar.com\/avatar\/3859401686883dbd8076c2e625e0365be0dfac18bea72e75083833b81bf7c3a7?s=96&d=mm&r=g","caption":"portsitg"},"url":"https:\/\/www.portdesitges.com\/ca\/author\/portsitg\/"}]}},"_links":{"self":[{"href":"https:\/\/www.portdesitges.com\/ca\/wp-json\/wp\/v2\/posts\/4830","targetHints":{"allow":["GET"]}}],"collection":[{"href":"https:\/\/www.portdesitges.com\/ca\/wp-json\/wp\/v2\/posts"}],"about":[{"href":"https:\/\/www.portdesitges.com\/ca\/wp-json\/wp\/v2\/types\/post"}],"author":[{"embeddable":true,"href":"https:\/\/www.portdesitges.com\/ca\/wp-json\/wp\/v2\/users\/2"}],"replies":[{"embeddable":true,"href":"https:\/\/www.portdesitges.com\/ca\/wp-json\/wp\/v2\/comments?post=4830"}],"version-history":[{"count":0,"href":"https:\/\/www.portdesitges.com\/ca\/wp-json\/wp\/v2\/posts\/4830\/revisions"}],"wp:featuredmedia":[{"embeddable":true,"href":"https:\/\/www.portdesitges.com\/ca\/wp-json\/wp\/v2\/media\/4787"}],"wp:attachment":[{"href":"https:\/\/www.portdesitges.com\/ca\/wp-json\/wp\/v2\/media?parent=4830"}],"wp:term":[{"taxonomy":"category","embeddable":true,"href":"https:\/\/www.portdesitges.com\/ca\/wp-json\/wp\/v2\/categories?post=4830"},{"taxonomy":"post_tag","embeddable":true,"href":"https:\/\/www.portdesitges.com\/ca\/wp-json\/wp\/v2\/tags?post=4830"}],"curies":[{"name":"wp","href":"https:\/\/api.w.org\/{rel}","templated":true}]}}