{"id":4789,"date":"2017-01-20T16:02:59","date_gmt":"2017-01-20T16:02:59","guid":{"rendered":"http:\/\/www.portdesitges.com\/2017\/01\/proteccio-civil-activa-pla-inuncat-lestat-mar\/"},"modified":"2017-01-20T16:02:59","modified_gmt":"2017-01-20T16:02:59","slug":"proteccio-civil-activa-pla-inuncat-lestat-mar","status":"publish","type":"post","link":"https:\/\/www.portdesitges.com\/ca\/proteccio-civil-activa-pla-inuncat-lestat-mar\/","title":{"rendered":"Protecci\u00f3 Civil activa el Pla Inuncat per l\u2019estat de la mar"},"content":{"rendered":"<p><!--more--><\/p>\n<p>Es comunica que en base a les previsions meteorol\u00f2giques emeses pel Servei Meteorol\u00f2gic de Catalunya i per les afectacions que es preveu que se&#8217;n poden derivar, s\u02bcactiva la fase d&#8217;Alerta del Pla especial d&#8217;emerg\u00e8ncies per inundacions a Catalunya (INUNCAT) per estat de la mar.<\/p>\n<p>Es preveu un temporal excepcional amb notable mar de fons de component est que comen\u00e7a avui divendres a tot el litoral i continuar\u00e0 el cap de setmana. Avui es preveuen onades de m\u00e9s 2,5 metres a tot el litoral amb m\u00e9s probabilitat al Barcelon\u00e8s, Baix Llobregat, Baix Ebre i Montsi\u00e0. A partir de dem\u00e0 al mat\u00ed, la probabilitat augmenta a tota la meitat sud i a partir de la tarda l\u02bcafectaci\u00f3 ser\u00e0 generalitzada. A partir de les 19 hores d\u02bcavui fins les 19 hores de dem\u00e0 les onades podran superar amb molta probabilitat els 4 metres a tot el litoral (mar brava) i arribar a un valor m\u00e0xim de 6 m. Aquest episodi \u00e9s de car\u00e0cter general i pot afectar m\u00e9s del 70 % del territori afectat.<\/p>\n<p><a href=\"http:\/\/www.portdesitges.com\/port\/wp-content\/uploads\/2017\/01\/temporal-sitges.jpg\"><img loading=\"lazy\" decoding=\"async\" class=\"size-medium wp-image-4786\" src=\"http:\/\/www.portdesitges.com\/port\/wp-content\/uploads\/2017\/01\/temporal-sitges-300x199.jpg\" alt=\"GRA092. BARCELONA, 30\/09\/2015.- Imagen del mar en la Villa Ol\u00edmpica de Barcelona, donde la Guardia Urbana ha cerrado el acceso al rompeolas y a los espigones del frente mar\u00edtimo de la ciudad ante la previsi\u00f3n de que m\u00e1s del 30 % de las olas superen los 2,5 metros. EFE\/Andreu Dalmau\" width=\"300\" height=\"199\" srcset=\"https:\/\/www.portdesitges.com\/wp-content\/uploads\/2017\/01\/temporal-sitges-300x199.jpg 300w, https:\/\/www.portdesitges.com\/wp-content\/uploads\/2017\/01\/temporal-sitges.jpg 641w\" sizes=\"auto, (max-width: 300px) 100vw, 300px\" \/><\/a><\/p>\n<p>Ateses les condicions previstes es demana extremar les precaucions per evitar incidents i establir mesures de control als accessos del front mar\u00edtim. Especialment no apropar-se als espigons, esculleres i zones properes a l\u02bcafectaci\u00f3 per l\u02bconatge. Tamb\u00e9 cal extremar les precaucions per possibles complicacions en el drenatge de rius i rieres que desemboquen al litoral.<\/p>\n<p>&nbsp;<\/p>\n","protected":false},"excerpt":{"rendered":"Es comunica que en base a les previsions meteorol\u00f2giques emeses pel Servei Meteorol\u00f2gic de Catalunya i per les afectacions que es preveu que se'n poden derivar, s\u02bcactiva la fase d'Alerta...","protected":false},"author":2,"featured_media":0,"comment_status":"closed","ping_status":"closed","sticky":false,"template":"","format":"standard","meta":{"footnotes":""},"categories":[],"tags":[],"class_list":["post-4789","post","type-post","status-publish","format-standard"],"yoast_head":"<!-- This site is optimized with the Yoast SEO plugin v27.3 - https:\/\/yoast.com\/product\/yoast-seo-wordpress\/ -->\n<title>Protecci\u00f3 Civil activa el Pla Inuncat per l\u2019estat de la mar - Port de Sitges - Aiguadol\u00e7<\/title>\n<meta name=\"robots\" content=\"index, follow, max-snippet:-1, max-image-preview:large, max-video-preview:-1\" \/>\n<link rel=\"canonical\" href=\"https:\/\/www.portdesitges.com\/ca\/proteccio-civil-activa-pla-inuncat-lestat-mar\/\" \/>\n<meta property=\"og:locale\" content=\"ca_ES\" \/>\n<meta property=\"og:type\" content=\"article\" \/>\n<meta property=\"og:title\" content=\"Protecci\u00f3 Civil activa el Pla Inuncat per l\u2019estat de la mar - Port de Sitges - Aiguadol\u00e7\" \/>\n<meta property=\"og:url\" content=\"https:\/\/www.portdesitges.com\/ca\/proteccio-civil-activa-pla-inuncat-lestat-mar\/\" \/>\n<meta property=\"og:site_name\" content=\"Port de Sitges - Aiguadol\u00e7\" \/>\n<meta property=\"article:published_time\" content=\"2017-01-20T16:02:59+00:00\" \/>\n<meta property=\"og:image\" content=\"http:\/\/www.portdesitges.com\/port\/wp-content\/uploads\/2017\/01\/temporal-sitges-300x199.jpg\" \/>\n<meta name=\"author\" content=\"portsitg\" \/>\n<meta name=\"twitter:card\" content=\"summary_large_image\" \/>\n<meta name=\"twitter:label1\" content=\"Escrit per\" \/>\n\t<meta name=\"twitter:data1\" content=\"portsitg\" \/>\n\t<meta name=\"twitter:label2\" content=\"Temps estimat de lectura\" \/>\n\t<meta name=\"twitter:data2\" content=\"1 minut\" \/>\n<script type=\"application\/ld+json\" class=\"yoast-schema-graph\">{\"@context\":\"https:\\\/\\\/schema.org\",\"@graph\":[{\"@type\":\"Article\",\"@id\":\"https:\\\/\\\/www.portdesitges.com\\\/ca\\\/proteccio-civil-activa-pla-inuncat-lestat-mar\\\/#article\",\"isPartOf\":{\"@id\":\"https:\\\/\\\/www.portdesitges.com\\\/ca\\\/proteccio-civil-activa-pla-inuncat-lestat-mar\\\/\"},\"author\":{\"name\":\"portsitg\",\"@id\":\"https:\\\/\\\/www.portdesitges.com\\\/#\\\/schema\\\/person\\\/a9e788079fa8154d434e3acb5cc9a560\"},\"headline\":\"Protecci\u00f3 Civil activa el Pla Inuncat per l\u2019estat de la mar\",\"datePublished\":\"2017-01-20T16:02:59+00:00\",\"mainEntityOfPage\":{\"@id\":\"https:\\\/\\\/www.portdesitges.com\\\/ca\\\/proteccio-civil-activa-pla-inuncat-lestat-mar\\\/\"},\"wordCount\":250,\"image\":{\"@id\":\"https:\\\/\\\/www.portdesitges.com\\\/ca\\\/proteccio-civil-activa-pla-inuncat-lestat-mar\\\/#primaryimage\"},\"thumbnailUrl\":\"http:\\\/\\\/www.portdesitges.com\\\/port\\\/wp-content\\\/uploads\\\/2017\\\/01\\\/temporal-sitges-300x199.jpg\",\"inLanguage\":\"ca\"},{\"@type\":\"WebPage\",\"@id\":\"https:\\\/\\\/www.portdesitges.com\\\/ca\\\/proteccio-civil-activa-pla-inuncat-lestat-mar\\\/\",\"url\":\"https:\\\/\\\/www.portdesitges.com\\\/ca\\\/proteccio-civil-activa-pla-inuncat-lestat-mar\\\/\",\"name\":\"Protecci\u00f3 Civil activa el Pla Inuncat per l\u2019estat de la mar - Port de Sitges - Aiguadol\u00e7\",\"isPartOf\":{\"@id\":\"https:\\\/\\\/www.portdesitges.com\\\/#website\"},\"primaryImageOfPage\":{\"@id\":\"https:\\\/\\\/www.portdesitges.com\\\/ca\\\/proteccio-civil-activa-pla-inuncat-lestat-mar\\\/#primaryimage\"},\"image\":{\"@id\":\"https:\\\/\\\/www.portdesitges.com\\\/ca\\\/proteccio-civil-activa-pla-inuncat-lestat-mar\\\/#primaryimage\"},\"thumbnailUrl\":\"http:\\\/\\\/www.portdesitges.com\\\/port\\\/wp-content\\\/uploads\\\/2017\\\/01\\\/temporal-sitges-300x199.jpg\",\"datePublished\":\"2017-01-20T16:02:59+00:00\",\"author\":{\"@id\":\"https:\\\/\\\/www.portdesitges.com\\\/#\\\/schema\\\/person\\\/a9e788079fa8154d434e3acb5cc9a560\"},\"breadcrumb\":{\"@id\":\"https:\\\/\\\/www.portdesitges.com\\\/ca\\\/proteccio-civil-activa-pla-inuncat-lestat-mar\\\/#breadcrumb\"},\"inLanguage\":\"ca\",\"potentialAction\":[{\"@type\":\"ReadAction\",\"target\":[\"https:\\\/\\\/www.portdesitges.com\\\/ca\\\/proteccio-civil-activa-pla-inuncat-lestat-mar\\\/\"]}]},{\"@type\":\"ImageObject\",\"inLanguage\":\"ca\",\"@id\":\"https:\\\/\\\/www.portdesitges.com\\\/ca\\\/proteccio-civil-activa-pla-inuncat-lestat-mar\\\/#primaryimage\",\"url\":\"http:\\\/\\\/www.portdesitges.com\\\/port\\\/wp-content\\\/uploads\\\/2017\\\/01\\\/temporal-sitges-300x199.jpg\",\"contentUrl\":\"http:\\\/\\\/www.portdesitges.com\\\/port\\\/wp-content\\\/uploads\\\/2017\\\/01\\\/temporal-sitges-300x199.jpg\"},{\"@type\":\"BreadcrumbList\",\"@id\":\"https:\\\/\\\/www.portdesitges.com\\\/ca\\\/proteccio-civil-activa-pla-inuncat-lestat-mar\\\/#breadcrumb\",\"itemListElement\":[{\"@type\":\"ListItem\",\"position\":1,\"name\":\"Portada\",\"item\":\"https:\\\/\\\/www.portdesitges.com\\\/ca\\\/\"},{\"@type\":\"ListItem\",\"position\":2,\"name\":\"Protecci\u00f3 Civil activa el Pla Inuncat per l\u2019estat de la mar\"}]},{\"@type\":\"WebSite\",\"@id\":\"https:\\\/\\\/www.portdesitges.com\\\/#website\",\"url\":\"https:\\\/\\\/www.portdesitges.com\\\/\",\"name\":\"Port de Sitges - Aiguadol\u00e7\",\"description\":\"lugar donde el mar y la tierra se dan de la mano para crear un espacio \u00fanico y atractivo. Disfruta de un mar de experiencias.\",\"potentialAction\":[{\"@type\":\"SearchAction\",\"target\":{\"@type\":\"EntryPoint\",\"urlTemplate\":\"https:\\\/\\\/www.portdesitges.com\\\/?s={search_term_string}\"},\"query-input\":{\"@type\":\"PropertyValueSpecification\",\"valueRequired\":true,\"valueName\":\"search_term_string\"}}],\"inLanguage\":\"ca\"},{\"@type\":\"Person\",\"@id\":\"https:\\\/\\\/www.portdesitges.com\\\/#\\\/schema\\\/person\\\/a9e788079fa8154d434e3acb5cc9a560\",\"name\":\"portsitg\",\"image\":{\"@type\":\"ImageObject\",\"inLanguage\":\"ca\",\"@id\":\"https:\\\/\\\/secure.gravatar.com\\\/avatar\\\/3859401686883dbd8076c2e625e0365be0dfac18bea72e75083833b81bf7c3a7?s=96&d=mm&r=g\",\"url\":\"https:\\\/\\\/secure.gravatar.com\\\/avatar\\\/3859401686883dbd8076c2e625e0365be0dfac18bea72e75083833b81bf7c3a7?s=96&d=mm&r=g\",\"contentUrl\":\"https:\\\/\\\/secure.gravatar.com\\\/avatar\\\/3859401686883dbd8076c2e625e0365be0dfac18bea72e75083833b81bf7c3a7?s=96&d=mm&r=g\",\"caption\":\"portsitg\"},\"url\":\"https:\\\/\\\/www.portdesitges.com\\\/ca\\\/author\\\/portsitg\\\/\"}]}<\/script>\n<!-- \/ Yoast SEO plugin. -->","yoast_head_json":{"title":"Protecci\u00f3 Civil activa el Pla Inuncat per l\u2019estat de la mar - Port de Sitges - Aiguadol\u00e7","robots":{"index":"index","follow":"follow","max-snippet":"max-snippet:-1","max-image-preview":"max-image-preview:large","max-video-preview":"max-video-preview:-1"},"canonical":"https:\/\/www.portdesitges.com\/ca\/proteccio-civil-activa-pla-inuncat-lestat-mar\/","og_locale":"ca_ES","og_type":"article","og_title":"Protecci\u00f3 Civil activa el Pla Inuncat per l\u2019estat de la mar - Port de Sitges - Aiguadol\u00e7","og_url":"https:\/\/www.portdesitges.com\/ca\/proteccio-civil-activa-pla-inuncat-lestat-mar\/","og_site_name":"Port de Sitges - Aiguadol\u00e7","article_published_time":"2017-01-20T16:02:59+00:00","og_image":[{"url":"http:\/\/www.portdesitges.com\/port\/wp-content\/uploads\/2017\/01\/temporal-sitges-300x199.jpg","type":"","width":"","height":""}],"author":"portsitg","twitter_card":"summary_large_image","twitter_misc":{"Escrit per":"portsitg","Temps estimat de lectura":"1 minut"},"schema":{"@context":"https:\/\/schema.org","@graph":[{"@type":"Article","@id":"https:\/\/www.portdesitges.com\/ca\/proteccio-civil-activa-pla-inuncat-lestat-mar\/#article","isPartOf":{"@id":"https:\/\/www.portdesitges.com\/ca\/proteccio-civil-activa-pla-inuncat-lestat-mar\/"},"author":{"name":"portsitg","@id":"https:\/\/www.portdesitges.com\/#\/schema\/person\/a9e788079fa8154d434e3acb5cc9a560"},"headline":"Protecci\u00f3 Civil activa el Pla Inuncat per l\u2019estat de la mar","datePublished":"2017-01-20T16:02:59+00:00","mainEntityOfPage":{"@id":"https:\/\/www.portdesitges.com\/ca\/proteccio-civil-activa-pla-inuncat-lestat-mar\/"},"wordCount":250,"image":{"@id":"https:\/\/www.portdesitges.com\/ca\/proteccio-civil-activa-pla-inuncat-lestat-mar\/#primaryimage"},"thumbnailUrl":"http:\/\/www.portdesitges.com\/port\/wp-content\/uploads\/2017\/01\/temporal-sitges-300x199.jpg","inLanguage":"ca"},{"@type":"WebPage","@id":"https:\/\/www.portdesitges.com\/ca\/proteccio-civil-activa-pla-inuncat-lestat-mar\/","url":"https:\/\/www.portdesitges.com\/ca\/proteccio-civil-activa-pla-inuncat-lestat-mar\/","name":"Protecci\u00f3 Civil activa el Pla Inuncat per l\u2019estat de la mar - Port de Sitges - Aiguadol\u00e7","isPartOf":{"@id":"https:\/\/www.portdesitges.com\/#website"},"primaryImageOfPage":{"@id":"https:\/\/www.portdesitges.com\/ca\/proteccio-civil-activa-pla-inuncat-lestat-mar\/#primaryimage"},"image":{"@id":"https:\/\/www.portdesitges.com\/ca\/proteccio-civil-activa-pla-inuncat-lestat-mar\/#primaryimage"},"thumbnailUrl":"http:\/\/www.portdesitges.com\/port\/wp-content\/uploads\/2017\/01\/temporal-sitges-300x199.jpg","datePublished":"2017-01-20T16:02:59+00:00","author":{"@id":"https:\/\/www.portdesitges.com\/#\/schema\/person\/a9e788079fa8154d434e3acb5cc9a560"},"breadcrumb":{"@id":"https:\/\/www.portdesitges.com\/ca\/proteccio-civil-activa-pla-inuncat-lestat-mar\/#breadcrumb"},"inLanguage":"ca","potentialAction":[{"@type":"ReadAction","target":["https:\/\/www.portdesitges.com\/ca\/proteccio-civil-activa-pla-inuncat-lestat-mar\/"]}]},{"@type":"ImageObject","inLanguage":"ca","@id":"https:\/\/www.portdesitges.com\/ca\/proteccio-civil-activa-pla-inuncat-lestat-mar\/#primaryimage","url":"http:\/\/www.portdesitges.com\/port\/wp-content\/uploads\/2017\/01\/temporal-sitges-300x199.jpg","contentUrl":"http:\/\/www.portdesitges.com\/port\/wp-content\/uploads\/2017\/01\/temporal-sitges-300x199.jpg"},{"@type":"BreadcrumbList","@id":"https:\/\/www.portdesitges.com\/ca\/proteccio-civil-activa-pla-inuncat-lestat-mar\/#breadcrumb","itemListElement":[{"@type":"ListItem","position":1,"name":"Portada","item":"https:\/\/www.portdesitges.com\/ca\/"},{"@type":"ListItem","position":2,"name":"Protecci\u00f3 Civil activa el Pla Inuncat per l\u2019estat de la mar"}]},{"@type":"WebSite","@id":"https:\/\/www.portdesitges.com\/#website","url":"https:\/\/www.portdesitges.com\/","name":"Port de Sitges - Aiguadol\u00e7","description":"lugar donde el mar y la tierra se dan de la mano para crear un espacio \u00fanico y atractivo. Disfruta de un mar de experiencias.","potentialAction":[{"@type":"SearchAction","target":{"@type":"EntryPoint","urlTemplate":"https:\/\/www.portdesitges.com\/?s={search_term_string}"},"query-input":{"@type":"PropertyValueSpecification","valueRequired":true,"valueName":"search_term_string"}}],"inLanguage":"ca"},{"@type":"Person","@id":"https:\/\/www.portdesitges.com\/#\/schema\/person\/a9e788079fa8154d434e3acb5cc9a560","name":"portsitg","image":{"@type":"ImageObject","inLanguage":"ca","@id":"https:\/\/secure.gravatar.com\/avatar\/3859401686883dbd8076c2e625e0365be0dfac18bea72e75083833b81bf7c3a7?s=96&d=mm&r=g","url":"https:\/\/secure.gravatar.com\/avatar\/3859401686883dbd8076c2e625e0365be0dfac18bea72e75083833b81bf7c3a7?s=96&d=mm&r=g","contentUrl":"https:\/\/secure.gravatar.com\/avatar\/3859401686883dbd8076c2e625e0365be0dfac18bea72e75083833b81bf7c3a7?s=96&d=mm&r=g","caption":"portsitg"},"url":"https:\/\/www.portdesitges.com\/ca\/author\/portsitg\/"}]}},"_links":{"self":[{"href":"https:\/\/www.portdesitges.com\/ca\/wp-json\/wp\/v2\/posts\/4789","targetHints":{"allow":["GET"]}}],"collection":[{"href":"https:\/\/www.portdesitges.com\/ca\/wp-json\/wp\/v2\/posts"}],"about":[{"href":"https:\/\/www.portdesitges.com\/ca\/wp-json\/wp\/v2\/types\/post"}],"author":[{"embeddable":true,"href":"https:\/\/www.portdesitges.com\/ca\/wp-json\/wp\/v2\/users\/2"}],"replies":[{"embeddable":true,"href":"https:\/\/www.portdesitges.com\/ca\/wp-json\/wp\/v2\/comments?post=4789"}],"version-history":[{"count":0,"href":"https:\/\/www.portdesitges.com\/ca\/wp-json\/wp\/v2\/posts\/4789\/revisions"}],"wp:attachment":[{"href":"https:\/\/www.portdesitges.com\/ca\/wp-json\/wp\/v2\/media?parent=4789"}],"wp:term":[{"taxonomy":"category","embeddable":true,"href":"https:\/\/www.portdesitges.com\/ca\/wp-json\/wp\/v2\/categories?post=4789"},{"taxonomy":"post_tag","embeddable":true,"href":"https:\/\/www.portdesitges.com\/ca\/wp-json\/wp\/v2\/tags?post=4789"}],"curies":[{"name":"wp","href":"https:\/\/api.w.org\/{rel}","templated":true}]}}