{"id":4643,"date":"2016-11-15T09:24:41","date_gmt":"2016-11-15T09:24:41","guid":{"rendered":"http:\/\/www.portdesitges.com\/?p=4643"},"modified":"2016-11-15T09:24:41","modified_gmt":"2016-11-15T09:24:41","slug":"port-sitges-aiguadolc-sadhereix-plataforma-coordinacio-dactivitats-empresarials","status":"publish","type":"post","link":"https:\/\/www.portdesitges.com\/ca\/port-sitges-aiguadolc-sadhereix-plataforma-coordinacio-dactivitats-empresarials\/","title":{"rendered":"El Port de Sitges-Aiguadol\u00e7 s&#8217;adhereix a la Plataforma de Coordinaci\u00f3 d&#8217;Activitats Empresarials"},"content":{"rendered":"<p><!--more--><\/p>\n<p>El Port de Sitges-Aiguadol\u00e7 s&#8217;adhereix a la Plataforma de Coordinaci\u00f3 d&#8217;Activitats Empresarials de l&#8217;<a href=\"http:\/\/www.acpet.es\/\" target=\"_blank\" rel=\"noopener noreferrer\">Associaci\u00f3 Catalana de Ports Esportius i Tur\u00edstics (ACPET)<\/a>. Es tracta d&#8217;una eina tecnol\u00f2gica que t\u00e9 com a principal objectiu la unificaci\u00f3 i la simplificaci\u00f3 de la gesti\u00f3 dels prove\u00efdors i prestadors de serveis dels ports, des del punt de vista de la prevenci\u00f3 de riscos laborals i la coordinaci\u00f3 d&#8217;activitats empresarials. El passat 11 de novembre representants del Port de Sitges-Aiguadol\u00e7 van assistir al primer curs formatiu al CN El Bal\u00eds.<\/p>\n<p style=\"text-align: center;\"><a href=\"http:\/\/www.portdesitges.com\/port\/wp-content\/uploads\/2016\/11\/curs-formaci\u00f3-paltaforma-ACPET.jpg\" rel=\"attachment wp-att-4644\"><img loading=\"lazy\" decoding=\"async\" class=\"alignnone size-medium wp-image-4644\" src=\"http:\/\/www.portdesitges.com\/port\/wp-content\/uploads\/2016\/11\/curs-formaci\u00f3-paltaforma-ACPET-300x169.jpg\" alt=\"curs-formacio-paltaforma-acpet\" width=\"300\" height=\"169\" srcset=\"https:\/\/www.portdesitges.com\/wp-content\/uploads\/2016\/11\/curs-formaci\u00f3-paltaforma-ACPET-300x169.jpg 300w, https:\/\/www.portdesitges.com\/wp-content\/uploads\/2016\/11\/curs-formaci\u00f3-paltaforma-ACPET-1024x576.jpg 1024w, https:\/\/www.portdesitges.com\/wp-content\/uploads\/2016\/11\/curs-formaci\u00f3-paltaforma-ACPET-768x432.jpg 768w, https:\/\/www.portdesitges.com\/wp-content\/uploads\/2016\/11\/curs-formaci\u00f3-paltaforma-ACPET-1536x864.jpg 1536w, https:\/\/www.portdesitges.com\/wp-content\/uploads\/2016\/11\/curs-formaci\u00f3-paltaforma-ACPET.jpg 1600w\" sizes=\"auto, (max-width: 300px) 100vw, 300px\" \/><\/a><\/p>\n<p>La plataforma \u00e9s d&#8217;\u00fas compartit entre ports associats de la ACPET, prove\u00efdors i el servei de prevenci\u00f3 ali\u00e8 contractat per validar les sol\u00b7licituds dels industrials i resoldre les incid\u00e8ncies quant a la validaci\u00f3 dels mateixos. Com a avantatge per als prove\u00efdors, \u00fanicament es requereix que estiguin validats una sola vegada en la plataforma per poder accedir a tots els ports associats de la ACPET.<\/p>\n","protected":false},"excerpt":{"rendered":"El Port de Sitges-Aiguadol\u00e7 s'adhereix a la Plataforma de Coordinaci\u00f3 d'Activitats Empresarials de l'Associaci\u00f3 Catalana de Ports Esportius i Tur\u00edstics (ACPET). Es tracta d'una eina tecnol\u00f2gica que t\u00e9 com a...","protected":false},"author":2,"featured_media":4645,"comment_status":"closed","ping_status":"closed","sticky":false,"template":"","format":"standard","meta":{"footnotes":""},"categories":[],"tags":[],"class_list":["post-4643","post","type-post","status-publish","format-standard","has-post-thumbnail"],"yoast_head":"<!-- This site is optimized with the Yoast SEO plugin v27.3 - https:\/\/yoast.com\/product\/yoast-seo-wordpress\/ -->\n<title>El Port de Sitges-Aiguadol\u00e7 s&#039;adhereix a la Plataforma de Coordinaci\u00f3 d&#039;Activitats Empresarials - Port de Sitges - Aiguadol\u00e7<\/title>\n<meta name=\"robots\" content=\"index, follow, max-snippet:-1, max-image-preview:large, max-video-preview:-1\" \/>\n<link rel=\"canonical\" href=\"https:\/\/www.portdesitges.com\/ca\/port-sitges-aiguadolc-sadhereix-plataforma-coordinacio-dactivitats-empresarials\/\" \/>\n<meta property=\"og:locale\" content=\"ca_ES\" \/>\n<meta property=\"og:type\" content=\"article\" \/>\n<meta property=\"og:title\" content=\"El Port de Sitges-Aiguadol\u00e7 s&#039;adhereix a la Plataforma de Coordinaci\u00f3 d&#039;Activitats Empresarials - Port de Sitges - Aiguadol\u00e7\" \/>\n<meta property=\"og:url\" content=\"https:\/\/www.portdesitges.com\/ca\/port-sitges-aiguadolc-sadhereix-plataforma-coordinacio-dactivitats-empresarials\/\" \/>\n<meta property=\"og:site_name\" content=\"Port de Sitges - Aiguadol\u00e7\" \/>\n<meta property=\"article:published_time\" content=\"2016-11-15T09:24:41+00:00\" \/>\n<meta property=\"og:image\" content=\"https:\/\/www.portdesitges.com\/wp-content\/uploads\/2016\/11\/curs-formaci\u00f3-paltaforma-ACPET-300.jpg\" \/>\n\t<meta property=\"og:image:width\" content=\"300\" \/>\n\t<meta property=\"og:image:height\" content=\"300\" \/>\n\t<meta property=\"og:image:type\" content=\"image\/jpeg\" \/>\n<meta name=\"author\" content=\"portsitg\" \/>\n<meta name=\"twitter:card\" content=\"summary_large_image\" \/>\n<meta name=\"twitter:label1\" content=\"Escrit per\" \/>\n\t<meta name=\"twitter:data1\" content=\"portsitg\" \/>\n\t<meta name=\"twitter:label2\" content=\"Temps estimat de lectura\" \/>\n\t<meta name=\"twitter:data2\" content=\"1 minut\" \/>\n<script type=\"application\/ld+json\" class=\"yoast-schema-graph\">{\"@context\":\"https:\\\/\\\/schema.org\",\"@graph\":[{\"@type\":\"Article\",\"@id\":\"https:\\\/\\\/www.portdesitges.com\\\/ca\\\/port-sitges-aiguadolc-sadhereix-plataforma-coordinacio-dactivitats-empresarials\\\/#article\",\"isPartOf\":{\"@id\":\"https:\\\/\\\/www.portdesitges.com\\\/ca\\\/port-sitges-aiguadolc-sadhereix-plataforma-coordinacio-dactivitats-empresarials\\\/\"},\"author\":{\"name\":\"portsitg\",\"@id\":\"https:\\\/\\\/www.portdesitges.com\\\/#\\\/schema\\\/person\\\/a9e788079fa8154d434e3acb5cc9a560\"},\"headline\":\"El Port de Sitges-Aiguadol\u00e7 s&#8217;adhereix a la Plataforma de Coordinaci\u00f3 d&#8217;Activitats Empresarials\",\"datePublished\":\"2016-11-15T09:24:41+00:00\",\"mainEntityOfPage\":{\"@id\":\"https:\\\/\\\/www.portdesitges.com\\\/ca\\\/port-sitges-aiguadolc-sadhereix-plataforma-coordinacio-dactivitats-empresarials\\\/\"},\"wordCount\":175,\"image\":{\"@id\":\"https:\\\/\\\/www.portdesitges.com\\\/ca\\\/port-sitges-aiguadolc-sadhereix-plataforma-coordinacio-dactivitats-empresarials\\\/#primaryimage\"},\"thumbnailUrl\":\"https:\\\/\\\/www.portdesitges.com\\\/wp-content\\\/uploads\\\/2016\\\/11\\\/curs-formaci\u00f3-paltaforma-ACPET-300.jpg\",\"inLanguage\":\"ca\"},{\"@type\":\"WebPage\",\"@id\":\"https:\\\/\\\/www.portdesitges.com\\\/ca\\\/port-sitges-aiguadolc-sadhereix-plataforma-coordinacio-dactivitats-empresarials\\\/\",\"url\":\"https:\\\/\\\/www.portdesitges.com\\\/ca\\\/port-sitges-aiguadolc-sadhereix-plataforma-coordinacio-dactivitats-empresarials\\\/\",\"name\":\"El Port de Sitges-Aiguadol\u00e7 s'adhereix a la Plataforma de Coordinaci\u00f3 d'Activitats Empresarials - Port de Sitges - Aiguadol\u00e7\",\"isPartOf\":{\"@id\":\"https:\\\/\\\/www.portdesitges.com\\\/#website\"},\"primaryImageOfPage\":{\"@id\":\"https:\\\/\\\/www.portdesitges.com\\\/ca\\\/port-sitges-aiguadolc-sadhereix-plataforma-coordinacio-dactivitats-empresarials\\\/#primaryimage\"},\"image\":{\"@id\":\"https:\\\/\\\/www.portdesitges.com\\\/ca\\\/port-sitges-aiguadolc-sadhereix-plataforma-coordinacio-dactivitats-empresarials\\\/#primaryimage\"},\"thumbnailUrl\":\"https:\\\/\\\/www.portdesitges.com\\\/wp-content\\\/uploads\\\/2016\\\/11\\\/curs-formaci\u00f3-paltaforma-ACPET-300.jpg\",\"datePublished\":\"2016-11-15T09:24:41+00:00\",\"author\":{\"@id\":\"https:\\\/\\\/www.portdesitges.com\\\/#\\\/schema\\\/person\\\/a9e788079fa8154d434e3acb5cc9a560\"},\"breadcrumb\":{\"@id\":\"https:\\\/\\\/www.portdesitges.com\\\/ca\\\/port-sitges-aiguadolc-sadhereix-plataforma-coordinacio-dactivitats-empresarials\\\/#breadcrumb\"},\"inLanguage\":\"ca\",\"potentialAction\":[{\"@type\":\"ReadAction\",\"target\":[\"https:\\\/\\\/www.portdesitges.com\\\/ca\\\/port-sitges-aiguadolc-sadhereix-plataforma-coordinacio-dactivitats-empresarials\\\/\"]}]},{\"@type\":\"ImageObject\",\"inLanguage\":\"ca\",\"@id\":\"https:\\\/\\\/www.portdesitges.com\\\/ca\\\/port-sitges-aiguadolc-sadhereix-plataforma-coordinacio-dactivitats-empresarials\\\/#primaryimage\",\"url\":\"https:\\\/\\\/www.portdesitges.com\\\/wp-content\\\/uploads\\\/2016\\\/11\\\/curs-formaci\u00f3-paltaforma-ACPET-300.jpg\",\"contentUrl\":\"https:\\\/\\\/www.portdesitges.com\\\/wp-content\\\/uploads\\\/2016\\\/11\\\/curs-formaci\u00f3-paltaforma-ACPET-300.jpg\",\"width\":300,\"height\":300},{\"@type\":\"BreadcrumbList\",\"@id\":\"https:\\\/\\\/www.portdesitges.com\\\/ca\\\/port-sitges-aiguadolc-sadhereix-plataforma-coordinacio-dactivitats-empresarials\\\/#breadcrumb\",\"itemListElement\":[{\"@type\":\"ListItem\",\"position\":1,\"name\":\"Portada\",\"item\":\"https:\\\/\\\/www.portdesitges.com\\\/ca\\\/\"},{\"@type\":\"ListItem\",\"position\":2,\"name\":\"El Port de Sitges-Aiguadol\u00e7 s&#8217;adhereix a la Plataforma de Coordinaci\u00f3 d&#8217;Activitats Empresarials\"}]},{\"@type\":\"WebSite\",\"@id\":\"https:\\\/\\\/www.portdesitges.com\\\/#website\",\"url\":\"https:\\\/\\\/www.portdesitges.com\\\/\",\"name\":\"Port de Sitges - Aiguadol\u00e7\",\"description\":\"lugar donde el mar y la tierra se dan de la mano para crear un espacio \u00fanico y atractivo. Disfruta de un mar de experiencias.\",\"potentialAction\":[{\"@type\":\"SearchAction\",\"target\":{\"@type\":\"EntryPoint\",\"urlTemplate\":\"https:\\\/\\\/www.portdesitges.com\\\/?s={search_term_string}\"},\"query-input\":{\"@type\":\"PropertyValueSpecification\",\"valueRequired\":true,\"valueName\":\"search_term_string\"}}],\"inLanguage\":\"ca\"},{\"@type\":\"Person\",\"@id\":\"https:\\\/\\\/www.portdesitges.com\\\/#\\\/schema\\\/person\\\/a9e788079fa8154d434e3acb5cc9a560\",\"name\":\"portsitg\",\"image\":{\"@type\":\"ImageObject\",\"inLanguage\":\"ca\",\"@id\":\"https:\\\/\\\/secure.gravatar.com\\\/avatar\\\/3859401686883dbd8076c2e625e0365be0dfac18bea72e75083833b81bf7c3a7?s=96&d=mm&r=g\",\"url\":\"https:\\\/\\\/secure.gravatar.com\\\/avatar\\\/3859401686883dbd8076c2e625e0365be0dfac18bea72e75083833b81bf7c3a7?s=96&d=mm&r=g\",\"contentUrl\":\"https:\\\/\\\/secure.gravatar.com\\\/avatar\\\/3859401686883dbd8076c2e625e0365be0dfac18bea72e75083833b81bf7c3a7?s=96&d=mm&r=g\",\"caption\":\"portsitg\"},\"url\":\"https:\\\/\\\/www.portdesitges.com\\\/ca\\\/author\\\/portsitg\\\/\"}]}<\/script>\n<!-- \/ Yoast SEO plugin. -->","yoast_head_json":{"title":"El Port de Sitges-Aiguadol\u00e7 s'adhereix a la Plataforma de Coordinaci\u00f3 d'Activitats Empresarials - Port de Sitges - Aiguadol\u00e7","robots":{"index":"index","follow":"follow","max-snippet":"max-snippet:-1","max-image-preview":"max-image-preview:large","max-video-preview":"max-video-preview:-1"},"canonical":"https:\/\/www.portdesitges.com\/ca\/port-sitges-aiguadolc-sadhereix-plataforma-coordinacio-dactivitats-empresarials\/","og_locale":"ca_ES","og_type":"article","og_title":"El Port de Sitges-Aiguadol\u00e7 s'adhereix a la Plataforma de Coordinaci\u00f3 d'Activitats Empresarials - Port de Sitges - Aiguadol\u00e7","og_url":"https:\/\/www.portdesitges.com\/ca\/port-sitges-aiguadolc-sadhereix-plataforma-coordinacio-dactivitats-empresarials\/","og_site_name":"Port de Sitges - Aiguadol\u00e7","article_published_time":"2016-11-15T09:24:41+00:00","og_image":[{"width":300,"height":300,"url":"https:\/\/www.portdesitges.com\/wp-content\/uploads\/2016\/11\/curs-formaci\u00f3-paltaforma-ACPET-300.jpg","type":"image\/jpeg"}],"author":"portsitg","twitter_card":"summary_large_image","twitter_misc":{"Escrit per":"portsitg","Temps estimat de lectura":"1 minut"},"schema":{"@context":"https:\/\/schema.org","@graph":[{"@type":"Article","@id":"https:\/\/www.portdesitges.com\/ca\/port-sitges-aiguadolc-sadhereix-plataforma-coordinacio-dactivitats-empresarials\/#article","isPartOf":{"@id":"https:\/\/www.portdesitges.com\/ca\/port-sitges-aiguadolc-sadhereix-plataforma-coordinacio-dactivitats-empresarials\/"},"author":{"name":"portsitg","@id":"https:\/\/www.portdesitges.com\/#\/schema\/person\/a9e788079fa8154d434e3acb5cc9a560"},"headline":"El Port de Sitges-Aiguadol\u00e7 s&#8217;adhereix a la Plataforma de Coordinaci\u00f3 d&#8217;Activitats Empresarials","datePublished":"2016-11-15T09:24:41+00:00","mainEntityOfPage":{"@id":"https:\/\/www.portdesitges.com\/ca\/port-sitges-aiguadolc-sadhereix-plataforma-coordinacio-dactivitats-empresarials\/"},"wordCount":175,"image":{"@id":"https:\/\/www.portdesitges.com\/ca\/port-sitges-aiguadolc-sadhereix-plataforma-coordinacio-dactivitats-empresarials\/#primaryimage"},"thumbnailUrl":"https:\/\/www.portdesitges.com\/wp-content\/uploads\/2016\/11\/curs-formaci\u00f3-paltaforma-ACPET-300.jpg","inLanguage":"ca"},{"@type":"WebPage","@id":"https:\/\/www.portdesitges.com\/ca\/port-sitges-aiguadolc-sadhereix-plataforma-coordinacio-dactivitats-empresarials\/","url":"https:\/\/www.portdesitges.com\/ca\/port-sitges-aiguadolc-sadhereix-plataforma-coordinacio-dactivitats-empresarials\/","name":"El Port de Sitges-Aiguadol\u00e7 s'adhereix a la Plataforma de Coordinaci\u00f3 d'Activitats Empresarials - Port de Sitges - Aiguadol\u00e7","isPartOf":{"@id":"https:\/\/www.portdesitges.com\/#website"},"primaryImageOfPage":{"@id":"https:\/\/www.portdesitges.com\/ca\/port-sitges-aiguadolc-sadhereix-plataforma-coordinacio-dactivitats-empresarials\/#primaryimage"},"image":{"@id":"https:\/\/www.portdesitges.com\/ca\/port-sitges-aiguadolc-sadhereix-plataforma-coordinacio-dactivitats-empresarials\/#primaryimage"},"thumbnailUrl":"https:\/\/www.portdesitges.com\/wp-content\/uploads\/2016\/11\/curs-formaci\u00f3-paltaforma-ACPET-300.jpg","datePublished":"2016-11-15T09:24:41+00:00","author":{"@id":"https:\/\/www.portdesitges.com\/#\/schema\/person\/a9e788079fa8154d434e3acb5cc9a560"},"breadcrumb":{"@id":"https:\/\/www.portdesitges.com\/ca\/port-sitges-aiguadolc-sadhereix-plataforma-coordinacio-dactivitats-empresarials\/#breadcrumb"},"inLanguage":"ca","potentialAction":[{"@type":"ReadAction","target":["https:\/\/www.portdesitges.com\/ca\/port-sitges-aiguadolc-sadhereix-plataforma-coordinacio-dactivitats-empresarials\/"]}]},{"@type":"ImageObject","inLanguage":"ca","@id":"https:\/\/www.portdesitges.com\/ca\/port-sitges-aiguadolc-sadhereix-plataforma-coordinacio-dactivitats-empresarials\/#primaryimage","url":"https:\/\/www.portdesitges.com\/wp-content\/uploads\/2016\/11\/curs-formaci\u00f3-paltaforma-ACPET-300.jpg","contentUrl":"https:\/\/www.portdesitges.com\/wp-content\/uploads\/2016\/11\/curs-formaci\u00f3-paltaforma-ACPET-300.jpg","width":300,"height":300},{"@type":"BreadcrumbList","@id":"https:\/\/www.portdesitges.com\/ca\/port-sitges-aiguadolc-sadhereix-plataforma-coordinacio-dactivitats-empresarials\/#breadcrumb","itemListElement":[{"@type":"ListItem","position":1,"name":"Portada","item":"https:\/\/www.portdesitges.com\/ca\/"},{"@type":"ListItem","position":2,"name":"El Port de Sitges-Aiguadol\u00e7 s&#8217;adhereix a la Plataforma de Coordinaci\u00f3 d&#8217;Activitats Empresarials"}]},{"@type":"WebSite","@id":"https:\/\/www.portdesitges.com\/#website","url":"https:\/\/www.portdesitges.com\/","name":"Port de Sitges - Aiguadol\u00e7","description":"lugar donde el mar y la tierra se dan de la mano para crear un espacio \u00fanico y atractivo. Disfruta de un mar de experiencias.","potentialAction":[{"@type":"SearchAction","target":{"@type":"EntryPoint","urlTemplate":"https:\/\/www.portdesitges.com\/?s={search_term_string}"},"query-input":{"@type":"PropertyValueSpecification","valueRequired":true,"valueName":"search_term_string"}}],"inLanguage":"ca"},{"@type":"Person","@id":"https:\/\/www.portdesitges.com\/#\/schema\/person\/a9e788079fa8154d434e3acb5cc9a560","name":"portsitg","image":{"@type":"ImageObject","inLanguage":"ca","@id":"https:\/\/secure.gravatar.com\/avatar\/3859401686883dbd8076c2e625e0365be0dfac18bea72e75083833b81bf7c3a7?s=96&d=mm&r=g","url":"https:\/\/secure.gravatar.com\/avatar\/3859401686883dbd8076c2e625e0365be0dfac18bea72e75083833b81bf7c3a7?s=96&d=mm&r=g","contentUrl":"https:\/\/secure.gravatar.com\/avatar\/3859401686883dbd8076c2e625e0365be0dfac18bea72e75083833b81bf7c3a7?s=96&d=mm&r=g","caption":"portsitg"},"url":"https:\/\/www.portdesitges.com\/ca\/author\/portsitg\/"}]}},"_links":{"self":[{"href":"https:\/\/www.portdesitges.com\/ca\/wp-json\/wp\/v2\/posts\/4643","targetHints":{"allow":["GET"]}}],"collection":[{"href":"https:\/\/www.portdesitges.com\/ca\/wp-json\/wp\/v2\/posts"}],"about":[{"href":"https:\/\/www.portdesitges.com\/ca\/wp-json\/wp\/v2\/types\/post"}],"author":[{"embeddable":true,"href":"https:\/\/www.portdesitges.com\/ca\/wp-json\/wp\/v2\/users\/2"}],"replies":[{"embeddable":true,"href":"https:\/\/www.portdesitges.com\/ca\/wp-json\/wp\/v2\/comments?post=4643"}],"version-history":[{"count":0,"href":"https:\/\/www.portdesitges.com\/ca\/wp-json\/wp\/v2\/posts\/4643\/revisions"}],"wp:featuredmedia":[{"embeddable":true,"href":"https:\/\/www.portdesitges.com\/ca\/wp-json\/wp\/v2\/media\/4645"}],"wp:attachment":[{"href":"https:\/\/www.portdesitges.com\/ca\/wp-json\/wp\/v2\/media?parent=4643"}],"wp:term":[{"taxonomy":"category","embeddable":true,"href":"https:\/\/www.portdesitges.com\/ca\/wp-json\/wp\/v2\/categories?post=4643"},{"taxonomy":"post_tag","embeddable":true,"href":"https:\/\/www.portdesitges.com\/ca\/wp-json\/wp\/v2\/tags?post=4643"}],"curies":[{"name":"wp","href":"https:\/\/api.w.org\/{rel}","templated":true}]}}