{"id":4291,"date":"2016-10-04T15:14:53","date_gmt":"2016-10-04T15:14:53","guid":{"rendered":"http:\/\/www.portdesitges.com\/?p=4291"},"modified":"2016-10-04T15:14:53","modified_gmt":"2016-10-04T15:14:53","slug":"sitges-film-festival-2016-aterra-port-sitges-aiguadolc","status":"publish","type":"post","link":"https:\/\/www.portdesitges.com\/ca\/sitges-film-festival-2016-aterra-port-sitges-aiguadolc\/","title":{"rendered":"El Festival de Sitges aterra al Port de Sitges-Aiguadol\u00e7"},"content":{"rendered":"<p><!--more--><\/p>\n<p>Un any m\u00e9s el Port de Sitges-Aiguadol\u00e7 acull el sopar d&#8217;inauguraci\u00f3 del <a href=\"http:\/\/sitgesfilmfestival.com\" target=\"_blank\" rel=\"noopener noreferrer\">Sitges-Festival Internacional de Cinema Fant\u00e0stic de Catalunya<\/a>. Actors, directors i multitud de personalitats del m\u00f3n del cinema aix\u00ed com altres convidats de luxe es donaran cita a la festa que d\u00f3na inici a un dels festivals de cinema m\u00e9s importants del pa\u00eds.<\/p>\n<p style=\"text-align: center;\"><a href=\"http:\/\/www.portdesitges.com\/port\/wp-content\/uploads\/2016\/10\/cena-sitges-film-2015.jpg\" rel=\"attachment wp-att-4292\"><img loading=\"lazy\" decoding=\"async\" class=\"alignnone size-medium wp-image-4292\" src=\"http:\/\/www.portdesitges.com\/port\/wp-content\/uploads\/2016\/10\/cena-sitges-film-2015-300x200.jpg\" alt=\"cena-sitges-film-2015\" width=\"300\" height=\"200\" srcset=\"https:\/\/www.portdesitges.com\/wp-content\/uploads\/2016\/10\/cena-sitges-film-2015-300x200.jpg 300w, https:\/\/www.portdesitges.com\/wp-content\/uploads\/2016\/10\/cena-sitges-film-2015-768x512.jpg 768w, https:\/\/www.portdesitges.com\/wp-content\/uploads\/2016\/10\/cena-sitges-film-2015-900x600.jpg 900w, https:\/\/www.portdesitges.com\/wp-content\/uploads\/2016\/10\/cena-sitges-film-2015.jpg 960w\" sizes=\"auto, (max-width: 300px) 100vw, 300px\" \/><\/a><\/p>\n<p>\u2018Inside\u2019 del director Miguel \u00c1ngel Vivas \u00e9s la cinta encarregada de donar el tret de sortida al 49\u00aa edici\u00f3 del Festival de Sitges 2016, ser\u00e0 just despr\u00e9s de la seva projecci\u00f3 oficial que els m\u00e9s de 300 convidats s&#8217;acostaran al Port de Sitges-Aiguadol\u00e7 per gaudir de la festa. Els restaurants del port s\u00f3n els encarregats de preparar l&#8217;elaborada oferta gastron\u00f2mica, per\u00f2 els assistents tamb\u00e9 podran gaudir dels excel\u00b7lents vins de Torres, m\u00fasica en viu i moltes sorpreses m\u00e9s.<\/p>\n<p>La llista de convidats (a l&#8217;espera de confirmaci\u00f3 definitiva) cont\u00e9 noms com Rachel Nichols o Miguel \u00c1ngel Vivas juntament amb altres companys de l&#8217;equip de \u2018Inside\u2019, tamb\u00e9 trobem a J.A. Baiona, Nacho Vigalondo, Max von Sydow, Oona Chaplin, Assumpta Serna, Scott Cleverdon, Cristina Brondo, Diego Yaquer i Peter Vives entre molts d\u2019altres. Durant deu dies el terror i el fant\u00e0stic inundaran els carrers de Sitges i com cada any el Port de Sitges-Aiguadol\u00e7 en formar\u00e0 part acollint la festa inaugural, rodes de premsa i photocalls.<\/p>\n<p>&nbsp;<\/p>\n","protected":false},"excerpt":{"rendered":"Un any m\u00e9s el Port de Sitges-Aiguadol\u00e7 acull el sopar d'inauguraci\u00f3 del Sitges-Festival Internacional de Cinema Fant\u00e0stic de Catalunya. Actors, directors i multitud de personalitats del m\u00f3n del cinema aix\u00ed...","protected":false},"author":2,"featured_media":4293,"comment_status":"closed","ping_status":"closed","sticky":false,"template":"","format":"standard","meta":{"footnotes":""},"categories":[],"tags":[],"class_list":["post-4291","post","type-post","status-publish","format-standard","has-post-thumbnail"],"yoast_head":"<!-- This site is optimized with the Yoast SEO plugin v27.3 - https:\/\/yoast.com\/product\/yoast-seo-wordpress\/ -->\n<title>El Festival de Sitges aterra al Port de Sitges-Aiguadol\u00e7 - Port de Sitges - Aiguadol\u00e7<\/title>\n<meta name=\"robots\" content=\"index, follow, max-snippet:-1, max-image-preview:large, max-video-preview:-1\" \/>\n<link rel=\"canonical\" href=\"https:\/\/www.portdesitges.com\/ca\/sitges-film-festival-2016-aterra-port-sitges-aiguadolc\/\" \/>\n<meta property=\"og:locale\" content=\"ca_ES\" \/>\n<meta property=\"og:type\" content=\"article\" \/>\n<meta property=\"og:title\" content=\"El Festival de Sitges aterra al Port de Sitges-Aiguadol\u00e7 - Port de Sitges - Aiguadol\u00e7\" \/>\n<meta property=\"og:url\" content=\"https:\/\/www.portdesitges.com\/ca\/sitges-film-festival-2016-aterra-port-sitges-aiguadolc\/\" \/>\n<meta property=\"og:site_name\" content=\"Port de Sitges - Aiguadol\u00e7\" \/>\n<meta property=\"article:published_time\" content=\"2016-10-04T15:14:53+00:00\" \/>\n<meta property=\"og:image\" content=\"https:\/\/www.portdesitges.com\/wp-content\/uploads\/2016\/10\/cena-sitges-film-2015-300.jpg\" \/>\n\t<meta property=\"og:image:width\" content=\"301\" \/>\n\t<meta property=\"og:image:height\" content=\"300\" \/>\n\t<meta property=\"og:image:type\" content=\"image\/jpeg\" \/>\n<meta name=\"author\" content=\"portsitg\" \/>\n<meta name=\"twitter:card\" content=\"summary_large_image\" \/>\n<meta name=\"twitter:label1\" content=\"Escrit per\" \/>\n\t<meta name=\"twitter:data1\" content=\"portsitg\" \/>\n\t<meta name=\"twitter:label2\" content=\"Temps estimat de lectura\" \/>\n\t<meta name=\"twitter:data2\" content=\"1 minut\" \/>\n<script type=\"application\/ld+json\" class=\"yoast-schema-graph\">{\"@context\":\"https:\\\/\\\/schema.org\",\"@graph\":[{\"@type\":\"Article\",\"@id\":\"https:\\\/\\\/www.portdesitges.com\\\/ca\\\/sitges-film-festival-2016-aterra-port-sitges-aiguadolc\\\/#article\",\"isPartOf\":{\"@id\":\"https:\\\/\\\/www.portdesitges.com\\\/ca\\\/sitges-film-festival-2016-aterra-port-sitges-aiguadolc\\\/\"},\"author\":{\"name\":\"portsitg\",\"@id\":\"https:\\\/\\\/www.portdesitges.com\\\/#\\\/schema\\\/person\\\/a9e788079fa8154d434e3acb5cc9a560\"},\"headline\":\"El Festival de Sitges aterra al Port de Sitges-Aiguadol\u00e7\",\"datePublished\":\"2016-10-04T15:14:53+00:00\",\"mainEntityOfPage\":{\"@id\":\"https:\\\/\\\/www.portdesitges.com\\\/ca\\\/sitges-film-festival-2016-aterra-port-sitges-aiguadolc\\\/\"},\"wordCount\":245,\"image\":{\"@id\":\"https:\\\/\\\/www.portdesitges.com\\\/ca\\\/sitges-film-festival-2016-aterra-port-sitges-aiguadolc\\\/#primaryimage\"},\"thumbnailUrl\":\"https:\\\/\\\/www.portdesitges.com\\\/wp-content\\\/uploads\\\/2016\\\/10\\\/cena-sitges-film-2015-300.jpg\",\"inLanguage\":\"ca\"},{\"@type\":\"WebPage\",\"@id\":\"https:\\\/\\\/www.portdesitges.com\\\/ca\\\/sitges-film-festival-2016-aterra-port-sitges-aiguadolc\\\/\",\"url\":\"https:\\\/\\\/www.portdesitges.com\\\/ca\\\/sitges-film-festival-2016-aterra-port-sitges-aiguadolc\\\/\",\"name\":\"El Festival de Sitges aterra al Port de Sitges-Aiguadol\u00e7 - Port de Sitges - Aiguadol\u00e7\",\"isPartOf\":{\"@id\":\"https:\\\/\\\/www.portdesitges.com\\\/#website\"},\"primaryImageOfPage\":{\"@id\":\"https:\\\/\\\/www.portdesitges.com\\\/ca\\\/sitges-film-festival-2016-aterra-port-sitges-aiguadolc\\\/#primaryimage\"},\"image\":{\"@id\":\"https:\\\/\\\/www.portdesitges.com\\\/ca\\\/sitges-film-festival-2016-aterra-port-sitges-aiguadolc\\\/#primaryimage\"},\"thumbnailUrl\":\"https:\\\/\\\/www.portdesitges.com\\\/wp-content\\\/uploads\\\/2016\\\/10\\\/cena-sitges-film-2015-300.jpg\",\"datePublished\":\"2016-10-04T15:14:53+00:00\",\"author\":{\"@id\":\"https:\\\/\\\/www.portdesitges.com\\\/#\\\/schema\\\/person\\\/a9e788079fa8154d434e3acb5cc9a560\"},\"breadcrumb\":{\"@id\":\"https:\\\/\\\/www.portdesitges.com\\\/ca\\\/sitges-film-festival-2016-aterra-port-sitges-aiguadolc\\\/#breadcrumb\"},\"inLanguage\":\"ca\",\"potentialAction\":[{\"@type\":\"ReadAction\",\"target\":[\"https:\\\/\\\/www.portdesitges.com\\\/ca\\\/sitges-film-festival-2016-aterra-port-sitges-aiguadolc\\\/\"]}]},{\"@type\":\"ImageObject\",\"inLanguage\":\"ca\",\"@id\":\"https:\\\/\\\/www.portdesitges.com\\\/ca\\\/sitges-film-festival-2016-aterra-port-sitges-aiguadolc\\\/#primaryimage\",\"url\":\"https:\\\/\\\/www.portdesitges.com\\\/wp-content\\\/uploads\\\/2016\\\/10\\\/cena-sitges-film-2015-300.jpg\",\"contentUrl\":\"https:\\\/\\\/www.portdesitges.com\\\/wp-content\\\/uploads\\\/2016\\\/10\\\/cena-sitges-film-2015-300.jpg\",\"width\":301,\"height\":300},{\"@type\":\"BreadcrumbList\",\"@id\":\"https:\\\/\\\/www.portdesitges.com\\\/ca\\\/sitges-film-festival-2016-aterra-port-sitges-aiguadolc\\\/#breadcrumb\",\"itemListElement\":[{\"@type\":\"ListItem\",\"position\":1,\"name\":\"Portada\",\"item\":\"https:\\\/\\\/www.portdesitges.com\\\/ca\\\/\"},{\"@type\":\"ListItem\",\"position\":2,\"name\":\"El Festival de Sitges aterra al Port de Sitges-Aiguadol\u00e7\"}]},{\"@type\":\"WebSite\",\"@id\":\"https:\\\/\\\/www.portdesitges.com\\\/#website\",\"url\":\"https:\\\/\\\/www.portdesitges.com\\\/\",\"name\":\"Port de Sitges - Aiguadol\u00e7\",\"description\":\"lugar donde el mar y la tierra se dan de la mano para crear un espacio \u00fanico y atractivo. Disfruta de un mar de experiencias.\",\"potentialAction\":[{\"@type\":\"SearchAction\",\"target\":{\"@type\":\"EntryPoint\",\"urlTemplate\":\"https:\\\/\\\/www.portdesitges.com\\\/?s={search_term_string}\"},\"query-input\":{\"@type\":\"PropertyValueSpecification\",\"valueRequired\":true,\"valueName\":\"search_term_string\"}}],\"inLanguage\":\"ca\"},{\"@type\":\"Person\",\"@id\":\"https:\\\/\\\/www.portdesitges.com\\\/#\\\/schema\\\/person\\\/a9e788079fa8154d434e3acb5cc9a560\",\"name\":\"portsitg\",\"image\":{\"@type\":\"ImageObject\",\"inLanguage\":\"ca\",\"@id\":\"https:\\\/\\\/secure.gravatar.com\\\/avatar\\\/3859401686883dbd8076c2e625e0365be0dfac18bea72e75083833b81bf7c3a7?s=96&d=mm&r=g\",\"url\":\"https:\\\/\\\/secure.gravatar.com\\\/avatar\\\/3859401686883dbd8076c2e625e0365be0dfac18bea72e75083833b81bf7c3a7?s=96&d=mm&r=g\",\"contentUrl\":\"https:\\\/\\\/secure.gravatar.com\\\/avatar\\\/3859401686883dbd8076c2e625e0365be0dfac18bea72e75083833b81bf7c3a7?s=96&d=mm&r=g\",\"caption\":\"portsitg\"},\"url\":\"https:\\\/\\\/www.portdesitges.com\\\/ca\\\/author\\\/portsitg\\\/\"}]}<\/script>\n<!-- \/ Yoast SEO plugin. -->","yoast_head_json":{"title":"El Festival de Sitges aterra al Port de Sitges-Aiguadol\u00e7 - Port de Sitges - Aiguadol\u00e7","robots":{"index":"index","follow":"follow","max-snippet":"max-snippet:-1","max-image-preview":"max-image-preview:large","max-video-preview":"max-video-preview:-1"},"canonical":"https:\/\/www.portdesitges.com\/ca\/sitges-film-festival-2016-aterra-port-sitges-aiguadolc\/","og_locale":"ca_ES","og_type":"article","og_title":"El Festival de Sitges aterra al Port de Sitges-Aiguadol\u00e7 - Port de Sitges - Aiguadol\u00e7","og_url":"https:\/\/www.portdesitges.com\/ca\/sitges-film-festival-2016-aterra-port-sitges-aiguadolc\/","og_site_name":"Port de Sitges - Aiguadol\u00e7","article_published_time":"2016-10-04T15:14:53+00:00","og_image":[{"width":301,"height":300,"url":"https:\/\/www.portdesitges.com\/wp-content\/uploads\/2016\/10\/cena-sitges-film-2015-300.jpg","type":"image\/jpeg"}],"author":"portsitg","twitter_card":"summary_large_image","twitter_misc":{"Escrit per":"portsitg","Temps estimat de lectura":"1 minut"},"schema":{"@context":"https:\/\/schema.org","@graph":[{"@type":"Article","@id":"https:\/\/www.portdesitges.com\/ca\/sitges-film-festival-2016-aterra-port-sitges-aiguadolc\/#article","isPartOf":{"@id":"https:\/\/www.portdesitges.com\/ca\/sitges-film-festival-2016-aterra-port-sitges-aiguadolc\/"},"author":{"name":"portsitg","@id":"https:\/\/www.portdesitges.com\/#\/schema\/person\/a9e788079fa8154d434e3acb5cc9a560"},"headline":"El Festival de Sitges aterra al Port de Sitges-Aiguadol\u00e7","datePublished":"2016-10-04T15:14:53+00:00","mainEntityOfPage":{"@id":"https:\/\/www.portdesitges.com\/ca\/sitges-film-festival-2016-aterra-port-sitges-aiguadolc\/"},"wordCount":245,"image":{"@id":"https:\/\/www.portdesitges.com\/ca\/sitges-film-festival-2016-aterra-port-sitges-aiguadolc\/#primaryimage"},"thumbnailUrl":"https:\/\/www.portdesitges.com\/wp-content\/uploads\/2016\/10\/cena-sitges-film-2015-300.jpg","inLanguage":"ca"},{"@type":"WebPage","@id":"https:\/\/www.portdesitges.com\/ca\/sitges-film-festival-2016-aterra-port-sitges-aiguadolc\/","url":"https:\/\/www.portdesitges.com\/ca\/sitges-film-festival-2016-aterra-port-sitges-aiguadolc\/","name":"El Festival de Sitges aterra al Port de Sitges-Aiguadol\u00e7 - Port de Sitges - Aiguadol\u00e7","isPartOf":{"@id":"https:\/\/www.portdesitges.com\/#website"},"primaryImageOfPage":{"@id":"https:\/\/www.portdesitges.com\/ca\/sitges-film-festival-2016-aterra-port-sitges-aiguadolc\/#primaryimage"},"image":{"@id":"https:\/\/www.portdesitges.com\/ca\/sitges-film-festival-2016-aterra-port-sitges-aiguadolc\/#primaryimage"},"thumbnailUrl":"https:\/\/www.portdesitges.com\/wp-content\/uploads\/2016\/10\/cena-sitges-film-2015-300.jpg","datePublished":"2016-10-04T15:14:53+00:00","author":{"@id":"https:\/\/www.portdesitges.com\/#\/schema\/person\/a9e788079fa8154d434e3acb5cc9a560"},"breadcrumb":{"@id":"https:\/\/www.portdesitges.com\/ca\/sitges-film-festival-2016-aterra-port-sitges-aiguadolc\/#breadcrumb"},"inLanguage":"ca","potentialAction":[{"@type":"ReadAction","target":["https:\/\/www.portdesitges.com\/ca\/sitges-film-festival-2016-aterra-port-sitges-aiguadolc\/"]}]},{"@type":"ImageObject","inLanguage":"ca","@id":"https:\/\/www.portdesitges.com\/ca\/sitges-film-festival-2016-aterra-port-sitges-aiguadolc\/#primaryimage","url":"https:\/\/www.portdesitges.com\/wp-content\/uploads\/2016\/10\/cena-sitges-film-2015-300.jpg","contentUrl":"https:\/\/www.portdesitges.com\/wp-content\/uploads\/2016\/10\/cena-sitges-film-2015-300.jpg","width":301,"height":300},{"@type":"BreadcrumbList","@id":"https:\/\/www.portdesitges.com\/ca\/sitges-film-festival-2016-aterra-port-sitges-aiguadolc\/#breadcrumb","itemListElement":[{"@type":"ListItem","position":1,"name":"Portada","item":"https:\/\/www.portdesitges.com\/ca\/"},{"@type":"ListItem","position":2,"name":"El Festival de Sitges aterra al Port de Sitges-Aiguadol\u00e7"}]},{"@type":"WebSite","@id":"https:\/\/www.portdesitges.com\/#website","url":"https:\/\/www.portdesitges.com\/","name":"Port de Sitges - Aiguadol\u00e7","description":"lugar donde el mar y la tierra se dan de la mano para crear un espacio \u00fanico y atractivo. Disfruta de un mar de experiencias.","potentialAction":[{"@type":"SearchAction","target":{"@type":"EntryPoint","urlTemplate":"https:\/\/www.portdesitges.com\/?s={search_term_string}"},"query-input":{"@type":"PropertyValueSpecification","valueRequired":true,"valueName":"search_term_string"}}],"inLanguage":"ca"},{"@type":"Person","@id":"https:\/\/www.portdesitges.com\/#\/schema\/person\/a9e788079fa8154d434e3acb5cc9a560","name":"portsitg","image":{"@type":"ImageObject","inLanguage":"ca","@id":"https:\/\/secure.gravatar.com\/avatar\/3859401686883dbd8076c2e625e0365be0dfac18bea72e75083833b81bf7c3a7?s=96&d=mm&r=g","url":"https:\/\/secure.gravatar.com\/avatar\/3859401686883dbd8076c2e625e0365be0dfac18bea72e75083833b81bf7c3a7?s=96&d=mm&r=g","contentUrl":"https:\/\/secure.gravatar.com\/avatar\/3859401686883dbd8076c2e625e0365be0dfac18bea72e75083833b81bf7c3a7?s=96&d=mm&r=g","caption":"portsitg"},"url":"https:\/\/www.portdesitges.com\/ca\/author\/portsitg\/"}]}},"_links":{"self":[{"href":"https:\/\/www.portdesitges.com\/ca\/wp-json\/wp\/v2\/posts\/4291","targetHints":{"allow":["GET"]}}],"collection":[{"href":"https:\/\/www.portdesitges.com\/ca\/wp-json\/wp\/v2\/posts"}],"about":[{"href":"https:\/\/www.portdesitges.com\/ca\/wp-json\/wp\/v2\/types\/post"}],"author":[{"embeddable":true,"href":"https:\/\/www.portdesitges.com\/ca\/wp-json\/wp\/v2\/users\/2"}],"replies":[{"embeddable":true,"href":"https:\/\/www.portdesitges.com\/ca\/wp-json\/wp\/v2\/comments?post=4291"}],"version-history":[{"count":0,"href":"https:\/\/www.portdesitges.com\/ca\/wp-json\/wp\/v2\/posts\/4291\/revisions"}],"wp:featuredmedia":[{"embeddable":true,"href":"https:\/\/www.portdesitges.com\/ca\/wp-json\/wp\/v2\/media\/4293"}],"wp:attachment":[{"href":"https:\/\/www.portdesitges.com\/ca\/wp-json\/wp\/v2\/media?parent=4291"}],"wp:term":[{"taxonomy":"category","embeddable":true,"href":"https:\/\/www.portdesitges.com\/ca\/wp-json\/wp\/v2\/categories?post=4291"},{"taxonomy":"post_tag","embeddable":true,"href":"https:\/\/www.portdesitges.com\/ca\/wp-json\/wp\/v2\/tags?post=4291"}],"curies":[{"name":"wp","href":"https:\/\/api.w.org\/{rel}","templated":true}]}}