{"id":4228,"date":"2016-08-16T12:04:33","date_gmt":"2016-08-16T12:04:33","guid":{"rendered":"http:\/\/www.portdesitges.com\/?p=4228"},"modified":"2016-08-16T12:04:33","modified_gmt":"2016-08-16T12:04:33","slug":"concerts-mitjanit-tanquen-retorn-gran-exit-dassistencia","status":"publish","type":"post","link":"https:\/\/www.portdesitges.com\/ca\/concerts-mitjanit-tanquen-retorn-gran-exit-dassistencia\/","title":{"rendered":"Els Concerts de Mitjanit tanquen el seu retorn amb gran \u00e8xit d\u2019assist\u00e8ncia"},"content":{"rendered":"<p><!--more--><\/p>\n<p>B\u00e1rbara P\u00e9rez, la Gran Nit L\u00edrica i la Projecci\u00f3 de Curts del Festival de Cinema de Sitges han clausurat l\u2019edici\u00f3 2016 dels Concerts de Mitjanit amb un gran \u00e8xit tant d\u2019assist\u00e8ncia com d\u2019organitzaci\u00f3. Del 16 de juliol al 14 d\u2019agost el Port de Sitges-Aiguadol\u00e7 ha organitzat un total de deu activitats gratu\u00eftes que han omplert l\u2019Auditori de Capitania d\u2019un ambient festiu on els assistents han gaudit de la millor m\u00fasica i cinema en directe vora el mar.<\/p>\n<p>Des de la process\u00f3 de la Verge del Carme amb Havaneres i cremat de rom, concerts amb gran diversitat d\u2019estils musicals, la Gran Nit L\u00edrica com a emblema dels Concerts de Mitjanit i la projecci\u00f3 de curts del Sitges Film Festival, han completat l\u2019oferta cultural del Port de Sitges per aquest juliol i agost. Degut a la bona acollida per part del p\u00fablic, despr\u00e9s de tres anys sense Concerts de Mitjanit, la Fundaci\u00f3 Cultural del Port de Sitges ja est\u00e0 treballant en l\u2019edici\u00f3 2017, per seguir totes les novetats podeu consultar a <a href=\"http:\/\/www.concertsdemitjanit.com\">www.concertsdemitjanit.com<\/a>, al facebook (@ConcertsdeMitjanit2016) i a totes les plataformes del Port de Sitges.<\/p>\n<p style=\"text-align: center;\"><a href=\"http:\/\/www.portdesitges.com\/port\/wp-content\/uploads\/2016\/08\/Concerts-Mitjanit-Sitges-3.jpg\" rel=\"attachment wp-att-4229\"><img loading=\"lazy\" decoding=\"async\" class=\"alignnone size-medium wp-image-4229\" src=\"http:\/\/www.portdesitges.com\/port\/wp-content\/uploads\/2016\/08\/Concerts-Mitjanit-Sitges-3-300x224.jpg\" alt=\"Concerts Mitjanit Sitges 3\" width=\"300\" height=\"224\" srcset=\"https:\/\/www.portdesitges.com\/wp-content\/uploads\/2016\/08\/Concerts-Mitjanit-Sitges-3-300x224.jpg 300w, https:\/\/www.portdesitges.com\/wp-content\/uploads\/2016\/08\/Concerts-Mitjanit-Sitges-3-1024x765.jpg 1024w, https:\/\/www.portdesitges.com\/wp-content\/uploads\/2016\/08\/Concerts-Mitjanit-Sitges-3-768x574.jpg 768w, https:\/\/www.portdesitges.com\/wp-content\/uploads\/2016\/08\/Concerts-Mitjanit-Sitges-3-1536x1147.jpg 1536w, https:\/\/www.portdesitges.com\/wp-content\/uploads\/2016\/08\/Concerts-Mitjanit-Sitges-3.jpg 1600w\" sizes=\"auto, (max-width: 300px) 100vw, 300px\" \/><\/a>\u00a0 \u00a0<a href=\"http:\/\/www.portdesitges.com\/port\/wp-content\/uploads\/2016\/08\/Concerts-Mitjanit-Sitges.jpg\" rel=\"attachment wp-att-4230\"><img loading=\"lazy\" decoding=\"async\" class=\"alignnone size-medium wp-image-4230\" src=\"http:\/\/www.portdesitges.com\/port\/wp-content\/uploads\/2016\/08\/Concerts-Mitjanit-Sitges-300x224.jpg\" alt=\"Concerts Mitjanit Sitges\" width=\"300\" height=\"224\" srcset=\"https:\/\/www.portdesitges.com\/wp-content\/uploads\/2016\/08\/Concerts-Mitjanit-Sitges-300x224.jpg 300w, https:\/\/www.portdesitges.com\/wp-content\/uploads\/2016\/08\/Concerts-Mitjanit-Sitges-1024x765.jpg 1024w, https:\/\/www.portdesitges.com\/wp-content\/uploads\/2016\/08\/Concerts-Mitjanit-Sitges-768x574.jpg 768w, https:\/\/www.portdesitges.com\/wp-content\/uploads\/2016\/08\/Concerts-Mitjanit-Sitges-1536x1147.jpg 1536w, https:\/\/www.portdesitges.com\/wp-content\/uploads\/2016\/08\/Concerts-Mitjanit-Sitges.jpg 1600w\" sizes=\"auto, (max-width: 300px) 100vw, 300px\" \/><\/a><\/p>\n<p style=\"text-align: center;\"><a href=\"http:\/\/www.portdesitges.com\/port\/wp-content\/uploads\/2016\/08\/Concerts-Mitjnait-Sitges-2.jpg\" rel=\"attachment wp-att-4231\"><img loading=\"lazy\" decoding=\"async\" class=\"alignnone size-medium wp-image-4231\" src=\"http:\/\/www.portdesitges.com\/port\/wp-content\/uploads\/2016\/08\/Concerts-Mitjnait-Sitges-2-300x224.jpg\" alt=\"Concerts Mitjnait Sitges 2\" width=\"300\" height=\"224\" srcset=\"https:\/\/www.portdesitges.com\/wp-content\/uploads\/2016\/08\/Concerts-Mitjnait-Sitges-2-300x224.jpg 300w, https:\/\/www.portdesitges.com\/wp-content\/uploads\/2016\/08\/Concerts-Mitjnait-Sitges-2-1024x765.jpg 1024w, https:\/\/www.portdesitges.com\/wp-content\/uploads\/2016\/08\/Concerts-Mitjnait-Sitges-2-768x574.jpg 768w, https:\/\/www.portdesitges.com\/wp-content\/uploads\/2016\/08\/Concerts-Mitjnait-Sitges-2-1536x1147.jpg 1536w, https:\/\/www.portdesitges.com\/wp-content\/uploads\/2016\/08\/Concerts-Mitjnait-Sitges-2.jpg 1600w\" sizes=\"auto, (max-width: 300px) 100vw, 300px\" \/><\/a><\/p>\n","protected":false},"excerpt":{"rendered":"B\u00e1rbara P\u00e9rez, la Gran Nit L\u00edrica i la Projecci\u00f3 de Curts del Festival de Cinema de Sitges han clausurat l\u2019edici\u00f3 2016 dels Concerts de Mitjanit amb un gran \u00e8xit tant...","protected":false},"author":2,"featured_media":4232,"comment_status":"closed","ping_status":"closed","sticky":false,"template":"","format":"standard","meta":{"footnotes":""},"categories":[],"tags":[],"class_list":["post-4228","post","type-post","status-publish","format-standard","has-post-thumbnail"],"yoast_head":"<!-- This site is optimized with the Yoast SEO plugin v27.3 - https:\/\/yoast.com\/product\/yoast-seo-wordpress\/ -->\n<title>Els Concerts de Mitjanit tanquen el seu retorn amb gran \u00e8xit d\u2019assist\u00e8ncia - Port de Sitges - Aiguadol\u00e7<\/title>\n<meta name=\"robots\" content=\"index, follow, max-snippet:-1, max-image-preview:large, max-video-preview:-1\" \/>\n<link rel=\"canonical\" href=\"https:\/\/www.portdesitges.com\/ca\/concerts-mitjanit-tanquen-retorn-gran-exit-dassistencia\/\" \/>\n<meta property=\"og:locale\" content=\"ca_ES\" \/>\n<meta property=\"og:type\" content=\"article\" \/>\n<meta property=\"og:title\" content=\"Els Concerts de Mitjanit tanquen el seu retorn amb gran \u00e8xit d\u2019assist\u00e8ncia - Port de Sitges - Aiguadol\u00e7\" \/>\n<meta property=\"og:url\" content=\"https:\/\/www.portdesitges.com\/ca\/concerts-mitjanit-tanquen-retorn-gran-exit-dassistencia\/\" \/>\n<meta property=\"og:site_name\" content=\"Port de Sitges - Aiguadol\u00e7\" \/>\n<meta property=\"article:published_time\" content=\"2016-08-16T12:04:33+00:00\" \/>\n<meta property=\"og:image\" content=\"https:\/\/www.portdesitges.com\/wp-content\/uploads\/2016\/08\/Concerts-Mitjanit-Sitges-3-300.jpg\" \/>\n\t<meta property=\"og:image:width\" content=\"304\" \/>\n\t<meta property=\"og:image:height\" content=\"300\" \/>\n\t<meta property=\"og:image:type\" content=\"image\/jpeg\" \/>\n<meta name=\"author\" content=\"portsitg\" \/>\n<meta name=\"twitter:card\" content=\"summary_large_image\" \/>\n<meta name=\"twitter:label1\" content=\"Escrit per\" \/>\n\t<meta name=\"twitter:data1\" content=\"portsitg\" \/>\n\t<meta name=\"twitter:label2\" content=\"Temps estimat de lectura\" \/>\n\t<meta name=\"twitter:data2\" content=\"1 minut\" \/>\n<script type=\"application\/ld+json\" class=\"yoast-schema-graph\">{\"@context\":\"https:\\\/\\\/schema.org\",\"@graph\":[{\"@type\":\"Article\",\"@id\":\"https:\\\/\\\/www.portdesitges.com\\\/ca\\\/concerts-mitjanit-tanquen-retorn-gran-exit-dassistencia\\\/#article\",\"isPartOf\":{\"@id\":\"https:\\\/\\\/www.portdesitges.com\\\/ca\\\/concerts-mitjanit-tanquen-retorn-gran-exit-dassistencia\\\/\"},\"author\":{\"name\":\"portsitg\",\"@id\":\"https:\\\/\\\/www.portdesitges.com\\\/#\\\/schema\\\/person\\\/a9e788079fa8154d434e3acb5cc9a560\"},\"headline\":\"Els Concerts de Mitjanit tanquen el seu retorn amb gran \u00e8xit d\u2019assist\u00e8ncia\",\"datePublished\":\"2016-08-16T12:04:33+00:00\",\"mainEntityOfPage\":{\"@id\":\"https:\\\/\\\/www.portdesitges.com\\\/ca\\\/concerts-mitjanit-tanquen-retorn-gran-exit-dassistencia\\\/\"},\"wordCount\":212,\"image\":{\"@id\":\"https:\\\/\\\/www.portdesitges.com\\\/ca\\\/concerts-mitjanit-tanquen-retorn-gran-exit-dassistencia\\\/#primaryimage\"},\"thumbnailUrl\":\"https:\\\/\\\/www.portdesitges.com\\\/wp-content\\\/uploads\\\/2016\\\/08\\\/Concerts-Mitjanit-Sitges-3-300.jpg\",\"inLanguage\":\"ca\"},{\"@type\":\"WebPage\",\"@id\":\"https:\\\/\\\/www.portdesitges.com\\\/ca\\\/concerts-mitjanit-tanquen-retorn-gran-exit-dassistencia\\\/\",\"url\":\"https:\\\/\\\/www.portdesitges.com\\\/ca\\\/concerts-mitjanit-tanquen-retorn-gran-exit-dassistencia\\\/\",\"name\":\"Els Concerts de Mitjanit tanquen el seu retorn amb gran \u00e8xit d\u2019assist\u00e8ncia - Port de Sitges - Aiguadol\u00e7\",\"isPartOf\":{\"@id\":\"https:\\\/\\\/www.portdesitges.com\\\/#website\"},\"primaryImageOfPage\":{\"@id\":\"https:\\\/\\\/www.portdesitges.com\\\/ca\\\/concerts-mitjanit-tanquen-retorn-gran-exit-dassistencia\\\/#primaryimage\"},\"image\":{\"@id\":\"https:\\\/\\\/www.portdesitges.com\\\/ca\\\/concerts-mitjanit-tanquen-retorn-gran-exit-dassistencia\\\/#primaryimage\"},\"thumbnailUrl\":\"https:\\\/\\\/www.portdesitges.com\\\/wp-content\\\/uploads\\\/2016\\\/08\\\/Concerts-Mitjanit-Sitges-3-300.jpg\",\"datePublished\":\"2016-08-16T12:04:33+00:00\",\"author\":{\"@id\":\"https:\\\/\\\/www.portdesitges.com\\\/#\\\/schema\\\/person\\\/a9e788079fa8154d434e3acb5cc9a560\"},\"breadcrumb\":{\"@id\":\"https:\\\/\\\/www.portdesitges.com\\\/ca\\\/concerts-mitjanit-tanquen-retorn-gran-exit-dassistencia\\\/#breadcrumb\"},\"inLanguage\":\"ca\",\"potentialAction\":[{\"@type\":\"ReadAction\",\"target\":[\"https:\\\/\\\/www.portdesitges.com\\\/ca\\\/concerts-mitjanit-tanquen-retorn-gran-exit-dassistencia\\\/\"]}]},{\"@type\":\"ImageObject\",\"inLanguage\":\"ca\",\"@id\":\"https:\\\/\\\/www.portdesitges.com\\\/ca\\\/concerts-mitjanit-tanquen-retorn-gran-exit-dassistencia\\\/#primaryimage\",\"url\":\"https:\\\/\\\/www.portdesitges.com\\\/wp-content\\\/uploads\\\/2016\\\/08\\\/Concerts-Mitjanit-Sitges-3-300.jpg\",\"contentUrl\":\"https:\\\/\\\/www.portdesitges.com\\\/wp-content\\\/uploads\\\/2016\\\/08\\\/Concerts-Mitjanit-Sitges-3-300.jpg\",\"width\":304,\"height\":300},{\"@type\":\"BreadcrumbList\",\"@id\":\"https:\\\/\\\/www.portdesitges.com\\\/ca\\\/concerts-mitjanit-tanquen-retorn-gran-exit-dassistencia\\\/#breadcrumb\",\"itemListElement\":[{\"@type\":\"ListItem\",\"position\":1,\"name\":\"Portada\",\"item\":\"https:\\\/\\\/www.portdesitges.com\\\/ca\\\/\"},{\"@type\":\"ListItem\",\"position\":2,\"name\":\"Els Concerts de Mitjanit tanquen el seu retorn amb gran \u00e8xit d\u2019assist\u00e8ncia\"}]},{\"@type\":\"WebSite\",\"@id\":\"https:\\\/\\\/www.portdesitges.com\\\/#website\",\"url\":\"https:\\\/\\\/www.portdesitges.com\\\/\",\"name\":\"Port de Sitges - Aiguadol\u00e7\",\"description\":\"lugar donde el mar y la tierra se dan de la mano para crear un espacio \u00fanico y atractivo. Disfruta de un mar de experiencias.\",\"potentialAction\":[{\"@type\":\"SearchAction\",\"target\":{\"@type\":\"EntryPoint\",\"urlTemplate\":\"https:\\\/\\\/www.portdesitges.com\\\/?s={search_term_string}\"},\"query-input\":{\"@type\":\"PropertyValueSpecification\",\"valueRequired\":true,\"valueName\":\"search_term_string\"}}],\"inLanguage\":\"ca\"},{\"@type\":\"Person\",\"@id\":\"https:\\\/\\\/www.portdesitges.com\\\/#\\\/schema\\\/person\\\/a9e788079fa8154d434e3acb5cc9a560\",\"name\":\"portsitg\",\"image\":{\"@type\":\"ImageObject\",\"inLanguage\":\"ca\",\"@id\":\"https:\\\/\\\/secure.gravatar.com\\\/avatar\\\/3859401686883dbd8076c2e625e0365be0dfac18bea72e75083833b81bf7c3a7?s=96&d=mm&r=g\",\"url\":\"https:\\\/\\\/secure.gravatar.com\\\/avatar\\\/3859401686883dbd8076c2e625e0365be0dfac18bea72e75083833b81bf7c3a7?s=96&d=mm&r=g\",\"contentUrl\":\"https:\\\/\\\/secure.gravatar.com\\\/avatar\\\/3859401686883dbd8076c2e625e0365be0dfac18bea72e75083833b81bf7c3a7?s=96&d=mm&r=g\",\"caption\":\"portsitg\"},\"url\":\"https:\\\/\\\/www.portdesitges.com\\\/ca\\\/author\\\/portsitg\\\/\"}]}<\/script>\n<!-- \/ Yoast SEO plugin. -->","yoast_head_json":{"title":"Els Concerts de Mitjanit tanquen el seu retorn amb gran \u00e8xit d\u2019assist\u00e8ncia - Port de Sitges - Aiguadol\u00e7","robots":{"index":"index","follow":"follow","max-snippet":"max-snippet:-1","max-image-preview":"max-image-preview:large","max-video-preview":"max-video-preview:-1"},"canonical":"https:\/\/www.portdesitges.com\/ca\/concerts-mitjanit-tanquen-retorn-gran-exit-dassistencia\/","og_locale":"ca_ES","og_type":"article","og_title":"Els Concerts de Mitjanit tanquen el seu retorn amb gran \u00e8xit d\u2019assist\u00e8ncia - Port de Sitges - Aiguadol\u00e7","og_url":"https:\/\/www.portdesitges.com\/ca\/concerts-mitjanit-tanquen-retorn-gran-exit-dassistencia\/","og_site_name":"Port de Sitges - Aiguadol\u00e7","article_published_time":"2016-08-16T12:04:33+00:00","og_image":[{"width":304,"height":300,"url":"https:\/\/www.portdesitges.com\/wp-content\/uploads\/2016\/08\/Concerts-Mitjanit-Sitges-3-300.jpg","type":"image\/jpeg"}],"author":"portsitg","twitter_card":"summary_large_image","twitter_misc":{"Escrit per":"portsitg","Temps estimat de lectura":"1 minut"},"schema":{"@context":"https:\/\/schema.org","@graph":[{"@type":"Article","@id":"https:\/\/www.portdesitges.com\/ca\/concerts-mitjanit-tanquen-retorn-gran-exit-dassistencia\/#article","isPartOf":{"@id":"https:\/\/www.portdesitges.com\/ca\/concerts-mitjanit-tanquen-retorn-gran-exit-dassistencia\/"},"author":{"name":"portsitg","@id":"https:\/\/www.portdesitges.com\/#\/schema\/person\/a9e788079fa8154d434e3acb5cc9a560"},"headline":"Els Concerts de Mitjanit tanquen el seu retorn amb gran \u00e8xit d\u2019assist\u00e8ncia","datePublished":"2016-08-16T12:04:33+00:00","mainEntityOfPage":{"@id":"https:\/\/www.portdesitges.com\/ca\/concerts-mitjanit-tanquen-retorn-gran-exit-dassistencia\/"},"wordCount":212,"image":{"@id":"https:\/\/www.portdesitges.com\/ca\/concerts-mitjanit-tanquen-retorn-gran-exit-dassistencia\/#primaryimage"},"thumbnailUrl":"https:\/\/www.portdesitges.com\/wp-content\/uploads\/2016\/08\/Concerts-Mitjanit-Sitges-3-300.jpg","inLanguage":"ca"},{"@type":"WebPage","@id":"https:\/\/www.portdesitges.com\/ca\/concerts-mitjanit-tanquen-retorn-gran-exit-dassistencia\/","url":"https:\/\/www.portdesitges.com\/ca\/concerts-mitjanit-tanquen-retorn-gran-exit-dassistencia\/","name":"Els Concerts de Mitjanit tanquen el seu retorn amb gran \u00e8xit d\u2019assist\u00e8ncia - Port de Sitges - Aiguadol\u00e7","isPartOf":{"@id":"https:\/\/www.portdesitges.com\/#website"},"primaryImageOfPage":{"@id":"https:\/\/www.portdesitges.com\/ca\/concerts-mitjanit-tanquen-retorn-gran-exit-dassistencia\/#primaryimage"},"image":{"@id":"https:\/\/www.portdesitges.com\/ca\/concerts-mitjanit-tanquen-retorn-gran-exit-dassistencia\/#primaryimage"},"thumbnailUrl":"https:\/\/www.portdesitges.com\/wp-content\/uploads\/2016\/08\/Concerts-Mitjanit-Sitges-3-300.jpg","datePublished":"2016-08-16T12:04:33+00:00","author":{"@id":"https:\/\/www.portdesitges.com\/#\/schema\/person\/a9e788079fa8154d434e3acb5cc9a560"},"breadcrumb":{"@id":"https:\/\/www.portdesitges.com\/ca\/concerts-mitjanit-tanquen-retorn-gran-exit-dassistencia\/#breadcrumb"},"inLanguage":"ca","potentialAction":[{"@type":"ReadAction","target":["https:\/\/www.portdesitges.com\/ca\/concerts-mitjanit-tanquen-retorn-gran-exit-dassistencia\/"]}]},{"@type":"ImageObject","inLanguage":"ca","@id":"https:\/\/www.portdesitges.com\/ca\/concerts-mitjanit-tanquen-retorn-gran-exit-dassistencia\/#primaryimage","url":"https:\/\/www.portdesitges.com\/wp-content\/uploads\/2016\/08\/Concerts-Mitjanit-Sitges-3-300.jpg","contentUrl":"https:\/\/www.portdesitges.com\/wp-content\/uploads\/2016\/08\/Concerts-Mitjanit-Sitges-3-300.jpg","width":304,"height":300},{"@type":"BreadcrumbList","@id":"https:\/\/www.portdesitges.com\/ca\/concerts-mitjanit-tanquen-retorn-gran-exit-dassistencia\/#breadcrumb","itemListElement":[{"@type":"ListItem","position":1,"name":"Portada","item":"https:\/\/www.portdesitges.com\/ca\/"},{"@type":"ListItem","position":2,"name":"Els Concerts de Mitjanit tanquen el seu retorn amb gran \u00e8xit d\u2019assist\u00e8ncia"}]},{"@type":"WebSite","@id":"https:\/\/www.portdesitges.com\/#website","url":"https:\/\/www.portdesitges.com\/","name":"Port de Sitges - Aiguadol\u00e7","description":"lugar donde el mar y la tierra se dan de la mano para crear un espacio \u00fanico y atractivo. Disfruta de un mar de experiencias.","potentialAction":[{"@type":"SearchAction","target":{"@type":"EntryPoint","urlTemplate":"https:\/\/www.portdesitges.com\/?s={search_term_string}"},"query-input":{"@type":"PropertyValueSpecification","valueRequired":true,"valueName":"search_term_string"}}],"inLanguage":"ca"},{"@type":"Person","@id":"https:\/\/www.portdesitges.com\/#\/schema\/person\/a9e788079fa8154d434e3acb5cc9a560","name":"portsitg","image":{"@type":"ImageObject","inLanguage":"ca","@id":"https:\/\/secure.gravatar.com\/avatar\/3859401686883dbd8076c2e625e0365be0dfac18bea72e75083833b81bf7c3a7?s=96&d=mm&r=g","url":"https:\/\/secure.gravatar.com\/avatar\/3859401686883dbd8076c2e625e0365be0dfac18bea72e75083833b81bf7c3a7?s=96&d=mm&r=g","contentUrl":"https:\/\/secure.gravatar.com\/avatar\/3859401686883dbd8076c2e625e0365be0dfac18bea72e75083833b81bf7c3a7?s=96&d=mm&r=g","caption":"portsitg"},"url":"https:\/\/www.portdesitges.com\/ca\/author\/portsitg\/"}]}},"_links":{"self":[{"href":"https:\/\/www.portdesitges.com\/ca\/wp-json\/wp\/v2\/posts\/4228","targetHints":{"allow":["GET"]}}],"collection":[{"href":"https:\/\/www.portdesitges.com\/ca\/wp-json\/wp\/v2\/posts"}],"about":[{"href":"https:\/\/www.portdesitges.com\/ca\/wp-json\/wp\/v2\/types\/post"}],"author":[{"embeddable":true,"href":"https:\/\/www.portdesitges.com\/ca\/wp-json\/wp\/v2\/users\/2"}],"replies":[{"embeddable":true,"href":"https:\/\/www.portdesitges.com\/ca\/wp-json\/wp\/v2\/comments?post=4228"}],"version-history":[{"count":0,"href":"https:\/\/www.portdesitges.com\/ca\/wp-json\/wp\/v2\/posts\/4228\/revisions"}],"wp:featuredmedia":[{"embeddable":true,"href":"https:\/\/www.portdesitges.com\/ca\/wp-json\/wp\/v2\/media\/4232"}],"wp:attachment":[{"href":"https:\/\/www.portdesitges.com\/ca\/wp-json\/wp\/v2\/media?parent=4228"}],"wp:term":[{"taxonomy":"category","embeddable":true,"href":"https:\/\/www.portdesitges.com\/ca\/wp-json\/wp\/v2\/categories?post=4228"},{"taxonomy":"post_tag","embeddable":true,"href":"https:\/\/www.portdesitges.com\/ca\/wp-json\/wp\/v2\/tags?post=4228"}],"curies":[{"name":"wp","href":"https:\/\/api.w.org\/{rel}","templated":true}]}}