{"id":4203,"date":"2016-08-03T13:15:52","date_gmt":"2016-08-03T13:15:52","guid":{"rendered":"http:\/\/www.portdesitges.com\/?p=4203"},"modified":"2016-08-03T13:15:52","modified_gmt":"2016-08-03T13:15:52","slug":"inma-ortiz-sitges-big-band-aixequen-public-dels-concerts-mitjanit","status":"publish","type":"post","link":"https:\/\/www.portdesitges.com\/ca\/inma-ortiz-sitges-big-band-aixequen-public-dels-concerts-mitjanit\/","title":{"rendered":"Inma Ortiz I la Sitges Big Band aixequen al p\u00fablic dels Concerts de Mitjanit"},"content":{"rendered":"<p><!--more--><\/p>\n<p>Dos nits amb l\u2019Auditori de Capitania dels Concerts de Mitjanit del Port de Sitges plens a vessar amb un p\u00fablic entregat, tant divendres amb l\u2019actuaci\u00f3 d\u2019Inma Ortiz que present\u00e0 un repertori d\u2019aire mediterrani que va mer\u00e8ixer l\u2019aprovaci\u00f3 dels assistents. Com tamb\u00e9 dissabte on per cinqu\u00e8 any consecutiu va actuar la Sitges Big Band amb un \u00e8xit absolut, aconseguint amb el seu ritme omplir amb m\u00e9s gent cada nova edici\u00f3 i aixecant-los de les cadires per fer-los ballar.<\/p>\n<p style=\"text-align: center;\"><a href=\"http:\/\/www.portdesitges.com\/port\/wp-content\/uploads\/2016\/08\/Concerts-Mitjanit-29.jpg\" rel=\"attachment wp-att-4204\"><img loading=\"lazy\" decoding=\"async\" class=\"alignnone size-medium wp-image-4204\" src=\"http:\/\/www.portdesitges.com\/port\/wp-content\/uploads\/2016\/08\/Concerts-Mitjanit-29-300x224.jpg\" alt=\"Concerts Mitjanit 29\" width=\"300\" height=\"224\" srcset=\"https:\/\/www.portdesitges.com\/wp-content\/uploads\/2016\/08\/Concerts-Mitjanit-29-300x224.jpg 300w, https:\/\/www.portdesitges.com\/wp-content\/uploads\/2016\/08\/Concerts-Mitjanit-29-1024x765.jpg 1024w, https:\/\/www.portdesitges.com\/wp-content\/uploads\/2016\/08\/Concerts-Mitjanit-29-768x574.jpg 768w, https:\/\/www.portdesitges.com\/wp-content\/uploads\/2016\/08\/Concerts-Mitjanit-29-1536x1147.jpg 1536w, https:\/\/www.portdesitges.com\/wp-content\/uploads\/2016\/08\/Concerts-Mitjanit-29.jpg 1600w\" sizes=\"auto, (max-width: 300px) 100vw, 300px\" \/><\/a><\/p>\n<p>Els Concerts de Mitjanit arriben al seu equador amb dos actuacions m\u00e9s, divendres 5 d\u2019agost a les 23:30h al Auditori de Capitania Isabel Vinardell &amp; Isabel Laudenbach, cobles, flamenc i boleros amb una interpretaci\u00f3 elegant que ens apropa a la banda sonora de les \u00faltimes d\u00e8cades. Dissabte 6 d\u2019agost a les 23:30h els assistents podran gaudir de la fant\u00e0stica veu de M\u00f3nica Guech, cantant i compositora catalana d\u2019origen brit\u00e0nic amb un repertori amb el millor Soul, Pop i R&amp;B, actualment est\u00e0 presentant el seu nou single en catal\u00e0 \u2018Humanitat\u2019. Dos fant\u00e0stiques propostes gratu\u00eftes per gaudir de la millor m\u00fasica vora el mar al Port de Sitges-Aiguadol\u00e7.<\/p>\n<p>Per a consultar la programaci\u00f3 visiteu la web oficial dels <a href=\"http:\/\/concertsdemitjanit.com\/\" target=\"_blank\" rel=\"noopener noreferrer\">Concerts de Mitjanit<\/a><\/p>\n","protected":false},"excerpt":{"rendered":"Dos nits amb l\u2019Auditori de Capitania dels Concerts de Mitjanit del Port de Sitges plens a vessar amb un p\u00fablic entregat, tant divendres amb l\u2019actuaci\u00f3 d\u2019Inma Ortiz que present\u00e0 un...","protected":false},"author":2,"featured_media":4205,"comment_status":"closed","ping_status":"closed","sticky":false,"template":"","format":"standard","meta":{"footnotes":""},"categories":[],"tags":[],"class_list":["post-4203","post","type-post","status-publish","format-standard","has-post-thumbnail"],"yoast_head":"<!-- This site is optimized with the Yoast SEO plugin v27.3 - https:\/\/yoast.com\/product\/yoast-seo-wordpress\/ -->\n<title>Inma Ortiz I la Sitges Big Band aixequen al p\u00fablic dels Concerts de Mitjanit - Port de Sitges - Aiguadol\u00e7<\/title>\n<meta name=\"robots\" content=\"index, follow, max-snippet:-1, max-image-preview:large, max-video-preview:-1\" \/>\n<link rel=\"canonical\" href=\"https:\/\/www.portdesitges.com\/ca\/inma-ortiz-sitges-big-band-aixequen-public-dels-concerts-mitjanit\/\" \/>\n<meta property=\"og:locale\" content=\"ca_ES\" \/>\n<meta property=\"og:type\" content=\"article\" \/>\n<meta property=\"og:title\" content=\"Inma Ortiz I la Sitges Big Band aixequen al p\u00fablic dels Concerts de Mitjanit - Port de Sitges - Aiguadol\u00e7\" \/>\n<meta property=\"og:url\" content=\"https:\/\/www.portdesitges.com\/ca\/inma-ortiz-sitges-big-band-aixequen-public-dels-concerts-mitjanit\/\" \/>\n<meta property=\"og:site_name\" content=\"Port de Sitges - Aiguadol\u00e7\" \/>\n<meta property=\"article:published_time\" content=\"2016-08-03T13:15:52+00:00\" \/>\n<meta property=\"og:image\" content=\"https:\/\/www.portdesitges.com\/wp-content\/uploads\/2016\/08\/Concerts-Mitjanit-29-300.jpg\" \/>\n\t<meta property=\"og:image:width\" content=\"332\" \/>\n\t<meta property=\"og:image:height\" content=\"300\" \/>\n\t<meta property=\"og:image:type\" content=\"image\/jpeg\" \/>\n<meta name=\"author\" content=\"portsitg\" \/>\n<meta name=\"twitter:card\" content=\"summary_large_image\" \/>\n<meta name=\"twitter:label1\" content=\"Escrit per\" \/>\n\t<meta name=\"twitter:data1\" content=\"portsitg\" \/>\n\t<meta name=\"twitter:label2\" content=\"Temps estimat de lectura\" \/>\n\t<meta name=\"twitter:data2\" content=\"1 minut\" \/>\n<script type=\"application\/ld+json\" class=\"yoast-schema-graph\">{\"@context\":\"https:\\\/\\\/schema.org\",\"@graph\":[{\"@type\":\"Article\",\"@id\":\"https:\\\/\\\/www.portdesitges.com\\\/ca\\\/inma-ortiz-sitges-big-band-aixequen-public-dels-concerts-mitjanit\\\/#article\",\"isPartOf\":{\"@id\":\"https:\\\/\\\/www.portdesitges.com\\\/ca\\\/inma-ortiz-sitges-big-band-aixequen-public-dels-concerts-mitjanit\\\/\"},\"author\":{\"name\":\"portsitg\",\"@id\":\"https:\\\/\\\/www.portdesitges.com\\\/#\\\/schema\\\/person\\\/a9e788079fa8154d434e3acb5cc9a560\"},\"headline\":\"Inma Ortiz I la Sitges Big Band aixequen al p\u00fablic dels Concerts de Mitjanit\",\"datePublished\":\"2016-08-03T13:15:52+00:00\",\"mainEntityOfPage\":{\"@id\":\"https:\\\/\\\/www.portdesitges.com\\\/ca\\\/inma-ortiz-sitges-big-band-aixequen-public-dels-concerts-mitjanit\\\/\"},\"wordCount\":230,\"image\":{\"@id\":\"https:\\\/\\\/www.portdesitges.com\\\/ca\\\/inma-ortiz-sitges-big-band-aixequen-public-dels-concerts-mitjanit\\\/#primaryimage\"},\"thumbnailUrl\":\"https:\\\/\\\/www.portdesitges.com\\\/wp-content\\\/uploads\\\/2016\\\/08\\\/Concerts-Mitjanit-29-300.jpg\",\"inLanguage\":\"ca\"},{\"@type\":\"WebPage\",\"@id\":\"https:\\\/\\\/www.portdesitges.com\\\/ca\\\/inma-ortiz-sitges-big-band-aixequen-public-dels-concerts-mitjanit\\\/\",\"url\":\"https:\\\/\\\/www.portdesitges.com\\\/ca\\\/inma-ortiz-sitges-big-band-aixequen-public-dels-concerts-mitjanit\\\/\",\"name\":\"Inma Ortiz I la Sitges Big Band aixequen al p\u00fablic dels Concerts de Mitjanit - Port de Sitges - Aiguadol\u00e7\",\"isPartOf\":{\"@id\":\"https:\\\/\\\/www.portdesitges.com\\\/#website\"},\"primaryImageOfPage\":{\"@id\":\"https:\\\/\\\/www.portdesitges.com\\\/ca\\\/inma-ortiz-sitges-big-band-aixequen-public-dels-concerts-mitjanit\\\/#primaryimage\"},\"image\":{\"@id\":\"https:\\\/\\\/www.portdesitges.com\\\/ca\\\/inma-ortiz-sitges-big-band-aixequen-public-dels-concerts-mitjanit\\\/#primaryimage\"},\"thumbnailUrl\":\"https:\\\/\\\/www.portdesitges.com\\\/wp-content\\\/uploads\\\/2016\\\/08\\\/Concerts-Mitjanit-29-300.jpg\",\"datePublished\":\"2016-08-03T13:15:52+00:00\",\"author\":{\"@id\":\"https:\\\/\\\/www.portdesitges.com\\\/#\\\/schema\\\/person\\\/a9e788079fa8154d434e3acb5cc9a560\"},\"breadcrumb\":{\"@id\":\"https:\\\/\\\/www.portdesitges.com\\\/ca\\\/inma-ortiz-sitges-big-band-aixequen-public-dels-concerts-mitjanit\\\/#breadcrumb\"},\"inLanguage\":\"ca\",\"potentialAction\":[{\"@type\":\"ReadAction\",\"target\":[\"https:\\\/\\\/www.portdesitges.com\\\/ca\\\/inma-ortiz-sitges-big-band-aixequen-public-dels-concerts-mitjanit\\\/\"]}]},{\"@type\":\"ImageObject\",\"inLanguage\":\"ca\",\"@id\":\"https:\\\/\\\/www.portdesitges.com\\\/ca\\\/inma-ortiz-sitges-big-band-aixequen-public-dels-concerts-mitjanit\\\/#primaryimage\",\"url\":\"https:\\\/\\\/www.portdesitges.com\\\/wp-content\\\/uploads\\\/2016\\\/08\\\/Concerts-Mitjanit-29-300.jpg\",\"contentUrl\":\"https:\\\/\\\/www.portdesitges.com\\\/wp-content\\\/uploads\\\/2016\\\/08\\\/Concerts-Mitjanit-29-300.jpg\",\"width\":332,\"height\":300},{\"@type\":\"BreadcrumbList\",\"@id\":\"https:\\\/\\\/www.portdesitges.com\\\/ca\\\/inma-ortiz-sitges-big-band-aixequen-public-dels-concerts-mitjanit\\\/#breadcrumb\",\"itemListElement\":[{\"@type\":\"ListItem\",\"position\":1,\"name\":\"Portada\",\"item\":\"https:\\\/\\\/www.portdesitges.com\\\/ca\\\/\"},{\"@type\":\"ListItem\",\"position\":2,\"name\":\"Inma Ortiz I la Sitges Big Band aixequen al p\u00fablic dels Concerts de Mitjanit\"}]},{\"@type\":\"WebSite\",\"@id\":\"https:\\\/\\\/www.portdesitges.com\\\/#website\",\"url\":\"https:\\\/\\\/www.portdesitges.com\\\/\",\"name\":\"Port de Sitges - Aiguadol\u00e7\",\"description\":\"lugar donde el mar y la tierra se dan de la mano para crear un espacio \u00fanico y atractivo. Disfruta de un mar de experiencias.\",\"potentialAction\":[{\"@type\":\"SearchAction\",\"target\":{\"@type\":\"EntryPoint\",\"urlTemplate\":\"https:\\\/\\\/www.portdesitges.com\\\/?s={search_term_string}\"},\"query-input\":{\"@type\":\"PropertyValueSpecification\",\"valueRequired\":true,\"valueName\":\"search_term_string\"}}],\"inLanguage\":\"ca\"},{\"@type\":\"Person\",\"@id\":\"https:\\\/\\\/www.portdesitges.com\\\/#\\\/schema\\\/person\\\/a9e788079fa8154d434e3acb5cc9a560\",\"name\":\"portsitg\",\"image\":{\"@type\":\"ImageObject\",\"inLanguage\":\"ca\",\"@id\":\"https:\\\/\\\/secure.gravatar.com\\\/avatar\\\/3859401686883dbd8076c2e625e0365be0dfac18bea72e75083833b81bf7c3a7?s=96&d=mm&r=g\",\"url\":\"https:\\\/\\\/secure.gravatar.com\\\/avatar\\\/3859401686883dbd8076c2e625e0365be0dfac18bea72e75083833b81bf7c3a7?s=96&d=mm&r=g\",\"contentUrl\":\"https:\\\/\\\/secure.gravatar.com\\\/avatar\\\/3859401686883dbd8076c2e625e0365be0dfac18bea72e75083833b81bf7c3a7?s=96&d=mm&r=g\",\"caption\":\"portsitg\"},\"url\":\"https:\\\/\\\/www.portdesitges.com\\\/ca\\\/author\\\/portsitg\\\/\"}]}<\/script>\n<!-- \/ Yoast SEO plugin. -->","yoast_head_json":{"title":"Inma Ortiz I la Sitges Big Band aixequen al p\u00fablic dels Concerts de Mitjanit - Port de Sitges - Aiguadol\u00e7","robots":{"index":"index","follow":"follow","max-snippet":"max-snippet:-1","max-image-preview":"max-image-preview:large","max-video-preview":"max-video-preview:-1"},"canonical":"https:\/\/www.portdesitges.com\/ca\/inma-ortiz-sitges-big-band-aixequen-public-dels-concerts-mitjanit\/","og_locale":"ca_ES","og_type":"article","og_title":"Inma Ortiz I la Sitges Big Band aixequen al p\u00fablic dels Concerts de Mitjanit - Port de Sitges - Aiguadol\u00e7","og_url":"https:\/\/www.portdesitges.com\/ca\/inma-ortiz-sitges-big-band-aixequen-public-dels-concerts-mitjanit\/","og_site_name":"Port de Sitges - Aiguadol\u00e7","article_published_time":"2016-08-03T13:15:52+00:00","og_image":[{"width":332,"height":300,"url":"https:\/\/www.portdesitges.com\/wp-content\/uploads\/2016\/08\/Concerts-Mitjanit-29-300.jpg","type":"image\/jpeg"}],"author":"portsitg","twitter_card":"summary_large_image","twitter_misc":{"Escrit per":"portsitg","Temps estimat de lectura":"1 minut"},"schema":{"@context":"https:\/\/schema.org","@graph":[{"@type":"Article","@id":"https:\/\/www.portdesitges.com\/ca\/inma-ortiz-sitges-big-band-aixequen-public-dels-concerts-mitjanit\/#article","isPartOf":{"@id":"https:\/\/www.portdesitges.com\/ca\/inma-ortiz-sitges-big-band-aixequen-public-dels-concerts-mitjanit\/"},"author":{"name":"portsitg","@id":"https:\/\/www.portdesitges.com\/#\/schema\/person\/a9e788079fa8154d434e3acb5cc9a560"},"headline":"Inma Ortiz I la Sitges Big Band aixequen al p\u00fablic dels Concerts de Mitjanit","datePublished":"2016-08-03T13:15:52+00:00","mainEntityOfPage":{"@id":"https:\/\/www.portdesitges.com\/ca\/inma-ortiz-sitges-big-band-aixequen-public-dels-concerts-mitjanit\/"},"wordCount":230,"image":{"@id":"https:\/\/www.portdesitges.com\/ca\/inma-ortiz-sitges-big-band-aixequen-public-dels-concerts-mitjanit\/#primaryimage"},"thumbnailUrl":"https:\/\/www.portdesitges.com\/wp-content\/uploads\/2016\/08\/Concerts-Mitjanit-29-300.jpg","inLanguage":"ca"},{"@type":"WebPage","@id":"https:\/\/www.portdesitges.com\/ca\/inma-ortiz-sitges-big-band-aixequen-public-dels-concerts-mitjanit\/","url":"https:\/\/www.portdesitges.com\/ca\/inma-ortiz-sitges-big-band-aixequen-public-dels-concerts-mitjanit\/","name":"Inma Ortiz I la Sitges Big Band aixequen al p\u00fablic dels Concerts de Mitjanit - Port de Sitges - Aiguadol\u00e7","isPartOf":{"@id":"https:\/\/www.portdesitges.com\/#website"},"primaryImageOfPage":{"@id":"https:\/\/www.portdesitges.com\/ca\/inma-ortiz-sitges-big-band-aixequen-public-dels-concerts-mitjanit\/#primaryimage"},"image":{"@id":"https:\/\/www.portdesitges.com\/ca\/inma-ortiz-sitges-big-band-aixequen-public-dels-concerts-mitjanit\/#primaryimage"},"thumbnailUrl":"https:\/\/www.portdesitges.com\/wp-content\/uploads\/2016\/08\/Concerts-Mitjanit-29-300.jpg","datePublished":"2016-08-03T13:15:52+00:00","author":{"@id":"https:\/\/www.portdesitges.com\/#\/schema\/person\/a9e788079fa8154d434e3acb5cc9a560"},"breadcrumb":{"@id":"https:\/\/www.portdesitges.com\/ca\/inma-ortiz-sitges-big-band-aixequen-public-dels-concerts-mitjanit\/#breadcrumb"},"inLanguage":"ca","potentialAction":[{"@type":"ReadAction","target":["https:\/\/www.portdesitges.com\/ca\/inma-ortiz-sitges-big-band-aixequen-public-dels-concerts-mitjanit\/"]}]},{"@type":"ImageObject","inLanguage":"ca","@id":"https:\/\/www.portdesitges.com\/ca\/inma-ortiz-sitges-big-band-aixequen-public-dels-concerts-mitjanit\/#primaryimage","url":"https:\/\/www.portdesitges.com\/wp-content\/uploads\/2016\/08\/Concerts-Mitjanit-29-300.jpg","contentUrl":"https:\/\/www.portdesitges.com\/wp-content\/uploads\/2016\/08\/Concerts-Mitjanit-29-300.jpg","width":332,"height":300},{"@type":"BreadcrumbList","@id":"https:\/\/www.portdesitges.com\/ca\/inma-ortiz-sitges-big-band-aixequen-public-dels-concerts-mitjanit\/#breadcrumb","itemListElement":[{"@type":"ListItem","position":1,"name":"Portada","item":"https:\/\/www.portdesitges.com\/ca\/"},{"@type":"ListItem","position":2,"name":"Inma Ortiz I la Sitges Big Band aixequen al p\u00fablic dels Concerts de Mitjanit"}]},{"@type":"WebSite","@id":"https:\/\/www.portdesitges.com\/#website","url":"https:\/\/www.portdesitges.com\/","name":"Port de Sitges - Aiguadol\u00e7","description":"lugar donde el mar y la tierra se dan de la mano para crear un espacio \u00fanico y atractivo. Disfruta de un mar de experiencias.","potentialAction":[{"@type":"SearchAction","target":{"@type":"EntryPoint","urlTemplate":"https:\/\/www.portdesitges.com\/?s={search_term_string}"},"query-input":{"@type":"PropertyValueSpecification","valueRequired":true,"valueName":"search_term_string"}}],"inLanguage":"ca"},{"@type":"Person","@id":"https:\/\/www.portdesitges.com\/#\/schema\/person\/a9e788079fa8154d434e3acb5cc9a560","name":"portsitg","image":{"@type":"ImageObject","inLanguage":"ca","@id":"https:\/\/secure.gravatar.com\/avatar\/3859401686883dbd8076c2e625e0365be0dfac18bea72e75083833b81bf7c3a7?s=96&d=mm&r=g","url":"https:\/\/secure.gravatar.com\/avatar\/3859401686883dbd8076c2e625e0365be0dfac18bea72e75083833b81bf7c3a7?s=96&d=mm&r=g","contentUrl":"https:\/\/secure.gravatar.com\/avatar\/3859401686883dbd8076c2e625e0365be0dfac18bea72e75083833b81bf7c3a7?s=96&d=mm&r=g","caption":"portsitg"},"url":"https:\/\/www.portdesitges.com\/ca\/author\/portsitg\/"}]}},"_links":{"self":[{"href":"https:\/\/www.portdesitges.com\/ca\/wp-json\/wp\/v2\/posts\/4203","targetHints":{"allow":["GET"]}}],"collection":[{"href":"https:\/\/www.portdesitges.com\/ca\/wp-json\/wp\/v2\/posts"}],"about":[{"href":"https:\/\/www.portdesitges.com\/ca\/wp-json\/wp\/v2\/types\/post"}],"author":[{"embeddable":true,"href":"https:\/\/www.portdesitges.com\/ca\/wp-json\/wp\/v2\/users\/2"}],"replies":[{"embeddable":true,"href":"https:\/\/www.portdesitges.com\/ca\/wp-json\/wp\/v2\/comments?post=4203"}],"version-history":[{"count":0,"href":"https:\/\/www.portdesitges.com\/ca\/wp-json\/wp\/v2\/posts\/4203\/revisions"}],"wp:featuredmedia":[{"embeddable":true,"href":"https:\/\/www.portdesitges.com\/ca\/wp-json\/wp\/v2\/media\/4205"}],"wp:attachment":[{"href":"https:\/\/www.portdesitges.com\/ca\/wp-json\/wp\/v2\/media?parent=4203"}],"wp:term":[{"taxonomy":"category","embeddable":true,"href":"https:\/\/www.portdesitges.com\/ca\/wp-json\/wp\/v2\/categories?post=4203"},{"taxonomy":"post_tag","embeddable":true,"href":"https:\/\/www.portdesitges.com\/ca\/wp-json\/wp\/v2\/tags?post=4203"}],"curies":[{"name":"wp","href":"https:\/\/api.w.org\/{rel}","templated":true}]}}