{"id":4155,"date":"2016-07-19T15:22:16","date_gmt":"2016-07-19T15:22:16","guid":{"rendered":"http:\/\/www.portdesitges.com\/?p=4155"},"modified":"2016-07-19T15:22:16","modified_gmt":"2016-07-19T15:22:16","slug":"segon-cap-setmana-dels-concerts-mitjanit-simpregna-millor-jazz-soul","status":"publish","type":"post","link":"https:\/\/www.portdesitges.com\/ca\/segon-cap-setmana-dels-concerts-mitjanit-simpregna-millor-jazz-soul\/","title":{"rendered":"El segon cap de setmana dels Concerts de Mitjanit s&#8217;impregna del millor Jazz i Soul"},"content":{"rendered":"<p><!--more--><\/p>\n<p><em>El passat cap de setmana es va celebrar la festivitat de la Verge del Carmen amb process\u00f3 marinera, havaneres, cremat de rom i una gran aflu\u00e8ncia de p\u00fablic<\/em><\/p>\n<p>El festival Concerts de Mitjanit que se celebra aquest estiu al Port de Sitges-Aiguadol\u00e7 ens porta en el seu segon cap de setmana dues actuacions del millor Jazz i Soul.<\/p>\n<p>Divendres 22 de juliol a les 23:30h al Auditori de Capitania actua Mariana Amaral, amb un projecte que neix de la trobada de m\u00fasics interessats en l&#8217;elaboraci\u00f3 de temes de la m\u00fasica brasilera influenciats pel jazz, d&#8217;aqu\u00ed va sorgir un repertori sofisticat i alegre alhora. La interpretaci\u00f3 de la brasilera Mariana Amaral, juntament amb els m\u00fasics que l\u2019acompanyen, permet una experi\u00e8ncia musical de proximitat amb el p\u00fablic, creant un molt bon ambient en els seus espectacles.<\/p>\n<p style=\"text-align: center;\"><a href=\"http:\/\/www.portdesitges.com\/port\/wp-content\/uploads\/2016\/07\/Gigi.png\" rel=\"attachment wp-att-4156\"><img loading=\"lazy\" decoding=\"async\" class=\"alignnone size-full wp-image-4156\" src=\"http:\/\/www.portdesitges.com\/port\/wp-content\/uploads\/2016\/07\/Gigi.png\" alt=\"Concerts de Mitjanit\" width=\"282\" height=\"281\" srcset=\"https:\/\/www.portdesitges.com\/wp-content\/uploads\/2016\/07\/Gigi.png 282w, https:\/\/www.portdesitges.com\/wp-content\/uploads\/2016\/07\/Gigi-150x150.png 150w, https:\/\/www.portdesitges.com\/wp-content\/uploads\/2016\/07\/Gigi-100x100.png 100w, https:\/\/www.portdesitges.com\/wp-content\/uploads\/2016\/07\/Gigi-140x140.png 140w\" sizes=\"auto, (max-width: 282px) 100vw, 282px\" \/><\/a><\/p>\n<p>Dissabte 23 a les 23h al Auditori de Capitania presentem a Gigi McFarlane, cantautora de Londres amb arrels jamaicanes acompanyada per la frescor del baix i compositor Juanlu Leprevost (Calima).Una mescla de funk, soul i m\u00fasica de ball amb can\u00e7ons originals i versions de tota la vida interpretades amb una combinaci\u00f3 d&#8217;ac\u00fastic plena de for\u00e7a i sensualitat.<\/p>\n<p>El passat cap de setmana es van inaugurar els Concerts de Mitjanit amb la festivitat de la Verge del Carmen, una celebraci\u00f3 que va ser tot un \u00e8xit durant la qual els assistents van gaudir de la process\u00f3 marinera, havaneres i un cremat de rom.<\/p>\n<p>&nbsp;<\/p>\n<p>M\u00e9s informaci\u00f3 a <a href=\"http:\/\/www.concertsdemitjanit.com\">www.concertsdemitjanit.com<\/a><\/p>\n","protected":false},"excerpt":{"rendered":"El passat cap de setmana es va celebrar la festivitat de la Verge del Carmen amb process\u00f3 marinera, havaneres, cremat de rom i una gran aflu\u00e8ncia de p\u00fablic El festival...","protected":false},"author":2,"featured_media":4157,"comment_status":"closed","ping_status":"closed","sticky":false,"template":"","format":"standard","meta":{"footnotes":""},"categories":[],"tags":[],"class_list":["post-4155","post","type-post","status-publish","format-standard","has-post-thumbnail"],"yoast_head":"<!-- This site is optimized with the Yoast SEO plugin v27.3 - https:\/\/yoast.com\/product\/yoast-seo-wordpress\/ -->\n<title>El segon cap de setmana dels Concerts de Mitjanit s&#039;impregna del millor Jazz i Soul - Port de Sitges - Aiguadol\u00e7<\/title>\n<meta name=\"robots\" content=\"index, follow, max-snippet:-1, max-image-preview:large, max-video-preview:-1\" \/>\n<link rel=\"canonical\" href=\"https:\/\/www.portdesitges.com\/ca\/segon-cap-setmana-dels-concerts-mitjanit-simpregna-millor-jazz-soul\/\" \/>\n<meta property=\"og:locale\" content=\"ca_ES\" \/>\n<meta property=\"og:type\" content=\"article\" \/>\n<meta property=\"og:title\" content=\"El segon cap de setmana dels Concerts de Mitjanit s&#039;impregna del millor Jazz i Soul - Port de Sitges - Aiguadol\u00e7\" \/>\n<meta property=\"og:url\" content=\"https:\/\/www.portdesitges.com\/ca\/segon-cap-setmana-dels-concerts-mitjanit-simpregna-millor-jazz-soul\/\" \/>\n<meta property=\"og:site_name\" content=\"Port de Sitges - Aiguadol\u00e7\" \/>\n<meta property=\"article:published_time\" content=\"2016-07-19T15:22:16+00:00\" \/>\n<meta property=\"og:image\" content=\"https:\/\/www.portdesitges.com\/wp-content\/uploads\/2016\/07\/Gigi-300.jpg\" \/>\n\t<meta property=\"og:image:width\" content=\"300\" \/>\n\t<meta property=\"og:image:height\" content=\"298\" \/>\n\t<meta property=\"og:image:type\" content=\"image\/jpeg\" \/>\n<meta name=\"author\" content=\"portsitg\" \/>\n<meta name=\"twitter:card\" content=\"summary_large_image\" \/>\n<meta name=\"twitter:label1\" content=\"Escrit per\" \/>\n\t<meta name=\"twitter:data1\" content=\"portsitg\" \/>\n\t<meta name=\"twitter:label2\" content=\"Temps estimat de lectura\" \/>\n\t<meta name=\"twitter:data2\" content=\"1 minut\" \/>\n<script type=\"application\/ld+json\" class=\"yoast-schema-graph\">{\"@context\":\"https:\\\/\\\/schema.org\",\"@graph\":[{\"@type\":\"Article\",\"@id\":\"https:\\\/\\\/www.portdesitges.com\\\/ca\\\/segon-cap-setmana-dels-concerts-mitjanit-simpregna-millor-jazz-soul\\\/#article\",\"isPartOf\":{\"@id\":\"https:\\\/\\\/www.portdesitges.com\\\/ca\\\/segon-cap-setmana-dels-concerts-mitjanit-simpregna-millor-jazz-soul\\\/\"},\"author\":{\"name\":\"portsitg\",\"@id\":\"https:\\\/\\\/www.portdesitges.com\\\/#\\\/schema\\\/person\\\/a9e788079fa8154d434e3acb5cc9a560\"},\"headline\":\"El segon cap de setmana dels Concerts de Mitjanit s&#8217;impregna del millor Jazz i Soul\",\"datePublished\":\"2016-07-19T15:22:16+00:00\",\"mainEntityOfPage\":{\"@id\":\"https:\\\/\\\/www.portdesitges.com\\\/ca\\\/segon-cap-setmana-dels-concerts-mitjanit-simpregna-millor-jazz-soul\\\/\"},\"wordCount\":274,\"image\":{\"@id\":\"https:\\\/\\\/www.portdesitges.com\\\/ca\\\/segon-cap-setmana-dels-concerts-mitjanit-simpregna-millor-jazz-soul\\\/#primaryimage\"},\"thumbnailUrl\":\"https:\\\/\\\/www.portdesitges.com\\\/wp-content\\\/uploads\\\/2016\\\/07\\\/Gigi-300.jpg\",\"inLanguage\":\"ca\"},{\"@type\":\"WebPage\",\"@id\":\"https:\\\/\\\/www.portdesitges.com\\\/ca\\\/segon-cap-setmana-dels-concerts-mitjanit-simpregna-millor-jazz-soul\\\/\",\"url\":\"https:\\\/\\\/www.portdesitges.com\\\/ca\\\/segon-cap-setmana-dels-concerts-mitjanit-simpregna-millor-jazz-soul\\\/\",\"name\":\"El segon cap de setmana dels Concerts de Mitjanit s'impregna del millor Jazz i Soul - Port de Sitges - Aiguadol\u00e7\",\"isPartOf\":{\"@id\":\"https:\\\/\\\/www.portdesitges.com\\\/#website\"},\"primaryImageOfPage\":{\"@id\":\"https:\\\/\\\/www.portdesitges.com\\\/ca\\\/segon-cap-setmana-dels-concerts-mitjanit-simpregna-millor-jazz-soul\\\/#primaryimage\"},\"image\":{\"@id\":\"https:\\\/\\\/www.portdesitges.com\\\/ca\\\/segon-cap-setmana-dels-concerts-mitjanit-simpregna-millor-jazz-soul\\\/#primaryimage\"},\"thumbnailUrl\":\"https:\\\/\\\/www.portdesitges.com\\\/wp-content\\\/uploads\\\/2016\\\/07\\\/Gigi-300.jpg\",\"datePublished\":\"2016-07-19T15:22:16+00:00\",\"author\":{\"@id\":\"https:\\\/\\\/www.portdesitges.com\\\/#\\\/schema\\\/person\\\/a9e788079fa8154d434e3acb5cc9a560\"},\"breadcrumb\":{\"@id\":\"https:\\\/\\\/www.portdesitges.com\\\/ca\\\/segon-cap-setmana-dels-concerts-mitjanit-simpregna-millor-jazz-soul\\\/#breadcrumb\"},\"inLanguage\":\"ca\",\"potentialAction\":[{\"@type\":\"ReadAction\",\"target\":[\"https:\\\/\\\/www.portdesitges.com\\\/ca\\\/segon-cap-setmana-dels-concerts-mitjanit-simpregna-millor-jazz-soul\\\/\"]}]},{\"@type\":\"ImageObject\",\"inLanguage\":\"ca\",\"@id\":\"https:\\\/\\\/www.portdesitges.com\\\/ca\\\/segon-cap-setmana-dels-concerts-mitjanit-simpregna-millor-jazz-soul\\\/#primaryimage\",\"url\":\"https:\\\/\\\/www.portdesitges.com\\\/wp-content\\\/uploads\\\/2016\\\/07\\\/Gigi-300.jpg\",\"contentUrl\":\"https:\\\/\\\/www.portdesitges.com\\\/wp-content\\\/uploads\\\/2016\\\/07\\\/Gigi-300.jpg\",\"width\":300,\"height\":298},{\"@type\":\"BreadcrumbList\",\"@id\":\"https:\\\/\\\/www.portdesitges.com\\\/ca\\\/segon-cap-setmana-dels-concerts-mitjanit-simpregna-millor-jazz-soul\\\/#breadcrumb\",\"itemListElement\":[{\"@type\":\"ListItem\",\"position\":1,\"name\":\"Portada\",\"item\":\"https:\\\/\\\/www.portdesitges.com\\\/ca\\\/\"},{\"@type\":\"ListItem\",\"position\":2,\"name\":\"El segon cap de setmana dels Concerts de Mitjanit s&#8217;impregna del millor Jazz i Soul\"}]},{\"@type\":\"WebSite\",\"@id\":\"https:\\\/\\\/www.portdesitges.com\\\/#website\",\"url\":\"https:\\\/\\\/www.portdesitges.com\\\/\",\"name\":\"Port de Sitges - Aiguadol\u00e7\",\"description\":\"lugar donde el mar y la tierra se dan de la mano para crear un espacio \u00fanico y atractivo. Disfruta de un mar de experiencias.\",\"potentialAction\":[{\"@type\":\"SearchAction\",\"target\":{\"@type\":\"EntryPoint\",\"urlTemplate\":\"https:\\\/\\\/www.portdesitges.com\\\/?s={search_term_string}\"},\"query-input\":{\"@type\":\"PropertyValueSpecification\",\"valueRequired\":true,\"valueName\":\"search_term_string\"}}],\"inLanguage\":\"ca\"},{\"@type\":\"Person\",\"@id\":\"https:\\\/\\\/www.portdesitges.com\\\/#\\\/schema\\\/person\\\/a9e788079fa8154d434e3acb5cc9a560\",\"name\":\"portsitg\",\"image\":{\"@type\":\"ImageObject\",\"inLanguage\":\"ca\",\"@id\":\"https:\\\/\\\/secure.gravatar.com\\\/avatar\\\/3859401686883dbd8076c2e625e0365be0dfac18bea72e75083833b81bf7c3a7?s=96&d=mm&r=g\",\"url\":\"https:\\\/\\\/secure.gravatar.com\\\/avatar\\\/3859401686883dbd8076c2e625e0365be0dfac18bea72e75083833b81bf7c3a7?s=96&d=mm&r=g\",\"contentUrl\":\"https:\\\/\\\/secure.gravatar.com\\\/avatar\\\/3859401686883dbd8076c2e625e0365be0dfac18bea72e75083833b81bf7c3a7?s=96&d=mm&r=g\",\"caption\":\"portsitg\"},\"url\":\"https:\\\/\\\/www.portdesitges.com\\\/ca\\\/author\\\/portsitg\\\/\"}]}<\/script>\n<!-- \/ Yoast SEO plugin. -->","yoast_head_json":{"title":"El segon cap de setmana dels Concerts de Mitjanit s'impregna del millor Jazz i Soul - Port de Sitges - Aiguadol\u00e7","robots":{"index":"index","follow":"follow","max-snippet":"max-snippet:-1","max-image-preview":"max-image-preview:large","max-video-preview":"max-video-preview:-1"},"canonical":"https:\/\/www.portdesitges.com\/ca\/segon-cap-setmana-dels-concerts-mitjanit-simpregna-millor-jazz-soul\/","og_locale":"ca_ES","og_type":"article","og_title":"El segon cap de setmana dels Concerts de Mitjanit s'impregna del millor Jazz i Soul - Port de Sitges - Aiguadol\u00e7","og_url":"https:\/\/www.portdesitges.com\/ca\/segon-cap-setmana-dels-concerts-mitjanit-simpregna-millor-jazz-soul\/","og_site_name":"Port de Sitges - Aiguadol\u00e7","article_published_time":"2016-07-19T15:22:16+00:00","og_image":[{"width":300,"height":298,"url":"https:\/\/www.portdesitges.com\/wp-content\/uploads\/2016\/07\/Gigi-300.jpg","type":"image\/jpeg"}],"author":"portsitg","twitter_card":"summary_large_image","twitter_misc":{"Escrit per":"portsitg","Temps estimat de lectura":"1 minut"},"schema":{"@context":"https:\/\/schema.org","@graph":[{"@type":"Article","@id":"https:\/\/www.portdesitges.com\/ca\/segon-cap-setmana-dels-concerts-mitjanit-simpregna-millor-jazz-soul\/#article","isPartOf":{"@id":"https:\/\/www.portdesitges.com\/ca\/segon-cap-setmana-dels-concerts-mitjanit-simpregna-millor-jazz-soul\/"},"author":{"name":"portsitg","@id":"https:\/\/www.portdesitges.com\/#\/schema\/person\/a9e788079fa8154d434e3acb5cc9a560"},"headline":"El segon cap de setmana dels Concerts de Mitjanit s&#8217;impregna del millor Jazz i Soul","datePublished":"2016-07-19T15:22:16+00:00","mainEntityOfPage":{"@id":"https:\/\/www.portdesitges.com\/ca\/segon-cap-setmana-dels-concerts-mitjanit-simpregna-millor-jazz-soul\/"},"wordCount":274,"image":{"@id":"https:\/\/www.portdesitges.com\/ca\/segon-cap-setmana-dels-concerts-mitjanit-simpregna-millor-jazz-soul\/#primaryimage"},"thumbnailUrl":"https:\/\/www.portdesitges.com\/wp-content\/uploads\/2016\/07\/Gigi-300.jpg","inLanguage":"ca"},{"@type":"WebPage","@id":"https:\/\/www.portdesitges.com\/ca\/segon-cap-setmana-dels-concerts-mitjanit-simpregna-millor-jazz-soul\/","url":"https:\/\/www.portdesitges.com\/ca\/segon-cap-setmana-dels-concerts-mitjanit-simpregna-millor-jazz-soul\/","name":"El segon cap de setmana dels Concerts de Mitjanit s'impregna del millor Jazz i Soul - Port de Sitges - Aiguadol\u00e7","isPartOf":{"@id":"https:\/\/www.portdesitges.com\/#website"},"primaryImageOfPage":{"@id":"https:\/\/www.portdesitges.com\/ca\/segon-cap-setmana-dels-concerts-mitjanit-simpregna-millor-jazz-soul\/#primaryimage"},"image":{"@id":"https:\/\/www.portdesitges.com\/ca\/segon-cap-setmana-dels-concerts-mitjanit-simpregna-millor-jazz-soul\/#primaryimage"},"thumbnailUrl":"https:\/\/www.portdesitges.com\/wp-content\/uploads\/2016\/07\/Gigi-300.jpg","datePublished":"2016-07-19T15:22:16+00:00","author":{"@id":"https:\/\/www.portdesitges.com\/#\/schema\/person\/a9e788079fa8154d434e3acb5cc9a560"},"breadcrumb":{"@id":"https:\/\/www.portdesitges.com\/ca\/segon-cap-setmana-dels-concerts-mitjanit-simpregna-millor-jazz-soul\/#breadcrumb"},"inLanguage":"ca","potentialAction":[{"@type":"ReadAction","target":["https:\/\/www.portdesitges.com\/ca\/segon-cap-setmana-dels-concerts-mitjanit-simpregna-millor-jazz-soul\/"]}]},{"@type":"ImageObject","inLanguage":"ca","@id":"https:\/\/www.portdesitges.com\/ca\/segon-cap-setmana-dels-concerts-mitjanit-simpregna-millor-jazz-soul\/#primaryimage","url":"https:\/\/www.portdesitges.com\/wp-content\/uploads\/2016\/07\/Gigi-300.jpg","contentUrl":"https:\/\/www.portdesitges.com\/wp-content\/uploads\/2016\/07\/Gigi-300.jpg","width":300,"height":298},{"@type":"BreadcrumbList","@id":"https:\/\/www.portdesitges.com\/ca\/segon-cap-setmana-dels-concerts-mitjanit-simpregna-millor-jazz-soul\/#breadcrumb","itemListElement":[{"@type":"ListItem","position":1,"name":"Portada","item":"https:\/\/www.portdesitges.com\/ca\/"},{"@type":"ListItem","position":2,"name":"El segon cap de setmana dels Concerts de Mitjanit s&#8217;impregna del millor Jazz i Soul"}]},{"@type":"WebSite","@id":"https:\/\/www.portdesitges.com\/#website","url":"https:\/\/www.portdesitges.com\/","name":"Port de Sitges - Aiguadol\u00e7","description":"lugar donde el mar y la tierra se dan de la mano para crear un espacio \u00fanico y atractivo. Disfruta de un mar de experiencias.","potentialAction":[{"@type":"SearchAction","target":{"@type":"EntryPoint","urlTemplate":"https:\/\/www.portdesitges.com\/?s={search_term_string}"},"query-input":{"@type":"PropertyValueSpecification","valueRequired":true,"valueName":"search_term_string"}}],"inLanguage":"ca"},{"@type":"Person","@id":"https:\/\/www.portdesitges.com\/#\/schema\/person\/a9e788079fa8154d434e3acb5cc9a560","name":"portsitg","image":{"@type":"ImageObject","inLanguage":"ca","@id":"https:\/\/secure.gravatar.com\/avatar\/3859401686883dbd8076c2e625e0365be0dfac18bea72e75083833b81bf7c3a7?s=96&d=mm&r=g","url":"https:\/\/secure.gravatar.com\/avatar\/3859401686883dbd8076c2e625e0365be0dfac18bea72e75083833b81bf7c3a7?s=96&d=mm&r=g","contentUrl":"https:\/\/secure.gravatar.com\/avatar\/3859401686883dbd8076c2e625e0365be0dfac18bea72e75083833b81bf7c3a7?s=96&d=mm&r=g","caption":"portsitg"},"url":"https:\/\/www.portdesitges.com\/ca\/author\/portsitg\/"}]}},"_links":{"self":[{"href":"https:\/\/www.portdesitges.com\/ca\/wp-json\/wp\/v2\/posts\/4155","targetHints":{"allow":["GET"]}}],"collection":[{"href":"https:\/\/www.portdesitges.com\/ca\/wp-json\/wp\/v2\/posts"}],"about":[{"href":"https:\/\/www.portdesitges.com\/ca\/wp-json\/wp\/v2\/types\/post"}],"author":[{"embeddable":true,"href":"https:\/\/www.portdesitges.com\/ca\/wp-json\/wp\/v2\/users\/2"}],"replies":[{"embeddable":true,"href":"https:\/\/www.portdesitges.com\/ca\/wp-json\/wp\/v2\/comments?post=4155"}],"version-history":[{"count":0,"href":"https:\/\/www.portdesitges.com\/ca\/wp-json\/wp\/v2\/posts\/4155\/revisions"}],"wp:featuredmedia":[{"embeddable":true,"href":"https:\/\/www.portdesitges.com\/ca\/wp-json\/wp\/v2\/media\/4157"}],"wp:attachment":[{"href":"https:\/\/www.portdesitges.com\/ca\/wp-json\/wp\/v2\/media?parent=4155"}],"wp:term":[{"taxonomy":"category","embeddable":true,"href":"https:\/\/www.portdesitges.com\/ca\/wp-json\/wp\/v2\/categories?post=4155"},{"taxonomy":"post_tag","embeddable":true,"href":"https:\/\/www.portdesitges.com\/ca\/wp-json\/wp\/v2\/tags?post=4155"}],"curies":[{"name":"wp","href":"https:\/\/api.w.org\/{rel}","templated":true}]}}