{"id":4142,"date":"2016-07-11T21:13:30","date_gmt":"2016-07-11T21:13:30","guid":{"rendered":"http:\/\/www.portdesitges.com\/?p=4142"},"modified":"2016-07-11T21:13:30","modified_gmt":"2016-07-11T21:13:30","slug":"concerts-mitja-nit-tornen-aquest-estiu-port-sitges","status":"publish","type":"post","link":"https:\/\/www.portdesitges.com\/ca\/concerts-mitja-nit-tornen-aquest-estiu-port-sitges\/","title":{"rendered":"Els Concerts de Mitjanit tornen aquest estiu al Port de Sitges"},"content":{"rendered":"<p><!--more--><\/p>\n<p>La Fundaci\u00f3 Cultural Port de Sitges-Aiguadol\u00e7 t\u00e9 el plaer de tornar a presentar el seu festival de m\u00fasica m\u00e9s emblem\u00e0tic, els CONCERTS DE MITJANIT que es duran a terme al port entre el <strong>16 de juliol i el 14 d\u2019agost de 2016 amb entrada gratu\u00efta<\/strong>. Despr\u00e9s d\u2019una aturada de tres anys aquest 2016 presentem un festival reformat i readaptat al moment en qu\u00e8 vivim.<\/p>\n<p>L\u2019objectiu dels nous Concerts de Mitjanit \u00e9s oferir <strong>una proposta de gran qualitat, plural i allunyada d\u2019estereotips, en la qual tinguin cabuda diferents repertoris, tant cl\u00e0ssics com moderns i de creaci\u00f3 contempor\u00e0nia<\/strong>. Aquest \u00e9s el gran canvi dins de Concerts de Mitjanit, no ser un festival nom\u00e9s de m\u00fasica cl\u00e0ssica.<\/p>\n<p>D\u2019aquesta forma es pret\u00e9n ampliar el nombre de persones que pugui gaudir de la cultura i dels espectacles en viu, donant al p\u00fablic la possibilitat d\u2019escoltar les grans peces de diferents estils musicals interpretades per artistes de gran qualitat, des de la process\u00f3 mar\u00edtima de la Verge del Carme, Havaneres, Jazz, Soul, la Sitges Big Band, la Gran Nit L\u00edrica i projecci\u00f3 de curts del Sitges Film Festival entre d\u2019altres propostes.<\/p>\n<p>Un total de <strong>deu activitats es duran a terme als dos espais habilitats per la ocasi\u00f3, l\u2019Auditori de Capitania i el Blue Cat Club<\/strong>, amb un ambient immillorable per gaudir d\u2019una oferta musical de qualitat vora el mar que omplir\u00e0 un any m\u00e9s de color i m\u00fasica el Port de Sitges.<\/p>\n<p>Tota la programaci\u00f3 a <a href=\"http:\/\/www.concertsdemitjanit.com\" target=\"_blank\" rel=\"noopener noreferrer\">www.concertsdemitjanit.com<\/a><\/p>\n<p style=\"text-align: center;\"><a href=\"http:\/\/www.portdesitges.com\/port\/wp-content\/uploads\/2016\/07\/Cartell-Concerts-de-Mitja-Nit.jpg\" rel=\"attachment wp-att-4143\"><img loading=\"lazy\" decoding=\"async\" class=\"alignnone size-medium wp-image-4143\" src=\"http:\/\/www.portdesitges.com\/port\/wp-content\/uploads\/2016\/07\/Cartell-Concerts-de-Mitja-Nit-212x300.jpg\" alt=\"Plantilla Cartell 2016-2\" width=\"212\" height=\"300\" srcset=\"https:\/\/www.portdesitges.com\/wp-content\/uploads\/2016\/07\/Cartell-Concerts-de-Mitja-Nit-212x300.jpg 212w, https:\/\/www.portdesitges.com\/wp-content\/uploads\/2016\/07\/Cartell-Concerts-de-Mitja-Nit-724x1024.jpg 724w, https:\/\/www.portdesitges.com\/wp-content\/uploads\/2016\/07\/Cartell-Concerts-de-Mitja-Nit-768x1086.jpg 768w, https:\/\/www.portdesitges.com\/wp-content\/uploads\/2016\/07\/Cartell-Concerts-de-Mitja-Nit.jpg 886w\" sizes=\"auto, (max-width: 212px) 100vw, 212px\" \/><\/a><\/p>\n","protected":false},"excerpt":{"rendered":"La Fundaci\u00f3 Cultural Port de Sitges-Aiguadol\u00e7 t\u00e9 el plaer de tornar a presentar el seu festival de m\u00fasica m\u00e9s emblem\u00e0tic, els CONCERTS DE MITJANIT que es duran a terme al...","protected":false},"author":2,"featured_media":4145,"comment_status":"closed","ping_status":"closed","sticky":false,"template":"","format":"standard","meta":{"footnotes":""},"categories":[],"tags":[],"class_list":["post-4142","post","type-post","status-publish","format-standard","has-post-thumbnail"],"yoast_head":"<!-- This site is optimized with the Yoast SEO plugin v27.3 - https:\/\/yoast.com\/product\/yoast-seo-wordpress\/ -->\n<title>Els Concerts de Mitjanit tornen aquest estiu al Port de Sitges - Port de Sitges - Aiguadol\u00e7<\/title>\n<meta name=\"robots\" content=\"index, follow, max-snippet:-1, max-image-preview:large, max-video-preview:-1\" \/>\n<link rel=\"canonical\" href=\"https:\/\/www.portdesitges.com\/ca\/concerts-mitja-nit-tornen-aquest-estiu-port-sitges\/\" \/>\n<meta property=\"og:locale\" content=\"ca_ES\" \/>\n<meta property=\"og:type\" content=\"article\" \/>\n<meta property=\"og:title\" content=\"Els Concerts de Mitjanit tornen aquest estiu al Port de Sitges - Port de Sitges - Aiguadol\u00e7\" \/>\n<meta property=\"og:url\" content=\"https:\/\/www.portdesitges.com\/ca\/concerts-mitja-nit-tornen-aquest-estiu-port-sitges\/\" \/>\n<meta property=\"og:site_name\" content=\"Port de Sitges - Aiguadol\u00e7\" \/>\n<meta property=\"article:published_time\" content=\"2016-07-11T21:13:30+00:00\" \/>\n<meta property=\"og:image\" content=\"https:\/\/www.portdesitges.com\/wp-content\/uploads\/2016\/07\/logoCM-1-300.jpg\" \/>\n\t<meta property=\"og:image:width\" content=\"431\" \/>\n\t<meta property=\"og:image:height\" content=\"200\" \/>\n\t<meta property=\"og:image:type\" content=\"image\/jpeg\" \/>\n<meta name=\"author\" content=\"portsitg\" \/>\n<meta name=\"twitter:card\" content=\"summary_large_image\" \/>\n<meta name=\"twitter:label1\" content=\"Escrit per\" \/>\n\t<meta name=\"twitter:data1\" content=\"portsitg\" \/>\n\t<meta name=\"twitter:label2\" content=\"Temps estimat de lectura\" \/>\n\t<meta name=\"twitter:data2\" content=\"1 minut\" \/>\n<script type=\"application\/ld+json\" class=\"yoast-schema-graph\">{\"@context\":\"https:\\\/\\\/schema.org\",\"@graph\":[{\"@type\":\"Article\",\"@id\":\"https:\\\/\\\/www.portdesitges.com\\\/ca\\\/concerts-mitja-nit-tornen-aquest-estiu-port-sitges\\\/#article\",\"isPartOf\":{\"@id\":\"https:\\\/\\\/www.portdesitges.com\\\/ca\\\/concerts-mitja-nit-tornen-aquest-estiu-port-sitges\\\/\"},\"author\":{\"name\":\"portsitg\",\"@id\":\"https:\\\/\\\/www.portdesitges.com\\\/#\\\/schema\\\/person\\\/a9e788079fa8154d434e3acb5cc9a560\"},\"headline\":\"Els Concerts de Mitjanit tornen aquest estiu al Port de Sitges\",\"datePublished\":\"2016-07-11T21:13:30+00:00\",\"mainEntityOfPage\":{\"@id\":\"https:\\\/\\\/www.portdesitges.com\\\/ca\\\/concerts-mitja-nit-tornen-aquest-estiu-port-sitges\\\/\"},\"wordCount\":275,\"image\":{\"@id\":\"https:\\\/\\\/www.portdesitges.com\\\/ca\\\/concerts-mitja-nit-tornen-aquest-estiu-port-sitges\\\/#primaryimage\"},\"thumbnailUrl\":\"https:\\\/\\\/www.portdesitges.com\\\/wp-content\\\/uploads\\\/2016\\\/07\\\/logoCM-1-300.jpg\",\"inLanguage\":\"ca\"},{\"@type\":\"WebPage\",\"@id\":\"https:\\\/\\\/www.portdesitges.com\\\/ca\\\/concerts-mitja-nit-tornen-aquest-estiu-port-sitges\\\/\",\"url\":\"https:\\\/\\\/www.portdesitges.com\\\/ca\\\/concerts-mitja-nit-tornen-aquest-estiu-port-sitges\\\/\",\"name\":\"Els Concerts de Mitjanit tornen aquest estiu al Port de Sitges - Port de Sitges - Aiguadol\u00e7\",\"isPartOf\":{\"@id\":\"https:\\\/\\\/www.portdesitges.com\\\/#website\"},\"primaryImageOfPage\":{\"@id\":\"https:\\\/\\\/www.portdesitges.com\\\/ca\\\/concerts-mitja-nit-tornen-aquest-estiu-port-sitges\\\/#primaryimage\"},\"image\":{\"@id\":\"https:\\\/\\\/www.portdesitges.com\\\/ca\\\/concerts-mitja-nit-tornen-aquest-estiu-port-sitges\\\/#primaryimage\"},\"thumbnailUrl\":\"https:\\\/\\\/www.portdesitges.com\\\/wp-content\\\/uploads\\\/2016\\\/07\\\/logoCM-1-300.jpg\",\"datePublished\":\"2016-07-11T21:13:30+00:00\",\"author\":{\"@id\":\"https:\\\/\\\/www.portdesitges.com\\\/#\\\/schema\\\/person\\\/a9e788079fa8154d434e3acb5cc9a560\"},\"breadcrumb\":{\"@id\":\"https:\\\/\\\/www.portdesitges.com\\\/ca\\\/concerts-mitja-nit-tornen-aquest-estiu-port-sitges\\\/#breadcrumb\"},\"inLanguage\":\"ca\",\"potentialAction\":[{\"@type\":\"ReadAction\",\"target\":[\"https:\\\/\\\/www.portdesitges.com\\\/ca\\\/concerts-mitja-nit-tornen-aquest-estiu-port-sitges\\\/\"]}]},{\"@type\":\"ImageObject\",\"inLanguage\":\"ca\",\"@id\":\"https:\\\/\\\/www.portdesitges.com\\\/ca\\\/concerts-mitja-nit-tornen-aquest-estiu-port-sitges\\\/#primaryimage\",\"url\":\"https:\\\/\\\/www.portdesitges.com\\\/wp-content\\\/uploads\\\/2016\\\/07\\\/logoCM-1-300.jpg\",\"contentUrl\":\"https:\\\/\\\/www.portdesitges.com\\\/wp-content\\\/uploads\\\/2016\\\/07\\\/logoCM-1-300.jpg\",\"width\":431,\"height\":200},{\"@type\":\"BreadcrumbList\",\"@id\":\"https:\\\/\\\/www.portdesitges.com\\\/ca\\\/concerts-mitja-nit-tornen-aquest-estiu-port-sitges\\\/#breadcrumb\",\"itemListElement\":[{\"@type\":\"ListItem\",\"position\":1,\"name\":\"Portada\",\"item\":\"https:\\\/\\\/www.portdesitges.com\\\/ca\\\/\"},{\"@type\":\"ListItem\",\"position\":2,\"name\":\"Els Concerts de Mitjanit tornen aquest estiu al Port de Sitges\"}]},{\"@type\":\"WebSite\",\"@id\":\"https:\\\/\\\/www.portdesitges.com\\\/#website\",\"url\":\"https:\\\/\\\/www.portdesitges.com\\\/\",\"name\":\"Port de Sitges - Aiguadol\u00e7\",\"description\":\"lugar donde el mar y la tierra se dan de la mano para crear un espacio \u00fanico y atractivo. Disfruta de un mar de experiencias.\",\"potentialAction\":[{\"@type\":\"SearchAction\",\"target\":{\"@type\":\"EntryPoint\",\"urlTemplate\":\"https:\\\/\\\/www.portdesitges.com\\\/?s={search_term_string}\"},\"query-input\":{\"@type\":\"PropertyValueSpecification\",\"valueRequired\":true,\"valueName\":\"search_term_string\"}}],\"inLanguage\":\"ca\"},{\"@type\":\"Person\",\"@id\":\"https:\\\/\\\/www.portdesitges.com\\\/#\\\/schema\\\/person\\\/a9e788079fa8154d434e3acb5cc9a560\",\"name\":\"portsitg\",\"image\":{\"@type\":\"ImageObject\",\"inLanguage\":\"ca\",\"@id\":\"https:\\\/\\\/secure.gravatar.com\\\/avatar\\\/3859401686883dbd8076c2e625e0365be0dfac18bea72e75083833b81bf7c3a7?s=96&d=mm&r=g\",\"url\":\"https:\\\/\\\/secure.gravatar.com\\\/avatar\\\/3859401686883dbd8076c2e625e0365be0dfac18bea72e75083833b81bf7c3a7?s=96&d=mm&r=g\",\"contentUrl\":\"https:\\\/\\\/secure.gravatar.com\\\/avatar\\\/3859401686883dbd8076c2e625e0365be0dfac18bea72e75083833b81bf7c3a7?s=96&d=mm&r=g\",\"caption\":\"portsitg\"},\"url\":\"https:\\\/\\\/www.portdesitges.com\\\/ca\\\/author\\\/portsitg\\\/\"}]}<\/script>\n<!-- \/ Yoast SEO plugin. -->","yoast_head_json":{"title":"Els Concerts de Mitjanit tornen aquest estiu al Port de Sitges - Port de Sitges - Aiguadol\u00e7","robots":{"index":"index","follow":"follow","max-snippet":"max-snippet:-1","max-image-preview":"max-image-preview:large","max-video-preview":"max-video-preview:-1"},"canonical":"https:\/\/www.portdesitges.com\/ca\/concerts-mitja-nit-tornen-aquest-estiu-port-sitges\/","og_locale":"ca_ES","og_type":"article","og_title":"Els Concerts de Mitjanit tornen aquest estiu al Port de Sitges - Port de Sitges - Aiguadol\u00e7","og_url":"https:\/\/www.portdesitges.com\/ca\/concerts-mitja-nit-tornen-aquest-estiu-port-sitges\/","og_site_name":"Port de Sitges - Aiguadol\u00e7","article_published_time":"2016-07-11T21:13:30+00:00","og_image":[{"width":431,"height":200,"url":"https:\/\/www.portdesitges.com\/wp-content\/uploads\/2016\/07\/logoCM-1-300.jpg","type":"image\/jpeg"}],"author":"portsitg","twitter_card":"summary_large_image","twitter_misc":{"Escrit per":"portsitg","Temps estimat de lectura":"1 minut"},"schema":{"@context":"https:\/\/schema.org","@graph":[{"@type":"Article","@id":"https:\/\/www.portdesitges.com\/ca\/concerts-mitja-nit-tornen-aquest-estiu-port-sitges\/#article","isPartOf":{"@id":"https:\/\/www.portdesitges.com\/ca\/concerts-mitja-nit-tornen-aquest-estiu-port-sitges\/"},"author":{"name":"portsitg","@id":"https:\/\/www.portdesitges.com\/#\/schema\/person\/a9e788079fa8154d434e3acb5cc9a560"},"headline":"Els Concerts de Mitjanit tornen aquest estiu al Port de Sitges","datePublished":"2016-07-11T21:13:30+00:00","mainEntityOfPage":{"@id":"https:\/\/www.portdesitges.com\/ca\/concerts-mitja-nit-tornen-aquest-estiu-port-sitges\/"},"wordCount":275,"image":{"@id":"https:\/\/www.portdesitges.com\/ca\/concerts-mitja-nit-tornen-aquest-estiu-port-sitges\/#primaryimage"},"thumbnailUrl":"https:\/\/www.portdesitges.com\/wp-content\/uploads\/2016\/07\/logoCM-1-300.jpg","inLanguage":"ca"},{"@type":"WebPage","@id":"https:\/\/www.portdesitges.com\/ca\/concerts-mitja-nit-tornen-aquest-estiu-port-sitges\/","url":"https:\/\/www.portdesitges.com\/ca\/concerts-mitja-nit-tornen-aquest-estiu-port-sitges\/","name":"Els Concerts de Mitjanit tornen aquest estiu al Port de Sitges - Port de Sitges - Aiguadol\u00e7","isPartOf":{"@id":"https:\/\/www.portdesitges.com\/#website"},"primaryImageOfPage":{"@id":"https:\/\/www.portdesitges.com\/ca\/concerts-mitja-nit-tornen-aquest-estiu-port-sitges\/#primaryimage"},"image":{"@id":"https:\/\/www.portdesitges.com\/ca\/concerts-mitja-nit-tornen-aquest-estiu-port-sitges\/#primaryimage"},"thumbnailUrl":"https:\/\/www.portdesitges.com\/wp-content\/uploads\/2016\/07\/logoCM-1-300.jpg","datePublished":"2016-07-11T21:13:30+00:00","author":{"@id":"https:\/\/www.portdesitges.com\/#\/schema\/person\/a9e788079fa8154d434e3acb5cc9a560"},"breadcrumb":{"@id":"https:\/\/www.portdesitges.com\/ca\/concerts-mitja-nit-tornen-aquest-estiu-port-sitges\/#breadcrumb"},"inLanguage":"ca","potentialAction":[{"@type":"ReadAction","target":["https:\/\/www.portdesitges.com\/ca\/concerts-mitja-nit-tornen-aquest-estiu-port-sitges\/"]}]},{"@type":"ImageObject","inLanguage":"ca","@id":"https:\/\/www.portdesitges.com\/ca\/concerts-mitja-nit-tornen-aquest-estiu-port-sitges\/#primaryimage","url":"https:\/\/www.portdesitges.com\/wp-content\/uploads\/2016\/07\/logoCM-1-300.jpg","contentUrl":"https:\/\/www.portdesitges.com\/wp-content\/uploads\/2016\/07\/logoCM-1-300.jpg","width":431,"height":200},{"@type":"BreadcrumbList","@id":"https:\/\/www.portdesitges.com\/ca\/concerts-mitja-nit-tornen-aquest-estiu-port-sitges\/#breadcrumb","itemListElement":[{"@type":"ListItem","position":1,"name":"Portada","item":"https:\/\/www.portdesitges.com\/ca\/"},{"@type":"ListItem","position":2,"name":"Els Concerts de Mitjanit tornen aquest estiu al Port de Sitges"}]},{"@type":"WebSite","@id":"https:\/\/www.portdesitges.com\/#website","url":"https:\/\/www.portdesitges.com\/","name":"Port de Sitges - Aiguadol\u00e7","description":"lugar donde el mar y la tierra se dan de la mano para crear un espacio \u00fanico y atractivo. Disfruta de un mar de experiencias.","potentialAction":[{"@type":"SearchAction","target":{"@type":"EntryPoint","urlTemplate":"https:\/\/www.portdesitges.com\/?s={search_term_string}"},"query-input":{"@type":"PropertyValueSpecification","valueRequired":true,"valueName":"search_term_string"}}],"inLanguage":"ca"},{"@type":"Person","@id":"https:\/\/www.portdesitges.com\/#\/schema\/person\/a9e788079fa8154d434e3acb5cc9a560","name":"portsitg","image":{"@type":"ImageObject","inLanguage":"ca","@id":"https:\/\/secure.gravatar.com\/avatar\/3859401686883dbd8076c2e625e0365be0dfac18bea72e75083833b81bf7c3a7?s=96&d=mm&r=g","url":"https:\/\/secure.gravatar.com\/avatar\/3859401686883dbd8076c2e625e0365be0dfac18bea72e75083833b81bf7c3a7?s=96&d=mm&r=g","contentUrl":"https:\/\/secure.gravatar.com\/avatar\/3859401686883dbd8076c2e625e0365be0dfac18bea72e75083833b81bf7c3a7?s=96&d=mm&r=g","caption":"portsitg"},"url":"https:\/\/www.portdesitges.com\/ca\/author\/portsitg\/"}]}},"_links":{"self":[{"href":"https:\/\/www.portdesitges.com\/ca\/wp-json\/wp\/v2\/posts\/4142","targetHints":{"allow":["GET"]}}],"collection":[{"href":"https:\/\/www.portdesitges.com\/ca\/wp-json\/wp\/v2\/posts"}],"about":[{"href":"https:\/\/www.portdesitges.com\/ca\/wp-json\/wp\/v2\/types\/post"}],"author":[{"embeddable":true,"href":"https:\/\/www.portdesitges.com\/ca\/wp-json\/wp\/v2\/users\/2"}],"replies":[{"embeddable":true,"href":"https:\/\/www.portdesitges.com\/ca\/wp-json\/wp\/v2\/comments?post=4142"}],"version-history":[{"count":0,"href":"https:\/\/www.portdesitges.com\/ca\/wp-json\/wp\/v2\/posts\/4142\/revisions"}],"wp:featuredmedia":[{"embeddable":true,"href":"https:\/\/www.portdesitges.com\/ca\/wp-json\/wp\/v2\/media\/4145"}],"wp:attachment":[{"href":"https:\/\/www.portdesitges.com\/ca\/wp-json\/wp\/v2\/media?parent=4142"}],"wp:term":[{"taxonomy":"category","embeddable":true,"href":"https:\/\/www.portdesitges.com\/ca\/wp-json\/wp\/v2\/categories?post=4142"},{"taxonomy":"post_tag","embeddable":true,"href":"https:\/\/www.portdesitges.com\/ca\/wp-json\/wp\/v2\/tags?post=4142"}],"curies":[{"name":"wp","href":"https:\/\/api.w.org\/{rel}","templated":true}]}}