{"id":3981,"date":"2016-06-21T14:23:53","date_gmt":"2016-06-21T14:23:53","guid":{"rendered":"http:\/\/www.portdesitges.com\/?p=3981"},"modified":"2016-06-21T14:23:53","modified_gmt":"2016-06-21T14:23:53","slug":"fira-magic-summer-arriba-port-sitges","status":"publish","type":"post","link":"https:\/\/www.portdesitges.com\/ca\/fira-magic-summer-arriba-port-sitges\/","title":{"rendered":"La Fira Magic Summer arriba al Port de Sitges"},"content":{"rendered":"<p><!--more--><\/p>\n<p>Del 23 al 25 de juny el Port de Sitges-Aiguadol\u00e7 acull el Fira Magic Summer, un esdeveniment sobre esoterisme, nova espiritualitat i ter\u00e0pies alternatives. La setmana passada es va celebrar l\u2019acte de presentaci\u00f3 als mitjans on el periodista especialitzat en noves tecnologies i enigmes, Carlos Mesa, va mostrar un tastet del taller que oferir\u00e0 durant la fira \u2018Aparells sorprenents de l\u2019antiguitat\u2019, que inclou l\u2019exposici\u00f3 d\u2019algunes m\u00e0quines. Tamb\u00e9 es va invocar la m\u00e0gia de Sant Joan i el mag druida Jos\u00e9 Luis Nuag va realitzar un petit ritual per atreure la bona sort.<\/p>\n<p style=\"text-align: center;\"><a href=\"http:\/\/www.portdesitges.com\/port\/wp-content\/uploads\/2016\/06\/Cartel_MAGICSummer254x329.jpg\" rel=\"attachment wp-att-4002\"><img loading=\"lazy\" decoding=\"async\" class=\"alignnone size-medium wp-image-4002\" src=\"http:\/\/www.portdesitges.com\/port\/wp-content\/uploads\/2016\/06\/Cartel_MAGICSummer254x329-232x300.jpg\" alt=\"Cartel 254x329 - imagen.indd\" width=\"232\" height=\"300\" srcset=\"https:\/\/www.portdesitges.com\/wp-content\/uploads\/2016\/06\/Cartel_MAGICSummer254x329-232x300.jpg 232w, https:\/\/www.portdesitges.com\/wp-content\/uploads\/2016\/06\/Cartel_MAGICSummer254x329-791x1024.jpg 791w, https:\/\/www.portdesitges.com\/wp-content\/uploads\/2016\/06\/Cartel_MAGICSummer254x329-768x995.jpg 768w, https:\/\/www.portdesitges.com\/wp-content\/uploads\/2016\/06\/Cartel_MAGICSummer254x329-1186x1536.jpg 1186w, https:\/\/www.portdesitges.com\/wp-content\/uploads\/2016\/06\/Cartel_MAGICSummer254x329-1581x2048.jpg 1581w, https:\/\/www.portdesitges.com\/wp-content\/uploads\/2016\/06\/Cartel_MAGICSummer254x329-scaled.jpg 1976w\" sizes=\"auto, (max-width: 232px) 100vw, 232px\" \/><\/a><\/p>\n","protected":false},"excerpt":{"rendered":"Del 23 al 25 de juny el Port de Sitges-Aiguadol\u00e7 acull el Fira Magic Summer, un esdeveniment sobre esoterisme, nova espiritualitat i ter\u00e0pies alternatives. La setmana passada es va celebrar...","protected":false},"author":2,"featured_media":4017,"comment_status":"closed","ping_status":"closed","sticky":false,"template":"","format":"standard","meta":{"footnotes":""},"categories":[],"tags":[],"class_list":["post-3981","post","type-post","status-publish","format-standard","has-post-thumbnail"],"yoast_head":"<!-- This site is optimized with the Yoast SEO plugin v27.3 - https:\/\/yoast.com\/product\/yoast-seo-wordpress\/ -->\n<title>La Fira Magic Summer arriba al Port de Sitges - Port de Sitges - Aiguadol\u00e7<\/title>\n<meta name=\"robots\" content=\"index, follow, max-snippet:-1, max-image-preview:large, max-video-preview:-1\" \/>\n<link rel=\"canonical\" href=\"https:\/\/www.portdesitges.com\/ca\/fira-magic-summer-arriba-port-sitges\/\" \/>\n<meta property=\"og:locale\" content=\"ca_ES\" \/>\n<meta property=\"og:type\" content=\"article\" \/>\n<meta property=\"og:title\" content=\"La Fira Magic Summer arriba al Port de Sitges - Port de Sitges - Aiguadol\u00e7\" \/>\n<meta property=\"og:url\" content=\"https:\/\/www.portdesitges.com\/ca\/fira-magic-summer-arriba-port-sitges\/\" \/>\n<meta property=\"og:site_name\" content=\"Port de Sitges - Aiguadol\u00e7\" \/>\n<meta property=\"article:published_time\" content=\"2016-06-21T14:23:53+00:00\" \/>\n<meta property=\"og:image\" content=\"https:\/\/www.portdesitges.com\/wp-content\/uploads\/2016\/06\/Cartel_MAGICSummer-300.jpg\" \/>\n\t<meta property=\"og:image:width\" content=\"300\" \/>\n\t<meta property=\"og:image:height\" content=\"374\" \/>\n\t<meta property=\"og:image:type\" content=\"image\/jpeg\" \/>\n<meta name=\"author\" content=\"portsitg\" \/>\n<meta name=\"twitter:card\" content=\"summary_large_image\" \/>\n<meta name=\"twitter:label1\" content=\"Escrit per\" \/>\n\t<meta name=\"twitter:data1\" content=\"portsitg\" \/>\n<script type=\"application\/ld+json\" class=\"yoast-schema-graph\">{\"@context\":\"https:\\\/\\\/schema.org\",\"@graph\":[{\"@type\":\"Article\",\"@id\":\"https:\\\/\\\/www.portdesitges.com\\\/ca\\\/fira-magic-summer-arriba-port-sitges\\\/#article\",\"isPartOf\":{\"@id\":\"https:\\\/\\\/www.portdesitges.com\\\/ca\\\/fira-magic-summer-arriba-port-sitges\\\/\"},\"author\":{\"name\":\"portsitg\",\"@id\":\"https:\\\/\\\/www.portdesitges.com\\\/#\\\/schema\\\/person\\\/a9e788079fa8154d434e3acb5cc9a560\"},\"headline\":\"La Fira Magic Summer arriba al Port de Sitges\",\"datePublished\":\"2016-06-21T14:23:53+00:00\",\"mainEntityOfPage\":{\"@id\":\"https:\\\/\\\/www.portdesitges.com\\\/ca\\\/fira-magic-summer-arriba-port-sitges\\\/\"},\"wordCount\":106,\"image\":{\"@id\":\"https:\\\/\\\/www.portdesitges.com\\\/ca\\\/fira-magic-summer-arriba-port-sitges\\\/#primaryimage\"},\"thumbnailUrl\":\"https:\\\/\\\/www.portdesitges.com\\\/wp-content\\\/uploads\\\/2016\\\/06\\\/Cartel_MAGICSummer-300.jpg\",\"inLanguage\":\"ca\"},{\"@type\":\"WebPage\",\"@id\":\"https:\\\/\\\/www.portdesitges.com\\\/ca\\\/fira-magic-summer-arriba-port-sitges\\\/\",\"url\":\"https:\\\/\\\/www.portdesitges.com\\\/ca\\\/fira-magic-summer-arriba-port-sitges\\\/\",\"name\":\"La Fira Magic Summer arriba al Port de Sitges - Port de Sitges - Aiguadol\u00e7\",\"isPartOf\":{\"@id\":\"https:\\\/\\\/www.portdesitges.com\\\/#website\"},\"primaryImageOfPage\":{\"@id\":\"https:\\\/\\\/www.portdesitges.com\\\/ca\\\/fira-magic-summer-arriba-port-sitges\\\/#primaryimage\"},\"image\":{\"@id\":\"https:\\\/\\\/www.portdesitges.com\\\/ca\\\/fira-magic-summer-arriba-port-sitges\\\/#primaryimage\"},\"thumbnailUrl\":\"https:\\\/\\\/www.portdesitges.com\\\/wp-content\\\/uploads\\\/2016\\\/06\\\/Cartel_MAGICSummer-300.jpg\",\"datePublished\":\"2016-06-21T14:23:53+00:00\",\"author\":{\"@id\":\"https:\\\/\\\/www.portdesitges.com\\\/#\\\/schema\\\/person\\\/a9e788079fa8154d434e3acb5cc9a560\"},\"breadcrumb\":{\"@id\":\"https:\\\/\\\/www.portdesitges.com\\\/ca\\\/fira-magic-summer-arriba-port-sitges\\\/#breadcrumb\"},\"inLanguage\":\"ca\",\"potentialAction\":[{\"@type\":\"ReadAction\",\"target\":[\"https:\\\/\\\/www.portdesitges.com\\\/ca\\\/fira-magic-summer-arriba-port-sitges\\\/\"]}]},{\"@type\":\"ImageObject\",\"inLanguage\":\"ca\",\"@id\":\"https:\\\/\\\/www.portdesitges.com\\\/ca\\\/fira-magic-summer-arriba-port-sitges\\\/#primaryimage\",\"url\":\"https:\\\/\\\/www.portdesitges.com\\\/wp-content\\\/uploads\\\/2016\\\/06\\\/Cartel_MAGICSummer-300.jpg\",\"contentUrl\":\"https:\\\/\\\/www.portdesitges.com\\\/wp-content\\\/uploads\\\/2016\\\/06\\\/Cartel_MAGICSummer-300.jpg\",\"width\":300,\"height\":374},{\"@type\":\"BreadcrumbList\",\"@id\":\"https:\\\/\\\/www.portdesitges.com\\\/ca\\\/fira-magic-summer-arriba-port-sitges\\\/#breadcrumb\",\"itemListElement\":[{\"@type\":\"ListItem\",\"position\":1,\"name\":\"Portada\",\"item\":\"https:\\\/\\\/www.portdesitges.com\\\/ca\\\/\"},{\"@type\":\"ListItem\",\"position\":2,\"name\":\"La Fira Magic Summer arriba al Port de Sitges\"}]},{\"@type\":\"WebSite\",\"@id\":\"https:\\\/\\\/www.portdesitges.com\\\/#website\",\"url\":\"https:\\\/\\\/www.portdesitges.com\\\/\",\"name\":\"Port de Sitges - Aiguadol\u00e7\",\"description\":\"lugar donde el mar y la tierra se dan de la mano para crear un espacio \u00fanico y atractivo. Disfruta de un mar de experiencias.\",\"potentialAction\":[{\"@type\":\"SearchAction\",\"target\":{\"@type\":\"EntryPoint\",\"urlTemplate\":\"https:\\\/\\\/www.portdesitges.com\\\/?s={search_term_string}\"},\"query-input\":{\"@type\":\"PropertyValueSpecification\",\"valueRequired\":true,\"valueName\":\"search_term_string\"}}],\"inLanguage\":\"ca\"},{\"@type\":\"Person\",\"@id\":\"https:\\\/\\\/www.portdesitges.com\\\/#\\\/schema\\\/person\\\/a9e788079fa8154d434e3acb5cc9a560\",\"name\":\"portsitg\",\"image\":{\"@type\":\"ImageObject\",\"inLanguage\":\"ca\",\"@id\":\"https:\\\/\\\/secure.gravatar.com\\\/avatar\\\/3859401686883dbd8076c2e625e0365be0dfac18bea72e75083833b81bf7c3a7?s=96&d=mm&r=g\",\"url\":\"https:\\\/\\\/secure.gravatar.com\\\/avatar\\\/3859401686883dbd8076c2e625e0365be0dfac18bea72e75083833b81bf7c3a7?s=96&d=mm&r=g\",\"contentUrl\":\"https:\\\/\\\/secure.gravatar.com\\\/avatar\\\/3859401686883dbd8076c2e625e0365be0dfac18bea72e75083833b81bf7c3a7?s=96&d=mm&r=g\",\"caption\":\"portsitg\"},\"url\":\"https:\\\/\\\/www.portdesitges.com\\\/ca\\\/author\\\/portsitg\\\/\"}]}<\/script>\n<!-- \/ Yoast SEO plugin. -->","yoast_head_json":{"title":"La Fira Magic Summer arriba al Port de Sitges - Port de Sitges - Aiguadol\u00e7","robots":{"index":"index","follow":"follow","max-snippet":"max-snippet:-1","max-image-preview":"max-image-preview:large","max-video-preview":"max-video-preview:-1"},"canonical":"https:\/\/www.portdesitges.com\/ca\/fira-magic-summer-arriba-port-sitges\/","og_locale":"ca_ES","og_type":"article","og_title":"La Fira Magic Summer arriba al Port de Sitges - Port de Sitges - Aiguadol\u00e7","og_url":"https:\/\/www.portdesitges.com\/ca\/fira-magic-summer-arriba-port-sitges\/","og_site_name":"Port de Sitges - Aiguadol\u00e7","article_published_time":"2016-06-21T14:23:53+00:00","og_image":[{"width":300,"height":374,"url":"https:\/\/www.portdesitges.com\/wp-content\/uploads\/2016\/06\/Cartel_MAGICSummer-300.jpg","type":"image\/jpeg"}],"author":"portsitg","twitter_card":"summary_large_image","twitter_misc":{"Escrit per":"portsitg"},"schema":{"@context":"https:\/\/schema.org","@graph":[{"@type":"Article","@id":"https:\/\/www.portdesitges.com\/ca\/fira-magic-summer-arriba-port-sitges\/#article","isPartOf":{"@id":"https:\/\/www.portdesitges.com\/ca\/fira-magic-summer-arriba-port-sitges\/"},"author":{"name":"portsitg","@id":"https:\/\/www.portdesitges.com\/#\/schema\/person\/a9e788079fa8154d434e3acb5cc9a560"},"headline":"La Fira Magic Summer arriba al Port de Sitges","datePublished":"2016-06-21T14:23:53+00:00","mainEntityOfPage":{"@id":"https:\/\/www.portdesitges.com\/ca\/fira-magic-summer-arriba-port-sitges\/"},"wordCount":106,"image":{"@id":"https:\/\/www.portdesitges.com\/ca\/fira-magic-summer-arriba-port-sitges\/#primaryimage"},"thumbnailUrl":"https:\/\/www.portdesitges.com\/wp-content\/uploads\/2016\/06\/Cartel_MAGICSummer-300.jpg","inLanguage":"ca"},{"@type":"WebPage","@id":"https:\/\/www.portdesitges.com\/ca\/fira-magic-summer-arriba-port-sitges\/","url":"https:\/\/www.portdesitges.com\/ca\/fira-magic-summer-arriba-port-sitges\/","name":"La Fira Magic Summer arriba al Port de Sitges - Port de Sitges - Aiguadol\u00e7","isPartOf":{"@id":"https:\/\/www.portdesitges.com\/#website"},"primaryImageOfPage":{"@id":"https:\/\/www.portdesitges.com\/ca\/fira-magic-summer-arriba-port-sitges\/#primaryimage"},"image":{"@id":"https:\/\/www.portdesitges.com\/ca\/fira-magic-summer-arriba-port-sitges\/#primaryimage"},"thumbnailUrl":"https:\/\/www.portdesitges.com\/wp-content\/uploads\/2016\/06\/Cartel_MAGICSummer-300.jpg","datePublished":"2016-06-21T14:23:53+00:00","author":{"@id":"https:\/\/www.portdesitges.com\/#\/schema\/person\/a9e788079fa8154d434e3acb5cc9a560"},"breadcrumb":{"@id":"https:\/\/www.portdesitges.com\/ca\/fira-magic-summer-arriba-port-sitges\/#breadcrumb"},"inLanguage":"ca","potentialAction":[{"@type":"ReadAction","target":["https:\/\/www.portdesitges.com\/ca\/fira-magic-summer-arriba-port-sitges\/"]}]},{"@type":"ImageObject","inLanguage":"ca","@id":"https:\/\/www.portdesitges.com\/ca\/fira-magic-summer-arriba-port-sitges\/#primaryimage","url":"https:\/\/www.portdesitges.com\/wp-content\/uploads\/2016\/06\/Cartel_MAGICSummer-300.jpg","contentUrl":"https:\/\/www.portdesitges.com\/wp-content\/uploads\/2016\/06\/Cartel_MAGICSummer-300.jpg","width":300,"height":374},{"@type":"BreadcrumbList","@id":"https:\/\/www.portdesitges.com\/ca\/fira-magic-summer-arriba-port-sitges\/#breadcrumb","itemListElement":[{"@type":"ListItem","position":1,"name":"Portada","item":"https:\/\/www.portdesitges.com\/ca\/"},{"@type":"ListItem","position":2,"name":"La Fira Magic Summer arriba al Port de Sitges"}]},{"@type":"WebSite","@id":"https:\/\/www.portdesitges.com\/#website","url":"https:\/\/www.portdesitges.com\/","name":"Port de Sitges - Aiguadol\u00e7","description":"lugar donde el mar y la tierra se dan de la mano para crear un espacio \u00fanico y atractivo. Disfruta de un mar de experiencias.","potentialAction":[{"@type":"SearchAction","target":{"@type":"EntryPoint","urlTemplate":"https:\/\/www.portdesitges.com\/?s={search_term_string}"},"query-input":{"@type":"PropertyValueSpecification","valueRequired":true,"valueName":"search_term_string"}}],"inLanguage":"ca"},{"@type":"Person","@id":"https:\/\/www.portdesitges.com\/#\/schema\/person\/a9e788079fa8154d434e3acb5cc9a560","name":"portsitg","image":{"@type":"ImageObject","inLanguage":"ca","@id":"https:\/\/secure.gravatar.com\/avatar\/3859401686883dbd8076c2e625e0365be0dfac18bea72e75083833b81bf7c3a7?s=96&d=mm&r=g","url":"https:\/\/secure.gravatar.com\/avatar\/3859401686883dbd8076c2e625e0365be0dfac18bea72e75083833b81bf7c3a7?s=96&d=mm&r=g","contentUrl":"https:\/\/secure.gravatar.com\/avatar\/3859401686883dbd8076c2e625e0365be0dfac18bea72e75083833b81bf7c3a7?s=96&d=mm&r=g","caption":"portsitg"},"url":"https:\/\/www.portdesitges.com\/ca\/author\/portsitg\/"}]}},"_links":{"self":[{"href":"https:\/\/www.portdesitges.com\/ca\/wp-json\/wp\/v2\/posts\/3981","targetHints":{"allow":["GET"]}}],"collection":[{"href":"https:\/\/www.portdesitges.com\/ca\/wp-json\/wp\/v2\/posts"}],"about":[{"href":"https:\/\/www.portdesitges.com\/ca\/wp-json\/wp\/v2\/types\/post"}],"author":[{"embeddable":true,"href":"https:\/\/www.portdesitges.com\/ca\/wp-json\/wp\/v2\/users\/2"}],"replies":[{"embeddable":true,"href":"https:\/\/www.portdesitges.com\/ca\/wp-json\/wp\/v2\/comments?post=3981"}],"version-history":[{"count":0,"href":"https:\/\/www.portdesitges.com\/ca\/wp-json\/wp\/v2\/posts\/3981\/revisions"}],"wp:featuredmedia":[{"embeddable":true,"href":"https:\/\/www.portdesitges.com\/ca\/wp-json\/wp\/v2\/media\/4017"}],"wp:attachment":[{"href":"https:\/\/www.portdesitges.com\/ca\/wp-json\/wp\/v2\/media?parent=3981"}],"wp:term":[{"taxonomy":"category","embeddable":true,"href":"https:\/\/www.portdesitges.com\/ca\/wp-json\/wp\/v2\/categories?post=3981"},{"taxonomy":"post_tag","embeddable":true,"href":"https:\/\/www.portdesitges.com\/ca\/wp-json\/wp\/v2\/tags?post=3981"}],"curies":[{"name":"wp","href":"https:\/\/api.w.org\/{rel}","templated":true}]}}