{"id":3961,"date":"2016-06-20T10:37:30","date_gmt":"2016-06-20T10:37:30","guid":{"rendered":"http:\/\/www.portdesitges.com\/?p=3961"},"modified":"2016-06-20T10:37:30","modified_gmt":"2016-06-20T10:37:30","slug":"port-sitges-aiguadolc-acull-sortida-regata-sitges-ciutadella","status":"publish","type":"post","link":"https:\/\/www.portdesitges.com\/ca\/port-sitges-aiguadolc-acull-sortida-regata-sitges-ciutadella\/","title":{"rendered":"El Port de Sitges-Aiguadol\u00e7 acull la sortida de la regata Sitges-Ciutadella"},"content":{"rendered":"<p><!--more--><\/p>\n<p>L&#8217;embarcaci\u00f3 del CN Vilanova \u2018El Papan\u2019 d&#8217;Emilio C\u00f3rdoba ha estat el triomfador de la classificaci\u00f3 general<\/p>\n<p>El Port de Sitges-Aiguadol\u00e7 va ser el punt de sortida de la regata Sitges-Ciutadella que ha guanyat \u2018El Papan\u2019 (CN Vilanova) amb Emilio C\u00f3rdoba, Jaume Llobet, Joan Cabrero, Fernando Monago, Mauricio Escobar i S\u00f2nia Llorens que van fer una regata molt r\u00e0pida, cobrint les 118 milles n\u00e0utiques que separen Sitges de Ciutadella en un temps real de 19 hores, 28 minuts i 58 segons. 17 velers van prendre sortida el passat divendres des del Port de Sitges on la nit pr\u00e8via es va realitzar el tradicional sopar de tripulacions al poblat mariner.<\/p>\n<p style=\"text-align: center;\">\n<p style=\"text-align: center;\"><a href=\"http:\/\/www.portdesitges.com\/port\/wp-content\/uploads\/2016\/06\/Regata-Sitges-Ciutadella.jpg\" rel=\"attachment wp-att-3965\"><img loading=\"lazy\" decoding=\"async\" class=\"alignnone size-medium wp-image-3965\" src=\"http:\/\/www.portdesitges.com\/port\/wp-content\/uploads\/2016\/06\/Regata-Sitges-Ciutadella-300x225.jpg\" alt=\"Regata Sitges Ciutadella\" width=\"300\" height=\"225\" srcset=\"https:\/\/www.portdesitges.com\/wp-content\/uploads\/2016\/06\/Regata-Sitges-Ciutadella-300x225.jpg 300w, https:\/\/www.portdesitges.com\/wp-content\/uploads\/2016\/06\/Regata-Sitges-Ciutadella.jpg 400w\" sizes=\"auto, (max-width: 300px) 100vw, 300px\" \/><\/a><a href=\"http:\/\/www.portdesitges.com\/port\/wp-content\/uploads\/2016\/06\/Sopar-regata-Sitges-Ciutadella.jpg\" rel=\"attachment wp-att-3966\"><img loading=\"lazy\" decoding=\"async\" class=\"alignnone size-medium wp-image-3966\" src=\"http:\/\/www.portdesitges.com\/port\/wp-content\/uploads\/2016\/06\/Sopar-regata-Sitges-Ciutadella-300x225.jpg\" alt=\"Sopar regata Sitges Ciutadella\" width=\"300\" height=\"225\" srcset=\"https:\/\/www.portdesitges.com\/wp-content\/uploads\/2016\/06\/Sopar-regata-Sitges-Ciutadella-300x225.jpg 300w, https:\/\/www.portdesitges.com\/wp-content\/uploads\/2016\/06\/Sopar-regata-Sitges-Ciutadella.jpg 400w\" sizes=\"auto, (max-width: 300px) 100vw, 300px\" \/><\/a><\/p>\n<p style=\"text-align: center;\"><a href=\"http:\/\/www.portdesitges.com\/port\/wp-content\/uploads\/2016\/06\/Sitges-Ciutadella-port.jpg\" rel=\"attachment wp-att-3967\"><img loading=\"lazy\" decoding=\"async\" class=\"alignnone size-medium wp-image-3967\" src=\"http:\/\/www.portdesitges.com\/port\/wp-content\/uploads\/2016\/06\/Sitges-Ciutadella-port-300x192.jpg\" alt=\"Sitges Ciutadella port\" width=\"300\" height=\"192\" srcset=\"https:\/\/www.portdesitges.com\/wp-content\/uploads\/2016\/06\/Sitges-Ciutadella-port-300x192.jpg 300w, https:\/\/www.portdesitges.com\/wp-content\/uploads\/2016\/06\/Sitges-Ciutadella-port.jpg 468w\" sizes=\"auto, (max-width: 300px) 100vw, 300px\" \/><\/a><\/p>\n","protected":false},"excerpt":{"rendered":"L'embarcaci\u00f3 del CN Vilanova \u2018El Papan\u2019 d'Emilio C\u00f3rdoba ha estat el triomfador de la classificaci\u00f3 general El Port de Sitges-Aiguadol\u00e7 va ser el punt de sortida de la regata Sitges-Ciutadella...","protected":false},"author":2,"featured_media":3968,"comment_status":"closed","ping_status":"closed","sticky":false,"template":"","format":"standard","meta":{"footnotes":""},"categories":[],"tags":[],"class_list":["post-3961","post","type-post","status-publish","format-standard","has-post-thumbnail"],"yoast_head":"<!-- This site is optimized with the Yoast SEO plugin v27.3 - https:\/\/yoast.com\/product\/yoast-seo-wordpress\/ -->\n<title>El Port de Sitges-Aiguadol\u00e7 acull la sortida de la regata Sitges-Ciutadella - Port de Sitges - Aiguadol\u00e7<\/title>\n<meta name=\"robots\" content=\"index, follow, max-snippet:-1, max-image-preview:large, max-video-preview:-1\" \/>\n<link rel=\"canonical\" href=\"https:\/\/www.portdesitges.com\/ca\/port-sitges-aiguadolc-acull-sortida-regata-sitges-ciutadella\/\" \/>\n<meta property=\"og:locale\" content=\"ca_ES\" \/>\n<meta property=\"og:type\" content=\"article\" \/>\n<meta property=\"og:title\" content=\"El Port de Sitges-Aiguadol\u00e7 acull la sortida de la regata Sitges-Ciutadella - Port de Sitges - Aiguadol\u00e7\" \/>\n<meta property=\"og:url\" content=\"https:\/\/www.portdesitges.com\/ca\/port-sitges-aiguadolc-acull-sortida-regata-sitges-ciutadella\/\" \/>\n<meta property=\"og:site_name\" content=\"Port de Sitges - Aiguadol\u00e7\" \/>\n<meta property=\"article:published_time\" content=\"2016-06-20T10:37:30+00:00\" \/>\n<meta property=\"og:image\" content=\"https:\/\/www.portdesitges.com\/wp-content\/uploads\/2016\/06\/Sitges-Ciutadella-300.jpg\" \/>\n\t<meta property=\"og:image:width\" content=\"310\" \/>\n\t<meta property=\"og:image:height\" content=\"300\" \/>\n\t<meta property=\"og:image:type\" content=\"image\/jpeg\" \/>\n<meta name=\"author\" content=\"portsitg\" \/>\n<meta name=\"twitter:card\" content=\"summary_large_image\" \/>\n<meta name=\"twitter:label1\" content=\"Escrit per\" \/>\n\t<meta name=\"twitter:data1\" content=\"portsitg\" \/>\n\t<meta name=\"twitter:label2\" content=\"Temps estimat de lectura\" \/>\n\t<meta name=\"twitter:data2\" content=\"1 minut\" \/>\n<script type=\"application\/ld+json\" class=\"yoast-schema-graph\">{\"@context\":\"https:\\\/\\\/schema.org\",\"@graph\":[{\"@type\":\"Article\",\"@id\":\"https:\\\/\\\/www.portdesitges.com\\\/ca\\\/port-sitges-aiguadolc-acull-sortida-regata-sitges-ciutadella\\\/#article\",\"isPartOf\":{\"@id\":\"https:\\\/\\\/www.portdesitges.com\\\/ca\\\/port-sitges-aiguadolc-acull-sortida-regata-sitges-ciutadella\\\/\"},\"author\":{\"name\":\"portsitg\",\"@id\":\"https:\\\/\\\/www.portdesitges.com\\\/#\\\/schema\\\/person\\\/a9e788079fa8154d434e3acb5cc9a560\"},\"headline\":\"El Port de Sitges-Aiguadol\u00e7 acull la sortida de la regata Sitges-Ciutadella\",\"datePublished\":\"2016-06-20T10:37:30+00:00\",\"mainEntityOfPage\":{\"@id\":\"https:\\\/\\\/www.portdesitges.com\\\/ca\\\/port-sitges-aiguadolc-acull-sortida-regata-sitges-ciutadella\\\/\"},\"wordCount\":122,\"image\":{\"@id\":\"https:\\\/\\\/www.portdesitges.com\\\/ca\\\/port-sitges-aiguadolc-acull-sortida-regata-sitges-ciutadella\\\/#primaryimage\"},\"thumbnailUrl\":\"https:\\\/\\\/www.portdesitges.com\\\/wp-content\\\/uploads\\\/2016\\\/06\\\/Sitges-Ciutadella-300.jpg\",\"inLanguage\":\"ca\"},{\"@type\":\"WebPage\",\"@id\":\"https:\\\/\\\/www.portdesitges.com\\\/ca\\\/port-sitges-aiguadolc-acull-sortida-regata-sitges-ciutadella\\\/\",\"url\":\"https:\\\/\\\/www.portdesitges.com\\\/ca\\\/port-sitges-aiguadolc-acull-sortida-regata-sitges-ciutadella\\\/\",\"name\":\"El Port de Sitges-Aiguadol\u00e7 acull la sortida de la regata Sitges-Ciutadella - Port de Sitges - Aiguadol\u00e7\",\"isPartOf\":{\"@id\":\"https:\\\/\\\/www.portdesitges.com\\\/#website\"},\"primaryImageOfPage\":{\"@id\":\"https:\\\/\\\/www.portdesitges.com\\\/ca\\\/port-sitges-aiguadolc-acull-sortida-regata-sitges-ciutadella\\\/#primaryimage\"},\"image\":{\"@id\":\"https:\\\/\\\/www.portdesitges.com\\\/ca\\\/port-sitges-aiguadolc-acull-sortida-regata-sitges-ciutadella\\\/#primaryimage\"},\"thumbnailUrl\":\"https:\\\/\\\/www.portdesitges.com\\\/wp-content\\\/uploads\\\/2016\\\/06\\\/Sitges-Ciutadella-300.jpg\",\"datePublished\":\"2016-06-20T10:37:30+00:00\",\"author\":{\"@id\":\"https:\\\/\\\/www.portdesitges.com\\\/#\\\/schema\\\/person\\\/a9e788079fa8154d434e3acb5cc9a560\"},\"breadcrumb\":{\"@id\":\"https:\\\/\\\/www.portdesitges.com\\\/ca\\\/port-sitges-aiguadolc-acull-sortida-regata-sitges-ciutadella\\\/#breadcrumb\"},\"inLanguage\":\"ca\",\"potentialAction\":[{\"@type\":\"ReadAction\",\"target\":[\"https:\\\/\\\/www.portdesitges.com\\\/ca\\\/port-sitges-aiguadolc-acull-sortida-regata-sitges-ciutadella\\\/\"]}]},{\"@type\":\"ImageObject\",\"inLanguage\":\"ca\",\"@id\":\"https:\\\/\\\/www.portdesitges.com\\\/ca\\\/port-sitges-aiguadolc-acull-sortida-regata-sitges-ciutadella\\\/#primaryimage\",\"url\":\"https:\\\/\\\/www.portdesitges.com\\\/wp-content\\\/uploads\\\/2016\\\/06\\\/Sitges-Ciutadella-300.jpg\",\"contentUrl\":\"https:\\\/\\\/www.portdesitges.com\\\/wp-content\\\/uploads\\\/2016\\\/06\\\/Sitges-Ciutadella-300.jpg\",\"width\":310,\"height\":300},{\"@type\":\"BreadcrumbList\",\"@id\":\"https:\\\/\\\/www.portdesitges.com\\\/ca\\\/port-sitges-aiguadolc-acull-sortida-regata-sitges-ciutadella\\\/#breadcrumb\",\"itemListElement\":[{\"@type\":\"ListItem\",\"position\":1,\"name\":\"Portada\",\"item\":\"https:\\\/\\\/www.portdesitges.com\\\/ca\\\/\"},{\"@type\":\"ListItem\",\"position\":2,\"name\":\"El Port de Sitges-Aiguadol\u00e7 acull la sortida de la regata Sitges-Ciutadella\"}]},{\"@type\":\"WebSite\",\"@id\":\"https:\\\/\\\/www.portdesitges.com\\\/#website\",\"url\":\"https:\\\/\\\/www.portdesitges.com\\\/\",\"name\":\"Port de Sitges - Aiguadol\u00e7\",\"description\":\"lugar donde el mar y la tierra se dan de la mano para crear un espacio \u00fanico y atractivo. Disfruta de un mar de experiencias.\",\"potentialAction\":[{\"@type\":\"SearchAction\",\"target\":{\"@type\":\"EntryPoint\",\"urlTemplate\":\"https:\\\/\\\/www.portdesitges.com\\\/?s={search_term_string}\"},\"query-input\":{\"@type\":\"PropertyValueSpecification\",\"valueRequired\":true,\"valueName\":\"search_term_string\"}}],\"inLanguage\":\"ca\"},{\"@type\":\"Person\",\"@id\":\"https:\\\/\\\/www.portdesitges.com\\\/#\\\/schema\\\/person\\\/a9e788079fa8154d434e3acb5cc9a560\",\"name\":\"portsitg\",\"image\":{\"@type\":\"ImageObject\",\"inLanguage\":\"ca\",\"@id\":\"https:\\\/\\\/secure.gravatar.com\\\/avatar\\\/3859401686883dbd8076c2e625e0365be0dfac18bea72e75083833b81bf7c3a7?s=96&d=mm&r=g\",\"url\":\"https:\\\/\\\/secure.gravatar.com\\\/avatar\\\/3859401686883dbd8076c2e625e0365be0dfac18bea72e75083833b81bf7c3a7?s=96&d=mm&r=g\",\"contentUrl\":\"https:\\\/\\\/secure.gravatar.com\\\/avatar\\\/3859401686883dbd8076c2e625e0365be0dfac18bea72e75083833b81bf7c3a7?s=96&d=mm&r=g\",\"caption\":\"portsitg\"},\"url\":\"https:\\\/\\\/www.portdesitges.com\\\/ca\\\/author\\\/portsitg\\\/\"}]}<\/script>\n<!-- \/ Yoast SEO plugin. -->","yoast_head_json":{"title":"El Port de Sitges-Aiguadol\u00e7 acull la sortida de la regata Sitges-Ciutadella - Port de Sitges - Aiguadol\u00e7","robots":{"index":"index","follow":"follow","max-snippet":"max-snippet:-1","max-image-preview":"max-image-preview:large","max-video-preview":"max-video-preview:-1"},"canonical":"https:\/\/www.portdesitges.com\/ca\/port-sitges-aiguadolc-acull-sortida-regata-sitges-ciutadella\/","og_locale":"ca_ES","og_type":"article","og_title":"El Port de Sitges-Aiguadol\u00e7 acull la sortida de la regata Sitges-Ciutadella - Port de Sitges - Aiguadol\u00e7","og_url":"https:\/\/www.portdesitges.com\/ca\/port-sitges-aiguadolc-acull-sortida-regata-sitges-ciutadella\/","og_site_name":"Port de Sitges - Aiguadol\u00e7","article_published_time":"2016-06-20T10:37:30+00:00","og_image":[{"width":310,"height":300,"url":"https:\/\/www.portdesitges.com\/wp-content\/uploads\/2016\/06\/Sitges-Ciutadella-300.jpg","type":"image\/jpeg"}],"author":"portsitg","twitter_card":"summary_large_image","twitter_misc":{"Escrit per":"portsitg","Temps estimat de lectura":"1 minut"},"schema":{"@context":"https:\/\/schema.org","@graph":[{"@type":"Article","@id":"https:\/\/www.portdesitges.com\/ca\/port-sitges-aiguadolc-acull-sortida-regata-sitges-ciutadella\/#article","isPartOf":{"@id":"https:\/\/www.portdesitges.com\/ca\/port-sitges-aiguadolc-acull-sortida-regata-sitges-ciutadella\/"},"author":{"name":"portsitg","@id":"https:\/\/www.portdesitges.com\/#\/schema\/person\/a9e788079fa8154d434e3acb5cc9a560"},"headline":"El Port de Sitges-Aiguadol\u00e7 acull la sortida de la regata Sitges-Ciutadella","datePublished":"2016-06-20T10:37:30+00:00","mainEntityOfPage":{"@id":"https:\/\/www.portdesitges.com\/ca\/port-sitges-aiguadolc-acull-sortida-regata-sitges-ciutadella\/"},"wordCount":122,"image":{"@id":"https:\/\/www.portdesitges.com\/ca\/port-sitges-aiguadolc-acull-sortida-regata-sitges-ciutadella\/#primaryimage"},"thumbnailUrl":"https:\/\/www.portdesitges.com\/wp-content\/uploads\/2016\/06\/Sitges-Ciutadella-300.jpg","inLanguage":"ca"},{"@type":"WebPage","@id":"https:\/\/www.portdesitges.com\/ca\/port-sitges-aiguadolc-acull-sortida-regata-sitges-ciutadella\/","url":"https:\/\/www.portdesitges.com\/ca\/port-sitges-aiguadolc-acull-sortida-regata-sitges-ciutadella\/","name":"El Port de Sitges-Aiguadol\u00e7 acull la sortida de la regata Sitges-Ciutadella - Port de Sitges - Aiguadol\u00e7","isPartOf":{"@id":"https:\/\/www.portdesitges.com\/#website"},"primaryImageOfPage":{"@id":"https:\/\/www.portdesitges.com\/ca\/port-sitges-aiguadolc-acull-sortida-regata-sitges-ciutadella\/#primaryimage"},"image":{"@id":"https:\/\/www.portdesitges.com\/ca\/port-sitges-aiguadolc-acull-sortida-regata-sitges-ciutadella\/#primaryimage"},"thumbnailUrl":"https:\/\/www.portdesitges.com\/wp-content\/uploads\/2016\/06\/Sitges-Ciutadella-300.jpg","datePublished":"2016-06-20T10:37:30+00:00","author":{"@id":"https:\/\/www.portdesitges.com\/#\/schema\/person\/a9e788079fa8154d434e3acb5cc9a560"},"breadcrumb":{"@id":"https:\/\/www.portdesitges.com\/ca\/port-sitges-aiguadolc-acull-sortida-regata-sitges-ciutadella\/#breadcrumb"},"inLanguage":"ca","potentialAction":[{"@type":"ReadAction","target":["https:\/\/www.portdesitges.com\/ca\/port-sitges-aiguadolc-acull-sortida-regata-sitges-ciutadella\/"]}]},{"@type":"ImageObject","inLanguage":"ca","@id":"https:\/\/www.portdesitges.com\/ca\/port-sitges-aiguadolc-acull-sortida-regata-sitges-ciutadella\/#primaryimage","url":"https:\/\/www.portdesitges.com\/wp-content\/uploads\/2016\/06\/Sitges-Ciutadella-300.jpg","contentUrl":"https:\/\/www.portdesitges.com\/wp-content\/uploads\/2016\/06\/Sitges-Ciutadella-300.jpg","width":310,"height":300},{"@type":"BreadcrumbList","@id":"https:\/\/www.portdesitges.com\/ca\/port-sitges-aiguadolc-acull-sortida-regata-sitges-ciutadella\/#breadcrumb","itemListElement":[{"@type":"ListItem","position":1,"name":"Portada","item":"https:\/\/www.portdesitges.com\/ca\/"},{"@type":"ListItem","position":2,"name":"El Port de Sitges-Aiguadol\u00e7 acull la sortida de la regata Sitges-Ciutadella"}]},{"@type":"WebSite","@id":"https:\/\/www.portdesitges.com\/#website","url":"https:\/\/www.portdesitges.com\/","name":"Port de Sitges - Aiguadol\u00e7","description":"lugar donde el mar y la tierra se dan de la mano para crear un espacio \u00fanico y atractivo. Disfruta de un mar de experiencias.","potentialAction":[{"@type":"SearchAction","target":{"@type":"EntryPoint","urlTemplate":"https:\/\/www.portdesitges.com\/?s={search_term_string}"},"query-input":{"@type":"PropertyValueSpecification","valueRequired":true,"valueName":"search_term_string"}}],"inLanguage":"ca"},{"@type":"Person","@id":"https:\/\/www.portdesitges.com\/#\/schema\/person\/a9e788079fa8154d434e3acb5cc9a560","name":"portsitg","image":{"@type":"ImageObject","inLanguage":"ca","@id":"https:\/\/secure.gravatar.com\/avatar\/3859401686883dbd8076c2e625e0365be0dfac18bea72e75083833b81bf7c3a7?s=96&d=mm&r=g","url":"https:\/\/secure.gravatar.com\/avatar\/3859401686883dbd8076c2e625e0365be0dfac18bea72e75083833b81bf7c3a7?s=96&d=mm&r=g","contentUrl":"https:\/\/secure.gravatar.com\/avatar\/3859401686883dbd8076c2e625e0365be0dfac18bea72e75083833b81bf7c3a7?s=96&d=mm&r=g","caption":"portsitg"},"url":"https:\/\/www.portdesitges.com\/ca\/author\/portsitg\/"}]}},"_links":{"self":[{"href":"https:\/\/www.portdesitges.com\/ca\/wp-json\/wp\/v2\/posts\/3961","targetHints":{"allow":["GET"]}}],"collection":[{"href":"https:\/\/www.portdesitges.com\/ca\/wp-json\/wp\/v2\/posts"}],"about":[{"href":"https:\/\/www.portdesitges.com\/ca\/wp-json\/wp\/v2\/types\/post"}],"author":[{"embeddable":true,"href":"https:\/\/www.portdesitges.com\/ca\/wp-json\/wp\/v2\/users\/2"}],"replies":[{"embeddable":true,"href":"https:\/\/www.portdesitges.com\/ca\/wp-json\/wp\/v2\/comments?post=3961"}],"version-history":[{"count":0,"href":"https:\/\/www.portdesitges.com\/ca\/wp-json\/wp\/v2\/posts\/3961\/revisions"}],"wp:featuredmedia":[{"embeddable":true,"href":"https:\/\/www.portdesitges.com\/ca\/wp-json\/wp\/v2\/media\/3968"}],"wp:attachment":[{"href":"https:\/\/www.portdesitges.com\/ca\/wp-json\/wp\/v2\/media?parent=3961"}],"wp:term":[{"taxonomy":"category","embeddable":true,"href":"https:\/\/www.portdesitges.com\/ca\/wp-json\/wp\/v2\/categories?post=3961"},{"taxonomy":"post_tag","embeddable":true,"href":"https:\/\/www.portdesitges.com\/ca\/wp-json\/wp\/v2\/tags?post=3961"}],"curies":[{"name":"wp","href":"https:\/\/api.w.org\/{rel}","templated":true}]}}