{"id":2596,"date":"2016-01-19T15:15:53","date_gmt":"2016-01-19T15:15:53","guid":{"rendered":"http:\/\/www.portdesitges.com\/?p=2596"},"modified":"2016-01-19T15:15:53","modified_gmt":"2016-01-19T15:15:53","slug":"el-port-de-sitges-sadhereix-al-acord-del-projecte-per-la-coordinacio-dactivitats-empresarials-de-lacpet","status":"publish","type":"post","link":"https:\/\/www.portdesitges.com\/ca\/el-port-de-sitges-sadhereix-al-acord-del-projecte-per-la-coordinacio-dactivitats-empresarials-de-lacpet\/","title":{"rendered":"El Port de Sitges s\u2019adhereix al acord del projecte per la coordinaci\u00f3 d\u2019activitats empresarials de l\u2019ACPET"},"content":{"rendered":"<p><!--more--><\/p>\n<p>L\u2019Associaci\u00f3 Catalana de Port Esportius i Tur\u00edstics (ACPET) ha aprovat en Assemblea General extraordin\u00e0ria, celebrada el passat dimecres al Consorci el Far de Barcelona, la posta en marxa d\u2019un projecte per\u00a0 coordinar les activitats empresarials de tots els seus ports associats amb l\u2019objectiu de disminuir els recursos de gesti\u00f3, centralitzar els esfor\u00e7os i la feina corresponent, i unificar els processos relacionats mitjan\u00e7ant una gesti\u00f3 global dels mateixos. El Port de Sitges-AIguadol\u00e7 s&#8217;ha adherit al projecte impulsat per l\u2019Associaci\u00f3.<\/p>\n<p style=\"text-align: center;\"><a href=\"http:\/\/www.portdesitges.com\/port\/wp-content\/uploads\/2016\/01\/Assamblea-ACPET.jpg\"><img loading=\"lazy\" decoding=\"async\" class=\"alignnone size-medium wp-image-2597\" src=\"http:\/\/www.portdesitges.com\/port\/wp-content\/uploads\/2016\/01\/Assamblea-ACPET-300x169.jpg\" alt=\"Assamblea ACPET\" width=\"300\" height=\"169\" srcset=\"https:\/\/www.portdesitges.com\/wp-content\/uploads\/2016\/01\/Assamblea-ACPET-300x169.jpg 300w, https:\/\/www.portdesitges.com\/wp-content\/uploads\/2016\/01\/Assamblea-ACPET-768x432.jpg 768w, https:\/\/www.portdesitges.com\/wp-content\/uploads\/2016\/01\/Assamblea-ACPET.jpg 1000w\" sizes=\"auto, (max-width: 300px) 100vw, 300px\" \/><\/a><\/p>\n<p>L\u2019ACPET amb aquest projecte te com a objectiu facilitar totes les gestions tant burocr\u00e0tiques com de seguretat a tots els seus associats centralitzant-ho tot a trav\u00e9s de la seva p\u00e0gina web (www.acpet.es) , aconseguint una gesti\u00f3 global que faciliti als ports la feina i asseguri el compliment de tots els tr\u00e0mits necessaris tant a nivell qualitatiu com de seguretat.<\/p>\n<p>La web de l\u2019ACPET disposar\u00e0 d\u2019un nou apartat on els propis industrials podran realitzar els tr\u00e0mits necessaris per donar-se d\u2019alta i facilitar tota la documentaci\u00f3 necess\u00e0ria entre d\u2019altres funcions, que despr\u00e9s seran corroborades i aprovades per una empresa contractada espec\u00edficament per aquesta activitat.<\/p>\n","protected":false},"excerpt":{"rendered":"L\u2019Associaci\u00f3 Catalana de Port Esportius i Tur\u00edstics (ACPET) ha aprovat en Assemblea General extraordin\u00e0ria, celebrada el passat dimecres al Consorci el Far de Barcelona, la posta en marxa d\u2019un projecte...","protected":false},"author":2,"featured_media":2598,"comment_status":"closed","ping_status":"closed","sticky":false,"template":"","format":"standard","meta":{"footnotes":""},"categories":[],"tags":[],"class_list":["post-2596","post","type-post","status-publish","format-standard","has-post-thumbnail"],"yoast_head":"<!-- This site is optimized with the Yoast SEO plugin v27.3 - https:\/\/yoast.com\/product\/yoast-seo-wordpress\/ -->\n<title>El Port de Sitges s\u2019adhereix al acord del projecte per la coordinaci\u00f3 d\u2019activitats empresarials de l\u2019ACPET - Port de Sitges - Aiguadol\u00e7<\/title>\n<meta name=\"robots\" content=\"index, follow, max-snippet:-1, max-image-preview:large, max-video-preview:-1\" \/>\n<link rel=\"canonical\" href=\"https:\/\/www.portdesitges.com\/ca\/el-port-de-sitges-sadhereix-al-acord-del-projecte-per-la-coordinacio-dactivitats-empresarials-de-lacpet\/\" \/>\n<meta property=\"og:locale\" content=\"ca_ES\" \/>\n<meta property=\"og:type\" content=\"article\" \/>\n<meta property=\"og:title\" content=\"El Port de Sitges s\u2019adhereix al acord del projecte per la coordinaci\u00f3 d\u2019activitats empresarials de l\u2019ACPET - Port de Sitges - Aiguadol\u00e7\" \/>\n<meta property=\"og:url\" content=\"https:\/\/www.portdesitges.com\/ca\/el-port-de-sitges-sadhereix-al-acord-del-projecte-per-la-coordinacio-dactivitats-empresarials-de-lacpet\/\" \/>\n<meta property=\"og:site_name\" content=\"Port de Sitges - Aiguadol\u00e7\" \/>\n<meta property=\"article:published_time\" content=\"2016-01-19T15:15:53+00:00\" \/>\n<meta property=\"og:image\" content=\"https:\/\/www.portdesitges.com\/wp-content\/uploads\/2016\/01\/Assamblea-ACPET-300.jpg\" \/>\n\t<meta property=\"og:image:width\" content=\"341\" \/>\n\t<meta property=\"og:image:height\" content=\"300\" \/>\n\t<meta property=\"og:image:type\" content=\"image\/jpeg\" \/>\n<meta name=\"author\" content=\"portsitg\" \/>\n<meta name=\"twitter:card\" content=\"summary_large_image\" \/>\n<meta name=\"twitter:label1\" content=\"Escrit per\" \/>\n\t<meta name=\"twitter:data1\" content=\"portsitg\" \/>\n\t<meta name=\"twitter:label2\" content=\"Temps estimat de lectura\" \/>\n\t<meta name=\"twitter:data2\" content=\"1 minut\" \/>\n<script type=\"application\/ld+json\" class=\"yoast-schema-graph\">{\"@context\":\"https:\\\/\\\/schema.org\",\"@graph\":[{\"@type\":\"Article\",\"@id\":\"https:\\\/\\\/www.portdesitges.com\\\/ca\\\/el-port-de-sitges-sadhereix-al-acord-del-projecte-per-la-coordinacio-dactivitats-empresarials-de-lacpet\\\/#article\",\"isPartOf\":{\"@id\":\"https:\\\/\\\/www.portdesitges.com\\\/ca\\\/el-port-de-sitges-sadhereix-al-acord-del-projecte-per-la-coordinacio-dactivitats-empresarials-de-lacpet\\\/\"},\"author\":{\"name\":\"portsitg\",\"@id\":\"https:\\\/\\\/www.portdesitges.com\\\/#\\\/schema\\\/person\\\/a9e788079fa8154d434e3acb5cc9a560\"},\"headline\":\"El Port de Sitges s\u2019adhereix al acord del projecte per la coordinaci\u00f3 d\u2019activitats empresarials de l\u2019ACPET\",\"datePublished\":\"2016-01-19T15:15:53+00:00\",\"mainEntityOfPage\":{\"@id\":\"https:\\\/\\\/www.portdesitges.com\\\/ca\\\/el-port-de-sitges-sadhereix-al-acord-del-projecte-per-la-coordinacio-dactivitats-empresarials-de-lacpet\\\/\"},\"wordCount\":222,\"image\":{\"@id\":\"https:\\\/\\\/www.portdesitges.com\\\/ca\\\/el-port-de-sitges-sadhereix-al-acord-del-projecte-per-la-coordinacio-dactivitats-empresarials-de-lacpet\\\/#primaryimage\"},\"thumbnailUrl\":\"https:\\\/\\\/www.portdesitges.com\\\/wp-content\\\/uploads\\\/2016\\\/01\\\/Assamblea-ACPET-300.jpg\",\"inLanguage\":\"ca\"},{\"@type\":\"WebPage\",\"@id\":\"https:\\\/\\\/www.portdesitges.com\\\/ca\\\/el-port-de-sitges-sadhereix-al-acord-del-projecte-per-la-coordinacio-dactivitats-empresarials-de-lacpet\\\/\",\"url\":\"https:\\\/\\\/www.portdesitges.com\\\/ca\\\/el-port-de-sitges-sadhereix-al-acord-del-projecte-per-la-coordinacio-dactivitats-empresarials-de-lacpet\\\/\",\"name\":\"El Port de Sitges s\u2019adhereix al acord del projecte per la coordinaci\u00f3 d\u2019activitats empresarials de l\u2019ACPET - Port de Sitges - Aiguadol\u00e7\",\"isPartOf\":{\"@id\":\"https:\\\/\\\/www.portdesitges.com\\\/#website\"},\"primaryImageOfPage\":{\"@id\":\"https:\\\/\\\/www.portdesitges.com\\\/ca\\\/el-port-de-sitges-sadhereix-al-acord-del-projecte-per-la-coordinacio-dactivitats-empresarials-de-lacpet\\\/#primaryimage\"},\"image\":{\"@id\":\"https:\\\/\\\/www.portdesitges.com\\\/ca\\\/el-port-de-sitges-sadhereix-al-acord-del-projecte-per-la-coordinacio-dactivitats-empresarials-de-lacpet\\\/#primaryimage\"},\"thumbnailUrl\":\"https:\\\/\\\/www.portdesitges.com\\\/wp-content\\\/uploads\\\/2016\\\/01\\\/Assamblea-ACPET-300.jpg\",\"datePublished\":\"2016-01-19T15:15:53+00:00\",\"author\":{\"@id\":\"https:\\\/\\\/www.portdesitges.com\\\/#\\\/schema\\\/person\\\/a9e788079fa8154d434e3acb5cc9a560\"},\"breadcrumb\":{\"@id\":\"https:\\\/\\\/www.portdesitges.com\\\/ca\\\/el-port-de-sitges-sadhereix-al-acord-del-projecte-per-la-coordinacio-dactivitats-empresarials-de-lacpet\\\/#breadcrumb\"},\"inLanguage\":\"ca\",\"potentialAction\":[{\"@type\":\"ReadAction\",\"target\":[\"https:\\\/\\\/www.portdesitges.com\\\/ca\\\/el-port-de-sitges-sadhereix-al-acord-del-projecte-per-la-coordinacio-dactivitats-empresarials-de-lacpet\\\/\"]}]},{\"@type\":\"ImageObject\",\"inLanguage\":\"ca\",\"@id\":\"https:\\\/\\\/www.portdesitges.com\\\/ca\\\/el-port-de-sitges-sadhereix-al-acord-del-projecte-per-la-coordinacio-dactivitats-empresarials-de-lacpet\\\/#primaryimage\",\"url\":\"https:\\\/\\\/www.portdesitges.com\\\/wp-content\\\/uploads\\\/2016\\\/01\\\/Assamblea-ACPET-300.jpg\",\"contentUrl\":\"https:\\\/\\\/www.portdesitges.com\\\/wp-content\\\/uploads\\\/2016\\\/01\\\/Assamblea-ACPET-300.jpg\",\"width\":341,\"height\":300},{\"@type\":\"BreadcrumbList\",\"@id\":\"https:\\\/\\\/www.portdesitges.com\\\/ca\\\/el-port-de-sitges-sadhereix-al-acord-del-projecte-per-la-coordinacio-dactivitats-empresarials-de-lacpet\\\/#breadcrumb\",\"itemListElement\":[{\"@type\":\"ListItem\",\"position\":1,\"name\":\"Portada\",\"item\":\"https:\\\/\\\/www.portdesitges.com\\\/ca\\\/\"},{\"@type\":\"ListItem\",\"position\":2,\"name\":\"El Port de Sitges s\u2019adhereix al acord del projecte per la coordinaci\u00f3 d\u2019activitats empresarials de l\u2019ACPET\"}]},{\"@type\":\"WebSite\",\"@id\":\"https:\\\/\\\/www.portdesitges.com\\\/#website\",\"url\":\"https:\\\/\\\/www.portdesitges.com\\\/\",\"name\":\"Port de Sitges - Aiguadol\u00e7\",\"description\":\"lugar donde el mar y la tierra se dan de la mano para crear un espacio \u00fanico y atractivo. Disfruta de un mar de experiencias.\",\"potentialAction\":[{\"@type\":\"SearchAction\",\"target\":{\"@type\":\"EntryPoint\",\"urlTemplate\":\"https:\\\/\\\/www.portdesitges.com\\\/?s={search_term_string}\"},\"query-input\":{\"@type\":\"PropertyValueSpecification\",\"valueRequired\":true,\"valueName\":\"search_term_string\"}}],\"inLanguage\":\"ca\"},{\"@type\":\"Person\",\"@id\":\"https:\\\/\\\/www.portdesitges.com\\\/#\\\/schema\\\/person\\\/a9e788079fa8154d434e3acb5cc9a560\",\"name\":\"portsitg\",\"image\":{\"@type\":\"ImageObject\",\"inLanguage\":\"ca\",\"@id\":\"https:\\\/\\\/secure.gravatar.com\\\/avatar\\\/3859401686883dbd8076c2e625e0365be0dfac18bea72e75083833b81bf7c3a7?s=96&d=mm&r=g\",\"url\":\"https:\\\/\\\/secure.gravatar.com\\\/avatar\\\/3859401686883dbd8076c2e625e0365be0dfac18bea72e75083833b81bf7c3a7?s=96&d=mm&r=g\",\"contentUrl\":\"https:\\\/\\\/secure.gravatar.com\\\/avatar\\\/3859401686883dbd8076c2e625e0365be0dfac18bea72e75083833b81bf7c3a7?s=96&d=mm&r=g\",\"caption\":\"portsitg\"},\"url\":\"https:\\\/\\\/www.portdesitges.com\\\/ca\\\/author\\\/portsitg\\\/\"}]}<\/script>\n<!-- \/ Yoast SEO plugin. -->","yoast_head_json":{"title":"El Port de Sitges s\u2019adhereix al acord del projecte per la coordinaci\u00f3 d\u2019activitats empresarials de l\u2019ACPET - Port de Sitges - Aiguadol\u00e7","robots":{"index":"index","follow":"follow","max-snippet":"max-snippet:-1","max-image-preview":"max-image-preview:large","max-video-preview":"max-video-preview:-1"},"canonical":"https:\/\/www.portdesitges.com\/ca\/el-port-de-sitges-sadhereix-al-acord-del-projecte-per-la-coordinacio-dactivitats-empresarials-de-lacpet\/","og_locale":"ca_ES","og_type":"article","og_title":"El Port de Sitges s\u2019adhereix al acord del projecte per la coordinaci\u00f3 d\u2019activitats empresarials de l\u2019ACPET - Port de Sitges - Aiguadol\u00e7","og_url":"https:\/\/www.portdesitges.com\/ca\/el-port-de-sitges-sadhereix-al-acord-del-projecte-per-la-coordinacio-dactivitats-empresarials-de-lacpet\/","og_site_name":"Port de Sitges - Aiguadol\u00e7","article_published_time":"2016-01-19T15:15:53+00:00","og_image":[{"width":341,"height":300,"url":"https:\/\/www.portdesitges.com\/wp-content\/uploads\/2016\/01\/Assamblea-ACPET-300.jpg","type":"image\/jpeg"}],"author":"portsitg","twitter_card":"summary_large_image","twitter_misc":{"Escrit per":"portsitg","Temps estimat de lectura":"1 minut"},"schema":{"@context":"https:\/\/schema.org","@graph":[{"@type":"Article","@id":"https:\/\/www.portdesitges.com\/ca\/el-port-de-sitges-sadhereix-al-acord-del-projecte-per-la-coordinacio-dactivitats-empresarials-de-lacpet\/#article","isPartOf":{"@id":"https:\/\/www.portdesitges.com\/ca\/el-port-de-sitges-sadhereix-al-acord-del-projecte-per-la-coordinacio-dactivitats-empresarials-de-lacpet\/"},"author":{"name":"portsitg","@id":"https:\/\/www.portdesitges.com\/#\/schema\/person\/a9e788079fa8154d434e3acb5cc9a560"},"headline":"El Port de Sitges s\u2019adhereix al acord del projecte per la coordinaci\u00f3 d\u2019activitats empresarials de l\u2019ACPET","datePublished":"2016-01-19T15:15:53+00:00","mainEntityOfPage":{"@id":"https:\/\/www.portdesitges.com\/ca\/el-port-de-sitges-sadhereix-al-acord-del-projecte-per-la-coordinacio-dactivitats-empresarials-de-lacpet\/"},"wordCount":222,"image":{"@id":"https:\/\/www.portdesitges.com\/ca\/el-port-de-sitges-sadhereix-al-acord-del-projecte-per-la-coordinacio-dactivitats-empresarials-de-lacpet\/#primaryimage"},"thumbnailUrl":"https:\/\/www.portdesitges.com\/wp-content\/uploads\/2016\/01\/Assamblea-ACPET-300.jpg","inLanguage":"ca"},{"@type":"WebPage","@id":"https:\/\/www.portdesitges.com\/ca\/el-port-de-sitges-sadhereix-al-acord-del-projecte-per-la-coordinacio-dactivitats-empresarials-de-lacpet\/","url":"https:\/\/www.portdesitges.com\/ca\/el-port-de-sitges-sadhereix-al-acord-del-projecte-per-la-coordinacio-dactivitats-empresarials-de-lacpet\/","name":"El Port de Sitges s\u2019adhereix al acord del projecte per la coordinaci\u00f3 d\u2019activitats empresarials de l\u2019ACPET - Port de Sitges - Aiguadol\u00e7","isPartOf":{"@id":"https:\/\/www.portdesitges.com\/#website"},"primaryImageOfPage":{"@id":"https:\/\/www.portdesitges.com\/ca\/el-port-de-sitges-sadhereix-al-acord-del-projecte-per-la-coordinacio-dactivitats-empresarials-de-lacpet\/#primaryimage"},"image":{"@id":"https:\/\/www.portdesitges.com\/ca\/el-port-de-sitges-sadhereix-al-acord-del-projecte-per-la-coordinacio-dactivitats-empresarials-de-lacpet\/#primaryimage"},"thumbnailUrl":"https:\/\/www.portdesitges.com\/wp-content\/uploads\/2016\/01\/Assamblea-ACPET-300.jpg","datePublished":"2016-01-19T15:15:53+00:00","author":{"@id":"https:\/\/www.portdesitges.com\/#\/schema\/person\/a9e788079fa8154d434e3acb5cc9a560"},"breadcrumb":{"@id":"https:\/\/www.portdesitges.com\/ca\/el-port-de-sitges-sadhereix-al-acord-del-projecte-per-la-coordinacio-dactivitats-empresarials-de-lacpet\/#breadcrumb"},"inLanguage":"ca","potentialAction":[{"@type":"ReadAction","target":["https:\/\/www.portdesitges.com\/ca\/el-port-de-sitges-sadhereix-al-acord-del-projecte-per-la-coordinacio-dactivitats-empresarials-de-lacpet\/"]}]},{"@type":"ImageObject","inLanguage":"ca","@id":"https:\/\/www.portdesitges.com\/ca\/el-port-de-sitges-sadhereix-al-acord-del-projecte-per-la-coordinacio-dactivitats-empresarials-de-lacpet\/#primaryimage","url":"https:\/\/www.portdesitges.com\/wp-content\/uploads\/2016\/01\/Assamblea-ACPET-300.jpg","contentUrl":"https:\/\/www.portdesitges.com\/wp-content\/uploads\/2016\/01\/Assamblea-ACPET-300.jpg","width":341,"height":300},{"@type":"BreadcrumbList","@id":"https:\/\/www.portdesitges.com\/ca\/el-port-de-sitges-sadhereix-al-acord-del-projecte-per-la-coordinacio-dactivitats-empresarials-de-lacpet\/#breadcrumb","itemListElement":[{"@type":"ListItem","position":1,"name":"Portada","item":"https:\/\/www.portdesitges.com\/ca\/"},{"@type":"ListItem","position":2,"name":"El Port de Sitges s\u2019adhereix al acord del projecte per la coordinaci\u00f3 d\u2019activitats empresarials de l\u2019ACPET"}]},{"@type":"WebSite","@id":"https:\/\/www.portdesitges.com\/#website","url":"https:\/\/www.portdesitges.com\/","name":"Port de Sitges - Aiguadol\u00e7","description":"lugar donde el mar y la tierra se dan de la mano para crear un espacio \u00fanico y atractivo. Disfruta de un mar de experiencias.","potentialAction":[{"@type":"SearchAction","target":{"@type":"EntryPoint","urlTemplate":"https:\/\/www.portdesitges.com\/?s={search_term_string}"},"query-input":{"@type":"PropertyValueSpecification","valueRequired":true,"valueName":"search_term_string"}}],"inLanguage":"ca"},{"@type":"Person","@id":"https:\/\/www.portdesitges.com\/#\/schema\/person\/a9e788079fa8154d434e3acb5cc9a560","name":"portsitg","image":{"@type":"ImageObject","inLanguage":"ca","@id":"https:\/\/secure.gravatar.com\/avatar\/3859401686883dbd8076c2e625e0365be0dfac18bea72e75083833b81bf7c3a7?s=96&d=mm&r=g","url":"https:\/\/secure.gravatar.com\/avatar\/3859401686883dbd8076c2e625e0365be0dfac18bea72e75083833b81bf7c3a7?s=96&d=mm&r=g","contentUrl":"https:\/\/secure.gravatar.com\/avatar\/3859401686883dbd8076c2e625e0365be0dfac18bea72e75083833b81bf7c3a7?s=96&d=mm&r=g","caption":"portsitg"},"url":"https:\/\/www.portdesitges.com\/ca\/author\/portsitg\/"}]}},"_links":{"self":[{"href":"https:\/\/www.portdesitges.com\/ca\/wp-json\/wp\/v2\/posts\/2596","targetHints":{"allow":["GET"]}}],"collection":[{"href":"https:\/\/www.portdesitges.com\/ca\/wp-json\/wp\/v2\/posts"}],"about":[{"href":"https:\/\/www.portdesitges.com\/ca\/wp-json\/wp\/v2\/types\/post"}],"author":[{"embeddable":true,"href":"https:\/\/www.portdesitges.com\/ca\/wp-json\/wp\/v2\/users\/2"}],"replies":[{"embeddable":true,"href":"https:\/\/www.portdesitges.com\/ca\/wp-json\/wp\/v2\/comments?post=2596"}],"version-history":[{"count":0,"href":"https:\/\/www.portdesitges.com\/ca\/wp-json\/wp\/v2\/posts\/2596\/revisions"}],"wp:featuredmedia":[{"embeddable":true,"href":"https:\/\/www.portdesitges.com\/ca\/wp-json\/wp\/v2\/media\/2598"}],"wp:attachment":[{"href":"https:\/\/www.portdesitges.com\/ca\/wp-json\/wp\/v2\/media?parent=2596"}],"wp:term":[{"taxonomy":"category","embeddable":true,"href":"https:\/\/www.portdesitges.com\/ca\/wp-json\/wp\/v2\/categories?post=2596"},{"taxonomy":"post_tag","embeddable":true,"href":"https:\/\/www.portdesitges.com\/ca\/wp-json\/wp\/v2\/tags?post=2596"}],"curies":[{"name":"wp","href":"https:\/\/api.w.org\/{rel}","templated":true}]}}