{"id":2391,"date":"2015-10-07T11:05:39","date_gmt":"2015-10-07T11:05:39","guid":{"rendered":"http:\/\/www.portdesitges.com\/?p=2391"},"modified":"2015-10-07T11:05:39","modified_gmt":"2015-10-07T11:05:39","slug":"el-port-de-sitges-acull-el-sopar-dinauguracio-del-sitges-film-festival","status":"publish","type":"post","link":"https:\/\/www.portdesitges.com\/ca\/el-port-de-sitges-acull-el-sopar-dinauguracio-del-sitges-film-festival\/","title":{"rendered":"El Port de Sitges acull el sopar d\u2019inauguraci\u00f3 del Sitges Film Festival"},"content":{"rendered":"<p><!--more--><\/p>\n<p>Un any m\u00e9s el Port de Sitges es vesteix de gala convertint-se en l\u2019espai gastron\u00f2mic de la festa d\u2019inauguraci\u00f3 del Festival Internacional de Cinema Fant\u00e0stic de Catalunya, acollint el sopar inaugural el proper divendres 9 d\u2019octubre a partir de les 22h.<\/p>\n<p>Despr\u00e9s de la projecci\u00f3 de la pel\u00b7l\u00edcula \u2018The Witch\u2019 que obrir\u00e0 oficialment la 48\u00aa edici\u00f3 del festival, els convidats, entre els que hi haur\u00e0 diverses personalitats del m\u00f3n del cinema (la llista definitiva encara est\u00e0 per confirmar) assistiran al sopar organitzat pels restaurants i bars del Port de Sitges, amb una oferta gastron\u00f2mica de qualitat a l\u2019al\u00e7ada del esdeveniment, ja que hi participen 12 bars i restaurants del port encarregats de preparar els diferents men\u00fas, tamb\u00e9 col\u00b7labora l\u2019Escola d\u2019Hosteleria de Sitges que oferir\u00e0 els postres. Bodegues Torres instal\u00b7lar\u00e0 una barra amb els seus millors vins especialment triats per maridar amb els diferents plats que ofereixen els restaurants del Port. Tanmateix, a la mitja nit, Torres obrir\u00e0 la seva barra de c\u00f2ctel i per rematar la jornada els m\u00e9s noct\u00e0mbuls podran acabar la festa a la discoteca Sweet Pacha del Port.<\/p>\n<p>El Port de Sitges tamb\u00e9 acollir\u00e0 a les seves instal\u00b7lacions, durant els deus dies que dura el Festival, diversos Photocalls amb noms tan coneguts com el director Oliver Stone entre d&#8217;altres.<\/p>\n<p>&nbsp;<\/p>\n<p style=\"text-align: center;\">\n<p style=\"text-align: center;\"><a href=\"http:\/\/www.portdesitges.com\/port\/wp-content\/uploads\/2015\/10\/Cena-Inaugural-SItges-Film-Festival.jpg\"><img loading=\"lazy\" decoding=\"async\" class=\"alignnone size-medium wp-image-2392\" src=\"http:\/\/www.portdesitges.com\/port\/wp-content\/uploads\/2015\/10\/Cena-Inaugural-SItges-Film-Festival-300x300.jpg\" alt=\"Cena Inaugural SItges Film Festival\" width=\"300\" height=\"300\" srcset=\"https:\/\/www.portdesitges.com\/wp-content\/uploads\/2015\/10\/Cena-Inaugural-SItges-Film-Festival-300x300.jpg 300w, https:\/\/www.portdesitges.com\/wp-content\/uploads\/2015\/10\/Cena-Inaugural-SItges-Film-Festival-1024x1024.jpg 1024w, https:\/\/www.portdesitges.com\/wp-content\/uploads\/2015\/10\/Cena-Inaugural-SItges-Film-Festival-150x150.jpg 150w, https:\/\/www.portdesitges.com\/wp-content\/uploads\/2015\/10\/Cena-Inaugural-SItges-Film-Festival-768x768.jpg 768w, https:\/\/www.portdesitges.com\/wp-content\/uploads\/2015\/10\/Cena-Inaugural-SItges-Film-Festival-1536x1536.jpg 1536w, https:\/\/www.portdesitges.com\/wp-content\/uploads\/2015\/10\/Cena-Inaugural-SItges-Film-Festival-2048x2048.jpg 2048w, https:\/\/www.portdesitges.com\/wp-content\/uploads\/2015\/10\/Cena-Inaugural-SItges-Film-Festival-100x100.jpg 100w, https:\/\/www.portdesitges.com\/wp-content\/uploads\/2015\/10\/Cena-Inaugural-SItges-Film-Festival-140x140.jpg 140w, https:\/\/www.portdesitges.com\/wp-content\/uploads\/2015\/10\/Cena-Inaugural-SItges-Film-Festival-500x500.jpg 500w, https:\/\/www.portdesitges.com\/wp-content\/uploads\/2015\/10\/Cena-Inaugural-SItges-Film-Festival-350x350.jpg 350w, https:\/\/www.portdesitges.com\/wp-content\/uploads\/2015\/10\/Cena-Inaugural-SItges-Film-Festival-1000x1000.jpg 1000w, https:\/\/www.portdesitges.com\/wp-content\/uploads\/2015\/10\/Cena-Inaugural-SItges-Film-Festival-800x800.jpg 800w\" sizes=\"auto, (max-width: 300px) 100vw, 300px\" \/><\/a><a href=\"http:\/\/www.portdesitges.com\/port\/wp-content\/uploads\/2015\/10\/Diptico-Menu-Sitges-Cine-2015-02-1.jpg\"><img loading=\"lazy\" decoding=\"async\" class=\"alignnone size-medium wp-image-2393\" src=\"http:\/\/www.portdesitges.com\/port\/wp-content\/uploads\/2015\/10\/Diptico-Menu-Sitges-Cine-2015-02-1-300x300.jpg\" alt=\"Diptico Menu Sitges Cine 2015-02 (1)\" width=\"300\" height=\"300\" srcset=\"https:\/\/www.portdesitges.com\/wp-content\/uploads\/2015\/10\/Diptico-Menu-Sitges-Cine-2015-02-1-300x300.jpg 300w, https:\/\/www.portdesitges.com\/wp-content\/uploads\/2015\/10\/Diptico-Menu-Sitges-Cine-2015-02-1-1024x1024.jpg 1024w, https:\/\/www.portdesitges.com\/wp-content\/uploads\/2015\/10\/Diptico-Menu-Sitges-Cine-2015-02-1-150x150.jpg 150w, https:\/\/www.portdesitges.com\/wp-content\/uploads\/2015\/10\/Diptico-Menu-Sitges-Cine-2015-02-1-768x768.jpg 768w, https:\/\/www.portdesitges.com\/wp-content\/uploads\/2015\/10\/Diptico-Menu-Sitges-Cine-2015-02-1-1536x1536.jpg 1536w, https:\/\/www.portdesitges.com\/wp-content\/uploads\/2015\/10\/Diptico-Menu-Sitges-Cine-2015-02-1-2048x2048.jpg 2048w, https:\/\/www.portdesitges.com\/wp-content\/uploads\/2015\/10\/Diptico-Menu-Sitges-Cine-2015-02-1-100x100.jpg 100w, https:\/\/www.portdesitges.com\/wp-content\/uploads\/2015\/10\/Diptico-Menu-Sitges-Cine-2015-02-1-140x140.jpg 140w, https:\/\/www.portdesitges.com\/wp-content\/uploads\/2015\/10\/Diptico-Menu-Sitges-Cine-2015-02-1-500x500.jpg 500w, https:\/\/www.portdesitges.com\/wp-content\/uploads\/2015\/10\/Diptico-Menu-Sitges-Cine-2015-02-1-350x350.jpg 350w, https:\/\/www.portdesitges.com\/wp-content\/uploads\/2015\/10\/Diptico-Menu-Sitges-Cine-2015-02-1-1000x1000.jpg 1000w, https:\/\/www.portdesitges.com\/wp-content\/uploads\/2015\/10\/Diptico-Menu-Sitges-Cine-2015-02-1-800x800.jpg 800w\" sizes=\"auto, (max-width: 300px) 100vw, 300px\" \/><\/a><\/p>\n","protected":false},"excerpt":{"rendered":"Un any m\u00e9s el Port de Sitges es vesteix de gala convertint-se en l\u2019espai gastron\u00f2mic de la festa d\u2019inauguraci\u00f3 del Festival Internacional de Cinema Fant\u00e0stic de Catalunya, acollint el sopar...","protected":false},"author":2,"featured_media":2394,"comment_status":"closed","ping_status":"closed","sticky":false,"template":"","format":"standard","meta":{"footnotes":""},"categories":[],"tags":[],"class_list":["post-2391","post","type-post","status-publish","format-standard","has-post-thumbnail"],"yoast_head":"<!-- This site is optimized with the Yoast SEO plugin v27.3 - https:\/\/yoast.com\/product\/yoast-seo-wordpress\/ -->\n<title>El Port de Sitges acull el sopar d\u2019inauguraci\u00f3 del Sitges Film Festival - Port de Sitges - Aiguadol\u00e7<\/title>\n<meta name=\"robots\" content=\"index, follow, max-snippet:-1, max-image-preview:large, max-video-preview:-1\" \/>\n<link rel=\"canonical\" href=\"https:\/\/www.portdesitges.com\/ca\/el-port-de-sitges-acull-el-sopar-dinauguracio-del-sitges-film-festival\/\" \/>\n<meta property=\"og:locale\" content=\"ca_ES\" \/>\n<meta property=\"og:type\" content=\"article\" \/>\n<meta property=\"og:title\" content=\"El Port de Sitges acull el sopar d\u2019inauguraci\u00f3 del Sitges Film Festival - Port de Sitges - Aiguadol\u00e7\" \/>\n<meta property=\"og:url\" content=\"https:\/\/www.portdesitges.com\/ca\/el-port-de-sitges-acull-el-sopar-dinauguracio-del-sitges-film-festival\/\" \/>\n<meta property=\"og:site_name\" content=\"Port de Sitges - Aiguadol\u00e7\" \/>\n<meta property=\"article:published_time\" content=\"2015-10-07T11:05:39+00:00\" \/>\n<meta property=\"og:image\" content=\"https:\/\/www.portdesitges.com\/wp-content\/uploads\/2015\/10\/Cena-Inaugural-SItges-Film-Festival-300.jpg\" \/>\n\t<meta property=\"og:image:width\" content=\"300\" \/>\n\t<meta property=\"og:image:height\" content=\"300\" \/>\n\t<meta property=\"og:image:type\" content=\"image\/jpeg\" \/>\n<meta name=\"author\" content=\"portsitg\" \/>\n<meta name=\"twitter:card\" content=\"summary_large_image\" \/>\n<meta name=\"twitter:label1\" content=\"Escrit per\" \/>\n\t<meta name=\"twitter:data1\" content=\"portsitg\" \/>\n\t<meta name=\"twitter:label2\" content=\"Temps estimat de lectura\" \/>\n\t<meta name=\"twitter:data2\" content=\"1 minut\" \/>\n<script type=\"application\/ld+json\" class=\"yoast-schema-graph\">{\"@context\":\"https:\\\/\\\/schema.org\",\"@graph\":[{\"@type\":\"Article\",\"@id\":\"https:\\\/\\\/www.portdesitges.com\\\/ca\\\/el-port-de-sitges-acull-el-sopar-dinauguracio-del-sitges-film-festival\\\/#article\",\"isPartOf\":{\"@id\":\"https:\\\/\\\/www.portdesitges.com\\\/ca\\\/el-port-de-sitges-acull-el-sopar-dinauguracio-del-sitges-film-festival\\\/\"},\"author\":{\"name\":\"portsitg\",\"@id\":\"https:\\\/\\\/www.portdesitges.com\\\/#\\\/schema\\\/person\\\/a9e788079fa8154d434e3acb5cc9a560\"},\"headline\":\"El Port de Sitges acull el sopar d\u2019inauguraci\u00f3 del Sitges Film Festival\",\"datePublished\":\"2015-10-07T11:05:39+00:00\",\"mainEntityOfPage\":{\"@id\":\"https:\\\/\\\/www.portdesitges.com\\\/ca\\\/el-port-de-sitges-acull-el-sopar-dinauguracio-del-sitges-film-festival\\\/\"},\"wordCount\":246,\"image\":{\"@id\":\"https:\\\/\\\/www.portdesitges.com\\\/ca\\\/el-port-de-sitges-acull-el-sopar-dinauguracio-del-sitges-film-festival\\\/#primaryimage\"},\"thumbnailUrl\":\"https:\\\/\\\/www.portdesitges.com\\\/wp-content\\\/uploads\\\/2015\\\/10\\\/Cena-Inaugural-SItges-Film-Festival-300.jpg\",\"inLanguage\":\"ca\"},{\"@type\":\"WebPage\",\"@id\":\"https:\\\/\\\/www.portdesitges.com\\\/ca\\\/el-port-de-sitges-acull-el-sopar-dinauguracio-del-sitges-film-festival\\\/\",\"url\":\"https:\\\/\\\/www.portdesitges.com\\\/ca\\\/el-port-de-sitges-acull-el-sopar-dinauguracio-del-sitges-film-festival\\\/\",\"name\":\"El Port de Sitges acull el sopar d\u2019inauguraci\u00f3 del Sitges Film Festival - Port de Sitges - Aiguadol\u00e7\",\"isPartOf\":{\"@id\":\"https:\\\/\\\/www.portdesitges.com\\\/#website\"},\"primaryImageOfPage\":{\"@id\":\"https:\\\/\\\/www.portdesitges.com\\\/ca\\\/el-port-de-sitges-acull-el-sopar-dinauguracio-del-sitges-film-festival\\\/#primaryimage\"},\"image\":{\"@id\":\"https:\\\/\\\/www.portdesitges.com\\\/ca\\\/el-port-de-sitges-acull-el-sopar-dinauguracio-del-sitges-film-festival\\\/#primaryimage\"},\"thumbnailUrl\":\"https:\\\/\\\/www.portdesitges.com\\\/wp-content\\\/uploads\\\/2015\\\/10\\\/Cena-Inaugural-SItges-Film-Festival-300.jpg\",\"datePublished\":\"2015-10-07T11:05:39+00:00\",\"author\":{\"@id\":\"https:\\\/\\\/www.portdesitges.com\\\/#\\\/schema\\\/person\\\/a9e788079fa8154d434e3acb5cc9a560\"},\"breadcrumb\":{\"@id\":\"https:\\\/\\\/www.portdesitges.com\\\/ca\\\/el-port-de-sitges-acull-el-sopar-dinauguracio-del-sitges-film-festival\\\/#breadcrumb\"},\"inLanguage\":\"ca\",\"potentialAction\":[{\"@type\":\"ReadAction\",\"target\":[\"https:\\\/\\\/www.portdesitges.com\\\/ca\\\/el-port-de-sitges-acull-el-sopar-dinauguracio-del-sitges-film-festival\\\/\"]}]},{\"@type\":\"ImageObject\",\"inLanguage\":\"ca\",\"@id\":\"https:\\\/\\\/www.portdesitges.com\\\/ca\\\/el-port-de-sitges-acull-el-sopar-dinauguracio-del-sitges-film-festival\\\/#primaryimage\",\"url\":\"https:\\\/\\\/www.portdesitges.com\\\/wp-content\\\/uploads\\\/2015\\\/10\\\/Cena-Inaugural-SItges-Film-Festival-300.jpg\",\"contentUrl\":\"https:\\\/\\\/www.portdesitges.com\\\/wp-content\\\/uploads\\\/2015\\\/10\\\/Cena-Inaugural-SItges-Film-Festival-300.jpg\",\"width\":300,\"height\":300},{\"@type\":\"BreadcrumbList\",\"@id\":\"https:\\\/\\\/www.portdesitges.com\\\/ca\\\/el-port-de-sitges-acull-el-sopar-dinauguracio-del-sitges-film-festival\\\/#breadcrumb\",\"itemListElement\":[{\"@type\":\"ListItem\",\"position\":1,\"name\":\"Portada\",\"item\":\"https:\\\/\\\/www.portdesitges.com\\\/ca\\\/\"},{\"@type\":\"ListItem\",\"position\":2,\"name\":\"El Port de Sitges acull el sopar d\u2019inauguraci\u00f3 del Sitges Film Festival\"}]},{\"@type\":\"WebSite\",\"@id\":\"https:\\\/\\\/www.portdesitges.com\\\/#website\",\"url\":\"https:\\\/\\\/www.portdesitges.com\\\/\",\"name\":\"Port de Sitges - Aiguadol\u00e7\",\"description\":\"lugar donde el mar y la tierra se dan de la mano para crear un espacio \u00fanico y atractivo. Disfruta de un mar de experiencias.\",\"potentialAction\":[{\"@type\":\"SearchAction\",\"target\":{\"@type\":\"EntryPoint\",\"urlTemplate\":\"https:\\\/\\\/www.portdesitges.com\\\/?s={search_term_string}\"},\"query-input\":{\"@type\":\"PropertyValueSpecification\",\"valueRequired\":true,\"valueName\":\"search_term_string\"}}],\"inLanguage\":\"ca\"},{\"@type\":\"Person\",\"@id\":\"https:\\\/\\\/www.portdesitges.com\\\/#\\\/schema\\\/person\\\/a9e788079fa8154d434e3acb5cc9a560\",\"name\":\"portsitg\",\"image\":{\"@type\":\"ImageObject\",\"inLanguage\":\"ca\",\"@id\":\"https:\\\/\\\/secure.gravatar.com\\\/avatar\\\/3859401686883dbd8076c2e625e0365be0dfac18bea72e75083833b81bf7c3a7?s=96&d=mm&r=g\",\"url\":\"https:\\\/\\\/secure.gravatar.com\\\/avatar\\\/3859401686883dbd8076c2e625e0365be0dfac18bea72e75083833b81bf7c3a7?s=96&d=mm&r=g\",\"contentUrl\":\"https:\\\/\\\/secure.gravatar.com\\\/avatar\\\/3859401686883dbd8076c2e625e0365be0dfac18bea72e75083833b81bf7c3a7?s=96&d=mm&r=g\",\"caption\":\"portsitg\"},\"url\":\"https:\\\/\\\/www.portdesitges.com\\\/ca\\\/author\\\/portsitg\\\/\"}]}<\/script>\n<!-- \/ Yoast SEO plugin. -->","yoast_head_json":{"title":"El Port de Sitges acull el sopar d\u2019inauguraci\u00f3 del Sitges Film Festival - Port de Sitges - Aiguadol\u00e7","robots":{"index":"index","follow":"follow","max-snippet":"max-snippet:-1","max-image-preview":"max-image-preview:large","max-video-preview":"max-video-preview:-1"},"canonical":"https:\/\/www.portdesitges.com\/ca\/el-port-de-sitges-acull-el-sopar-dinauguracio-del-sitges-film-festival\/","og_locale":"ca_ES","og_type":"article","og_title":"El Port de Sitges acull el sopar d\u2019inauguraci\u00f3 del Sitges Film Festival - Port de Sitges - Aiguadol\u00e7","og_url":"https:\/\/www.portdesitges.com\/ca\/el-port-de-sitges-acull-el-sopar-dinauguracio-del-sitges-film-festival\/","og_site_name":"Port de Sitges - Aiguadol\u00e7","article_published_time":"2015-10-07T11:05:39+00:00","og_image":[{"width":300,"height":300,"url":"https:\/\/www.portdesitges.com\/wp-content\/uploads\/2015\/10\/Cena-Inaugural-SItges-Film-Festival-300.jpg","type":"image\/jpeg"}],"author":"portsitg","twitter_card":"summary_large_image","twitter_misc":{"Escrit per":"portsitg","Temps estimat de lectura":"1 minut"},"schema":{"@context":"https:\/\/schema.org","@graph":[{"@type":"Article","@id":"https:\/\/www.portdesitges.com\/ca\/el-port-de-sitges-acull-el-sopar-dinauguracio-del-sitges-film-festival\/#article","isPartOf":{"@id":"https:\/\/www.portdesitges.com\/ca\/el-port-de-sitges-acull-el-sopar-dinauguracio-del-sitges-film-festival\/"},"author":{"name":"portsitg","@id":"https:\/\/www.portdesitges.com\/#\/schema\/person\/a9e788079fa8154d434e3acb5cc9a560"},"headline":"El Port de Sitges acull el sopar d\u2019inauguraci\u00f3 del Sitges Film Festival","datePublished":"2015-10-07T11:05:39+00:00","mainEntityOfPage":{"@id":"https:\/\/www.portdesitges.com\/ca\/el-port-de-sitges-acull-el-sopar-dinauguracio-del-sitges-film-festival\/"},"wordCount":246,"image":{"@id":"https:\/\/www.portdesitges.com\/ca\/el-port-de-sitges-acull-el-sopar-dinauguracio-del-sitges-film-festival\/#primaryimage"},"thumbnailUrl":"https:\/\/www.portdesitges.com\/wp-content\/uploads\/2015\/10\/Cena-Inaugural-SItges-Film-Festival-300.jpg","inLanguage":"ca"},{"@type":"WebPage","@id":"https:\/\/www.portdesitges.com\/ca\/el-port-de-sitges-acull-el-sopar-dinauguracio-del-sitges-film-festival\/","url":"https:\/\/www.portdesitges.com\/ca\/el-port-de-sitges-acull-el-sopar-dinauguracio-del-sitges-film-festival\/","name":"El Port de Sitges acull el sopar d\u2019inauguraci\u00f3 del Sitges Film Festival - Port de Sitges - Aiguadol\u00e7","isPartOf":{"@id":"https:\/\/www.portdesitges.com\/#website"},"primaryImageOfPage":{"@id":"https:\/\/www.portdesitges.com\/ca\/el-port-de-sitges-acull-el-sopar-dinauguracio-del-sitges-film-festival\/#primaryimage"},"image":{"@id":"https:\/\/www.portdesitges.com\/ca\/el-port-de-sitges-acull-el-sopar-dinauguracio-del-sitges-film-festival\/#primaryimage"},"thumbnailUrl":"https:\/\/www.portdesitges.com\/wp-content\/uploads\/2015\/10\/Cena-Inaugural-SItges-Film-Festival-300.jpg","datePublished":"2015-10-07T11:05:39+00:00","author":{"@id":"https:\/\/www.portdesitges.com\/#\/schema\/person\/a9e788079fa8154d434e3acb5cc9a560"},"breadcrumb":{"@id":"https:\/\/www.portdesitges.com\/ca\/el-port-de-sitges-acull-el-sopar-dinauguracio-del-sitges-film-festival\/#breadcrumb"},"inLanguage":"ca","potentialAction":[{"@type":"ReadAction","target":["https:\/\/www.portdesitges.com\/ca\/el-port-de-sitges-acull-el-sopar-dinauguracio-del-sitges-film-festival\/"]}]},{"@type":"ImageObject","inLanguage":"ca","@id":"https:\/\/www.portdesitges.com\/ca\/el-port-de-sitges-acull-el-sopar-dinauguracio-del-sitges-film-festival\/#primaryimage","url":"https:\/\/www.portdesitges.com\/wp-content\/uploads\/2015\/10\/Cena-Inaugural-SItges-Film-Festival-300.jpg","contentUrl":"https:\/\/www.portdesitges.com\/wp-content\/uploads\/2015\/10\/Cena-Inaugural-SItges-Film-Festival-300.jpg","width":300,"height":300},{"@type":"BreadcrumbList","@id":"https:\/\/www.portdesitges.com\/ca\/el-port-de-sitges-acull-el-sopar-dinauguracio-del-sitges-film-festival\/#breadcrumb","itemListElement":[{"@type":"ListItem","position":1,"name":"Portada","item":"https:\/\/www.portdesitges.com\/ca\/"},{"@type":"ListItem","position":2,"name":"El Port de Sitges acull el sopar d\u2019inauguraci\u00f3 del Sitges Film Festival"}]},{"@type":"WebSite","@id":"https:\/\/www.portdesitges.com\/#website","url":"https:\/\/www.portdesitges.com\/","name":"Port de Sitges - Aiguadol\u00e7","description":"lugar donde el mar y la tierra se dan de la mano para crear un espacio \u00fanico y atractivo. Disfruta de un mar de experiencias.","potentialAction":[{"@type":"SearchAction","target":{"@type":"EntryPoint","urlTemplate":"https:\/\/www.portdesitges.com\/?s={search_term_string}"},"query-input":{"@type":"PropertyValueSpecification","valueRequired":true,"valueName":"search_term_string"}}],"inLanguage":"ca"},{"@type":"Person","@id":"https:\/\/www.portdesitges.com\/#\/schema\/person\/a9e788079fa8154d434e3acb5cc9a560","name":"portsitg","image":{"@type":"ImageObject","inLanguage":"ca","@id":"https:\/\/secure.gravatar.com\/avatar\/3859401686883dbd8076c2e625e0365be0dfac18bea72e75083833b81bf7c3a7?s=96&d=mm&r=g","url":"https:\/\/secure.gravatar.com\/avatar\/3859401686883dbd8076c2e625e0365be0dfac18bea72e75083833b81bf7c3a7?s=96&d=mm&r=g","contentUrl":"https:\/\/secure.gravatar.com\/avatar\/3859401686883dbd8076c2e625e0365be0dfac18bea72e75083833b81bf7c3a7?s=96&d=mm&r=g","caption":"portsitg"},"url":"https:\/\/www.portdesitges.com\/ca\/author\/portsitg\/"}]}},"_links":{"self":[{"href":"https:\/\/www.portdesitges.com\/ca\/wp-json\/wp\/v2\/posts\/2391","targetHints":{"allow":["GET"]}}],"collection":[{"href":"https:\/\/www.portdesitges.com\/ca\/wp-json\/wp\/v2\/posts"}],"about":[{"href":"https:\/\/www.portdesitges.com\/ca\/wp-json\/wp\/v2\/types\/post"}],"author":[{"embeddable":true,"href":"https:\/\/www.portdesitges.com\/ca\/wp-json\/wp\/v2\/users\/2"}],"replies":[{"embeddable":true,"href":"https:\/\/www.portdesitges.com\/ca\/wp-json\/wp\/v2\/comments?post=2391"}],"version-history":[{"count":0,"href":"https:\/\/www.portdesitges.com\/ca\/wp-json\/wp\/v2\/posts\/2391\/revisions"}],"wp:featuredmedia":[{"embeddable":true,"href":"https:\/\/www.portdesitges.com\/ca\/wp-json\/wp\/v2\/media\/2394"}],"wp:attachment":[{"href":"https:\/\/www.portdesitges.com\/ca\/wp-json\/wp\/v2\/media?parent=2391"}],"wp:term":[{"taxonomy":"category","embeddable":true,"href":"https:\/\/www.portdesitges.com\/ca\/wp-json\/wp\/v2\/categories?post=2391"},{"taxonomy":"post_tag","embeddable":true,"href":"https:\/\/www.portdesitges.com\/ca\/wp-json\/wp\/v2\/tags?post=2391"}],"curies":[{"name":"wp","href":"https:\/\/api.w.org\/{rel}","templated":true}]}}