{"id":2238,"date":"2015-07-29T09:39:36","date_gmt":"2015-07-29T09:39:36","guid":{"rendered":"http:\/\/www.portdesitges.com\/?p=2238"},"modified":"2015-07-29T09:39:36","modified_gmt":"2015-07-29T09:39:36","slug":"el-millor-pop-rock-la-sitges-big-band-i-projeccio-de-curts-del-festival-de-cinema-de-sitges-aquest-cap-de-setmana-al-port-de-sitges","status":"publish","type":"post","link":"https:\/\/www.portdesitges.com\/ca\/el-millor-pop-rock-la-sitges-big-band-i-projeccio-de-curts-del-festival-de-cinema-de-sitges-aquest-cap-de-setmana-al-port-de-sitges\/","title":{"rendered":"El Millor Pop &#038; Rock, la Sitges Big Band i projecci\u00f3 de curts del Festival de Cinema de Sitges aquest cap de setmana al Port de SItges"},"content":{"rendered":"<p><!--more--><\/p>\n<p>Despr\u00e9s d\u2019un fant\u00e0stic cap de setmana amb el Rock\u2019n Roll de Track\u2019s Bar i l\u2019espectacular Gran Nit L\u00edrica continuem amb dos grups de versions d\u2019estils ben diferents.<\/p>\n<p>Divendres 31 de juliol a les 23h actuar\u00e0 el grup Pop\u2019N\u2019Roll. Els seus components provinents de diversos grups de la zona de les comarques de Tarragona decideixen emprendre en aquest 2015 un nou projecte de versions de Pop i Rock. Aquesta banda neix amb una proposta musical que es mou entre les can\u00e7ons m\u00e9s actuals i els cl\u00e0ssics del m\u00f3n del Rock Internacional (Maroon 5, Bruno Mars, Robbie Williams, U2&#8230;). Sens dubte podrem gaudir d\u2019un concert de qualitat a l\u2019Auditori del Mar del Port de Sitges.<\/p>\n<p style=\"text-align: center;\"><a href=\"http:\/\/www.portdesitges.com\/port\/wp-content\/uploads\/2015\/07\/Pop-and-roll.jpg\"><img loading=\"lazy\" decoding=\"async\" class=\"alignnone size-medium wp-image-2239\" src=\"http:\/\/www.portdesitges.com\/port\/wp-content\/uploads\/2015\/07\/Pop-and-roll-229x300.jpg\" alt=\"Pop and roll\" width=\"229\" height=\"300\" \/><\/a><a href=\"http:\/\/www.portdesitges.com\/port\/wp-content\/uploads\/2015\/07\/Sitges-big-band.jpg\"><img loading=\"lazy\" decoding=\"async\" class=\"alignnone size-medium wp-image-2240\" src=\"http:\/\/www.portdesitges.com\/port\/wp-content\/uploads\/2015\/07\/Sitges-big-band-232x300.jpg\" alt=\"Sitges big band\" width=\"232\" height=\"300\" \/><\/a><\/p>\n<p>Dissabte 1 d\u2019agost a les 20:30h al mateix escenari tindr\u00e0 lloc el concert de la Sitges Big Band, per cinqu\u00e8 any consecutiu al Port de Sitges. En un principi estava programat a l\u2019Auditori del Centre per\u00f2 finalment actuaran a l\u2019Auditori del Mar.<\/p>\n<p>La Big Band \u00e9s una gran formaci\u00f3 instrumental amb una \u00e0mplia varietat sonora. En els seus or\u00edgens a la d\u00e8cada dels 30 als EEUU feia aixecar-se de la cadira per ballar a molts seguidors. Count Basie, Duke Ellington, Glen Miller&#8230; portaven el swing all\u00e0 on anaven. Amb la premissa d\u2019aprendre de les grans Big Bands i con\u00e8ixer aquesta m\u00fasica, la Sitges Big Band va formar-se a l\u2019estiu del 2009 i fins ara ha anat evolucionant fins a tenir un repertori variat amb temes com Chamaleon de Herbie Hanckock, Splanky de Cound Basie, &#8220;Don&#8217;t Know why&#8221; de Norah Jones, &#8220;String of pearls&#8221; de Glen Miller&#8230;<\/p>\n<p style=\"text-align: center;\"><a href=\"http:\/\/www.portdesitges.com\/port\/wp-content\/uploads\/2015\/07\/cartell-festival-cine-sitges.jpg\"><img loading=\"lazy\" decoding=\"async\" class=\"alignnone size-medium wp-image-2232\" src=\"http:\/\/www.portdesitges.com\/port\/wp-content\/uploads\/2015\/07\/cartell-festival-cine-sitges-300x109.jpg\" alt=\"cartell festival cine sitges\" width=\"300\" height=\"109\" srcset=\"https:\/\/www.portdesitges.com\/wp-content\/uploads\/2015\/07\/cartell-festival-cine-sitges-300x109.jpg 300w, https:\/\/www.portdesitges.com\/wp-content\/uploads\/2015\/07\/cartell-festival-cine-sitges.jpg 550w\" sizes=\"auto, (max-width: 300px) 100vw, 300px\" \/><\/a><\/p>\n<p>Per acabar, recordem que despr\u00e9s del concert del dissabte, a les 23 hores es dur\u00e0 a terme la projecci\u00f3 de curts del Festival Internacional de Cinema de Catalunya. El programa inclou set curtmetratges que es van poder veure en l\u2019edici\u00f3 de Sitges 2014.\u00a0Tots tenen en com\u00fa la tem\u00e0tica fant\u00e0stica i de terror.<\/p>\n<p>Totes aquestes activitats son gratu\u00eftes, per a m\u00e9s informaci\u00f3 podeu consultar la nostra p\u00e0gina web <a href=\"http:\/\/www.fundacioportdesitges.com\" target=\"_blank\" rel=\"noopener noreferrer\">www.fundacioportdesitges.com<\/a><\/p>\n","protected":false},"excerpt":{"rendered":"Despr\u00e9s d\u2019un fant\u00e0stic cap de setmana amb el Rock\u2019n Roll de Track\u2019s Bar i l\u2019espectacular Gran Nit L\u00edrica continuem amb dos grups de versions d\u2019estils ben diferents. Divendres 31 de...","protected":false},"author":2,"featured_media":2241,"comment_status":"closed","ping_status":"closed","sticky":false,"template":"","format":"standard","meta":{"footnotes":""},"categories":[],"tags":[],"class_list":["post-2238","post","type-post","status-publish","format-standard","has-post-thumbnail"],"yoast_head":"<!-- This site is optimized with the Yoast SEO plugin v27.3 - https:\/\/yoast.com\/product\/yoast-seo-wordpress\/ -->\n<title>El Millor Pop &amp; Rock, la Sitges Big Band i projecci\u00f3 de curts del Festival de Cinema de Sitges aquest cap de setmana al Port de SItges - Port de Sitges - Aiguadol\u00e7<\/title>\n<meta name=\"robots\" content=\"index, follow, max-snippet:-1, max-image-preview:large, max-video-preview:-1\" \/>\n<link rel=\"canonical\" href=\"https:\/\/www.portdesitges.com\/ca\/el-millor-pop-rock-la-sitges-big-band-i-projeccio-de-curts-del-festival-de-cinema-de-sitges-aquest-cap-de-setmana-al-port-de-sitges\/\" \/>\n<meta property=\"og:locale\" content=\"ca_ES\" \/>\n<meta property=\"og:type\" content=\"article\" \/>\n<meta property=\"og:title\" content=\"El Millor Pop &amp; Rock, la Sitges Big Band i projecci\u00f3 de curts del Festival de Cinema de Sitges aquest cap de setmana al Port de SItges - Port de Sitges - Aiguadol\u00e7\" \/>\n<meta property=\"og:url\" content=\"https:\/\/www.portdesitges.com\/ca\/el-millor-pop-rock-la-sitges-big-band-i-projeccio-de-curts-del-festival-de-cinema-de-sitges-aquest-cap-de-setmana-al-port-de-sitges\/\" \/>\n<meta property=\"og:site_name\" content=\"Port de Sitges - Aiguadol\u00e7\" \/>\n<meta property=\"article:published_time\" content=\"2015-07-29T09:39:36+00:00\" \/>\n<meta property=\"og:image\" content=\"https:\/\/www.portdesitges.com\/wp-content\/uploads\/2015\/07\/Sitges-big-band-300.jpg\" \/>\n\t<meta property=\"og:image:width\" content=\"300\" \/>\n\t<meta property=\"og:image:height\" content=\"300\" \/>\n\t<meta property=\"og:image:type\" content=\"image\/jpeg\" \/>\n<meta name=\"author\" content=\"portsitg\" \/>\n<meta name=\"twitter:card\" content=\"summary_large_image\" \/>\n<meta name=\"twitter:label1\" content=\"Escrit per\" \/>\n\t<meta name=\"twitter:data1\" content=\"portsitg\" \/>\n\t<meta name=\"twitter:label2\" content=\"Temps estimat de lectura\" \/>\n\t<meta name=\"twitter:data2\" content=\"2 minuts\" \/>\n<script type=\"application\/ld+json\" class=\"yoast-schema-graph\">{\"@context\":\"https:\\\/\\\/schema.org\",\"@graph\":[{\"@type\":\"Article\",\"@id\":\"https:\\\/\\\/www.portdesitges.com\\\/ca\\\/el-millor-pop-rock-la-sitges-big-band-i-projeccio-de-curts-del-festival-de-cinema-de-sitges-aquest-cap-de-setmana-al-port-de-sitges\\\/#article\",\"isPartOf\":{\"@id\":\"https:\\\/\\\/www.portdesitges.com\\\/ca\\\/el-millor-pop-rock-la-sitges-big-band-i-projeccio-de-curts-del-festival-de-cinema-de-sitges-aquest-cap-de-setmana-al-port-de-sitges\\\/\"},\"author\":{\"name\":\"portsitg\",\"@id\":\"https:\\\/\\\/www.portdesitges.com\\\/#\\\/schema\\\/person\\\/a9e788079fa8154d434e3acb5cc9a560\"},\"headline\":\"El Millor Pop &#038; Rock, la Sitges Big Band i projecci\u00f3 de curts del Festival de Cinema de Sitges aquest cap de setmana al Port de SItges\",\"datePublished\":\"2015-07-29T09:39:36+00:00\",\"mainEntityOfPage\":{\"@id\":\"https:\\\/\\\/www.portdesitges.com\\\/ca\\\/el-millor-pop-rock-la-sitges-big-band-i-projeccio-de-curts-del-festival-de-cinema-de-sitges-aquest-cap-de-setmana-al-port-de-sitges\\\/\"},\"wordCount\":381,\"image\":{\"@id\":\"https:\\\/\\\/www.portdesitges.com\\\/ca\\\/el-millor-pop-rock-la-sitges-big-band-i-projeccio-de-curts-del-festival-de-cinema-de-sitges-aquest-cap-de-setmana-al-port-de-sitges\\\/#primaryimage\"},\"thumbnailUrl\":\"https:\\\/\\\/www.portdesitges.com\\\/wp-content\\\/uploads\\\/2015\\\/07\\\/Sitges-big-band-300.jpg\",\"inLanguage\":\"ca\"},{\"@type\":\"WebPage\",\"@id\":\"https:\\\/\\\/www.portdesitges.com\\\/ca\\\/el-millor-pop-rock-la-sitges-big-band-i-projeccio-de-curts-del-festival-de-cinema-de-sitges-aquest-cap-de-setmana-al-port-de-sitges\\\/\",\"url\":\"https:\\\/\\\/www.portdesitges.com\\\/ca\\\/el-millor-pop-rock-la-sitges-big-band-i-projeccio-de-curts-del-festival-de-cinema-de-sitges-aquest-cap-de-setmana-al-port-de-sitges\\\/\",\"name\":\"El Millor Pop & Rock, la Sitges Big Band i projecci\u00f3 de curts del Festival de Cinema de Sitges aquest cap de setmana al Port de SItges - Port de Sitges - Aiguadol\u00e7\",\"isPartOf\":{\"@id\":\"https:\\\/\\\/www.portdesitges.com\\\/#website\"},\"primaryImageOfPage\":{\"@id\":\"https:\\\/\\\/www.portdesitges.com\\\/ca\\\/el-millor-pop-rock-la-sitges-big-band-i-projeccio-de-curts-del-festival-de-cinema-de-sitges-aquest-cap-de-setmana-al-port-de-sitges\\\/#primaryimage\"},\"image\":{\"@id\":\"https:\\\/\\\/www.portdesitges.com\\\/ca\\\/el-millor-pop-rock-la-sitges-big-band-i-projeccio-de-curts-del-festival-de-cinema-de-sitges-aquest-cap-de-setmana-al-port-de-sitges\\\/#primaryimage\"},\"thumbnailUrl\":\"https:\\\/\\\/www.portdesitges.com\\\/wp-content\\\/uploads\\\/2015\\\/07\\\/Sitges-big-band-300.jpg\",\"datePublished\":\"2015-07-29T09:39:36+00:00\",\"author\":{\"@id\":\"https:\\\/\\\/www.portdesitges.com\\\/#\\\/schema\\\/person\\\/a9e788079fa8154d434e3acb5cc9a560\"},\"breadcrumb\":{\"@id\":\"https:\\\/\\\/www.portdesitges.com\\\/ca\\\/el-millor-pop-rock-la-sitges-big-band-i-projeccio-de-curts-del-festival-de-cinema-de-sitges-aquest-cap-de-setmana-al-port-de-sitges\\\/#breadcrumb\"},\"inLanguage\":\"ca\",\"potentialAction\":[{\"@type\":\"ReadAction\",\"target\":[\"https:\\\/\\\/www.portdesitges.com\\\/ca\\\/el-millor-pop-rock-la-sitges-big-band-i-projeccio-de-curts-del-festival-de-cinema-de-sitges-aquest-cap-de-setmana-al-port-de-sitges\\\/\"]}]},{\"@type\":\"ImageObject\",\"inLanguage\":\"ca\",\"@id\":\"https:\\\/\\\/www.portdesitges.com\\\/ca\\\/el-millor-pop-rock-la-sitges-big-band-i-projeccio-de-curts-del-festival-de-cinema-de-sitges-aquest-cap-de-setmana-al-port-de-sitges\\\/#primaryimage\",\"url\":\"https:\\\/\\\/www.portdesitges.com\\\/wp-content\\\/uploads\\\/2015\\\/07\\\/Sitges-big-band-300.jpg\",\"contentUrl\":\"https:\\\/\\\/www.portdesitges.com\\\/wp-content\\\/uploads\\\/2015\\\/07\\\/Sitges-big-band-300.jpg\",\"width\":300,\"height\":300},{\"@type\":\"BreadcrumbList\",\"@id\":\"https:\\\/\\\/www.portdesitges.com\\\/ca\\\/el-millor-pop-rock-la-sitges-big-band-i-projeccio-de-curts-del-festival-de-cinema-de-sitges-aquest-cap-de-setmana-al-port-de-sitges\\\/#breadcrumb\",\"itemListElement\":[{\"@type\":\"ListItem\",\"position\":1,\"name\":\"Portada\",\"item\":\"https:\\\/\\\/www.portdesitges.com\\\/ca\\\/\"},{\"@type\":\"ListItem\",\"position\":2,\"name\":\"El Millor Pop &#038; Rock, la Sitges Big Band i projecci\u00f3 de curts del Festival de Cinema de Sitges aquest cap de setmana al Port de SItges\"}]},{\"@type\":\"WebSite\",\"@id\":\"https:\\\/\\\/www.portdesitges.com\\\/#website\",\"url\":\"https:\\\/\\\/www.portdesitges.com\\\/\",\"name\":\"Port de Sitges - Aiguadol\u00e7\",\"description\":\"lugar donde el mar y la tierra se dan de la mano para crear un espacio \u00fanico y atractivo. Disfruta de un mar de experiencias.\",\"potentialAction\":[{\"@type\":\"SearchAction\",\"target\":{\"@type\":\"EntryPoint\",\"urlTemplate\":\"https:\\\/\\\/www.portdesitges.com\\\/?s={search_term_string}\"},\"query-input\":{\"@type\":\"PropertyValueSpecification\",\"valueRequired\":true,\"valueName\":\"search_term_string\"}}],\"inLanguage\":\"ca\"},{\"@type\":\"Person\",\"@id\":\"https:\\\/\\\/www.portdesitges.com\\\/#\\\/schema\\\/person\\\/a9e788079fa8154d434e3acb5cc9a560\",\"name\":\"portsitg\",\"image\":{\"@type\":\"ImageObject\",\"inLanguage\":\"ca\",\"@id\":\"https:\\\/\\\/secure.gravatar.com\\\/avatar\\\/3859401686883dbd8076c2e625e0365be0dfac18bea72e75083833b81bf7c3a7?s=96&d=mm&r=g\",\"url\":\"https:\\\/\\\/secure.gravatar.com\\\/avatar\\\/3859401686883dbd8076c2e625e0365be0dfac18bea72e75083833b81bf7c3a7?s=96&d=mm&r=g\",\"contentUrl\":\"https:\\\/\\\/secure.gravatar.com\\\/avatar\\\/3859401686883dbd8076c2e625e0365be0dfac18bea72e75083833b81bf7c3a7?s=96&d=mm&r=g\",\"caption\":\"portsitg\"},\"url\":\"https:\\\/\\\/www.portdesitges.com\\\/ca\\\/author\\\/portsitg\\\/\"}]}<\/script>\n<!-- \/ Yoast SEO plugin. -->","yoast_head_json":{"title":"El Millor Pop & Rock, la Sitges Big Band i projecci\u00f3 de curts del Festival de Cinema de Sitges aquest cap de setmana al Port de SItges - Port de Sitges - Aiguadol\u00e7","robots":{"index":"index","follow":"follow","max-snippet":"max-snippet:-1","max-image-preview":"max-image-preview:large","max-video-preview":"max-video-preview:-1"},"canonical":"https:\/\/www.portdesitges.com\/ca\/el-millor-pop-rock-la-sitges-big-band-i-projeccio-de-curts-del-festival-de-cinema-de-sitges-aquest-cap-de-setmana-al-port-de-sitges\/","og_locale":"ca_ES","og_type":"article","og_title":"El Millor Pop & Rock, la Sitges Big Band i projecci\u00f3 de curts del Festival de Cinema de Sitges aquest cap de setmana al Port de SItges - Port de Sitges - Aiguadol\u00e7","og_url":"https:\/\/www.portdesitges.com\/ca\/el-millor-pop-rock-la-sitges-big-band-i-projeccio-de-curts-del-festival-de-cinema-de-sitges-aquest-cap-de-setmana-al-port-de-sitges\/","og_site_name":"Port de Sitges - Aiguadol\u00e7","article_published_time":"2015-07-29T09:39:36+00:00","og_image":[{"width":300,"height":300,"url":"https:\/\/www.portdesitges.com\/wp-content\/uploads\/2015\/07\/Sitges-big-band-300.jpg","type":"image\/jpeg"}],"author":"portsitg","twitter_card":"summary_large_image","twitter_misc":{"Escrit per":"portsitg","Temps estimat de lectura":"2 minuts"},"schema":{"@context":"https:\/\/schema.org","@graph":[{"@type":"Article","@id":"https:\/\/www.portdesitges.com\/ca\/el-millor-pop-rock-la-sitges-big-band-i-projeccio-de-curts-del-festival-de-cinema-de-sitges-aquest-cap-de-setmana-al-port-de-sitges\/#article","isPartOf":{"@id":"https:\/\/www.portdesitges.com\/ca\/el-millor-pop-rock-la-sitges-big-band-i-projeccio-de-curts-del-festival-de-cinema-de-sitges-aquest-cap-de-setmana-al-port-de-sitges\/"},"author":{"name":"portsitg","@id":"https:\/\/www.portdesitges.com\/#\/schema\/person\/a9e788079fa8154d434e3acb5cc9a560"},"headline":"El Millor Pop &#038; Rock, la Sitges Big Band i projecci\u00f3 de curts del Festival de Cinema de Sitges aquest cap de setmana al Port de SItges","datePublished":"2015-07-29T09:39:36+00:00","mainEntityOfPage":{"@id":"https:\/\/www.portdesitges.com\/ca\/el-millor-pop-rock-la-sitges-big-band-i-projeccio-de-curts-del-festival-de-cinema-de-sitges-aquest-cap-de-setmana-al-port-de-sitges\/"},"wordCount":381,"image":{"@id":"https:\/\/www.portdesitges.com\/ca\/el-millor-pop-rock-la-sitges-big-band-i-projeccio-de-curts-del-festival-de-cinema-de-sitges-aquest-cap-de-setmana-al-port-de-sitges\/#primaryimage"},"thumbnailUrl":"https:\/\/www.portdesitges.com\/wp-content\/uploads\/2015\/07\/Sitges-big-band-300.jpg","inLanguage":"ca"},{"@type":"WebPage","@id":"https:\/\/www.portdesitges.com\/ca\/el-millor-pop-rock-la-sitges-big-band-i-projeccio-de-curts-del-festival-de-cinema-de-sitges-aquest-cap-de-setmana-al-port-de-sitges\/","url":"https:\/\/www.portdesitges.com\/ca\/el-millor-pop-rock-la-sitges-big-band-i-projeccio-de-curts-del-festival-de-cinema-de-sitges-aquest-cap-de-setmana-al-port-de-sitges\/","name":"El Millor Pop & Rock, la Sitges Big Band i projecci\u00f3 de curts del Festival de Cinema de Sitges aquest cap de setmana al Port de SItges - Port de Sitges - Aiguadol\u00e7","isPartOf":{"@id":"https:\/\/www.portdesitges.com\/#website"},"primaryImageOfPage":{"@id":"https:\/\/www.portdesitges.com\/ca\/el-millor-pop-rock-la-sitges-big-band-i-projeccio-de-curts-del-festival-de-cinema-de-sitges-aquest-cap-de-setmana-al-port-de-sitges\/#primaryimage"},"image":{"@id":"https:\/\/www.portdesitges.com\/ca\/el-millor-pop-rock-la-sitges-big-band-i-projeccio-de-curts-del-festival-de-cinema-de-sitges-aquest-cap-de-setmana-al-port-de-sitges\/#primaryimage"},"thumbnailUrl":"https:\/\/www.portdesitges.com\/wp-content\/uploads\/2015\/07\/Sitges-big-band-300.jpg","datePublished":"2015-07-29T09:39:36+00:00","author":{"@id":"https:\/\/www.portdesitges.com\/#\/schema\/person\/a9e788079fa8154d434e3acb5cc9a560"},"breadcrumb":{"@id":"https:\/\/www.portdesitges.com\/ca\/el-millor-pop-rock-la-sitges-big-band-i-projeccio-de-curts-del-festival-de-cinema-de-sitges-aquest-cap-de-setmana-al-port-de-sitges\/#breadcrumb"},"inLanguage":"ca","potentialAction":[{"@type":"ReadAction","target":["https:\/\/www.portdesitges.com\/ca\/el-millor-pop-rock-la-sitges-big-band-i-projeccio-de-curts-del-festival-de-cinema-de-sitges-aquest-cap-de-setmana-al-port-de-sitges\/"]}]},{"@type":"ImageObject","inLanguage":"ca","@id":"https:\/\/www.portdesitges.com\/ca\/el-millor-pop-rock-la-sitges-big-band-i-projeccio-de-curts-del-festival-de-cinema-de-sitges-aquest-cap-de-setmana-al-port-de-sitges\/#primaryimage","url":"https:\/\/www.portdesitges.com\/wp-content\/uploads\/2015\/07\/Sitges-big-band-300.jpg","contentUrl":"https:\/\/www.portdesitges.com\/wp-content\/uploads\/2015\/07\/Sitges-big-band-300.jpg","width":300,"height":300},{"@type":"BreadcrumbList","@id":"https:\/\/www.portdesitges.com\/ca\/el-millor-pop-rock-la-sitges-big-band-i-projeccio-de-curts-del-festival-de-cinema-de-sitges-aquest-cap-de-setmana-al-port-de-sitges\/#breadcrumb","itemListElement":[{"@type":"ListItem","position":1,"name":"Portada","item":"https:\/\/www.portdesitges.com\/ca\/"},{"@type":"ListItem","position":2,"name":"El Millor Pop &#038; Rock, la Sitges Big Band i projecci\u00f3 de curts del Festival de Cinema de Sitges aquest cap de setmana al Port de SItges"}]},{"@type":"WebSite","@id":"https:\/\/www.portdesitges.com\/#website","url":"https:\/\/www.portdesitges.com\/","name":"Port de Sitges - Aiguadol\u00e7","description":"lugar donde el mar y la tierra se dan de la mano para crear un espacio \u00fanico y atractivo. Disfruta de un mar de experiencias.","potentialAction":[{"@type":"SearchAction","target":{"@type":"EntryPoint","urlTemplate":"https:\/\/www.portdesitges.com\/?s={search_term_string}"},"query-input":{"@type":"PropertyValueSpecification","valueRequired":true,"valueName":"search_term_string"}}],"inLanguage":"ca"},{"@type":"Person","@id":"https:\/\/www.portdesitges.com\/#\/schema\/person\/a9e788079fa8154d434e3acb5cc9a560","name":"portsitg","image":{"@type":"ImageObject","inLanguage":"ca","@id":"https:\/\/secure.gravatar.com\/avatar\/3859401686883dbd8076c2e625e0365be0dfac18bea72e75083833b81bf7c3a7?s=96&d=mm&r=g","url":"https:\/\/secure.gravatar.com\/avatar\/3859401686883dbd8076c2e625e0365be0dfac18bea72e75083833b81bf7c3a7?s=96&d=mm&r=g","contentUrl":"https:\/\/secure.gravatar.com\/avatar\/3859401686883dbd8076c2e625e0365be0dfac18bea72e75083833b81bf7c3a7?s=96&d=mm&r=g","caption":"portsitg"},"url":"https:\/\/www.portdesitges.com\/ca\/author\/portsitg\/"}]}},"_links":{"self":[{"href":"https:\/\/www.portdesitges.com\/ca\/wp-json\/wp\/v2\/posts\/2238","targetHints":{"allow":["GET"]}}],"collection":[{"href":"https:\/\/www.portdesitges.com\/ca\/wp-json\/wp\/v2\/posts"}],"about":[{"href":"https:\/\/www.portdesitges.com\/ca\/wp-json\/wp\/v2\/types\/post"}],"author":[{"embeddable":true,"href":"https:\/\/www.portdesitges.com\/ca\/wp-json\/wp\/v2\/users\/2"}],"replies":[{"embeddable":true,"href":"https:\/\/www.portdesitges.com\/ca\/wp-json\/wp\/v2\/comments?post=2238"}],"version-history":[{"count":0,"href":"https:\/\/www.portdesitges.com\/ca\/wp-json\/wp\/v2\/posts\/2238\/revisions"}],"wp:featuredmedia":[{"embeddable":true,"href":"https:\/\/www.portdesitges.com\/ca\/wp-json\/wp\/v2\/media\/2241"}],"wp:attachment":[{"href":"https:\/\/www.portdesitges.com\/ca\/wp-json\/wp\/v2\/media?parent=2238"}],"wp:term":[{"taxonomy":"category","embeddable":true,"href":"https:\/\/www.portdesitges.com\/ca\/wp-json\/wp\/v2\/categories?post=2238"},{"taxonomy":"post_tag","embeddable":true,"href":"https:\/\/www.portdesitges.com\/ca\/wp-json\/wp\/v2\/tags?post=2238"}],"curies":[{"name":"wp","href":"https:\/\/api.w.org\/{rel}","templated":true}]}}