{"id":2231,"date":"2015-07-27T15:17:44","date_gmt":"2015-07-27T15:17:44","guid":{"rendered":"http:\/\/www.portdesitges.com\/?p=2231"},"modified":"2015-07-27T15:17:44","modified_gmt":"2015-07-27T15:17:44","slug":"el-festival-port-de-sitges-acull-una-sessio-de-curts-a-laire-lliure-del-festival-de-cinema-de-sitges","status":"publish","type":"post","link":"https:\/\/www.portdesitges.com\/ca\/el-festival-port-de-sitges-acull-una-sessio-de-curts-a-laire-lliure-del-festival-de-cinema-de-sitges\/","title":{"rendered":"El Festival Port de Sitges acull una sessi\u00f3 de curts a l\u2019aire lliure del Festival de Cinema de Sitges"},"content":{"rendered":"<p><!--more--><\/p>\n<p style=\"text-align: center;\"><a href=\"http:\/\/www.portdesitges.com\/port\/wp-content\/uploads\/2015\/07\/CurtsFresca-01-1.jpg\"><img loading=\"lazy\" decoding=\"async\" class=\"alignnone size-medium wp-image-2256\" src=\"http:\/\/www.portdesitges.com\/port\/wp-content\/uploads\/2015\/07\/CurtsFresca-01-1-143x300.jpg\" alt=\"Imprimir\" width=\"143\" height=\"300\" srcset=\"https:\/\/www.portdesitges.com\/wp-content\/uploads\/2015\/07\/CurtsFresca-01-1-143x300.jpg 143w, https:\/\/www.portdesitges.com\/wp-content\/uploads\/2015\/07\/CurtsFresca-01-1-489x1024.jpg 489w, https:\/\/www.portdesitges.com\/wp-content\/uploads\/2015\/07\/CurtsFresca-01-1.jpg 493w\" sizes=\"auto, (max-width: 143px) 100vw, 143px\" \/><\/a><a href=\"http:\/\/www.portdesitges.com\/port\/wp-content\/uploads\/2015\/07\/CurtsFresca-02.jpg\"><img loading=\"lazy\" decoding=\"async\" class=\"alignnone size-medium wp-image-2257\" src=\"http:\/\/www.portdesitges.com\/port\/wp-content\/uploads\/2015\/07\/CurtsFresca-02-143x300.jpg\" alt=\"Imprimir\" width=\"143\" height=\"300\" srcset=\"https:\/\/www.portdesitges.com\/wp-content\/uploads\/2015\/07\/CurtsFresca-02-143x300.jpg 143w, https:\/\/www.portdesitges.com\/wp-content\/uploads\/2015\/07\/CurtsFresca-02-488x1024.jpg 488w, https:\/\/www.portdesitges.com\/wp-content\/uploads\/2015\/07\/CurtsFresca-02.jpg 591w\" sizes=\"auto, (max-width: 143px) 100vw, 143px\" \/><\/a><\/p>\n<p>A poc m\u00e9s de dos mesos per la 48\u00aa edici\u00f3 del Sitges \u2013 Festival Internacional de Cinema Fant\u00e0stic de Catalunya, el Festival organitza una minimarat\u00f3 de curtmetratges al Port de Sitges \u2013 Aiguadol\u00e7 en el marc del Festival Port de Sitges, una iniciativa que se celebra des de fa quatre anys.<\/p>\n<p>La cita ser\u00e0 dissabte que ve, 1 d&#8217;agost, a les 23 hores, amb un programa que inclou set curtmetratges que es van poder veure en l&#8217;edici\u00f3 de Sitges 2014. Tots tenen en com\u00fa la tem\u00e0tica fant\u00e0stica i de terror, i la seva traject\u00f2ria per diferents festivals nacionals i internacionals, on molts d&#8217;ells han recollit destacats premis.<\/p>\n<p>Programa<\/p>\n<p>Dissabte, 1 d&#8217;agost, a les 23 hores<\/p>\n<p>Port de Sitges &#8211; Aiguadol\u00e7 (Moll de Llevant)<\/p>\n<p>Entrada gratu\u00efta<\/p>\n<p>Curts seleccionats (per ordre alfab\u00e8tic)<\/p>\n<p><strong>Encara hi ha temps<\/strong>, d&#8217;Albert Pint\u00f3. La nit de Nadal, \u00c1ngel es presenta al centre comercial on treballa la seva exnovia Nina amb intenci\u00f3 d&#8217;arreglar les coses amb ella. El que encara no sap \u00e9s que per recuperar a la noia haur\u00e0 d&#8217;escapar d&#8217;un laberint espai-temporal creat per un misteri\u00f3s ninot Santa Claus.<\/p>\n<p><strong>Baskin<\/strong>, de Can Evrenol. Rodada durant les c\u00e0rregues policials al parc Gezi \u00a0d\u2019Istambul, Baskin segueix a quatre policies que despr\u00e9s de rebre una trucada rutin\u00e0ria descobriran alguna cosa aterridora.<\/p>\n<p><strong>El bosc negre<\/strong>, de Paul Urkijo. Sir H\u00e9ctor, un valent cavaller amb armadura i cavall, es disposa a penetrar al Bosc Negre per alliberar a una bella i virginal dama, presa d&#8217;un terrible ogre. Aconseguir\u00e0 el nostre heroi v\u00e8ncer on uns altres han sucumbit a l&#8217;horror i a la mort?<\/p>\n<p><strong>Interior<\/strong>. Fam\u00edlia, de Gerard Quinto, Esteve Soler i David Torras. Una parella de pares afectuosos desperta al seu fill enmig de la nit. Han de parlar amb ell sobre alguna cosa urgent i aterridora que canviar\u00e0 la seva vida per sempre.<\/p>\n<p><strong>La carrera<\/strong>, de Christopher Cartagena. Un petit poble ha estat assetjat per l&#8217;aparici\u00f3 d&#8217;una estranya epid\u00e8mia que ha afectat a tota la poblaci\u00f3. Alfredo tamb\u00e9 ha estat contagiat, per\u00f2 amb un joc entrenar\u00e0 a la seva filla per sortir d&#8217;aqu\u00ed sola. Ser\u00e0 capa\u00e7 la nena d&#8217;abandonar al seu pare arribat el moment?<\/p>\n<p><strong>Nada S.A.<\/strong>, d&#8217;Albert Pint\u00f3 i Caye Casas. Carlos porta anys a l\u2019atur, est\u00e0 desesperat despr\u00e9s de fracassar en totes les entrevistes de treball a les quals es presenta. Un dia veu un anunci d&#8217;una empresa que busca a alg\u00fa que vulgui cobrar per no fer res. Carlos aconsegueix el treball i aquest dia li canviar\u00e0 la vida.<\/p>\n<p><strong>\u00d3scar desafinat<\/strong>, de Mikel Alvari\u00f1o. En to de broma, Violeta li diu al seu nuvi \u00d3scar que, si ella mor abans, ell haur\u00e0 d&#8217;esperar almenys 2 anys abans de sortir amb una altra dona i que, si no ho fa, ella tornar\u00e0 de la tomba per venjar-se. Poc despr\u00e9s, Violeta mor, i l\u2019\u00d3scar coneix a l\u2019Ana.<\/p>\n","protected":false},"excerpt":{"rendered":"A poc m\u00e9s de dos mesos per la 48\u00aa edici\u00f3 del Sitges \u2013 Festival Internacional de Cinema Fant\u00e0stic de Catalunya, el Festival organitza una minimarat\u00f3 de curtmetratges al Port de...","protected":false},"author":2,"featured_media":2259,"comment_status":"closed","ping_status":"closed","sticky":false,"template":"","format":"standard","meta":{"footnotes":""},"categories":[],"tags":[],"class_list":["post-2231","post","type-post","status-publish","format-standard","has-post-thumbnail"],"yoast_head":"<!-- This site is optimized with the Yoast SEO plugin v27.3 - https:\/\/yoast.com\/product\/yoast-seo-wordpress\/ -->\n<title>El Festival Port de Sitges acull una sessi\u00f3 de curts a l\u2019aire lliure del Festival de Cinema de Sitges - Port de Sitges - Aiguadol\u00e7<\/title>\n<meta name=\"robots\" content=\"index, follow, max-snippet:-1, max-image-preview:large, max-video-preview:-1\" \/>\n<link rel=\"canonical\" href=\"https:\/\/www.portdesitges.com\/ca\/el-festival-port-de-sitges-acull-una-sessio-de-curts-a-laire-lliure-del-festival-de-cinema-de-sitges\/\" \/>\n<meta property=\"og:locale\" content=\"ca_ES\" \/>\n<meta property=\"og:type\" content=\"article\" \/>\n<meta property=\"og:title\" content=\"El Festival Port de Sitges acull una sessi\u00f3 de curts a l\u2019aire lliure del Festival de Cinema de Sitges - Port de Sitges - Aiguadol\u00e7\" \/>\n<meta property=\"og:url\" content=\"https:\/\/www.portdesitges.com\/ca\/el-festival-port-de-sitges-acull-una-sessio-de-curts-a-laire-lliure-del-festival-de-cinema-de-sitges\/\" \/>\n<meta property=\"og:site_name\" content=\"Port de Sitges - Aiguadol\u00e7\" \/>\n<meta property=\"article:published_time\" content=\"2015-07-27T15:17:44+00:00\" \/>\n<meta property=\"og:image\" content=\"https:\/\/www.portdesitges.com\/wp-content\/uploads\/2015\/07\/curts-web-300-def.jpg\" \/>\n\t<meta property=\"og:image:width\" content=\"300\" \/>\n\t<meta property=\"og:image:height\" content=\"300\" \/>\n\t<meta property=\"og:image:type\" content=\"image\/jpeg\" \/>\n<meta name=\"author\" content=\"portsitg\" \/>\n<meta name=\"twitter:card\" content=\"summary_large_image\" \/>\n<meta name=\"twitter:label1\" content=\"Escrit per\" \/>\n\t<meta name=\"twitter:data1\" content=\"portsitg\" \/>\n\t<meta name=\"twitter:label2\" content=\"Temps estimat de lectura\" \/>\n\t<meta name=\"twitter:data2\" content=\"2 minuts\" \/>\n<script type=\"application\/ld+json\" class=\"yoast-schema-graph\">{\"@context\":\"https:\\\/\\\/schema.org\",\"@graph\":[{\"@type\":\"Article\",\"@id\":\"https:\\\/\\\/www.portdesitges.com\\\/ca\\\/el-festival-port-de-sitges-acull-una-sessio-de-curts-a-laire-lliure-del-festival-de-cinema-de-sitges\\\/#article\",\"isPartOf\":{\"@id\":\"https:\\\/\\\/www.portdesitges.com\\\/ca\\\/el-festival-port-de-sitges-acull-una-sessio-de-curts-a-laire-lliure-del-festival-de-cinema-de-sitges\\\/\"},\"author\":{\"name\":\"portsitg\",\"@id\":\"https:\\\/\\\/www.portdesitges.com\\\/#\\\/schema\\\/person\\\/a9e788079fa8154d434e3acb5cc9a560\"},\"headline\":\"El Festival Port de Sitges acull una sessi\u00f3 de curts a l\u2019aire lliure del Festival de Cinema de Sitges\",\"datePublished\":\"2015-07-27T15:17:44+00:00\",\"mainEntityOfPage\":{\"@id\":\"https:\\\/\\\/www.portdesitges.com\\\/ca\\\/el-festival-port-de-sitges-acull-una-sessio-de-curts-a-laire-lliure-del-festival-de-cinema-de-sitges\\\/\"},\"wordCount\":519,\"image\":{\"@id\":\"https:\\\/\\\/www.portdesitges.com\\\/ca\\\/el-festival-port-de-sitges-acull-una-sessio-de-curts-a-laire-lliure-del-festival-de-cinema-de-sitges\\\/#primaryimage\"},\"thumbnailUrl\":\"https:\\\/\\\/www.portdesitges.com\\\/wp-content\\\/uploads\\\/2015\\\/07\\\/curts-web-300-def.jpg\",\"inLanguage\":\"ca\"},{\"@type\":\"WebPage\",\"@id\":\"https:\\\/\\\/www.portdesitges.com\\\/ca\\\/el-festival-port-de-sitges-acull-una-sessio-de-curts-a-laire-lliure-del-festival-de-cinema-de-sitges\\\/\",\"url\":\"https:\\\/\\\/www.portdesitges.com\\\/ca\\\/el-festival-port-de-sitges-acull-una-sessio-de-curts-a-laire-lliure-del-festival-de-cinema-de-sitges\\\/\",\"name\":\"El Festival Port de Sitges acull una sessi\u00f3 de curts a l\u2019aire lliure del Festival de Cinema de Sitges - Port de Sitges - Aiguadol\u00e7\",\"isPartOf\":{\"@id\":\"https:\\\/\\\/www.portdesitges.com\\\/#website\"},\"primaryImageOfPage\":{\"@id\":\"https:\\\/\\\/www.portdesitges.com\\\/ca\\\/el-festival-port-de-sitges-acull-una-sessio-de-curts-a-laire-lliure-del-festival-de-cinema-de-sitges\\\/#primaryimage\"},\"image\":{\"@id\":\"https:\\\/\\\/www.portdesitges.com\\\/ca\\\/el-festival-port-de-sitges-acull-una-sessio-de-curts-a-laire-lliure-del-festival-de-cinema-de-sitges\\\/#primaryimage\"},\"thumbnailUrl\":\"https:\\\/\\\/www.portdesitges.com\\\/wp-content\\\/uploads\\\/2015\\\/07\\\/curts-web-300-def.jpg\",\"datePublished\":\"2015-07-27T15:17:44+00:00\",\"author\":{\"@id\":\"https:\\\/\\\/www.portdesitges.com\\\/#\\\/schema\\\/person\\\/a9e788079fa8154d434e3acb5cc9a560\"},\"breadcrumb\":{\"@id\":\"https:\\\/\\\/www.portdesitges.com\\\/ca\\\/el-festival-port-de-sitges-acull-una-sessio-de-curts-a-laire-lliure-del-festival-de-cinema-de-sitges\\\/#breadcrumb\"},\"inLanguage\":\"ca\",\"potentialAction\":[{\"@type\":\"ReadAction\",\"target\":[\"https:\\\/\\\/www.portdesitges.com\\\/ca\\\/el-festival-port-de-sitges-acull-una-sessio-de-curts-a-laire-lliure-del-festival-de-cinema-de-sitges\\\/\"]}]},{\"@type\":\"ImageObject\",\"inLanguage\":\"ca\",\"@id\":\"https:\\\/\\\/www.portdesitges.com\\\/ca\\\/el-festival-port-de-sitges-acull-una-sessio-de-curts-a-laire-lliure-del-festival-de-cinema-de-sitges\\\/#primaryimage\",\"url\":\"https:\\\/\\\/www.portdesitges.com\\\/wp-content\\\/uploads\\\/2015\\\/07\\\/curts-web-300-def.jpg\",\"contentUrl\":\"https:\\\/\\\/www.portdesitges.com\\\/wp-content\\\/uploads\\\/2015\\\/07\\\/curts-web-300-def.jpg\",\"width\":300,\"height\":300},{\"@type\":\"BreadcrumbList\",\"@id\":\"https:\\\/\\\/www.portdesitges.com\\\/ca\\\/el-festival-port-de-sitges-acull-una-sessio-de-curts-a-laire-lliure-del-festival-de-cinema-de-sitges\\\/#breadcrumb\",\"itemListElement\":[{\"@type\":\"ListItem\",\"position\":1,\"name\":\"Portada\",\"item\":\"https:\\\/\\\/www.portdesitges.com\\\/ca\\\/\"},{\"@type\":\"ListItem\",\"position\":2,\"name\":\"El Festival Port de Sitges acull una sessi\u00f3 de curts a l\u2019aire lliure del Festival de Cinema de Sitges\"}]},{\"@type\":\"WebSite\",\"@id\":\"https:\\\/\\\/www.portdesitges.com\\\/#website\",\"url\":\"https:\\\/\\\/www.portdesitges.com\\\/\",\"name\":\"Port de Sitges - Aiguadol\u00e7\",\"description\":\"lugar donde el mar y la tierra se dan de la mano para crear un espacio \u00fanico y atractivo. Disfruta de un mar de experiencias.\",\"potentialAction\":[{\"@type\":\"SearchAction\",\"target\":{\"@type\":\"EntryPoint\",\"urlTemplate\":\"https:\\\/\\\/www.portdesitges.com\\\/?s={search_term_string}\"},\"query-input\":{\"@type\":\"PropertyValueSpecification\",\"valueRequired\":true,\"valueName\":\"search_term_string\"}}],\"inLanguage\":\"ca\"},{\"@type\":\"Person\",\"@id\":\"https:\\\/\\\/www.portdesitges.com\\\/#\\\/schema\\\/person\\\/a9e788079fa8154d434e3acb5cc9a560\",\"name\":\"portsitg\",\"image\":{\"@type\":\"ImageObject\",\"inLanguage\":\"ca\",\"@id\":\"https:\\\/\\\/secure.gravatar.com\\\/avatar\\\/3859401686883dbd8076c2e625e0365be0dfac18bea72e75083833b81bf7c3a7?s=96&d=mm&r=g\",\"url\":\"https:\\\/\\\/secure.gravatar.com\\\/avatar\\\/3859401686883dbd8076c2e625e0365be0dfac18bea72e75083833b81bf7c3a7?s=96&d=mm&r=g\",\"contentUrl\":\"https:\\\/\\\/secure.gravatar.com\\\/avatar\\\/3859401686883dbd8076c2e625e0365be0dfac18bea72e75083833b81bf7c3a7?s=96&d=mm&r=g\",\"caption\":\"portsitg\"},\"url\":\"https:\\\/\\\/www.portdesitges.com\\\/ca\\\/author\\\/portsitg\\\/\"}]}<\/script>\n<!-- \/ Yoast SEO plugin. -->","yoast_head_json":{"title":"El Festival Port de Sitges acull una sessi\u00f3 de curts a l\u2019aire lliure del Festival de Cinema de Sitges - Port de Sitges - Aiguadol\u00e7","robots":{"index":"index","follow":"follow","max-snippet":"max-snippet:-1","max-image-preview":"max-image-preview:large","max-video-preview":"max-video-preview:-1"},"canonical":"https:\/\/www.portdesitges.com\/ca\/el-festival-port-de-sitges-acull-una-sessio-de-curts-a-laire-lliure-del-festival-de-cinema-de-sitges\/","og_locale":"ca_ES","og_type":"article","og_title":"El Festival Port de Sitges acull una sessi\u00f3 de curts a l\u2019aire lliure del Festival de Cinema de Sitges - Port de Sitges - Aiguadol\u00e7","og_url":"https:\/\/www.portdesitges.com\/ca\/el-festival-port-de-sitges-acull-una-sessio-de-curts-a-laire-lliure-del-festival-de-cinema-de-sitges\/","og_site_name":"Port de Sitges - Aiguadol\u00e7","article_published_time":"2015-07-27T15:17:44+00:00","og_image":[{"width":300,"height":300,"url":"https:\/\/www.portdesitges.com\/wp-content\/uploads\/2015\/07\/curts-web-300-def.jpg","type":"image\/jpeg"}],"author":"portsitg","twitter_card":"summary_large_image","twitter_misc":{"Escrit per":"portsitg","Temps estimat de lectura":"2 minuts"},"schema":{"@context":"https:\/\/schema.org","@graph":[{"@type":"Article","@id":"https:\/\/www.portdesitges.com\/ca\/el-festival-port-de-sitges-acull-una-sessio-de-curts-a-laire-lliure-del-festival-de-cinema-de-sitges\/#article","isPartOf":{"@id":"https:\/\/www.portdesitges.com\/ca\/el-festival-port-de-sitges-acull-una-sessio-de-curts-a-laire-lliure-del-festival-de-cinema-de-sitges\/"},"author":{"name":"portsitg","@id":"https:\/\/www.portdesitges.com\/#\/schema\/person\/a9e788079fa8154d434e3acb5cc9a560"},"headline":"El Festival Port de Sitges acull una sessi\u00f3 de curts a l\u2019aire lliure del Festival de Cinema de Sitges","datePublished":"2015-07-27T15:17:44+00:00","mainEntityOfPage":{"@id":"https:\/\/www.portdesitges.com\/ca\/el-festival-port-de-sitges-acull-una-sessio-de-curts-a-laire-lliure-del-festival-de-cinema-de-sitges\/"},"wordCount":519,"image":{"@id":"https:\/\/www.portdesitges.com\/ca\/el-festival-port-de-sitges-acull-una-sessio-de-curts-a-laire-lliure-del-festival-de-cinema-de-sitges\/#primaryimage"},"thumbnailUrl":"https:\/\/www.portdesitges.com\/wp-content\/uploads\/2015\/07\/curts-web-300-def.jpg","inLanguage":"ca"},{"@type":"WebPage","@id":"https:\/\/www.portdesitges.com\/ca\/el-festival-port-de-sitges-acull-una-sessio-de-curts-a-laire-lliure-del-festival-de-cinema-de-sitges\/","url":"https:\/\/www.portdesitges.com\/ca\/el-festival-port-de-sitges-acull-una-sessio-de-curts-a-laire-lliure-del-festival-de-cinema-de-sitges\/","name":"El Festival Port de Sitges acull una sessi\u00f3 de curts a l\u2019aire lliure del Festival de Cinema de Sitges - Port de Sitges - Aiguadol\u00e7","isPartOf":{"@id":"https:\/\/www.portdesitges.com\/#website"},"primaryImageOfPage":{"@id":"https:\/\/www.portdesitges.com\/ca\/el-festival-port-de-sitges-acull-una-sessio-de-curts-a-laire-lliure-del-festival-de-cinema-de-sitges\/#primaryimage"},"image":{"@id":"https:\/\/www.portdesitges.com\/ca\/el-festival-port-de-sitges-acull-una-sessio-de-curts-a-laire-lliure-del-festival-de-cinema-de-sitges\/#primaryimage"},"thumbnailUrl":"https:\/\/www.portdesitges.com\/wp-content\/uploads\/2015\/07\/curts-web-300-def.jpg","datePublished":"2015-07-27T15:17:44+00:00","author":{"@id":"https:\/\/www.portdesitges.com\/#\/schema\/person\/a9e788079fa8154d434e3acb5cc9a560"},"breadcrumb":{"@id":"https:\/\/www.portdesitges.com\/ca\/el-festival-port-de-sitges-acull-una-sessio-de-curts-a-laire-lliure-del-festival-de-cinema-de-sitges\/#breadcrumb"},"inLanguage":"ca","potentialAction":[{"@type":"ReadAction","target":["https:\/\/www.portdesitges.com\/ca\/el-festival-port-de-sitges-acull-una-sessio-de-curts-a-laire-lliure-del-festival-de-cinema-de-sitges\/"]}]},{"@type":"ImageObject","inLanguage":"ca","@id":"https:\/\/www.portdesitges.com\/ca\/el-festival-port-de-sitges-acull-una-sessio-de-curts-a-laire-lliure-del-festival-de-cinema-de-sitges\/#primaryimage","url":"https:\/\/www.portdesitges.com\/wp-content\/uploads\/2015\/07\/curts-web-300-def.jpg","contentUrl":"https:\/\/www.portdesitges.com\/wp-content\/uploads\/2015\/07\/curts-web-300-def.jpg","width":300,"height":300},{"@type":"BreadcrumbList","@id":"https:\/\/www.portdesitges.com\/ca\/el-festival-port-de-sitges-acull-una-sessio-de-curts-a-laire-lliure-del-festival-de-cinema-de-sitges\/#breadcrumb","itemListElement":[{"@type":"ListItem","position":1,"name":"Portada","item":"https:\/\/www.portdesitges.com\/ca\/"},{"@type":"ListItem","position":2,"name":"El Festival Port de Sitges acull una sessi\u00f3 de curts a l\u2019aire lliure del Festival de Cinema de Sitges"}]},{"@type":"WebSite","@id":"https:\/\/www.portdesitges.com\/#website","url":"https:\/\/www.portdesitges.com\/","name":"Port de Sitges - Aiguadol\u00e7","description":"lugar donde el mar y la tierra se dan de la mano para crear un espacio \u00fanico y atractivo. Disfruta de un mar de experiencias.","potentialAction":[{"@type":"SearchAction","target":{"@type":"EntryPoint","urlTemplate":"https:\/\/www.portdesitges.com\/?s={search_term_string}"},"query-input":{"@type":"PropertyValueSpecification","valueRequired":true,"valueName":"search_term_string"}}],"inLanguage":"ca"},{"@type":"Person","@id":"https:\/\/www.portdesitges.com\/#\/schema\/person\/a9e788079fa8154d434e3acb5cc9a560","name":"portsitg","image":{"@type":"ImageObject","inLanguage":"ca","@id":"https:\/\/secure.gravatar.com\/avatar\/3859401686883dbd8076c2e625e0365be0dfac18bea72e75083833b81bf7c3a7?s=96&d=mm&r=g","url":"https:\/\/secure.gravatar.com\/avatar\/3859401686883dbd8076c2e625e0365be0dfac18bea72e75083833b81bf7c3a7?s=96&d=mm&r=g","contentUrl":"https:\/\/secure.gravatar.com\/avatar\/3859401686883dbd8076c2e625e0365be0dfac18bea72e75083833b81bf7c3a7?s=96&d=mm&r=g","caption":"portsitg"},"url":"https:\/\/www.portdesitges.com\/ca\/author\/portsitg\/"}]}},"_links":{"self":[{"href":"https:\/\/www.portdesitges.com\/ca\/wp-json\/wp\/v2\/posts\/2231","targetHints":{"allow":["GET"]}}],"collection":[{"href":"https:\/\/www.portdesitges.com\/ca\/wp-json\/wp\/v2\/posts"}],"about":[{"href":"https:\/\/www.portdesitges.com\/ca\/wp-json\/wp\/v2\/types\/post"}],"author":[{"embeddable":true,"href":"https:\/\/www.portdesitges.com\/ca\/wp-json\/wp\/v2\/users\/2"}],"replies":[{"embeddable":true,"href":"https:\/\/www.portdesitges.com\/ca\/wp-json\/wp\/v2\/comments?post=2231"}],"version-history":[{"count":0,"href":"https:\/\/www.portdesitges.com\/ca\/wp-json\/wp\/v2\/posts\/2231\/revisions"}],"wp:featuredmedia":[{"embeddable":true,"href":"https:\/\/www.portdesitges.com\/ca\/wp-json\/wp\/v2\/media\/2259"}],"wp:attachment":[{"href":"https:\/\/www.portdesitges.com\/ca\/wp-json\/wp\/v2\/media?parent=2231"}],"wp:term":[{"taxonomy":"category","embeddable":true,"href":"https:\/\/www.portdesitges.com\/ca\/wp-json\/wp\/v2\/categories?post=2231"},{"taxonomy":"post_tag","embeddable":true,"href":"https:\/\/www.portdesitges.com\/ca\/wp-json\/wp\/v2\/tags?post=2231"}],"curies":[{"name":"wp","href":"https:\/\/api.w.org\/{rel}","templated":true}]}}