{"id":20812,"date":"2026-04-23T07:09:41","date_gmt":"2026-04-23T07:09:41","guid":{"rendered":"https:\/\/www.portdesitges.com\/?p=20812"},"modified":"2026-04-23T07:09:41","modified_gmt":"2026-04-23T07:09:41","slug":"sant-jordi-2026","status":"publish","type":"post","link":"https:\/\/www.portdesitges.com\/ca\/sant-jordi-2026\/","title":{"rendered":"El Port de Sitges amb la Fundaci\u00f3 Pasqual Maragall per Sant Jordi"},"content":{"rendered":"[vc_row type=&#8221;in_container&#8221; full_screen_row_position=&#8221;middle&#8221; column_margin=&#8221;default&#8221; column_direction=&#8221;default&#8221; column_direction_tablet=&#8221;default&#8221; column_direction_phone=&#8221;default&#8221; scene_position=&#8221;center&#8221; text_color=&#8221;dark&#8221; text_align=&#8221;left&#8221; row_border_radius=&#8221;none&#8221; row_border_radius_applies=&#8221;bg&#8221; overflow=&#8221;visible&#8221; overlay_strength=&#8221;0.3&#8243; gradient_direction=&#8221;left_to_right&#8221; shape_divider_position=&#8221;bottom&#8221; bg_image_animation=&#8221;none&#8221;][vc_column column_padding=&#8221;no-extra-padding&#8221; column_padding_tablet=&#8221;inherit&#8221; column_padding_phone=&#8221;inherit&#8221; column_padding_position=&#8221;all&#8221; column_element_direction_desktop=&#8221;default&#8221; column_element_spacing=&#8221;default&#8221; desktop_text_alignment=&#8221;default&#8221; tablet_text_alignment=&#8221;default&#8221; phone_text_alignment=&#8221;default&#8221; background_color_opacity=&#8221;1&#8243; background_hover_color_opacity=&#8221;1&#8243; column_backdrop_filter=&#8221;none&#8221; column_shadow=&#8221;none&#8221; column_border_radius=&#8221;none&#8221; column_link_target=&#8221;_self&#8221; column_position=&#8221;default&#8221; gradient_direction=&#8221;left_to_right&#8221; overlay_strength=&#8221;0.3&#8243; width=&#8221;1\/1&#8243; tablet_width_inherit=&#8221;default&#8221; animation_type=&#8221;default&#8221; bg_image_animation=&#8221;none&#8221; border_type=&#8221;simple&#8221; column_border_width=&#8221;none&#8221; column_border_style=&#8221;solid&#8221;][image_with_animation image_url=&#8221;20815&#8243; image_size=&#8221;medium_large&#8221; animation_type=&#8221;entrance&#8221; animation=&#8221;None&#8221; animation_movement_type=&#8221;transform_y&#8221; hover_animation=&#8221;none&#8221; alignment=&#8221;&#8221; border_radius=&#8221;none&#8221; box_shadow=&#8221;none&#8221; image_loading=&#8221;default&#8221; max_width=&#8221;100%&#8221; max_width_mobile=&#8221;default&#8221;][\/vc_column][\/vc_row][vc_row type=&#8221;in_container&#8221; full_screen_row_position=&#8221;middle&#8221; column_margin=&#8221;default&#8221; column_direction=&#8221;default&#8221; column_direction_tablet=&#8221;default&#8221; column_direction_phone=&#8221;default&#8221; scene_position=&#8221;center&#8221; text_color=&#8221;dark&#8221; text_align=&#8221;left&#8221; row_border_radius=&#8221;none&#8221; row_border_radius_applies=&#8221;bg&#8221; overflow=&#8221;visible&#8221; overlay_strength=&#8221;0.3&#8243; gradient_direction=&#8221;left_to_right&#8221; shape_divider_position=&#8221;bottom&#8221; bg_image_animation=&#8221;none&#8221;][vc_column column_padding=&#8221;no-extra-padding&#8221; column_padding_tablet=&#8221;inherit&#8221; column_padding_phone=&#8221;inherit&#8221; column_padding_position=&#8221;all&#8221; column_element_direction_desktop=&#8221;default&#8221; column_element_spacing=&#8221;default&#8221; desktop_text_alignment=&#8221;default&#8221; tablet_text_alignment=&#8221;default&#8221; phone_text_alignment=&#8221;default&#8221; background_color_opacity=&#8221;1&#8243; background_hover_color_opacity=&#8221;1&#8243; column_backdrop_filter=&#8221;none&#8221; column_shadow=&#8221;none&#8221; column_border_radius=&#8221;none&#8221; column_link_target=&#8221;_self&#8221; column_position=&#8221;default&#8221; gradient_direction=&#8221;left_to_right&#8221; overlay_strength=&#8221;0.3&#8243; width=&#8221;1\/1&#8243; tablet_width_inherit=&#8221;default&#8221; animation_type=&#8221;default&#8221; bg_image_animation=&#8221;none&#8221; border_type=&#8221;simple&#8221; column_border_width=&#8221;none&#8221; column_border_style=&#8221;solid&#8221; column_padding_type=&#8221;default&#8221; gradient_type=&#8221;default&#8221;][vc_column_text]El <strong>Port de Sitges<\/strong> celebra enguany la diada de <strong>Sant Jordi<\/strong> donant suport a la tasca de la <a href=\"https:\/\/fpmaragall.org\/ca\/\"><strong>Fundaci\u00f3 Pasqual Maragall<\/strong><\/a>. En aquest sentit, s\u2019ha sumat a la seva campanya de roses solid\u00e0ries, amb la voluntat de celebrar aquesta jornada tan especial tot contribuint, alhora, a la tasca de la Fundaci\u00f3.<\/p>\n<p>A trav\u00e9s d&#8217;una donaci\u00f3, mitjan\u00e7ant la compra de roses solid\u00e0ries, el Port de Sitges col\u00b7labora amb la Fundaci\u00f3 Pasqual Maragall que, sota el lema <strong>\u201cJunts vencerem l\u2019Alzheimer\u201d<\/strong>, treballa per conscienciar sobre aquesta malaltia i altres patologies neurodegeneratives, aix\u00ed com per recaptar fons destinats a impulsar la recerca.<\/p>\n<p>Si voleu col\u00b7laborar amb la Fundaci\u00f3 Pasqual Maragall, podeu fer-ho a trav\u00e9s d\u2019aquest <a href=\"https:\/\/colabora.fpmaragall.org\/ca\/\">enlla\u00e7<\/a>.<\/p>\n<p>Feli\u00e7 Sant Jordi \ud83c\udf39\ud83d\udcda[\/vc_column_text][\/vc_column][\/vc_row][vc_row type=&#8221;in_container&#8221; full_screen_row_position=&#8221;middle&#8221; column_margin=&#8221;default&#8221; column_direction=&#8221;default&#8221; column_direction_tablet=&#8221;default&#8221; column_direction_phone=&#8221;default&#8221; scene_position=&#8221;center&#8221; text_color=&#8221;dark&#8221; text_align=&#8221;left&#8221; row_border_radius=&#8221;none&#8221; row_border_radius_applies=&#8221;bg&#8221; overflow=&#8221;visible&#8221; overlay_strength=&#8221;0.3&#8243; gradient_direction=&#8221;left_to_right&#8221; shape_divider_position=&#8221;bottom&#8221; bg_image_animation=&#8221;none&#8221;][vc_column column_padding=&#8221;no-extra-padding&#8221; column_padding_tablet=&#8221;inherit&#8221; column_padding_phone=&#8221;inherit&#8221; column_padding_position=&#8221;all&#8221; column_element_direction_desktop=&#8221;default&#8221; column_element_spacing=&#8221;default&#8221; desktop_text_alignment=&#8221;default&#8221; tablet_text_alignment=&#8221;default&#8221; phone_text_alignment=&#8221;default&#8221; background_color_opacity=&#8221;1&#8243; background_hover_color_opacity=&#8221;1&#8243; column_backdrop_filter=&#8221;none&#8221; column_shadow=&#8221;none&#8221; column_border_radius=&#8221;none&#8221; column_link_target=&#8221;_self&#8221; column_position=&#8221;default&#8221; gradient_direction=&#8221;left_to_right&#8221; overlay_strength=&#8221;0.3&#8243; width=&#8221;1\/1&#8243; tablet_width_inherit=&#8221;default&#8221; animation_type=&#8221;default&#8221; bg_image_animation=&#8221;none&#8221; border_type=&#8221;simple&#8221; column_border_width=&#8221;none&#8221; column_border_style=&#8221;solid&#8221;][image_with_animation image_url=&#8221;20813&#8243; image_size=&#8221;medium_large&#8221; animation_type=&#8221;entrance&#8221; animation=&#8221;None&#8221; animation_movement_type=&#8221;transform_y&#8221; hover_animation=&#8221;none&#8221; alignment=&#8221;&#8221; border_radius=&#8221;none&#8221; box_shadow=&#8221;none&#8221; image_loading=&#8221;default&#8221; max_width=&#8221;100%&#8221; max_width_mobile=&#8221;default&#8221;][\/vc_column][\/vc_row]\n","protected":false},"excerpt":{"rendered":"<p>[vc_row type=&#8221;in_container&#8221; full_screen_row_position=&#8221;middle&#8221; column_margin=&#8221;default&#8221; column_direction=&#8221;default&#8221; column_direction_tablet=&#8221;default&#8221; column_direction_phone=&#8221;default&#8221; scene_position=&#8221;center&#8221; text_color=&#8221;dark&#8221; text_align=&#8221;left&#8221; row_border_radius=&#8221;none&#8221; row_border_radius_applies=&#8221;bg&#8221; overflow=&#8221;visible&#8221; overlay_strength=&#8221;0.3&#8243; gradient_direction=&#8221;left_to_right&#8221; shape_divider_position=&#8221;bottom&#8221; bg_image_animation=&#8221;none&#8221;][vc_column column_padding=&#8221;no-extra-padding&#8221; column_padding_tablet=&#8221;inherit&#8221; column_padding_phone=&#8221;inherit&#8221; column_padding_position=&#8221;all&#8221; column_element_direction_desktop=&#8221;default&#8221; column_element_spacing=&#8221;default&#8221; desktop_text_alignment=&#8221;default&#8221; tablet_text_alignment=&#8221;default&#8221; phone_text_alignment=&#8221;default&#8221; background_color_opacity=&#8221;1&#8243; background_hover_color_opacity=&#8221;1&#8243; column_backdrop_filter=&#8221;none&#8221; column_shadow=&#8221;none&#8221;&#8230;<\/p>\n","protected":false},"author":1,"featured_media":20815,"comment_status":"open","ping_status":"open","sticky":false,"template":"","format":"standard","meta":{"footnotes":""},"categories":[62],"tags":[],"class_list":{"0":"post-20812","1":"post","2":"type-post","3":"status-publish","4":"format-standard","5":"has-post-thumbnail","7":"category-noticias-ca"},"yoast_head":"<!-- This site is optimized with the Yoast SEO plugin v27.3 - https:\/\/yoast.com\/product\/yoast-seo-wordpress\/ -->\n<title>El Port de Sitges amb la Fundaci\u00f3 Pasqual Maragall per Sant Jordi - Port de Sitges - Aiguadol\u00e7<\/title>\n<meta name=\"robots\" content=\"index, follow, max-snippet:-1, max-image-preview:large, max-video-preview:-1\" \/>\n<link rel=\"canonical\" href=\"https:\/\/www.portdesitges.com\/?p=20811\" \/>\n<meta property=\"og:locale\" content=\"ca_ES\" \/>\n<meta property=\"og:type\" content=\"article\" \/>\n<meta property=\"og:title\" content=\"El Port de Sitges amb la Fundaci\u00f3 Pasqual Maragall per Sant Jordi - Port de Sitges - Aiguadol\u00e7\" \/>\n<meta property=\"og:description\" content=\"[vc_row type=&#8221;in_container&#8221; full_screen_row_position=&#8221;middle&#8221; column_margin=&#8221;default&#8221; column_direction=&#8221;default&#8221; column_direction_tablet=&#8221;default&#8221; column_direction_phone=&#8221;default&#8221; scene_position=&#8221;center&#8221; text_color=&#8221;dark&#8221; text_align=&#8221;left&#8221; row_border_radius=&#8221;none&#8221; row_border_radius_applies=&#8221;bg&#8221; overflow=&#8221;visible&#8221; overlay_strength=&#8221;0.3&#8243; gradient_direction=&#8221;left_to_right&#8221; shape_divider_position=&#8221;bottom&#8221; bg_image_animation=&#8221;none&#8221;][vc_column column_padding=&#8221;no-extra-padding&#8221; column_padding_tablet=&#8221;inherit&#8221; column_padding_phone=&#8221;inherit&#8221; column_padding_position=&#8221;all&#8221; column_element_direction_desktop=&#8221;default&#8221; column_element_spacing=&#8221;default&#8221; desktop_text_alignment=&#8221;default&#8221; tablet_text_alignment=&#8221;default&#8221; phone_text_alignment=&#8221;default&#8221; background_color_opacity=&#8221;1&#8243; background_hover_color_opacity=&#8221;1&#8243; column_backdrop_filter=&#8221;none&#8221; column_shadow=&#8221;none&#8221;...\" \/>\n<meta property=\"og:url\" content=\"https:\/\/www.portdesitges.com\/?p=20811\" \/>\n<meta property=\"og:site_name\" content=\"Port de Sitges - Aiguadol\u00e7\" \/>\n<meta property=\"article:published_time\" content=\"2026-04-23T07:09:41+00:00\" \/>\n<meta property=\"og:image\" content=\"https:\/\/www.portdesitges.com\/wp-content\/uploads\/2026\/04\/IMG_5754-scaled.jpg\" \/>\n\t<meta property=\"og:image:width\" content=\"1920\" \/>\n\t<meta property=\"og:image:height\" content=\"2560\" \/>\n\t<meta property=\"og:image:type\" content=\"image\/jpeg\" \/>\n<meta name=\"author\" content=\"admin\" \/>\n<meta name=\"twitter:card\" content=\"summary_large_image\" \/>\n<meta name=\"twitter:label1\" content=\"Escrit per\" \/>\n\t<meta name=\"twitter:data1\" content=\"admin\" \/>\n\t<meta name=\"twitter:label2\" content=\"Temps estimat de lectura\" \/>\n\t<meta name=\"twitter:data2\" content=\"2 minuts\" \/>\n<script type=\"application\/ld+json\" class=\"yoast-schema-graph\">{\"@context\":\"https:\\\/\\\/schema.org\",\"@graph\":[{\"@type\":\"Article\",\"@id\":\"https:\\\/\\\/www.portdesitges.com\\\/?p=20811#article\",\"isPartOf\":{\"@id\":\"https:\\\/\\\/www.portdesitges.com\\\/?p=20811\"},\"author\":{\"name\":\"admin\",\"@id\":\"https:\\\/\\\/www.portdesitges.com\\\/#\\\/schema\\\/person\\\/1eefc99f5083e56db6bd643d0e8649fd\"},\"headline\":\"El Port de Sitges amb la Fundaci\u00f3 Pasqual Maragall per Sant Jordi\",\"datePublished\":\"2026-04-23T07:09:41+00:00\",\"mainEntityOfPage\":{\"@id\":\"https:\\\/\\\/www.portdesitges.com\\\/?p=20811\"},\"wordCount\":695,\"commentCount\":0,\"image\":{\"@id\":\"https:\\\/\\\/www.portdesitges.com\\\/?p=20811#primaryimage\"},\"thumbnailUrl\":\"https:\\\/\\\/www.portdesitges.com\\\/wp-content\\\/uploads\\\/2026\\\/04\\\/IMG_5754-scaled.jpg\",\"articleSection\":[\"Not\u00edcias\"],\"inLanguage\":\"ca\",\"potentialAction\":[{\"@type\":\"CommentAction\",\"name\":\"Comment\",\"target\":[\"https:\\\/\\\/www.portdesitges.com\\\/?p=20811#respond\"]}]},{\"@type\":\"WebPage\",\"@id\":\"https:\\\/\\\/www.portdesitges.com\\\/?p=20811\",\"url\":\"https:\\\/\\\/www.portdesitges.com\\\/?p=20811\",\"name\":\"El Port de Sitges amb la Fundaci\u00f3 Pasqual Maragall per Sant Jordi - Port de Sitges - Aiguadol\u00e7\",\"isPartOf\":{\"@id\":\"https:\\\/\\\/www.portdesitges.com\\\/#website\"},\"primaryImageOfPage\":{\"@id\":\"https:\\\/\\\/www.portdesitges.com\\\/?p=20811#primaryimage\"},\"image\":{\"@id\":\"https:\\\/\\\/www.portdesitges.com\\\/?p=20811#primaryimage\"},\"thumbnailUrl\":\"https:\\\/\\\/www.portdesitges.com\\\/wp-content\\\/uploads\\\/2026\\\/04\\\/IMG_5754-scaled.jpg\",\"datePublished\":\"2026-04-23T07:09:41+00:00\",\"author\":{\"@id\":\"https:\\\/\\\/www.portdesitges.com\\\/#\\\/schema\\\/person\\\/1eefc99f5083e56db6bd643d0e8649fd\"},\"breadcrumb\":{\"@id\":\"https:\\\/\\\/www.portdesitges.com\\\/?p=20811#breadcrumb\"},\"inLanguage\":\"ca\",\"potentialAction\":[{\"@type\":\"ReadAction\",\"target\":[\"https:\\\/\\\/www.portdesitges.com\\\/?p=20811\"]}]},{\"@type\":\"ImageObject\",\"inLanguage\":\"ca\",\"@id\":\"https:\\\/\\\/www.portdesitges.com\\\/?p=20811#primaryimage\",\"url\":\"https:\\\/\\\/www.portdesitges.com\\\/wp-content\\\/uploads\\\/2026\\\/04\\\/IMG_5754-scaled.jpg\",\"contentUrl\":\"https:\\\/\\\/www.portdesitges.com\\\/wp-content\\\/uploads\\\/2026\\\/04\\\/IMG_5754-scaled.jpg\",\"width\":1920,\"height\":2560},{\"@type\":\"BreadcrumbList\",\"@id\":\"https:\\\/\\\/www.portdesitges.com\\\/?p=20811#breadcrumb\",\"itemListElement\":[{\"@type\":\"ListItem\",\"position\":1,\"name\":\"Portada\",\"item\":\"https:\\\/\\\/www.portdesitges.com\\\/ca\\\/\"},{\"@type\":\"ListItem\",\"position\":2,\"name\":\"El Port de Sitges amb la Fundaci\u00f3 Pasqual Maragall per Sant Jordi\"}]},{\"@type\":\"WebSite\",\"@id\":\"https:\\\/\\\/www.portdesitges.com\\\/#website\",\"url\":\"https:\\\/\\\/www.portdesitges.com\\\/\",\"name\":\"Port de Sitges - Aiguadol\u00e7\",\"description\":\"lugar donde el mar y la tierra se dan de la mano para crear un espacio \u00fanico y atractivo. Disfruta de un mar de experiencias.\",\"potentialAction\":[{\"@type\":\"SearchAction\",\"target\":{\"@type\":\"EntryPoint\",\"urlTemplate\":\"https:\\\/\\\/www.portdesitges.com\\\/?s={search_term_string}\"},\"query-input\":{\"@type\":\"PropertyValueSpecification\",\"valueRequired\":true,\"valueName\":\"search_term_string\"}}],\"inLanguage\":\"ca\"},{\"@type\":\"Person\",\"@id\":\"https:\\\/\\\/www.portdesitges.com\\\/#\\\/schema\\\/person\\\/1eefc99f5083e56db6bd643d0e8649fd\",\"name\":\"admin\",\"image\":{\"@type\":\"ImageObject\",\"inLanguage\":\"ca\",\"@id\":\"https:\\\/\\\/secure.gravatar.com\\\/avatar\\\/2db7db7d08053efc6bbf52674f99717837ec8d1dd72ce992247f1bade9278b82?s=96&d=mm&r=g\",\"url\":\"https:\\\/\\\/secure.gravatar.com\\\/avatar\\\/2db7db7d08053efc6bbf52674f99717837ec8d1dd72ce992247f1bade9278b82?s=96&d=mm&r=g\",\"contentUrl\":\"https:\\\/\\\/secure.gravatar.com\\\/avatar\\\/2db7db7d08053efc6bbf52674f99717837ec8d1dd72ce992247f1bade9278b82?s=96&d=mm&r=g\",\"caption\":\"admin\"},\"url\":\"https:\\\/\\\/www.portdesitges.com\\\/ca\\\/author\\\/admin\\\/\"}]}<\/script>\n<!-- \/ Yoast SEO plugin. -->","yoast_head_json":{"title":"El Port de Sitges amb la Fundaci\u00f3 Pasqual Maragall per Sant Jordi - Port de Sitges - Aiguadol\u00e7","robots":{"index":"index","follow":"follow","max-snippet":"max-snippet:-1","max-image-preview":"max-image-preview:large","max-video-preview":"max-video-preview:-1"},"canonical":"https:\/\/www.portdesitges.com\/?p=20811","og_locale":"ca_ES","og_type":"article","og_title":"El Port de Sitges amb la Fundaci\u00f3 Pasqual Maragall per Sant Jordi - Port de Sitges - Aiguadol\u00e7","og_description":"[vc_row type=&#8221;in_container&#8221; full_screen_row_position=&#8221;middle&#8221; column_margin=&#8221;default&#8221; column_direction=&#8221;default&#8221; column_direction_tablet=&#8221;default&#8221; column_direction_phone=&#8221;default&#8221; scene_position=&#8221;center&#8221; text_color=&#8221;dark&#8221; text_align=&#8221;left&#8221; row_border_radius=&#8221;none&#8221; row_border_radius_applies=&#8221;bg&#8221; overflow=&#8221;visible&#8221; overlay_strength=&#8221;0.3&#8243; gradient_direction=&#8221;left_to_right&#8221; shape_divider_position=&#8221;bottom&#8221; bg_image_animation=&#8221;none&#8221;][vc_column column_padding=&#8221;no-extra-padding&#8221; column_padding_tablet=&#8221;inherit&#8221; column_padding_phone=&#8221;inherit&#8221; column_padding_position=&#8221;all&#8221; column_element_direction_desktop=&#8221;default&#8221; column_element_spacing=&#8221;default&#8221; desktop_text_alignment=&#8221;default&#8221; tablet_text_alignment=&#8221;default&#8221; phone_text_alignment=&#8221;default&#8221; background_color_opacity=&#8221;1&#8243; background_hover_color_opacity=&#8221;1&#8243; column_backdrop_filter=&#8221;none&#8221; column_shadow=&#8221;none&#8221;...","og_url":"https:\/\/www.portdesitges.com\/?p=20811","og_site_name":"Port de Sitges - Aiguadol\u00e7","article_published_time":"2026-04-23T07:09:41+00:00","og_image":[{"width":1920,"height":2560,"url":"https:\/\/www.portdesitges.com\/wp-content\/uploads\/2026\/04\/IMG_5754-scaled.jpg","type":"image\/jpeg"}],"author":"admin","twitter_card":"summary_large_image","twitter_misc":{"Escrit per":"admin","Temps estimat de lectura":"2 minuts"},"schema":{"@context":"https:\/\/schema.org","@graph":[{"@type":"Article","@id":"https:\/\/www.portdesitges.com\/?p=20811#article","isPartOf":{"@id":"https:\/\/www.portdesitges.com\/?p=20811"},"author":{"name":"admin","@id":"https:\/\/www.portdesitges.com\/#\/schema\/person\/1eefc99f5083e56db6bd643d0e8649fd"},"headline":"El Port de Sitges amb la Fundaci\u00f3 Pasqual Maragall per Sant Jordi","datePublished":"2026-04-23T07:09:41+00:00","mainEntityOfPage":{"@id":"https:\/\/www.portdesitges.com\/?p=20811"},"wordCount":695,"commentCount":0,"image":{"@id":"https:\/\/www.portdesitges.com\/?p=20811#primaryimage"},"thumbnailUrl":"https:\/\/www.portdesitges.com\/wp-content\/uploads\/2026\/04\/IMG_5754-scaled.jpg","articleSection":["Not\u00edcias"],"inLanguage":"ca","potentialAction":[{"@type":"CommentAction","name":"Comment","target":["https:\/\/www.portdesitges.com\/?p=20811#respond"]}]},{"@type":"WebPage","@id":"https:\/\/www.portdesitges.com\/?p=20811","url":"https:\/\/www.portdesitges.com\/?p=20811","name":"El Port de Sitges amb la Fundaci\u00f3 Pasqual Maragall per Sant Jordi - Port de Sitges - Aiguadol\u00e7","isPartOf":{"@id":"https:\/\/www.portdesitges.com\/#website"},"primaryImageOfPage":{"@id":"https:\/\/www.portdesitges.com\/?p=20811#primaryimage"},"image":{"@id":"https:\/\/www.portdesitges.com\/?p=20811#primaryimage"},"thumbnailUrl":"https:\/\/www.portdesitges.com\/wp-content\/uploads\/2026\/04\/IMG_5754-scaled.jpg","datePublished":"2026-04-23T07:09:41+00:00","author":{"@id":"https:\/\/www.portdesitges.com\/#\/schema\/person\/1eefc99f5083e56db6bd643d0e8649fd"},"breadcrumb":{"@id":"https:\/\/www.portdesitges.com\/?p=20811#breadcrumb"},"inLanguage":"ca","potentialAction":[{"@type":"ReadAction","target":["https:\/\/www.portdesitges.com\/?p=20811"]}]},{"@type":"ImageObject","inLanguage":"ca","@id":"https:\/\/www.portdesitges.com\/?p=20811#primaryimage","url":"https:\/\/www.portdesitges.com\/wp-content\/uploads\/2026\/04\/IMG_5754-scaled.jpg","contentUrl":"https:\/\/www.portdesitges.com\/wp-content\/uploads\/2026\/04\/IMG_5754-scaled.jpg","width":1920,"height":2560},{"@type":"BreadcrumbList","@id":"https:\/\/www.portdesitges.com\/?p=20811#breadcrumb","itemListElement":[{"@type":"ListItem","position":1,"name":"Portada","item":"https:\/\/www.portdesitges.com\/ca\/"},{"@type":"ListItem","position":2,"name":"El Port de Sitges amb la Fundaci\u00f3 Pasqual Maragall per Sant Jordi"}]},{"@type":"WebSite","@id":"https:\/\/www.portdesitges.com\/#website","url":"https:\/\/www.portdesitges.com\/","name":"Port de Sitges - Aiguadol\u00e7","description":"lugar donde el mar y la tierra se dan de la mano para crear un espacio \u00fanico y atractivo. Disfruta de un mar de experiencias.","potentialAction":[{"@type":"SearchAction","target":{"@type":"EntryPoint","urlTemplate":"https:\/\/www.portdesitges.com\/?s={search_term_string}"},"query-input":{"@type":"PropertyValueSpecification","valueRequired":true,"valueName":"search_term_string"}}],"inLanguage":"ca"},{"@type":"Person","@id":"https:\/\/www.portdesitges.com\/#\/schema\/person\/1eefc99f5083e56db6bd643d0e8649fd","name":"admin","image":{"@type":"ImageObject","inLanguage":"ca","@id":"https:\/\/secure.gravatar.com\/avatar\/2db7db7d08053efc6bbf52674f99717837ec8d1dd72ce992247f1bade9278b82?s=96&d=mm&r=g","url":"https:\/\/secure.gravatar.com\/avatar\/2db7db7d08053efc6bbf52674f99717837ec8d1dd72ce992247f1bade9278b82?s=96&d=mm&r=g","contentUrl":"https:\/\/secure.gravatar.com\/avatar\/2db7db7d08053efc6bbf52674f99717837ec8d1dd72ce992247f1bade9278b82?s=96&d=mm&r=g","caption":"admin"},"url":"https:\/\/www.portdesitges.com\/ca\/author\/admin\/"}]}},"_links":{"self":[{"href":"https:\/\/www.portdesitges.com\/ca\/wp-json\/wp\/v2\/posts\/20812","targetHints":{"allow":["GET"]}}],"collection":[{"href":"https:\/\/www.portdesitges.com\/ca\/wp-json\/wp\/v2\/posts"}],"about":[{"href":"https:\/\/www.portdesitges.com\/ca\/wp-json\/wp\/v2\/types\/post"}],"author":[{"embeddable":true,"href":"https:\/\/www.portdesitges.com\/ca\/wp-json\/wp\/v2\/users\/1"}],"replies":[{"embeddable":true,"href":"https:\/\/www.portdesitges.com\/ca\/wp-json\/wp\/v2\/comments?post=20812"}],"version-history":[{"count":4,"href":"https:\/\/www.portdesitges.com\/ca\/wp-json\/wp\/v2\/posts\/20812\/revisions"}],"predecessor-version":[{"id":20820,"href":"https:\/\/www.portdesitges.com\/ca\/wp-json\/wp\/v2\/posts\/20812\/revisions\/20820"}],"wp:featuredmedia":[{"embeddable":true,"href":"https:\/\/www.portdesitges.com\/ca\/wp-json\/wp\/v2\/media\/20815"}],"wp:attachment":[{"href":"https:\/\/www.portdesitges.com\/ca\/wp-json\/wp\/v2\/media?parent=20812"}],"wp:term":[{"taxonomy":"category","embeddable":true,"href":"https:\/\/www.portdesitges.com\/ca\/wp-json\/wp\/v2\/categories?post=20812"},{"taxonomy":"post_tag","embeddable":true,"href":"https:\/\/www.portdesitges.com\/ca\/wp-json\/wp\/v2\/tags?post=20812"}],"curies":[{"name":"wp","href":"https:\/\/api.w.org\/{rel}","templated":true}]}}