{"id":20261,"date":"2025-11-26T07:47:49","date_gmt":"2025-11-26T07:47:49","guid":{"rendered":"https:\/\/www.portdesitges.com\/?p=20261"},"modified":"2025-11-26T07:47:49","modified_gmt":"2025-11-26T07:47:49","slug":"el-port-de-sitges-llanca-una-oferta-exclusiva-de-black-friday-amb-un-25-de-descompte-en-amarratges","status":"publish","type":"post","link":"https:\/\/www.portdesitges.com\/ca\/el-port-de-sitges-llanca-una-oferta-exclusiva-de-black-friday-amb-un-25-de-descompte-en-amarratges\/","title":{"rendered":"El Port de Sitges llan\u00e7a una oferta exclusiva de Black Friday amb un 25% de descompte en amarratges"},"content":{"rendered":"[vc_row type=&#8221;in_container&#8221; full_screen_row_position=&#8221;middle&#8221; column_margin=&#8221;default&#8221; column_direction=&#8221;default&#8221; column_direction_tablet=&#8221;default&#8221; column_direction_phone=&#8221;default&#8221; scene_position=&#8221;center&#8221; text_color=&#8221;dark&#8221; text_align=&#8221;left&#8221; row_border_radius=&#8221;none&#8221; row_border_radius_applies=&#8221;bg&#8221; overflow=&#8221;visible&#8221; overlay_strength=&#8221;0.3&#8243; gradient_direction=&#8221;left_to_right&#8221; shape_divider_position=&#8221;bottom&#8221; bg_image_animation=&#8221;none&#8221;][vc_column column_padding=&#8221;no-extra-padding&#8221; column_padding_tablet=&#8221;inherit&#8221; column_padding_phone=&#8221;inherit&#8221; column_padding_position=&#8221;all&#8221; column_element_direction_desktop=&#8221;default&#8221; column_element_spacing=&#8221;default&#8221; desktop_text_alignment=&#8221;default&#8221; tablet_text_alignment=&#8221;default&#8221; phone_text_alignment=&#8221;default&#8221; background_color_opacity=&#8221;1&#8243; background_hover_color_opacity=&#8221;1&#8243; column_backdrop_filter=&#8221;none&#8221; column_shadow=&#8221;none&#8221; column_border_radius=&#8221;none&#8221; column_link_target=&#8221;_self&#8221; column_position=&#8221;default&#8221; gradient_direction=&#8221;left_to_right&#8221; overlay_strength=&#8221;0.3&#8243; width=&#8221;1\/1&#8243; tablet_width_inherit=&#8221;default&#8221; animation_type=&#8221;default&#8221; bg_image_animation=&#8221;none&#8221; border_type=&#8221;simple&#8221; column_border_width=&#8221;none&#8221; column_border_style=&#8221;solid&#8221;][image_with_animation image_url=&#8221;20262&#8243; image_size=&#8221;full&#8221; animation_type=&#8221;entrance&#8221; animation=&#8221;None&#8221; animation_movement_type=&#8221;transform_y&#8221; hover_animation=&#8221;none&#8221; alignment=&#8221;&#8221; border_radius=&#8221;none&#8221; box_shadow=&#8221;none&#8221; image_loading=&#8221;default&#8221; max_width=&#8221;100%&#8221; max_width_mobile=&#8221;default&#8221;][\/vc_column][\/vc_row][vc_row type=&#8221;in_container&#8221; full_screen_row_position=&#8221;middle&#8221; column_margin=&#8221;default&#8221; column_direction=&#8221;default&#8221; column_direction_tablet=&#8221;default&#8221; column_direction_phone=&#8221;default&#8221; scene_position=&#8221;center&#8221; text_color=&#8221;dark&#8221; text_align=&#8221;left&#8221; row_border_radius=&#8221;none&#8221; row_border_radius_applies=&#8221;bg&#8221; overflow=&#8221;visible&#8221; overlay_strength=&#8221;0.3&#8243; gradient_direction=&#8221;left_to_right&#8221; shape_divider_position=&#8221;bottom&#8221; bg_image_animation=&#8221;none&#8221;][vc_column column_padding=&#8221;no-extra-padding&#8221; column_padding_tablet=&#8221;inherit&#8221; column_padding_phone=&#8221;inherit&#8221; column_padding_position=&#8221;all&#8221; column_element_direction_desktop=&#8221;default&#8221; column_element_spacing=&#8221;default&#8221; desktop_text_alignment=&#8221;default&#8221; tablet_text_alignment=&#8221;default&#8221; phone_text_alignment=&#8221;default&#8221; background_color_opacity=&#8221;1&#8243; background_hover_color_opacity=&#8221;1&#8243; column_backdrop_filter=&#8221;none&#8221; column_shadow=&#8221;none&#8221; column_border_radius=&#8221;none&#8221; column_link_target=&#8221;_self&#8221; column_position=&#8221;default&#8221; gradient_direction=&#8221;left_to_right&#8221; overlay_strength=&#8221;0.3&#8243; width=&#8221;1\/1&#8243; tablet_width_inherit=&#8221;default&#8221; animation_type=&#8221;default&#8221; bg_image_animation=&#8221;none&#8221; border_type=&#8221;simple&#8221; column_border_width=&#8221;none&#8221; column_border_style=&#8221;solid&#8221; column_padding_type=&#8221;default&#8221; gradient_type=&#8221;default&#8221;][vc_column_text]\n<p data-start=\"307\" data-end=\"645\">El Port de Sitges presenta una promoci\u00f3 excepcional amb motiu del Black Friday, oferint un <strong data-start=\"410\" data-end=\"430\">25% de descompte<\/strong> en la contractaci\u00f3 anual d\u2019amarratges de <strong data-start=\"472\" data-end=\"485\">12 metres<\/strong>. Aquesta oferta especial estar\u00e0 disponible des del <strong data-start=\"537\" data-end=\"555\">28 de novembre<\/strong> fins al <strong data-start=\"564\" data-end=\"582\">31 de desembre<\/strong> de 2025, i \u00e9s v\u00e0lida \u00fanicament per a <strong data-start=\"620\" data-end=\"644\">noves contractacions<\/strong>.<\/p>\n<p data-start=\"647\" data-end=\"1027\">Aquesta iniciativa s\u2019emmarca en la voluntat del port d\u2019oferir condicions avantatjoses als clients que busquen un port segur, modern i envoltat d\u2019un entorn privilegiat com \u00e9s Sitges. Amb instal\u00b7lacions actualitzades, serveis professionals i una ubicaci\u00f3 immillorable, el Port de Sitges continua consolidant-se com un dels ports esportius de refer\u00e8ncia a la Mediterr\u00e0nia.<\/p>\n<h3 data-start=\"1029\" data-end=\"1059\"><strong data-start=\"1033\" data-end=\"1059\">Detalls de la promoci\u00f3<\/strong><\/h3>\n<ul data-start=\"1060\" data-end=\"1270\">\n<li data-start=\"1060\" data-end=\"1102\">\n<p data-start=\"1062\" data-end=\"1102\"><strong data-start=\"1062\" data-end=\"1083\">Descompte del 25%<\/strong> en la quota anual.<\/p>\n<\/li>\n<li data-start=\"1103\" data-end=\"1159\">\n<p data-start=\"1105\" data-end=\"1159\">Oferta v\u00e0lida nom\u00e9s per a <strong data-start=\"1131\" data-end=\"1158\">amarratges de 12 metres<\/strong>.<\/p>\n<\/li>\n<li data-start=\"1160\" data-end=\"1236\">\n<p data-start=\"1162\" data-end=\"1236\">Per\u00edode de contractaci\u00f3: <strong data-start=\"1187\" data-end=\"1235\">del 28 de novembre al 31 de desembre de 2025<\/strong>.<\/p>\n<\/li>\n<li data-start=\"1237\" data-end=\"1270\">\n<p data-start=\"1239\" data-end=\"1270\">Exclusiu per a <strong data-start=\"1254\" data-end=\"1269\">noves altes<\/strong>.<\/p>\n<\/li>\n<\/ul>\n<p data-start=\"1272\" data-end=\"1459\">Des del Port de Sitges animem tots els interessats a aprofitar aquesta oportunitat \u00fanica per assegurar-se un amarratge en una de les destinacions n\u00e0utiques m\u00e9s emblem\u00e0tiques de Catalunya.<\/p>\n<h3 data-start=\"1461\" data-end=\"1495\"><strong data-start=\"1465\" data-end=\"1495\">M\u00e9s informaci\u00f3 i contactes<\/strong><\/h3>\n<p data-start=\"1496\" data-end=\"1620\">Per sol\u00b7licitar informaci\u00f3 detallada o tramitar la contractaci\u00f3, podeu contactar amb l\u2019equip del Port de Sitges a trav\u00e9s de:<\/p>\n<p data-start=\"1622\" data-end=\"1708\">\ud83d\udce7 <strong data-start=\"1625\" data-end=\"1650\"><a class=\"decorated-link cursor-pointer\" rel=\"noopener\" data-start=\"1627\" data-end=\"1648\">info@portdesitges.com<\/a><\/strong><br data-start=\"1650\" data-end=\"1653\" \/>\ud83d\udcde <strong data-start=\"1656\" data-end=\"1678\">(+34) 93 894 26 00<\/strong><\/p>\n[\/vc_column_text][\/vc_column][\/vc_row][vc_row type=&#8221;in_container&#8221; full_screen_row_position=&#8221;middle&#8221; column_margin=&#8221;default&#8221; column_direction=&#8221;default&#8221; column_direction_tablet=&#8221;default&#8221; column_direction_phone=&#8221;default&#8221; scene_position=&#8221;center&#8221; text_color=&#8221;dark&#8221; text_align=&#8221;left&#8221; row_border_radius=&#8221;none&#8221; row_border_radius_applies=&#8221;bg&#8221; overflow=&#8221;visible&#8221; overlay_strength=&#8221;0.3&#8243; gradient_direction=&#8221;left_to_right&#8221; shape_divider_position=&#8221;bottom&#8221; bg_image_animation=&#8221;none&#8221;][vc_column column_padding=&#8221;no-extra-padding&#8221; column_padding_tablet=&#8221;inherit&#8221; column_padding_phone=&#8221;inherit&#8221; column_padding_position=&#8221;all&#8221; column_element_direction_desktop=&#8221;default&#8221; column_element_spacing=&#8221;default&#8221; desktop_text_alignment=&#8221;default&#8221; tablet_text_alignment=&#8221;default&#8221; phone_text_alignment=&#8221;default&#8221; background_color_opacity=&#8221;1&#8243; background_hover_color_opacity=&#8221;1&#8243; column_backdrop_filter=&#8221;none&#8221; column_shadow=&#8221;none&#8221; column_border_radius=&#8221;none&#8221; column_link_target=&#8221;_self&#8221; column_position=&#8221;default&#8221; gradient_direction=&#8221;left_to_right&#8221; overlay_strength=&#8221;0.3&#8243; width=&#8221;1\/1&#8243; tablet_width_inherit=&#8221;default&#8221; animation_type=&#8221;default&#8221; bg_image_animation=&#8221;none&#8221; border_type=&#8221;simple&#8221; column_border_width=&#8221;none&#8221; column_border_style=&#8221;solid&#8221;][\/vc_column][\/vc_row]\n","protected":false},"excerpt":{"rendered":"<p>[vc_row type=&#8221;in_container&#8221; full_screen_row_position=&#8221;middle&#8221; column_margin=&#8221;default&#8221; column_direction=&#8221;default&#8221; column_direction_tablet=&#8221;default&#8221; column_direction_phone=&#8221;default&#8221; scene_position=&#8221;center&#8221; text_color=&#8221;dark&#8221; text_align=&#8221;left&#8221; row_border_radius=&#8221;none&#8221; row_border_radius_applies=&#8221;bg&#8221; overflow=&#8221;visible&#8221; overlay_strength=&#8221;0.3&#8243; gradient_direction=&#8221;left_to_right&#8221; shape_divider_position=&#8221;bottom&#8221; bg_image_animation=&#8221;none&#8221;][vc_column column_padding=&#8221;no-extra-padding&#8221; column_padding_tablet=&#8221;inherit&#8221; column_padding_phone=&#8221;inherit&#8221; column_padding_position=&#8221;all&#8221; column_element_direction_desktop=&#8221;default&#8221; column_element_spacing=&#8221;default&#8221; desktop_text_alignment=&#8221;default&#8221; tablet_text_alignment=&#8221;default&#8221; phone_text_alignment=&#8221;default&#8221; background_color_opacity=&#8221;1&#8243; background_hover_color_opacity=&#8221;1&#8243; column_backdrop_filter=&#8221;none&#8221; column_shadow=&#8221;none&#8221;&#8230;<\/p>\n","protected":false},"author":1,"featured_media":20262,"comment_status":"open","ping_status":"open","sticky":false,"template":"","format":"standard","meta":{"footnotes":""},"categories":[62],"tags":[95,96],"class_list":{"0":"post-20261","1":"post","2":"type-post","3":"status-publish","4":"format-standard","5":"has-post-thumbnail","7":"category-noticias-ca","8":"tag-nadal","9":"tag-nadalportdesitges"},"yoast_head":"<!-- This site is optimized with the Yoast SEO plugin v27.3 - https:\/\/yoast.com\/product\/yoast-seo-wordpress\/ -->\n<title>El Port de Sitges llan\u00e7a una oferta exclusiva de Black Friday amb un 25% de descompte en amarratges - Port de Sitges - Aiguadol\u00e7<\/title>\n<meta name=\"robots\" content=\"index, follow, max-snippet:-1, max-image-preview:large, max-video-preview:-1\" \/>\n<link rel=\"canonical\" href=\"https:\/\/www.portdesitges.com\/ca\/el-port-de-sitges-llanca-una-oferta-exclusiva-de-black-friday-amb-un-25-de-descompte-en-amarratges\/\" \/>\n<meta property=\"og:locale\" content=\"ca_ES\" \/>\n<meta property=\"og:type\" content=\"article\" \/>\n<meta property=\"og:title\" content=\"El Port de Sitges llan\u00e7a una oferta exclusiva de Black Friday amb un 25% de descompte en amarratges - Port de Sitges - Aiguadol\u00e7\" \/>\n<meta property=\"og:description\" content=\"[vc_row type=&#8221;in_container&#8221; full_screen_row_position=&#8221;middle&#8221; column_margin=&#8221;default&#8221; column_direction=&#8221;default&#8221; column_direction_tablet=&#8221;default&#8221; column_direction_phone=&#8221;default&#8221; scene_position=&#8221;center&#8221; text_color=&#8221;dark&#8221; text_align=&#8221;left&#8221; row_border_radius=&#8221;none&#8221; row_border_radius_applies=&#8221;bg&#8221; overflow=&#8221;visible&#8221; overlay_strength=&#8221;0.3&#8243; gradient_direction=&#8221;left_to_right&#8221; shape_divider_position=&#8221;bottom&#8221; bg_image_animation=&#8221;none&#8221;][vc_column column_padding=&#8221;no-extra-padding&#8221; column_padding_tablet=&#8221;inherit&#8221; column_padding_phone=&#8221;inherit&#8221; column_padding_position=&#8221;all&#8221; column_element_direction_desktop=&#8221;default&#8221; column_element_spacing=&#8221;default&#8221; desktop_text_alignment=&#8221;default&#8221; tablet_text_alignment=&#8221;default&#8221; phone_text_alignment=&#8221;default&#8221; background_color_opacity=&#8221;1&#8243; background_hover_color_opacity=&#8221;1&#8243; column_backdrop_filter=&#8221;none&#8221; column_shadow=&#8221;none&#8221;...\" \/>\n<meta property=\"og:url\" content=\"https:\/\/www.portdesitges.com\/ca\/el-port-de-sitges-llanca-una-oferta-exclusiva-de-black-friday-amb-un-25-de-descompte-en-amarratges\/\" \/>\n<meta property=\"og:site_name\" content=\"Port de Sitges - Aiguadol\u00e7\" \/>\n<meta property=\"article:published_time\" content=\"2025-11-26T07:47:49+00:00\" \/>\n<meta property=\"og:image\" content=\"https:\/\/www.portdesitges.com\/wp-content\/uploads\/2025\/11\/BlackFridayPort_CAT-scaled.png\" \/>\n\t<meta property=\"og:image:width\" content=\"2048\" \/>\n\t<meta property=\"og:image:height\" content=\"2560\" \/>\n\t<meta property=\"og:image:type\" content=\"image\/png\" \/>\n<meta name=\"author\" content=\"admin\" \/>\n<meta name=\"twitter:card\" content=\"summary_large_image\" \/>\n<meta name=\"twitter:label1\" content=\"Escrit per\" \/>\n\t<meta name=\"twitter:data1\" content=\"admin\" \/>\n\t<meta name=\"twitter:label2\" content=\"Temps estimat de lectura\" \/>\n\t<meta name=\"twitter:data2\" content=\"2 minuts\" \/>\n<script type=\"application\/ld+json\" class=\"yoast-schema-graph\">{\"@context\":\"https:\\\/\\\/schema.org\",\"@graph\":[{\"@type\":\"Article\",\"@id\":\"https:\\\/\\\/www.portdesitges.com\\\/ca\\\/el-port-de-sitges-llanca-una-oferta-exclusiva-de-black-friday-amb-un-25-de-descompte-en-amarratges\\\/#article\",\"isPartOf\":{\"@id\":\"https:\\\/\\\/www.portdesitges.com\\\/ca\\\/el-port-de-sitges-llanca-una-oferta-exclusiva-de-black-friday-amb-un-25-de-descompte-en-amarratges\\\/\"},\"author\":{\"name\":\"admin\",\"@id\":\"https:\\\/\\\/www.portdesitges.com\\\/#\\\/schema\\\/person\\\/1eefc99f5083e56db6bd643d0e8649fd\"},\"headline\":\"El Port de Sitges llan\u00e7a una oferta exclusiva de Black Friday amb un 25% de descompte en amarratges\",\"datePublished\":\"2025-11-26T07:47:49+00:00\",\"mainEntityOfPage\":{\"@id\":\"https:\\\/\\\/www.portdesitges.com\\\/ca\\\/el-port-de-sitges-llanca-una-oferta-exclusiva-de-black-friday-amb-un-25-de-descompte-en-amarratges\\\/\"},\"wordCount\":739,\"commentCount\":0,\"image\":{\"@id\":\"https:\\\/\\\/www.portdesitges.com\\\/ca\\\/el-port-de-sitges-llanca-una-oferta-exclusiva-de-black-friday-amb-un-25-de-descompte-en-amarratges\\\/#primaryimage\"},\"thumbnailUrl\":\"https:\\\/\\\/www.portdesitges.com\\\/wp-content\\\/uploads\\\/2025\\\/11\\\/BlackFridayPort_CAT-scaled.png\",\"keywords\":[\"nadal\",\"nadalportdesitges\"],\"articleSection\":[\"Not\u00edcias\"],\"inLanguage\":\"ca\",\"potentialAction\":[{\"@type\":\"CommentAction\",\"name\":\"Comment\",\"target\":[\"https:\\\/\\\/www.portdesitges.com\\\/ca\\\/el-port-de-sitges-llanca-una-oferta-exclusiva-de-black-friday-amb-un-25-de-descompte-en-amarratges\\\/#respond\"]}]},{\"@type\":\"WebPage\",\"@id\":\"https:\\\/\\\/www.portdesitges.com\\\/ca\\\/el-port-de-sitges-llanca-una-oferta-exclusiva-de-black-friday-amb-un-25-de-descompte-en-amarratges\\\/\",\"url\":\"https:\\\/\\\/www.portdesitges.com\\\/ca\\\/el-port-de-sitges-llanca-una-oferta-exclusiva-de-black-friday-amb-un-25-de-descompte-en-amarratges\\\/\",\"name\":\"El Port de Sitges llan\u00e7a una oferta exclusiva de Black Friday amb un 25% de descompte en amarratges - Port de Sitges - Aiguadol\u00e7\",\"isPartOf\":{\"@id\":\"https:\\\/\\\/www.portdesitges.com\\\/#website\"},\"primaryImageOfPage\":{\"@id\":\"https:\\\/\\\/www.portdesitges.com\\\/ca\\\/el-port-de-sitges-llanca-una-oferta-exclusiva-de-black-friday-amb-un-25-de-descompte-en-amarratges\\\/#primaryimage\"},\"image\":{\"@id\":\"https:\\\/\\\/www.portdesitges.com\\\/ca\\\/el-port-de-sitges-llanca-una-oferta-exclusiva-de-black-friday-amb-un-25-de-descompte-en-amarratges\\\/#primaryimage\"},\"thumbnailUrl\":\"https:\\\/\\\/www.portdesitges.com\\\/wp-content\\\/uploads\\\/2025\\\/11\\\/BlackFridayPort_CAT-scaled.png\",\"datePublished\":\"2025-11-26T07:47:49+00:00\",\"author\":{\"@id\":\"https:\\\/\\\/www.portdesitges.com\\\/#\\\/schema\\\/person\\\/1eefc99f5083e56db6bd643d0e8649fd\"},\"breadcrumb\":{\"@id\":\"https:\\\/\\\/www.portdesitges.com\\\/ca\\\/el-port-de-sitges-llanca-una-oferta-exclusiva-de-black-friday-amb-un-25-de-descompte-en-amarratges\\\/#breadcrumb\"},\"inLanguage\":\"ca\",\"potentialAction\":[{\"@type\":\"ReadAction\",\"target\":[\"https:\\\/\\\/www.portdesitges.com\\\/ca\\\/el-port-de-sitges-llanca-una-oferta-exclusiva-de-black-friday-amb-un-25-de-descompte-en-amarratges\\\/\"]}]},{\"@type\":\"ImageObject\",\"inLanguage\":\"ca\",\"@id\":\"https:\\\/\\\/www.portdesitges.com\\\/ca\\\/el-port-de-sitges-llanca-una-oferta-exclusiva-de-black-friday-amb-un-25-de-descompte-en-amarratges\\\/#primaryimage\",\"url\":\"https:\\\/\\\/www.portdesitges.com\\\/wp-content\\\/uploads\\\/2025\\\/11\\\/BlackFridayPort_CAT-scaled.png\",\"contentUrl\":\"https:\\\/\\\/www.portdesitges.com\\\/wp-content\\\/uploads\\\/2025\\\/11\\\/BlackFridayPort_CAT-scaled.png\",\"width\":2048,\"height\":2560},{\"@type\":\"BreadcrumbList\",\"@id\":\"https:\\\/\\\/www.portdesitges.com\\\/ca\\\/el-port-de-sitges-llanca-una-oferta-exclusiva-de-black-friday-amb-un-25-de-descompte-en-amarratges\\\/#breadcrumb\",\"itemListElement\":[{\"@type\":\"ListItem\",\"position\":1,\"name\":\"Portada\",\"item\":\"https:\\\/\\\/www.portdesitges.com\\\/ca\\\/\"},{\"@type\":\"ListItem\",\"position\":2,\"name\":\"El Port de Sitges llan\u00e7a una oferta exclusiva de Black Friday amb un 25% de descompte en amarratges\"}]},{\"@type\":\"WebSite\",\"@id\":\"https:\\\/\\\/www.portdesitges.com\\\/#website\",\"url\":\"https:\\\/\\\/www.portdesitges.com\\\/\",\"name\":\"Port de Sitges - Aiguadol\u00e7\",\"description\":\"lugar donde el mar y la tierra se dan de la mano para crear un espacio \u00fanico y atractivo. Disfruta de un mar de experiencias.\",\"potentialAction\":[{\"@type\":\"SearchAction\",\"target\":{\"@type\":\"EntryPoint\",\"urlTemplate\":\"https:\\\/\\\/www.portdesitges.com\\\/?s={search_term_string}\"},\"query-input\":{\"@type\":\"PropertyValueSpecification\",\"valueRequired\":true,\"valueName\":\"search_term_string\"}}],\"inLanguage\":\"ca\"},{\"@type\":\"Person\",\"@id\":\"https:\\\/\\\/www.portdesitges.com\\\/#\\\/schema\\\/person\\\/1eefc99f5083e56db6bd643d0e8649fd\",\"name\":\"admin\",\"image\":{\"@type\":\"ImageObject\",\"inLanguage\":\"ca\",\"@id\":\"https:\\\/\\\/secure.gravatar.com\\\/avatar\\\/2db7db7d08053efc6bbf52674f99717837ec8d1dd72ce992247f1bade9278b82?s=96&d=mm&r=g\",\"url\":\"https:\\\/\\\/secure.gravatar.com\\\/avatar\\\/2db7db7d08053efc6bbf52674f99717837ec8d1dd72ce992247f1bade9278b82?s=96&d=mm&r=g\",\"contentUrl\":\"https:\\\/\\\/secure.gravatar.com\\\/avatar\\\/2db7db7d08053efc6bbf52674f99717837ec8d1dd72ce992247f1bade9278b82?s=96&d=mm&r=g\",\"caption\":\"admin\"},\"url\":\"https:\\\/\\\/www.portdesitges.com\\\/ca\\\/author\\\/admin\\\/\"}]}<\/script>\n<!-- \/ Yoast SEO plugin. -->","yoast_head_json":{"title":"El Port de Sitges llan\u00e7a una oferta exclusiva de Black Friday amb un 25% de descompte en amarratges - Port de Sitges - Aiguadol\u00e7","robots":{"index":"index","follow":"follow","max-snippet":"max-snippet:-1","max-image-preview":"max-image-preview:large","max-video-preview":"max-video-preview:-1"},"canonical":"https:\/\/www.portdesitges.com\/ca\/el-port-de-sitges-llanca-una-oferta-exclusiva-de-black-friday-amb-un-25-de-descompte-en-amarratges\/","og_locale":"ca_ES","og_type":"article","og_title":"El Port de Sitges llan\u00e7a una oferta exclusiva de Black Friday amb un 25% de descompte en amarratges - Port de Sitges - Aiguadol\u00e7","og_description":"[vc_row type=&#8221;in_container&#8221; full_screen_row_position=&#8221;middle&#8221; column_margin=&#8221;default&#8221; column_direction=&#8221;default&#8221; column_direction_tablet=&#8221;default&#8221; column_direction_phone=&#8221;default&#8221; scene_position=&#8221;center&#8221; text_color=&#8221;dark&#8221; text_align=&#8221;left&#8221; row_border_radius=&#8221;none&#8221; row_border_radius_applies=&#8221;bg&#8221; overflow=&#8221;visible&#8221; overlay_strength=&#8221;0.3&#8243; gradient_direction=&#8221;left_to_right&#8221; shape_divider_position=&#8221;bottom&#8221; bg_image_animation=&#8221;none&#8221;][vc_column column_padding=&#8221;no-extra-padding&#8221; column_padding_tablet=&#8221;inherit&#8221; column_padding_phone=&#8221;inherit&#8221; column_padding_position=&#8221;all&#8221; column_element_direction_desktop=&#8221;default&#8221; column_element_spacing=&#8221;default&#8221; desktop_text_alignment=&#8221;default&#8221; tablet_text_alignment=&#8221;default&#8221; phone_text_alignment=&#8221;default&#8221; background_color_opacity=&#8221;1&#8243; background_hover_color_opacity=&#8221;1&#8243; column_backdrop_filter=&#8221;none&#8221; column_shadow=&#8221;none&#8221;...","og_url":"https:\/\/www.portdesitges.com\/ca\/el-port-de-sitges-llanca-una-oferta-exclusiva-de-black-friday-amb-un-25-de-descompte-en-amarratges\/","og_site_name":"Port de Sitges - Aiguadol\u00e7","article_published_time":"2025-11-26T07:47:49+00:00","og_image":[{"width":2048,"height":2560,"url":"https:\/\/www.portdesitges.com\/wp-content\/uploads\/2025\/11\/BlackFridayPort_CAT-scaled.png","type":"image\/png"}],"author":"admin","twitter_card":"summary_large_image","twitter_misc":{"Escrit per":"admin","Temps estimat de lectura":"2 minuts"},"schema":{"@context":"https:\/\/schema.org","@graph":[{"@type":"Article","@id":"https:\/\/www.portdesitges.com\/ca\/el-port-de-sitges-llanca-una-oferta-exclusiva-de-black-friday-amb-un-25-de-descompte-en-amarratges\/#article","isPartOf":{"@id":"https:\/\/www.portdesitges.com\/ca\/el-port-de-sitges-llanca-una-oferta-exclusiva-de-black-friday-amb-un-25-de-descompte-en-amarratges\/"},"author":{"name":"admin","@id":"https:\/\/www.portdesitges.com\/#\/schema\/person\/1eefc99f5083e56db6bd643d0e8649fd"},"headline":"El Port de Sitges llan\u00e7a una oferta exclusiva de Black Friday amb un 25% de descompte en amarratges","datePublished":"2025-11-26T07:47:49+00:00","mainEntityOfPage":{"@id":"https:\/\/www.portdesitges.com\/ca\/el-port-de-sitges-llanca-una-oferta-exclusiva-de-black-friday-amb-un-25-de-descompte-en-amarratges\/"},"wordCount":739,"commentCount":0,"image":{"@id":"https:\/\/www.portdesitges.com\/ca\/el-port-de-sitges-llanca-una-oferta-exclusiva-de-black-friday-amb-un-25-de-descompte-en-amarratges\/#primaryimage"},"thumbnailUrl":"https:\/\/www.portdesitges.com\/wp-content\/uploads\/2025\/11\/BlackFridayPort_CAT-scaled.png","keywords":["nadal","nadalportdesitges"],"articleSection":["Not\u00edcias"],"inLanguage":"ca","potentialAction":[{"@type":"CommentAction","name":"Comment","target":["https:\/\/www.portdesitges.com\/ca\/el-port-de-sitges-llanca-una-oferta-exclusiva-de-black-friday-amb-un-25-de-descompte-en-amarratges\/#respond"]}]},{"@type":"WebPage","@id":"https:\/\/www.portdesitges.com\/ca\/el-port-de-sitges-llanca-una-oferta-exclusiva-de-black-friday-amb-un-25-de-descompte-en-amarratges\/","url":"https:\/\/www.portdesitges.com\/ca\/el-port-de-sitges-llanca-una-oferta-exclusiva-de-black-friday-amb-un-25-de-descompte-en-amarratges\/","name":"El Port de Sitges llan\u00e7a una oferta exclusiva de Black Friday amb un 25% de descompte en amarratges - Port de Sitges - Aiguadol\u00e7","isPartOf":{"@id":"https:\/\/www.portdesitges.com\/#website"},"primaryImageOfPage":{"@id":"https:\/\/www.portdesitges.com\/ca\/el-port-de-sitges-llanca-una-oferta-exclusiva-de-black-friday-amb-un-25-de-descompte-en-amarratges\/#primaryimage"},"image":{"@id":"https:\/\/www.portdesitges.com\/ca\/el-port-de-sitges-llanca-una-oferta-exclusiva-de-black-friday-amb-un-25-de-descompte-en-amarratges\/#primaryimage"},"thumbnailUrl":"https:\/\/www.portdesitges.com\/wp-content\/uploads\/2025\/11\/BlackFridayPort_CAT-scaled.png","datePublished":"2025-11-26T07:47:49+00:00","author":{"@id":"https:\/\/www.portdesitges.com\/#\/schema\/person\/1eefc99f5083e56db6bd643d0e8649fd"},"breadcrumb":{"@id":"https:\/\/www.portdesitges.com\/ca\/el-port-de-sitges-llanca-una-oferta-exclusiva-de-black-friday-amb-un-25-de-descompte-en-amarratges\/#breadcrumb"},"inLanguage":"ca","potentialAction":[{"@type":"ReadAction","target":["https:\/\/www.portdesitges.com\/ca\/el-port-de-sitges-llanca-una-oferta-exclusiva-de-black-friday-amb-un-25-de-descompte-en-amarratges\/"]}]},{"@type":"ImageObject","inLanguage":"ca","@id":"https:\/\/www.portdesitges.com\/ca\/el-port-de-sitges-llanca-una-oferta-exclusiva-de-black-friday-amb-un-25-de-descompte-en-amarratges\/#primaryimage","url":"https:\/\/www.portdesitges.com\/wp-content\/uploads\/2025\/11\/BlackFridayPort_CAT-scaled.png","contentUrl":"https:\/\/www.portdesitges.com\/wp-content\/uploads\/2025\/11\/BlackFridayPort_CAT-scaled.png","width":2048,"height":2560},{"@type":"BreadcrumbList","@id":"https:\/\/www.portdesitges.com\/ca\/el-port-de-sitges-llanca-una-oferta-exclusiva-de-black-friday-amb-un-25-de-descompte-en-amarratges\/#breadcrumb","itemListElement":[{"@type":"ListItem","position":1,"name":"Portada","item":"https:\/\/www.portdesitges.com\/ca\/"},{"@type":"ListItem","position":2,"name":"El Port de Sitges llan\u00e7a una oferta exclusiva de Black Friday amb un 25% de descompte en amarratges"}]},{"@type":"WebSite","@id":"https:\/\/www.portdesitges.com\/#website","url":"https:\/\/www.portdesitges.com\/","name":"Port de Sitges - Aiguadol\u00e7","description":"lugar donde el mar y la tierra se dan de la mano para crear un espacio \u00fanico y atractivo. Disfruta de un mar de experiencias.","potentialAction":[{"@type":"SearchAction","target":{"@type":"EntryPoint","urlTemplate":"https:\/\/www.portdesitges.com\/?s={search_term_string}"},"query-input":{"@type":"PropertyValueSpecification","valueRequired":true,"valueName":"search_term_string"}}],"inLanguage":"ca"},{"@type":"Person","@id":"https:\/\/www.portdesitges.com\/#\/schema\/person\/1eefc99f5083e56db6bd643d0e8649fd","name":"admin","image":{"@type":"ImageObject","inLanguage":"ca","@id":"https:\/\/secure.gravatar.com\/avatar\/2db7db7d08053efc6bbf52674f99717837ec8d1dd72ce992247f1bade9278b82?s=96&d=mm&r=g","url":"https:\/\/secure.gravatar.com\/avatar\/2db7db7d08053efc6bbf52674f99717837ec8d1dd72ce992247f1bade9278b82?s=96&d=mm&r=g","contentUrl":"https:\/\/secure.gravatar.com\/avatar\/2db7db7d08053efc6bbf52674f99717837ec8d1dd72ce992247f1bade9278b82?s=96&d=mm&r=g","caption":"admin"},"url":"https:\/\/www.portdesitges.com\/ca\/author\/admin\/"}]}},"_links":{"self":[{"href":"https:\/\/www.portdesitges.com\/ca\/wp-json\/wp\/v2\/posts\/20261","targetHints":{"allow":["GET"]}}],"collection":[{"href":"https:\/\/www.portdesitges.com\/ca\/wp-json\/wp\/v2\/posts"}],"about":[{"href":"https:\/\/www.portdesitges.com\/ca\/wp-json\/wp\/v2\/types\/post"}],"author":[{"embeddable":true,"href":"https:\/\/www.portdesitges.com\/ca\/wp-json\/wp\/v2\/users\/1"}],"replies":[{"embeddable":true,"href":"https:\/\/www.portdesitges.com\/ca\/wp-json\/wp\/v2\/comments?post=20261"}],"version-history":[{"count":1,"href":"https:\/\/www.portdesitges.com\/ca\/wp-json\/wp\/v2\/posts\/20261\/revisions"}],"predecessor-version":[{"id":20266,"href":"https:\/\/www.portdesitges.com\/ca\/wp-json\/wp\/v2\/posts\/20261\/revisions\/20266"}],"wp:featuredmedia":[{"embeddable":true,"href":"https:\/\/www.portdesitges.com\/ca\/wp-json\/wp\/v2\/media\/20262"}],"wp:attachment":[{"href":"https:\/\/www.portdesitges.com\/ca\/wp-json\/wp\/v2\/media?parent=20261"}],"wp:term":[{"taxonomy":"category","embeddable":true,"href":"https:\/\/www.portdesitges.com\/ca\/wp-json\/wp\/v2\/categories?post=20261"},{"taxonomy":"post_tag","embeddable":true,"href":"https:\/\/www.portdesitges.com\/ca\/wp-json\/wp\/v2\/tags?post=20261"}],"curies":[{"name":"wp","href":"https:\/\/api.w.org\/{rel}","templated":true}]}}