{"id":20160,"date":"2025-11-05T08:16:58","date_gmt":"2025-11-05T08:16:58","guid":{"rendered":"https:\/\/www.portdesitges.com\/?p=20160"},"modified":"2025-11-12T08:35:49","modified_gmt":"2025-11-12T08:35:49","slug":"nadal2025","status":"publish","type":"post","link":"https:\/\/www.portdesitges.com\/ca\/nadal2025\/","title":{"rendered":"El Port de Sitges celebra el Nadal amb un programa ple de tradici\u00f3 per a tota la fam\u00edlia"},"content":{"rendered":"[vc_row type=&#8221;in_container&#8221; full_screen_row_position=&#8221;middle&#8221; column_margin=&#8221;default&#8221; column_direction=&#8221;default&#8221; column_direction_tablet=&#8221;default&#8221; column_direction_phone=&#8221;default&#8221; scene_position=&#8221;center&#8221; text_color=&#8221;dark&#8221; text_align=&#8221;left&#8221; row_border_radius=&#8221;none&#8221; row_border_radius_applies=&#8221;bg&#8221; overflow=&#8221;visible&#8221; overlay_strength=&#8221;0.3&#8243; gradient_direction=&#8221;left_to_right&#8221; shape_divider_position=&#8221;bottom&#8221; bg_image_animation=&#8221;none&#8221;][vc_column column_padding=&#8221;no-extra-padding&#8221; column_padding_tablet=&#8221;inherit&#8221; column_padding_phone=&#8221;inherit&#8221; column_padding_position=&#8221;all&#8221; column_element_direction_desktop=&#8221;default&#8221; column_element_spacing=&#8221;default&#8221; desktop_text_alignment=&#8221;default&#8221; tablet_text_alignment=&#8221;default&#8221; phone_text_alignment=&#8221;default&#8221; background_color_opacity=&#8221;1&#8243; background_hover_color_opacity=&#8221;1&#8243; column_backdrop_filter=&#8221;none&#8221; column_shadow=&#8221;none&#8221; column_border_radius=&#8221;none&#8221; column_link_target=&#8221;_self&#8221; column_position=&#8221;default&#8221; gradient_direction=&#8221;left_to_right&#8221; overlay_strength=&#8221;0.3&#8243; width=&#8221;1\/1&#8243; tablet_width_inherit=&#8221;default&#8221; animation_type=&#8221;default&#8221; bg_image_animation=&#8221;none&#8221; border_type=&#8221;simple&#8221; column_border_width=&#8221;none&#8221; column_border_style=&#8221;solid&#8221;][image_with_animation image_url=&#8221;20207&#8243; image_size=&#8221;full&#8221; animation_type=&#8221;entrance&#8221; animation=&#8221;None&#8221; animation_movement_type=&#8221;transform_y&#8221; hover_animation=&#8221;none&#8221; alignment=&#8221;&#8221; border_radius=&#8221;none&#8221; box_shadow=&#8221;none&#8221; image_loading=&#8221;default&#8221; max_width=&#8221;100%&#8221; max_width_mobile=&#8221;default&#8221;][\/vc_column][\/vc_row][vc_row type=&#8221;in_container&#8221; full_screen_row_position=&#8221;middle&#8221; column_margin=&#8221;default&#8221; column_direction=&#8221;default&#8221; column_direction_tablet=&#8221;default&#8221; column_direction_phone=&#8221;default&#8221; scene_position=&#8221;center&#8221; text_color=&#8221;dark&#8221; text_align=&#8221;left&#8221; row_border_radius=&#8221;none&#8221; row_border_radius_applies=&#8221;bg&#8221; overflow=&#8221;visible&#8221; overlay_strength=&#8221;0.3&#8243; gradient_direction=&#8221;left_to_right&#8221; shape_divider_position=&#8221;bottom&#8221; bg_image_animation=&#8221;none&#8221;][vc_column column_padding=&#8221;no-extra-padding&#8221; column_padding_tablet=&#8221;inherit&#8221; column_padding_phone=&#8221;inherit&#8221; column_padding_position=&#8221;all&#8221; column_element_direction_desktop=&#8221;default&#8221; column_element_spacing=&#8221;default&#8221; desktop_text_alignment=&#8221;default&#8221; tablet_text_alignment=&#8221;default&#8221; phone_text_alignment=&#8221;default&#8221; background_color_opacity=&#8221;1&#8243; background_hover_color_opacity=&#8221;1&#8243; column_backdrop_filter=&#8221;none&#8221; column_shadow=&#8221;none&#8221; column_border_radius=&#8221;none&#8221; column_link_target=&#8221;_self&#8221; column_position=&#8221;default&#8221; gradient_direction=&#8221;left_to_right&#8221; overlay_strength=&#8221;0.3&#8243; width=&#8221;1\/1&#8243; tablet_width_inherit=&#8221;default&#8221; animation_type=&#8221;default&#8221; bg_image_animation=&#8221;none&#8221; border_type=&#8221;simple&#8221; column_border_width=&#8221;none&#8221; column_border_style=&#8221;solid&#8221;][vc_column_text]\n<ul>\n<li><strong>El Nadal al port comen\u00e7ar\u00e0 el 29 de novembre amb l\u2019encesa de llums, continuar\u00e0 amb el Winter Market \u2014que en el seu des\u00e8 aniversari se celebrar\u00e0 per primera vegada al Port de Sitges\u2014 i culminar\u00e0 amb l\u2019arribada dels Reis d\u2019Orient per mar el 5 de gener al mat\u00ed.<\/strong><\/li>\n<li><strong>Aquest any, l\u2019encesa de llums del Port de Sitges es celebrar\u00e0 en col\u00b7laboraci\u00f3 amb La Marat\u00f3 de 3cat per a aconseguir una donaci\u00f3 col\u00b7lectiva per a la investigaci\u00f3 contra el c\u00e0ncer. <\/strong><\/li>\n<\/ul>\n<p>El <strong>Port de Sitges<\/strong> dona la benvinguda al Nadal amb un <strong>complet programa d\u2019activitats per a tots els p\u00fablics<\/strong>. Durant les properes setmanes, el Port es convertir\u00e0 en un espai de trobada i celebraci\u00f3 per a tota la fam\u00edlia amb la tradicional <strong>encesa de llums<\/strong>, el <strong>Winter Market<\/strong>, amb aut\u00e8ntiques propostes d\u2019artesania i gastronomia local, i la <strong>m\u00e0gica arribada dels Reis d\u2019Orient per mar<\/strong>, una de les cites m\u00e9s esperades per petits i grans.<\/p>\n<p><strong>\u2728<\/strong><strong> El port s\u2019il\u00b7lumina per La Marat\u00f3 de 3cat i per donar la benvinguda al Nadal<\/strong><\/p>\n<p>L\u2019inici del Nadal al Port de Sitges ser\u00e0 el <strong>dissabte 29 de novembre<\/strong>, a partir de les <strong>18 hores<\/strong>, amb l\u2019<strong>encesa oficial de les llums de Nadal<\/strong>. El port s\u2019omplir\u00e0 de <strong>llum, color i esperit festiu<\/strong> en una tarda pensada per gaudir en fam\u00edlia.<\/p>\n<p>Per primera vegada, <strong>l\u2019encesa de llums es dur\u00e0 a terme en col\u00b7laboraci\u00f3 amb La Marat\u00f3 de 3cat<\/strong>. Durant la tarda, es pret\u00e9n aconseguir una donaci\u00f3 col\u00b7lectiva per a la causa de La Marat\u00f3 d\u2019enguany -la investigaci\u00f3 contra el c\u00e0ncer-. Aix\u00ed doncs, el Port de Sitges s\u2019il\u00b7luminar\u00e0 per La Marat\u00f3 i donar\u00e0 els donatius voluntaris recaptats durant la tarda.<\/p>\n<p>A m\u00e9s a m\u00e9s, els <strong>alumnes de l\u2019escola de m\u00fasica de Gemma Casanova<\/strong> acompanyaran l\u2019acte amb un <strong>repertori de nadales<\/strong> ple de sensibilitat i emoci\u00f3, posant la <strong>banda sonora perfecta a l\u2019inici de les festes<\/strong>.<\/p>\n<p><strong>\ud83c\udf81<\/strong><strong> El Winter Market celebra el seu des\u00e8 aniversari al Port de Sitges<\/strong><\/p>\n<p>El tradicional mercat de Nadal, organitzat per <strong>Vinyet Zapater<\/strong>, arriba per primera vegada al Port de Sitges en una edici\u00f3 molt especial: la del seu <strong>des\u00e8 aniversari<\/strong>. Durant dos caps de setmana (<strong>13-14 i 20-21 de desembre<\/strong>), el port es transformar\u00e0 en un aut\u00e8ntic <strong>poble de Nadal<\/strong> on m\u00e9s de <strong>30 marques d\u2019artesania, moda i joieria d\u2019autor<\/strong>, entre d\u2019altres, oferiran les seves creacions als visitants.<\/p>\n<p>L\u2019experi\u00e8ncia m\u00e0gica per als m\u00e9s petits es completar\u00e0 amb una <strong>activitat immersiva<\/strong> en qu\u00e8 nens i nenes podran con\u00e8ixer el <strong>Pare No\u00ebl<\/strong> si aconsegueixen resoldre una missi\u00f3.<\/p>\n<p>Aquest any, a m\u00e9s, el Winter Market fa un pas endavant en <strong>sostenibilitat<\/strong>, incorporant <strong>casetes de fusta amb sostres solars<\/strong> que permetran que la il\u00b7luminaci\u00f3 funcioni amb energia renovable.<\/p>\n<p><strong>\ud83d\udc51<\/strong><strong> Els Reis d\u2019Orient arribaran a Sitges per mar<\/strong><\/p>\n<p>El <strong>mat\u00ed del 5 de gener de 2026<\/strong>, el <strong>Port de Sitges<\/strong> ser\u00e0 l\u2019escenari d\u2019una de les tradicions m\u00e9s estimades a Sitges: l\u2019<strong>arribada dels Reis d\u2019Orient per mar<\/strong>. A les <strong>12.30 hores<\/strong>, Ses Majestats desembarcaran per compartir la seva m\u00e0gia amb les fam\u00edlies que s\u2019apropin al port, recollir les <strong>cartes d\u2019\u00faltima hora<\/strong> i repartir somriures. Una <strong>celebraci\u00f3 \u00fanica<\/strong> que combina l\u2019ess\u00e8ncia marinera de Sitges amb la il\u00b7lusi\u00f3 de la vig\u00edlia m\u00e9s esperada de l\u2019any.[\/vc_column_text][\/vc_column][\/vc_row]\n","protected":false},"excerpt":{"rendered":"<p>[vc_row type=&#8221;in_container&#8221; full_screen_row_position=&#8221;middle&#8221; column_margin=&#8221;default&#8221; column_direction=&#8221;default&#8221; column_direction_tablet=&#8221;default&#8221; column_direction_phone=&#8221;default&#8221; scene_position=&#8221;center&#8221; text_color=&#8221;dark&#8221; text_align=&#8221;left&#8221; row_border_radius=&#8221;none&#8221; row_border_radius_applies=&#8221;bg&#8221; overflow=&#8221;visible&#8221; overlay_strength=&#8221;0.3&#8243; gradient_direction=&#8221;left_to_right&#8221; shape_divider_position=&#8221;bottom&#8221; bg_image_animation=&#8221;none&#8221;][vc_column column_padding=&#8221;no-extra-padding&#8221; column_padding_tablet=&#8221;inherit&#8221; column_padding_phone=&#8221;inherit&#8221; column_padding_position=&#8221;all&#8221; column_element_direction_desktop=&#8221;default&#8221; column_element_spacing=&#8221;default&#8221; desktop_text_alignment=&#8221;default&#8221; tablet_text_alignment=&#8221;default&#8221; phone_text_alignment=&#8221;default&#8221; background_color_opacity=&#8221;1&#8243; background_hover_color_opacity=&#8221;1&#8243; column_backdrop_filter=&#8221;none&#8221; column_shadow=&#8221;none&#8221;&#8230;<\/p>\n","protected":false},"author":1,"featured_media":20207,"comment_status":"open","ping_status":"open","sticky":false,"template":"","format":"standard","meta":{"footnotes":""},"categories":[62],"tags":[95,96],"class_list":{"0":"post-20160","1":"post","2":"type-post","3":"status-publish","4":"format-standard","5":"has-post-thumbnail","7":"category-noticias-ca","8":"tag-nadal","9":"tag-nadalportdesitges"},"yoast_head":"<!-- This site is optimized with the Yoast SEO plugin v27.3 - https:\/\/yoast.com\/product\/yoast-seo-wordpress\/ -->\n<title>El Port de Sitges celebra el Nadal amb un programa ple de tradici\u00f3 per a tota la fam\u00edlia - Port de Sitges - Aiguadol\u00e7<\/title>\n<meta name=\"robots\" content=\"index, follow, max-snippet:-1, max-image-preview:large, max-video-preview:-1\" \/>\n<link rel=\"canonical\" href=\"https:\/\/www.portdesitges.com\/ca\/nadal2025\/\" \/>\n<meta property=\"og:locale\" content=\"ca_ES\" \/>\n<meta property=\"og:type\" content=\"article\" \/>\n<meta property=\"og:title\" content=\"El Port de Sitges celebra el Nadal amb un programa ple de tradici\u00f3 per a tota la fam\u00edlia - Port de Sitges - Aiguadol\u00e7\" \/>\n<meta property=\"og:description\" content=\"[vc_row type=&#8221;in_container&#8221; full_screen_row_position=&#8221;middle&#8221; column_margin=&#8221;default&#8221; column_direction=&#8221;default&#8221; column_direction_tablet=&#8221;default&#8221; column_direction_phone=&#8221;default&#8221; scene_position=&#8221;center&#8221; text_color=&#8221;dark&#8221; text_align=&#8221;left&#8221; row_border_radius=&#8221;none&#8221; row_border_radius_applies=&#8221;bg&#8221; overflow=&#8221;visible&#8221; overlay_strength=&#8221;0.3&#8243; gradient_direction=&#8221;left_to_right&#8221; shape_divider_position=&#8221;bottom&#8221; bg_image_animation=&#8221;none&#8221;][vc_column column_padding=&#8221;no-extra-padding&#8221; column_padding_tablet=&#8221;inherit&#8221; column_padding_phone=&#8221;inherit&#8221; column_padding_position=&#8221;all&#8221; column_element_direction_desktop=&#8221;default&#8221; column_element_spacing=&#8221;default&#8221; desktop_text_alignment=&#8221;default&#8221; tablet_text_alignment=&#8221;default&#8221; phone_text_alignment=&#8221;default&#8221; background_color_opacity=&#8221;1&#8243; background_hover_color_opacity=&#8221;1&#8243; column_backdrop_filter=&#8221;none&#8221; column_shadow=&#8221;none&#8221;...\" \/>\n<meta property=\"og:url\" content=\"https:\/\/www.portdesitges.com\/ca\/nadal2025\/\" \/>\n<meta property=\"og:site_name\" content=\"Port de Sitges - Aiguadol\u00e7\" \/>\n<meta property=\"article:published_time\" content=\"2025-11-05T08:16:58+00:00\" \/>\n<meta property=\"article:modified_time\" content=\"2025-11-12T08:35:49+00:00\" \/>\n<meta property=\"og:image\" content=\"https:\/\/www.portdesitges.com\/wp-content\/uploads\/2025\/11\/EncesaQuadrat.jpeg\" \/>\n\t<meta property=\"og:image:width\" content=\"1313\" \/>\n\t<meta property=\"og:image:height\" content=\"1313\" \/>\n\t<meta property=\"og:image:type\" content=\"image\/jpeg\" \/>\n<meta name=\"author\" content=\"admin\" \/>\n<meta name=\"twitter:card\" content=\"summary_large_image\" \/>\n<meta name=\"twitter:label1\" content=\"Escrit per\" \/>\n\t<meta name=\"twitter:data1\" content=\"admin\" \/>\n\t<meta name=\"twitter:label2\" content=\"Temps estimat de lectura\" \/>\n\t<meta name=\"twitter:data2\" content=\"4 minuts\" \/>\n<script type=\"application\/ld+json\" class=\"yoast-schema-graph\">{\"@context\":\"https:\\\/\\\/schema.org\",\"@graph\":[{\"@type\":\"Article\",\"@id\":\"https:\\\/\\\/www.portdesitges.com\\\/ca\\\/nadal2025\\\/#article\",\"isPartOf\":{\"@id\":\"https:\\\/\\\/www.portdesitges.com\\\/ca\\\/nadal2025\\\/\"},\"author\":{\"name\":\"admin\",\"@id\":\"https:\\\/\\\/www.portdesitges.com\\\/#\\\/schema\\\/person\\\/1eefc99f5083e56db6bd643d0e8649fd\"},\"headline\":\"El Port de Sitges celebra el Nadal amb un programa ple de tradici\u00f3 per a tota la fam\u00edlia\",\"datePublished\":\"2025-11-05T08:16:58+00:00\",\"dateModified\":\"2025-11-12T08:35:49+00:00\",\"mainEntityOfPage\":{\"@id\":\"https:\\\/\\\/www.portdesitges.com\\\/ca\\\/nadal2025\\\/\"},\"wordCount\":951,\"commentCount\":0,\"image\":{\"@id\":\"https:\\\/\\\/www.portdesitges.com\\\/ca\\\/nadal2025\\\/#primaryimage\"},\"thumbnailUrl\":\"https:\\\/\\\/www.portdesitges.com\\\/wp-content\\\/uploads\\\/2025\\\/11\\\/EncesaQuadrat.jpeg\",\"keywords\":[\"nadal\",\"nadalportdesitges\"],\"articleSection\":[\"Not\u00edcias\"],\"inLanguage\":\"ca\",\"potentialAction\":[{\"@type\":\"CommentAction\",\"name\":\"Comment\",\"target\":[\"https:\\\/\\\/www.portdesitges.com\\\/ca\\\/nadal2025\\\/#respond\"]}]},{\"@type\":\"WebPage\",\"@id\":\"https:\\\/\\\/www.portdesitges.com\\\/ca\\\/nadal2025\\\/\",\"url\":\"https:\\\/\\\/www.portdesitges.com\\\/ca\\\/nadal2025\\\/\",\"name\":\"El Port de Sitges celebra el Nadal amb un programa ple de tradici\u00f3 per a tota la fam\u00edlia - Port de Sitges - Aiguadol\u00e7\",\"isPartOf\":{\"@id\":\"https:\\\/\\\/www.portdesitges.com\\\/#website\"},\"primaryImageOfPage\":{\"@id\":\"https:\\\/\\\/www.portdesitges.com\\\/ca\\\/nadal2025\\\/#primaryimage\"},\"image\":{\"@id\":\"https:\\\/\\\/www.portdesitges.com\\\/ca\\\/nadal2025\\\/#primaryimage\"},\"thumbnailUrl\":\"https:\\\/\\\/www.portdesitges.com\\\/wp-content\\\/uploads\\\/2025\\\/11\\\/EncesaQuadrat.jpeg\",\"datePublished\":\"2025-11-05T08:16:58+00:00\",\"dateModified\":\"2025-11-12T08:35:49+00:00\",\"author\":{\"@id\":\"https:\\\/\\\/www.portdesitges.com\\\/#\\\/schema\\\/person\\\/1eefc99f5083e56db6bd643d0e8649fd\"},\"breadcrumb\":{\"@id\":\"https:\\\/\\\/www.portdesitges.com\\\/ca\\\/nadal2025\\\/#breadcrumb\"},\"inLanguage\":\"ca\",\"potentialAction\":[{\"@type\":\"ReadAction\",\"target\":[\"https:\\\/\\\/www.portdesitges.com\\\/ca\\\/nadal2025\\\/\"]}]},{\"@type\":\"ImageObject\",\"inLanguage\":\"ca\",\"@id\":\"https:\\\/\\\/www.portdesitges.com\\\/ca\\\/nadal2025\\\/#primaryimage\",\"url\":\"https:\\\/\\\/www.portdesitges.com\\\/wp-content\\\/uploads\\\/2025\\\/11\\\/EncesaQuadrat.jpeg\",\"contentUrl\":\"https:\\\/\\\/www.portdesitges.com\\\/wp-content\\\/uploads\\\/2025\\\/11\\\/EncesaQuadrat.jpeg\",\"width\":1313,\"height\":1313},{\"@type\":\"BreadcrumbList\",\"@id\":\"https:\\\/\\\/www.portdesitges.com\\\/ca\\\/nadal2025\\\/#breadcrumb\",\"itemListElement\":[{\"@type\":\"ListItem\",\"position\":1,\"name\":\"Portada\",\"item\":\"https:\\\/\\\/www.portdesitges.com\\\/ca\\\/\"},{\"@type\":\"ListItem\",\"position\":2,\"name\":\"El Port de Sitges celebra el Nadal amb un programa ple de tradici\u00f3 per a tota la fam\u00edlia\"}]},{\"@type\":\"WebSite\",\"@id\":\"https:\\\/\\\/www.portdesitges.com\\\/#website\",\"url\":\"https:\\\/\\\/www.portdesitges.com\\\/\",\"name\":\"Port de Sitges - Aiguadol\u00e7\",\"description\":\"lugar donde el mar y la tierra se dan de la mano para crear un espacio \u00fanico y atractivo. Disfruta de un mar de experiencias.\",\"potentialAction\":[{\"@type\":\"SearchAction\",\"target\":{\"@type\":\"EntryPoint\",\"urlTemplate\":\"https:\\\/\\\/www.portdesitges.com\\\/?s={search_term_string}\"},\"query-input\":{\"@type\":\"PropertyValueSpecification\",\"valueRequired\":true,\"valueName\":\"search_term_string\"}}],\"inLanguage\":\"ca\"},{\"@type\":\"Person\",\"@id\":\"https:\\\/\\\/www.portdesitges.com\\\/#\\\/schema\\\/person\\\/1eefc99f5083e56db6bd643d0e8649fd\",\"name\":\"admin\",\"image\":{\"@type\":\"ImageObject\",\"inLanguage\":\"ca\",\"@id\":\"https:\\\/\\\/secure.gravatar.com\\\/avatar\\\/2db7db7d08053efc6bbf52674f99717837ec8d1dd72ce992247f1bade9278b82?s=96&d=mm&r=g\",\"url\":\"https:\\\/\\\/secure.gravatar.com\\\/avatar\\\/2db7db7d08053efc6bbf52674f99717837ec8d1dd72ce992247f1bade9278b82?s=96&d=mm&r=g\",\"contentUrl\":\"https:\\\/\\\/secure.gravatar.com\\\/avatar\\\/2db7db7d08053efc6bbf52674f99717837ec8d1dd72ce992247f1bade9278b82?s=96&d=mm&r=g\",\"caption\":\"admin\"},\"url\":\"https:\\\/\\\/www.portdesitges.com\\\/ca\\\/author\\\/admin\\\/\"}]}<\/script>\n<!-- \/ Yoast SEO plugin. -->","yoast_head_json":{"title":"El Port de Sitges celebra el Nadal amb un programa ple de tradici\u00f3 per a tota la fam\u00edlia - Port de Sitges - Aiguadol\u00e7","robots":{"index":"index","follow":"follow","max-snippet":"max-snippet:-1","max-image-preview":"max-image-preview:large","max-video-preview":"max-video-preview:-1"},"canonical":"https:\/\/www.portdesitges.com\/ca\/nadal2025\/","og_locale":"ca_ES","og_type":"article","og_title":"El Port de Sitges celebra el Nadal amb un programa ple de tradici\u00f3 per a tota la fam\u00edlia - Port de Sitges - Aiguadol\u00e7","og_description":"[vc_row type=&#8221;in_container&#8221; full_screen_row_position=&#8221;middle&#8221; column_margin=&#8221;default&#8221; column_direction=&#8221;default&#8221; column_direction_tablet=&#8221;default&#8221; column_direction_phone=&#8221;default&#8221; scene_position=&#8221;center&#8221; text_color=&#8221;dark&#8221; text_align=&#8221;left&#8221; row_border_radius=&#8221;none&#8221; row_border_radius_applies=&#8221;bg&#8221; overflow=&#8221;visible&#8221; overlay_strength=&#8221;0.3&#8243; gradient_direction=&#8221;left_to_right&#8221; shape_divider_position=&#8221;bottom&#8221; bg_image_animation=&#8221;none&#8221;][vc_column column_padding=&#8221;no-extra-padding&#8221; column_padding_tablet=&#8221;inherit&#8221; column_padding_phone=&#8221;inherit&#8221; column_padding_position=&#8221;all&#8221; column_element_direction_desktop=&#8221;default&#8221; column_element_spacing=&#8221;default&#8221; desktop_text_alignment=&#8221;default&#8221; tablet_text_alignment=&#8221;default&#8221; phone_text_alignment=&#8221;default&#8221; background_color_opacity=&#8221;1&#8243; background_hover_color_opacity=&#8221;1&#8243; column_backdrop_filter=&#8221;none&#8221; column_shadow=&#8221;none&#8221;...","og_url":"https:\/\/www.portdesitges.com\/ca\/nadal2025\/","og_site_name":"Port de Sitges - Aiguadol\u00e7","article_published_time":"2025-11-05T08:16:58+00:00","article_modified_time":"2025-11-12T08:35:49+00:00","og_image":[{"width":1313,"height":1313,"url":"https:\/\/www.portdesitges.com\/wp-content\/uploads\/2025\/11\/EncesaQuadrat.jpeg","type":"image\/jpeg"}],"author":"admin","twitter_card":"summary_large_image","twitter_misc":{"Escrit per":"admin","Temps estimat de lectura":"4 minuts"},"schema":{"@context":"https:\/\/schema.org","@graph":[{"@type":"Article","@id":"https:\/\/www.portdesitges.com\/ca\/nadal2025\/#article","isPartOf":{"@id":"https:\/\/www.portdesitges.com\/ca\/nadal2025\/"},"author":{"name":"admin","@id":"https:\/\/www.portdesitges.com\/#\/schema\/person\/1eefc99f5083e56db6bd643d0e8649fd"},"headline":"El Port de Sitges celebra el Nadal amb un programa ple de tradici\u00f3 per a tota la fam\u00edlia","datePublished":"2025-11-05T08:16:58+00:00","dateModified":"2025-11-12T08:35:49+00:00","mainEntityOfPage":{"@id":"https:\/\/www.portdesitges.com\/ca\/nadal2025\/"},"wordCount":951,"commentCount":0,"image":{"@id":"https:\/\/www.portdesitges.com\/ca\/nadal2025\/#primaryimage"},"thumbnailUrl":"https:\/\/www.portdesitges.com\/wp-content\/uploads\/2025\/11\/EncesaQuadrat.jpeg","keywords":["nadal","nadalportdesitges"],"articleSection":["Not\u00edcias"],"inLanguage":"ca","potentialAction":[{"@type":"CommentAction","name":"Comment","target":["https:\/\/www.portdesitges.com\/ca\/nadal2025\/#respond"]}]},{"@type":"WebPage","@id":"https:\/\/www.portdesitges.com\/ca\/nadal2025\/","url":"https:\/\/www.portdesitges.com\/ca\/nadal2025\/","name":"El Port de Sitges celebra el Nadal amb un programa ple de tradici\u00f3 per a tota la fam\u00edlia - Port de Sitges - Aiguadol\u00e7","isPartOf":{"@id":"https:\/\/www.portdesitges.com\/#website"},"primaryImageOfPage":{"@id":"https:\/\/www.portdesitges.com\/ca\/nadal2025\/#primaryimage"},"image":{"@id":"https:\/\/www.portdesitges.com\/ca\/nadal2025\/#primaryimage"},"thumbnailUrl":"https:\/\/www.portdesitges.com\/wp-content\/uploads\/2025\/11\/EncesaQuadrat.jpeg","datePublished":"2025-11-05T08:16:58+00:00","dateModified":"2025-11-12T08:35:49+00:00","author":{"@id":"https:\/\/www.portdesitges.com\/#\/schema\/person\/1eefc99f5083e56db6bd643d0e8649fd"},"breadcrumb":{"@id":"https:\/\/www.portdesitges.com\/ca\/nadal2025\/#breadcrumb"},"inLanguage":"ca","potentialAction":[{"@type":"ReadAction","target":["https:\/\/www.portdesitges.com\/ca\/nadal2025\/"]}]},{"@type":"ImageObject","inLanguage":"ca","@id":"https:\/\/www.portdesitges.com\/ca\/nadal2025\/#primaryimage","url":"https:\/\/www.portdesitges.com\/wp-content\/uploads\/2025\/11\/EncesaQuadrat.jpeg","contentUrl":"https:\/\/www.portdesitges.com\/wp-content\/uploads\/2025\/11\/EncesaQuadrat.jpeg","width":1313,"height":1313},{"@type":"BreadcrumbList","@id":"https:\/\/www.portdesitges.com\/ca\/nadal2025\/#breadcrumb","itemListElement":[{"@type":"ListItem","position":1,"name":"Portada","item":"https:\/\/www.portdesitges.com\/ca\/"},{"@type":"ListItem","position":2,"name":"El Port de Sitges celebra el Nadal amb un programa ple de tradici\u00f3 per a tota la fam\u00edlia"}]},{"@type":"WebSite","@id":"https:\/\/www.portdesitges.com\/#website","url":"https:\/\/www.portdesitges.com\/","name":"Port de Sitges - Aiguadol\u00e7","description":"lugar donde el mar y la tierra se dan de la mano para crear un espacio \u00fanico y atractivo. Disfruta de un mar de experiencias.","potentialAction":[{"@type":"SearchAction","target":{"@type":"EntryPoint","urlTemplate":"https:\/\/www.portdesitges.com\/?s={search_term_string}"},"query-input":{"@type":"PropertyValueSpecification","valueRequired":true,"valueName":"search_term_string"}}],"inLanguage":"ca"},{"@type":"Person","@id":"https:\/\/www.portdesitges.com\/#\/schema\/person\/1eefc99f5083e56db6bd643d0e8649fd","name":"admin","image":{"@type":"ImageObject","inLanguage":"ca","@id":"https:\/\/secure.gravatar.com\/avatar\/2db7db7d08053efc6bbf52674f99717837ec8d1dd72ce992247f1bade9278b82?s=96&d=mm&r=g","url":"https:\/\/secure.gravatar.com\/avatar\/2db7db7d08053efc6bbf52674f99717837ec8d1dd72ce992247f1bade9278b82?s=96&d=mm&r=g","contentUrl":"https:\/\/secure.gravatar.com\/avatar\/2db7db7d08053efc6bbf52674f99717837ec8d1dd72ce992247f1bade9278b82?s=96&d=mm&r=g","caption":"admin"},"url":"https:\/\/www.portdesitges.com\/ca\/author\/admin\/"}]}},"_links":{"self":[{"href":"https:\/\/www.portdesitges.com\/ca\/wp-json\/wp\/v2\/posts\/20160","targetHints":{"allow":["GET"]}}],"collection":[{"href":"https:\/\/www.portdesitges.com\/ca\/wp-json\/wp\/v2\/posts"}],"about":[{"href":"https:\/\/www.portdesitges.com\/ca\/wp-json\/wp\/v2\/types\/post"}],"author":[{"embeddable":true,"href":"https:\/\/www.portdesitges.com\/ca\/wp-json\/wp\/v2\/users\/1"}],"replies":[{"embeddable":true,"href":"https:\/\/www.portdesitges.com\/ca\/wp-json\/wp\/v2\/comments?post=20160"}],"version-history":[{"count":7,"href":"https:\/\/www.portdesitges.com\/ca\/wp-json\/wp\/v2\/posts\/20160\/revisions"}],"predecessor-version":[{"id":20211,"href":"https:\/\/www.portdesitges.com\/ca\/wp-json\/wp\/v2\/posts\/20160\/revisions\/20211"}],"wp:featuredmedia":[{"embeddable":true,"href":"https:\/\/www.portdesitges.com\/ca\/wp-json\/wp\/v2\/media\/20207"}],"wp:attachment":[{"href":"https:\/\/www.portdesitges.com\/ca\/wp-json\/wp\/v2\/media?parent=20160"}],"wp:term":[{"taxonomy":"category","embeddable":true,"href":"https:\/\/www.portdesitges.com\/ca\/wp-json\/wp\/v2\/categories?post=20160"},{"taxonomy":"post_tag","embeddable":true,"href":"https:\/\/www.portdesitges.com\/ca\/wp-json\/wp\/v2\/tags?post=20160"}],"curies":[{"name":"wp","href":"https:\/\/api.w.org\/{rel}","templated":true}]}}