{"id":20013,"date":"2025-07-08T06:55:22","date_gmt":"2025-07-08T06:55:22","guid":{"rendered":"https:\/\/www.portdesitges.com\/?p=20013"},"modified":"2025-07-08T06:56:21","modified_gmt":"2025-07-08T06:56:21","slug":"mare-de-deu-del-carme-2025","status":"publish","type":"post","link":"https:\/\/www.portdesitges.com\/ca\/mare-de-deu-del-carme-2025\/","title":{"rendered":"El Port de Sitges celebra un any m\u00e9s la Festivitat de la Mare de D\u00e9u del Carme"},"content":{"rendered":"[vc_row type=&#8221;in_container&#8221; full_screen_row_position=&#8221;middle&#8221; column_margin=&#8221;default&#8221; column_direction=&#8221;default&#8221; column_direction_tablet=&#8221;default&#8221; column_direction_phone=&#8221;default&#8221; scene_position=&#8221;center&#8221; text_color=&#8221;dark&#8221; text_align=&#8221;left&#8221; row_border_radius=&#8221;none&#8221; row_border_radius_applies=&#8221;bg&#8221; overflow=&#8221;visible&#8221; overlay_strength=&#8221;0.3&#8243; gradient_direction=&#8221;left_to_right&#8221; shape_divider_position=&#8221;bottom&#8221; bg_image_animation=&#8221;none&#8221;][vc_column column_padding=&#8221;no-extra-padding&#8221; column_padding_tablet=&#8221;inherit&#8221; column_padding_phone=&#8221;inherit&#8221; column_padding_position=&#8221;all&#8221; column_element_direction_desktop=&#8221;default&#8221; column_element_spacing=&#8221;default&#8221; desktop_text_alignment=&#8221;default&#8221; tablet_text_alignment=&#8221;default&#8221; phone_text_alignment=&#8221;default&#8221; background_color_opacity=&#8221;1&#8243; background_hover_color_opacity=&#8221;1&#8243; column_backdrop_filter=&#8221;none&#8221; column_shadow=&#8221;none&#8221; column_border_radius=&#8221;none&#8221; column_link_target=&#8221;_self&#8221; column_position=&#8221;default&#8221; gradient_direction=&#8221;left_to_right&#8221; overlay_strength=&#8221;0.3&#8243; width=&#8221;1\/1&#8243; tablet_width_inherit=&#8221;default&#8221; animation_type=&#8221;default&#8221; bg_image_animation=&#8221;none&#8221; border_type=&#8221;simple&#8221; column_border_width=&#8221;none&#8221; column_border_style=&#8221;solid&#8221;][vc_column_text]\r\n<figure class=\"wp-block-image size-large\">\r\n<ul>\r\n \t<li><strong>Dimecres 16 de juliol tindr\u00e0 lloc al Port de Sitges la tradicional process\u00f3 de vaixells de la Verge del Carme, aix\u00ed com la cantada d\u2019havaneres i el cremat de rom<\/strong><\/li>\r\n \t<li><strong>La Confraria de Pescadors de Sitges oferir\u00e0 un tast de fideu\u00e0 marinera maridada amb el vi Blanc Subur Malvasia de Sitges del Celler de l\u2019Hospital<\/strong><\/li>\r\n \t<li><strong>En ocasi\u00f3 d\u2019aquesta festivitat el CIM oferir\u00e0 tamb\u00e9 un \u2018Capvespre mariner amb Malvasia de Sitges\u2019 el dissabte 19 de juliol<\/strong><\/li>\r\n<\/ul>\r\n<\/figure>\r\n\r\n\r\n[\/vc_column_text][image_with_animation image_url=&#8221;20025&#8243; image_size=&#8221;full&#8221; animation_type=&#8221;entrance&#8221; animation=&#8221;None&#8221; animation_movement_type=&#8221;transform_y&#8221; hover_animation=&#8221;none&#8221; alignment=&#8221;&#8221; border_radius=&#8221;none&#8221; box_shadow=&#8221;none&#8221; image_loading=&#8221;default&#8221; max_width=&#8221;100%&#8221; max_width_mobile=&#8221;default&#8221;][nectar_responsive_text]La Verge del Carme, patrona dels mariners i marineres, torna a protagonitzar l\u2019agenda del proper dimecres 16 de juliol a Sitges. Concretament, el <strong>Port de Sitges<\/strong>, juntament amb la <strong>Confraria de Pescadors de Sitges<\/strong> i el <strong>Centre d\u2019Interpretaci\u00f3 de la Malvasia de Sitges (CIM)<\/strong>, organitza de nou la tradicional process\u00f3 de vaixells en honor de la Verge i un vespre festiu en el qual no faltaran el rom cremat i les havaneres.\r\n\r\nUn any m\u00e9s, i de forma ininterrompuda des del 1996, el Port de Sitges celebrar\u00e0 una emotiva jornada en honor a totes les marineres, mariners, pescadores i pescadors en ocasi\u00f3 de la festivitat de la seva patrona, la Mare de D\u00e9u del Carme. Dimecres 16 de juliol, a les 19h, sortiran en process\u00f3 des del Port nombrosos vaixells encap\u00e7alats per l\u2019embarcaci\u00f3 de la Confraria de Pescadors de Sitges que portar\u00e0 la imatge de la Verge del Carme. La process\u00f3 es dirigir\u00e0 cap a ponent per a fer una ofrena floral a l\u2019al\u00e7ada del cementiri de Sitges,\u00a0 com a s\u00edmbol de la devoci\u00f3 per la Verge i per a demanar-li protecci\u00f3 per a totes les persones que treballen al mar.\r\n\r\nA la tornada, tindr\u00e0 lloc la tradicional cantada d\u2019havaneres i el rom cremat completant un capvespre l\u00fadic \u00fanic en un entorn inigualable. Aquest any, les havaneres correran a c\u00e0rrec del <strong>Grup Sons d\u2019Altamar<\/strong> i l\u2019encarregat de cremar el <strong>Rom Pujol<\/strong> ser\u00e0 el <strong>Pedro Castilla<\/strong>. Aix\u00ed mateix, tothom que s\u2019apropi al Port de Sitges podr\u00e0 gaudir d\u2019un tast de fideu\u00e0 marinera elaborada pel pescador <strong>Oriol Serra<\/strong>, maridada amb el vi Blanc Subur Malvasia de Sitges del Celler de l\u2019Hospital per un preu de 5\u20ac.\r\n\r\n<strong>El CIM completa el programa de la festivitat de la Mare de D\u00e9u del Carme amb una activitat el dissabte 19 de juliol<\/strong>\r\n\r\nEn ocasi\u00f3 de la festivitat de la Mare de D\u00e9u del Carme, el Centre d\u2019Interpretaci\u00f3 de la Malvasia de Sitges (CIM) oferir\u00e0 el dissabte 19 de juliol un \u2018Capvespre mariner amb Malvasia de Sitges\u2019 que consistir\u00e0 en un tast guiat de quatre vins mariners acompanyat d\u2019un tastet de cuina marinera de la m\u00e0 de la Confraria de Pescadors de Sitges:\r\n<ul>\r\n \t<li>El Xalet d\u2019en Molar 2022 \u2013 Celler Hugas de Batlle (2022 DO Empord\u00e0) \/\/ vi rosat escum\u00f3s &#8211; 100% Garnatxa negra<\/li>\r\n \t<li>Malvasia de Mar 2022 \u2013 Celler de l\u2019Hospital (Sitges &#8211; DO Pened\u00e8s) \/\/ vi jove amb\u00a0envelliment submar\u00ed\u00a0\u2013 100% Malvasia de Sitges<\/li>\r\n \t<li>La Murtra 2023 \u2013 Vall de Betlem (Badalona &#8211; DO Alella) \/\/ vi jove \u2013 100% Malvasia de Sitges<\/li>\r\n<\/ul>\r\nAquesta activitat, organitzada conjuntament entre el CIM, la Confraria de Pescadors de Sitges i el Port de Sitges, t\u00e9 un preu de 26\u20ac i les entrades es poden adquirir de forma anticipada en aquest <strong><a href=\"https:\/\/www.entrapolis.com\/entradas\/capvespre-mariner-amb-malvasia-de-sitges\">enlla\u00e7<\/a><\/strong>.[\/nectar_responsive_text][image_with_animation image_url=&#8221;20019&#8243; image_size=&#8221;full&#8221; animation_type=&#8221;entrance&#8221; animation=&#8221;None&#8221; animation_movement_type=&#8221;transform_y&#8221; hover_animation=&#8221;none&#8221; alignment=&#8221;&#8221; border_radius=&#8221;none&#8221; box_shadow=&#8221;none&#8221; image_loading=&#8221;default&#8221; max_width=&#8221;100%&#8221; max_width_mobile=&#8221;default&#8221;][\/vc_column][\/vc_row]<!-- \/wp:post-content -->","protected":false},"excerpt":{"rendered":"<p>[vc_row type=&#8221;in_container&#8221; full_screen_row_position=&#8221;middle&#8221; column_margin=&#8221;default&#8221; column_direction=&#8221;default&#8221; column_direction_tablet=&#8221;default&#8221; column_direction_phone=&#8221;default&#8221; scene_position=&#8221;center&#8221; text_color=&#8221;dark&#8221; text_align=&#8221;left&#8221; row_border_radius=&#8221;none&#8221; row_border_radius_applies=&#8221;bg&#8221; overflow=&#8221;visible&#8221; overlay_strength=&#8221;0.3&#8243; gradient_direction=&#8221;left_to_right&#8221; shape_divider_position=&#8221;bottom&#8221; bg_image_animation=&#8221;none&#8221;][vc_column column_padding=&#8221;no-extra-padding&#8221; column_padding_tablet=&#8221;inherit&#8221; column_padding_phone=&#8221;inherit&#8221; column_padding_position=&#8221;all&#8221; column_element_direction_desktop=&#8221;default&#8221; column_element_spacing=&#8221;default&#8221; desktop_text_alignment=&#8221;default&#8221; tablet_text_alignment=&#8221;default&#8221; phone_text_alignment=&#8221;default&#8221; background_color_opacity=&#8221;1&#8243; background_hover_color_opacity=&#8221;1&#8243; column_backdrop_filter=&#8221;none&#8221; column_shadow=&#8221;none&#8221;&#8230;<\/p>\n","protected":false},"author":1,"featured_media":20015,"comment_status":"open","ping_status":"open","sticky":false,"template":"","format":"standard","meta":{"footnotes":""},"categories":[62,47],"tags":[],"class_list":{"0":"post-20013","1":"post","2":"type-post","3":"status-publish","4":"format-standard","5":"has-post-thumbnail","7":"category-noticias-ca","8":"category-sense-categoria"},"yoast_head":"<!-- This site is optimized with the Yoast SEO plugin v27.3 - https:\/\/yoast.com\/product\/yoast-seo-wordpress\/ -->\n<title>El Port de Sitges celebra un any m\u00e9s la Festivitat de la Mare de D\u00e9u del Carme - Port de Sitges - Aiguadol\u00e7<\/title>\n<meta name=\"robots\" content=\"index, follow, max-snippet:-1, max-image-preview:large, max-video-preview:-1\" \/>\n<link rel=\"canonical\" href=\"https:\/\/www.portdesitges.com\/ca\/mare-de-deu-del-carme-2025\/\" \/>\n<meta property=\"og:locale\" content=\"ca_ES\" \/>\n<meta property=\"og:type\" content=\"article\" \/>\n<meta property=\"og:title\" content=\"El Port de Sitges celebra un any m\u00e9s la Festivitat de la Mare de D\u00e9u del Carme - Port de Sitges - Aiguadol\u00e7\" \/>\n<meta property=\"og:description\" content=\"[vc_row type=&#8221;in_container&#8221; full_screen_row_position=&#8221;middle&#8221; column_margin=&#8221;default&#8221; column_direction=&#8221;default&#8221; column_direction_tablet=&#8221;default&#8221; column_direction_phone=&#8221;default&#8221; scene_position=&#8221;center&#8221; text_color=&#8221;dark&#8221; text_align=&#8221;left&#8221; row_border_radius=&#8221;none&#8221; row_border_radius_applies=&#8221;bg&#8221; overflow=&#8221;visible&#8221; overlay_strength=&#8221;0.3&#8243; gradient_direction=&#8221;left_to_right&#8221; shape_divider_position=&#8221;bottom&#8221; bg_image_animation=&#8221;none&#8221;][vc_column column_padding=&#8221;no-extra-padding&#8221; column_padding_tablet=&#8221;inherit&#8221; column_padding_phone=&#8221;inherit&#8221; column_padding_position=&#8221;all&#8221; column_element_direction_desktop=&#8221;default&#8221; column_element_spacing=&#8221;default&#8221; desktop_text_alignment=&#8221;default&#8221; tablet_text_alignment=&#8221;default&#8221; phone_text_alignment=&#8221;default&#8221; background_color_opacity=&#8221;1&#8243; background_hover_color_opacity=&#8221;1&#8243; column_backdrop_filter=&#8221;none&#8221; column_shadow=&#8221;none&#8221;...\" \/>\n<meta property=\"og:url\" content=\"https:\/\/www.portdesitges.com\/ca\/mare-de-deu-del-carme-2025\/\" \/>\n<meta property=\"og:site_name\" content=\"Port de Sitges - Aiguadol\u00e7\" \/>\n<meta property=\"article:published_time\" content=\"2025-07-08T06:55:22+00:00\" \/>\n<meta property=\"article:modified_time\" content=\"2025-07-08T06:56:21+00:00\" \/>\n<meta name=\"author\" content=\"admin\" \/>\n<meta name=\"twitter:card\" content=\"summary_large_image\" \/>\n<meta name=\"twitter:label1\" content=\"Escrit per\" \/>\n\t<meta name=\"twitter:data1\" content=\"admin\" \/>\n\t<meta name=\"twitter:label2\" content=\"Temps estimat de lectura\" \/>\n\t<meta name=\"twitter:data2\" content=\"4 minuts\" \/>\n<script type=\"application\/ld+json\" class=\"yoast-schema-graph\">{\"@context\":\"https:\\\/\\\/schema.org\",\"@graph\":[{\"@type\":\"Article\",\"@id\":\"https:\\\/\\\/www.portdesitges.com\\\/ca\\\/mare-de-deu-del-carme-2025\\\/#article\",\"isPartOf\":{\"@id\":\"https:\\\/\\\/www.portdesitges.com\\\/ca\\\/mare-de-deu-del-carme-2025\\\/\"},\"author\":{\"name\":\"admin\",\"@id\":\"https:\\\/\\\/www.portdesitges.com\\\/#\\\/schema\\\/person\\\/1eefc99f5083e56db6bd643d0e8649fd\"},\"headline\":\"El Port de Sitges celebra un any m\u00e9s la Festivitat de la Mare de D\u00e9u del Carme\",\"datePublished\":\"2025-07-08T06:55:22+00:00\",\"dateModified\":\"2025-07-08T06:56:21+00:00\",\"mainEntityOfPage\":{\"@id\":\"https:\\\/\\\/www.portdesitges.com\\\/ca\\\/mare-de-deu-del-carme-2025\\\/\"},\"wordCount\":795,\"commentCount\":0,\"image\":{\"@id\":\"https:\\\/\\\/www.portdesitges.com\\\/ca\\\/mare-de-deu-del-carme-2025\\\/#primaryimage\"},\"thumbnailUrl\":\"https:\\\/\\\/www.portdesitges.com\\\/wp-content\\\/uploads\\\/2025\\\/07\\\/Cartel-A3-pdf.jpg\",\"articleSection\":[\"Not\u00edcias\"],\"inLanguage\":\"ca\",\"potentialAction\":[{\"@type\":\"CommentAction\",\"name\":\"Comment\",\"target\":[\"https:\\\/\\\/www.portdesitges.com\\\/ca\\\/mare-de-deu-del-carme-2025\\\/#respond\"]}]},{\"@type\":\"WebPage\",\"@id\":\"https:\\\/\\\/www.portdesitges.com\\\/ca\\\/mare-de-deu-del-carme-2025\\\/\",\"url\":\"https:\\\/\\\/www.portdesitges.com\\\/ca\\\/mare-de-deu-del-carme-2025\\\/\",\"name\":\"El Port de Sitges celebra un any m\u00e9s la Festivitat de la Mare de D\u00e9u del Carme - Port de Sitges - Aiguadol\u00e7\",\"isPartOf\":{\"@id\":\"https:\\\/\\\/www.portdesitges.com\\\/#website\"},\"primaryImageOfPage\":{\"@id\":\"https:\\\/\\\/www.portdesitges.com\\\/ca\\\/mare-de-deu-del-carme-2025\\\/#primaryimage\"},\"image\":{\"@id\":\"https:\\\/\\\/www.portdesitges.com\\\/ca\\\/mare-de-deu-del-carme-2025\\\/#primaryimage\"},\"thumbnailUrl\":\"https:\\\/\\\/www.portdesitges.com\\\/wp-content\\\/uploads\\\/2025\\\/07\\\/Cartel-A3-pdf.jpg\",\"datePublished\":\"2025-07-08T06:55:22+00:00\",\"dateModified\":\"2025-07-08T06:56:21+00:00\",\"author\":{\"@id\":\"https:\\\/\\\/www.portdesitges.com\\\/#\\\/schema\\\/person\\\/1eefc99f5083e56db6bd643d0e8649fd\"},\"breadcrumb\":{\"@id\":\"https:\\\/\\\/www.portdesitges.com\\\/ca\\\/mare-de-deu-del-carme-2025\\\/#breadcrumb\"},\"inLanguage\":\"ca\",\"potentialAction\":[{\"@type\":\"ReadAction\",\"target\":[\"https:\\\/\\\/www.portdesitges.com\\\/ca\\\/mare-de-deu-del-carme-2025\\\/\"]}]},{\"@type\":\"ImageObject\",\"inLanguage\":\"ca\",\"@id\":\"https:\\\/\\\/www.portdesitges.com\\\/ca\\\/mare-de-deu-del-carme-2025\\\/#primaryimage\",\"url\":\"https:\\\/\\\/www.portdesitges.com\\\/wp-content\\\/uploads\\\/2025\\\/07\\\/Cartel-A3-pdf.jpg\",\"contentUrl\":\"https:\\\/\\\/www.portdesitges.com\\\/wp-content\\\/uploads\\\/2025\\\/07\\\/Cartel-A3-pdf.jpg\"},{\"@type\":\"BreadcrumbList\",\"@id\":\"https:\\\/\\\/www.portdesitges.com\\\/ca\\\/mare-de-deu-del-carme-2025\\\/#breadcrumb\",\"itemListElement\":[{\"@type\":\"ListItem\",\"position\":1,\"name\":\"Portada\",\"item\":\"https:\\\/\\\/www.portdesitges.com\\\/ca\\\/\"},{\"@type\":\"ListItem\",\"position\":2,\"name\":\"El Port de Sitges celebra un any m\u00e9s la Festivitat de la Mare de D\u00e9u del Carme\"}]},{\"@type\":\"WebSite\",\"@id\":\"https:\\\/\\\/www.portdesitges.com\\\/#website\",\"url\":\"https:\\\/\\\/www.portdesitges.com\\\/\",\"name\":\"Port de Sitges - Aiguadol\u00e7\",\"description\":\"lugar donde el mar y la tierra se dan de la mano para crear un espacio \u00fanico y atractivo. Disfruta de un mar de experiencias.\",\"potentialAction\":[{\"@type\":\"SearchAction\",\"target\":{\"@type\":\"EntryPoint\",\"urlTemplate\":\"https:\\\/\\\/www.portdesitges.com\\\/?s={search_term_string}\"},\"query-input\":{\"@type\":\"PropertyValueSpecification\",\"valueRequired\":true,\"valueName\":\"search_term_string\"}}],\"inLanguage\":\"ca\"},{\"@type\":\"Person\",\"@id\":\"https:\\\/\\\/www.portdesitges.com\\\/#\\\/schema\\\/person\\\/1eefc99f5083e56db6bd643d0e8649fd\",\"name\":\"admin\",\"image\":{\"@type\":\"ImageObject\",\"inLanguage\":\"ca\",\"@id\":\"https:\\\/\\\/secure.gravatar.com\\\/avatar\\\/2db7db7d08053efc6bbf52674f99717837ec8d1dd72ce992247f1bade9278b82?s=96&d=mm&r=g\",\"url\":\"https:\\\/\\\/secure.gravatar.com\\\/avatar\\\/2db7db7d08053efc6bbf52674f99717837ec8d1dd72ce992247f1bade9278b82?s=96&d=mm&r=g\",\"contentUrl\":\"https:\\\/\\\/secure.gravatar.com\\\/avatar\\\/2db7db7d08053efc6bbf52674f99717837ec8d1dd72ce992247f1bade9278b82?s=96&d=mm&r=g\",\"caption\":\"admin\"},\"url\":\"https:\\\/\\\/www.portdesitges.com\\\/ca\\\/author\\\/admin\\\/\"}]}<\/script>\n<!-- \/ Yoast SEO plugin. -->","yoast_head_json":{"title":"El Port de Sitges celebra un any m\u00e9s la Festivitat de la Mare de D\u00e9u del Carme - Port de Sitges - Aiguadol\u00e7","robots":{"index":"index","follow":"follow","max-snippet":"max-snippet:-1","max-image-preview":"max-image-preview:large","max-video-preview":"max-video-preview:-1"},"canonical":"https:\/\/www.portdesitges.com\/ca\/mare-de-deu-del-carme-2025\/","og_locale":"ca_ES","og_type":"article","og_title":"El Port de Sitges celebra un any m\u00e9s la Festivitat de la Mare de D\u00e9u del Carme - Port de Sitges - Aiguadol\u00e7","og_description":"[vc_row type=&#8221;in_container&#8221; full_screen_row_position=&#8221;middle&#8221; column_margin=&#8221;default&#8221; column_direction=&#8221;default&#8221; column_direction_tablet=&#8221;default&#8221; column_direction_phone=&#8221;default&#8221; scene_position=&#8221;center&#8221; text_color=&#8221;dark&#8221; text_align=&#8221;left&#8221; row_border_radius=&#8221;none&#8221; row_border_radius_applies=&#8221;bg&#8221; overflow=&#8221;visible&#8221; overlay_strength=&#8221;0.3&#8243; gradient_direction=&#8221;left_to_right&#8221; shape_divider_position=&#8221;bottom&#8221; bg_image_animation=&#8221;none&#8221;][vc_column column_padding=&#8221;no-extra-padding&#8221; column_padding_tablet=&#8221;inherit&#8221; column_padding_phone=&#8221;inherit&#8221; column_padding_position=&#8221;all&#8221; column_element_direction_desktop=&#8221;default&#8221; column_element_spacing=&#8221;default&#8221; desktop_text_alignment=&#8221;default&#8221; tablet_text_alignment=&#8221;default&#8221; phone_text_alignment=&#8221;default&#8221; background_color_opacity=&#8221;1&#8243; background_hover_color_opacity=&#8221;1&#8243; column_backdrop_filter=&#8221;none&#8221; column_shadow=&#8221;none&#8221;...","og_url":"https:\/\/www.portdesitges.com\/ca\/mare-de-deu-del-carme-2025\/","og_site_name":"Port de Sitges - Aiguadol\u00e7","article_published_time":"2025-07-08T06:55:22+00:00","article_modified_time":"2025-07-08T06:56:21+00:00","author":"admin","twitter_card":"summary_large_image","twitter_misc":{"Escrit per":"admin","Temps estimat de lectura":"4 minuts"},"schema":{"@context":"https:\/\/schema.org","@graph":[{"@type":"Article","@id":"https:\/\/www.portdesitges.com\/ca\/mare-de-deu-del-carme-2025\/#article","isPartOf":{"@id":"https:\/\/www.portdesitges.com\/ca\/mare-de-deu-del-carme-2025\/"},"author":{"name":"admin","@id":"https:\/\/www.portdesitges.com\/#\/schema\/person\/1eefc99f5083e56db6bd643d0e8649fd"},"headline":"El Port de Sitges celebra un any m\u00e9s la Festivitat de la Mare de D\u00e9u del Carme","datePublished":"2025-07-08T06:55:22+00:00","dateModified":"2025-07-08T06:56:21+00:00","mainEntityOfPage":{"@id":"https:\/\/www.portdesitges.com\/ca\/mare-de-deu-del-carme-2025\/"},"wordCount":795,"commentCount":0,"image":{"@id":"https:\/\/www.portdesitges.com\/ca\/mare-de-deu-del-carme-2025\/#primaryimage"},"thumbnailUrl":"https:\/\/www.portdesitges.com\/wp-content\/uploads\/2025\/07\/Cartel-A3-pdf.jpg","articleSection":["Not\u00edcias"],"inLanguage":"ca","potentialAction":[{"@type":"CommentAction","name":"Comment","target":["https:\/\/www.portdesitges.com\/ca\/mare-de-deu-del-carme-2025\/#respond"]}]},{"@type":"WebPage","@id":"https:\/\/www.portdesitges.com\/ca\/mare-de-deu-del-carme-2025\/","url":"https:\/\/www.portdesitges.com\/ca\/mare-de-deu-del-carme-2025\/","name":"El Port de Sitges celebra un any m\u00e9s la Festivitat de la Mare de D\u00e9u del Carme - Port de Sitges - Aiguadol\u00e7","isPartOf":{"@id":"https:\/\/www.portdesitges.com\/#website"},"primaryImageOfPage":{"@id":"https:\/\/www.portdesitges.com\/ca\/mare-de-deu-del-carme-2025\/#primaryimage"},"image":{"@id":"https:\/\/www.portdesitges.com\/ca\/mare-de-deu-del-carme-2025\/#primaryimage"},"thumbnailUrl":"https:\/\/www.portdesitges.com\/wp-content\/uploads\/2025\/07\/Cartel-A3-pdf.jpg","datePublished":"2025-07-08T06:55:22+00:00","dateModified":"2025-07-08T06:56:21+00:00","author":{"@id":"https:\/\/www.portdesitges.com\/#\/schema\/person\/1eefc99f5083e56db6bd643d0e8649fd"},"breadcrumb":{"@id":"https:\/\/www.portdesitges.com\/ca\/mare-de-deu-del-carme-2025\/#breadcrumb"},"inLanguage":"ca","potentialAction":[{"@type":"ReadAction","target":["https:\/\/www.portdesitges.com\/ca\/mare-de-deu-del-carme-2025\/"]}]},{"@type":"ImageObject","inLanguage":"ca","@id":"https:\/\/www.portdesitges.com\/ca\/mare-de-deu-del-carme-2025\/#primaryimage","url":"https:\/\/www.portdesitges.com\/wp-content\/uploads\/2025\/07\/Cartel-A3-pdf.jpg","contentUrl":"https:\/\/www.portdesitges.com\/wp-content\/uploads\/2025\/07\/Cartel-A3-pdf.jpg"},{"@type":"BreadcrumbList","@id":"https:\/\/www.portdesitges.com\/ca\/mare-de-deu-del-carme-2025\/#breadcrumb","itemListElement":[{"@type":"ListItem","position":1,"name":"Portada","item":"https:\/\/www.portdesitges.com\/ca\/"},{"@type":"ListItem","position":2,"name":"El Port de Sitges celebra un any m\u00e9s la Festivitat de la Mare de D\u00e9u del Carme"}]},{"@type":"WebSite","@id":"https:\/\/www.portdesitges.com\/#website","url":"https:\/\/www.portdesitges.com\/","name":"Port de Sitges - Aiguadol\u00e7","description":"lugar donde el mar y la tierra se dan de la mano para crear un espacio \u00fanico y atractivo. Disfruta de un mar de experiencias.","potentialAction":[{"@type":"SearchAction","target":{"@type":"EntryPoint","urlTemplate":"https:\/\/www.portdesitges.com\/?s={search_term_string}"},"query-input":{"@type":"PropertyValueSpecification","valueRequired":true,"valueName":"search_term_string"}}],"inLanguage":"ca"},{"@type":"Person","@id":"https:\/\/www.portdesitges.com\/#\/schema\/person\/1eefc99f5083e56db6bd643d0e8649fd","name":"admin","image":{"@type":"ImageObject","inLanguage":"ca","@id":"https:\/\/secure.gravatar.com\/avatar\/2db7db7d08053efc6bbf52674f99717837ec8d1dd72ce992247f1bade9278b82?s=96&d=mm&r=g","url":"https:\/\/secure.gravatar.com\/avatar\/2db7db7d08053efc6bbf52674f99717837ec8d1dd72ce992247f1bade9278b82?s=96&d=mm&r=g","contentUrl":"https:\/\/secure.gravatar.com\/avatar\/2db7db7d08053efc6bbf52674f99717837ec8d1dd72ce992247f1bade9278b82?s=96&d=mm&r=g","caption":"admin"},"url":"https:\/\/www.portdesitges.com\/ca\/author\/admin\/"}]}},"_links":{"self":[{"href":"https:\/\/www.portdesitges.com\/ca\/wp-json\/wp\/v2\/posts\/20013","targetHints":{"allow":["GET"]}}],"collection":[{"href":"https:\/\/www.portdesitges.com\/ca\/wp-json\/wp\/v2\/posts"}],"about":[{"href":"https:\/\/www.portdesitges.com\/ca\/wp-json\/wp\/v2\/types\/post"}],"author":[{"embeddable":true,"href":"https:\/\/www.portdesitges.com\/ca\/wp-json\/wp\/v2\/users\/1"}],"replies":[{"embeddable":true,"href":"https:\/\/www.portdesitges.com\/ca\/wp-json\/wp\/v2\/comments?post=20013"}],"version-history":[{"count":2,"href":"https:\/\/www.portdesitges.com\/ca\/wp-json\/wp\/v2\/posts\/20013\/revisions"}],"predecessor-version":[{"id":20028,"href":"https:\/\/www.portdesitges.com\/ca\/wp-json\/wp\/v2\/posts\/20013\/revisions\/20028"}],"wp:featuredmedia":[{"embeddable":true,"href":"https:\/\/www.portdesitges.com\/ca\/wp-json\/wp\/v2\/media\/20015"}],"wp:attachment":[{"href":"https:\/\/www.portdesitges.com\/ca\/wp-json\/wp\/v2\/media?parent=20013"}],"wp:term":[{"taxonomy":"category","embeddable":true,"href":"https:\/\/www.portdesitges.com\/ca\/wp-json\/wp\/v2\/categories?post=20013"},{"taxonomy":"post_tag","embeddable":true,"href":"https:\/\/www.portdesitges.com\/ca\/wp-json\/wp\/v2\/tags?post=20013"}],"curies":[{"name":"wp","href":"https:\/\/api.w.org\/{rel}","templated":true}]}}