{"id":19982,"date":"2025-06-25T10:07:41","date_gmt":"2025-06-25T10:07:41","guid":{"rendered":"https:\/\/www.portdesitges.com\/?p=19982"},"modified":"2025-06-25T10:07:43","modified_gmt":"2025-06-25T10:07:43","slug":"el-port-de-sitges-es-guarneix-pel-corpus","status":"publish","type":"post","link":"https:\/\/www.portdesitges.com\/ca\/el-port-de-sitges-es-guarneix-pel-corpus\/","title":{"rendered":"El Port de Sitges es guarneix pel Corpus!"},"content":{"rendered":"\n<p>Un any m\u00e9s, el Port de Sitges s\u2019ha convertit en un dels espais guarnits de Sitges durant el Corpus, Festa Patrimonial d\u2019Inter\u00e8s Nacional des del 2023, que enguany s\u2019ha celebrat del 10 al 29 de juny.<\/p>\n\n\n\n<p>El Port s\u2019ha tornat a impregnar de l\u2019ess\u00e8ncia d\u2019una de les festivitats m\u00e9s emblem\u00e0tiques del calendari tradicional i cultural de Sitges. A m\u00e9s, per primera vegada, la decoraci\u00f3 floral del Corpus va coincidir amb la celebraci\u00f3 del Concert de Mitjanit, el dissabte 21 de juny, nit en qu\u00e8 va actuar la banda femenina She\u2019s, liderada per Nikka.<\/p>\n\n\n\n<p>Al centre hist\u00f2ric del poble, a m\u00e9s, enguany la catifa del Port de Sitges ha presidit l\u2019entrada de l\u2019esgl\u00e9sia de La Punta.<\/p>\n\n\n\n<figure class=\"wp-block-image size-large\"><img loading=\"lazy\" decoding=\"async\" width=\"768\" height=\"1024\" src=\"https:\/\/www.portdesitges.com\/wp-content\/uploads\/2025\/06\/DJI_0486-HDR-768x1024.jpg\" alt=\"\" class=\"wp-image-19983\" srcset=\"https:\/\/www.portdesitges.com\/wp-content\/uploads\/2025\/06\/DJI_0486-HDR-768x1024.jpg 768w, https:\/\/www.portdesitges.com\/wp-content\/uploads\/2025\/06\/DJI_0486-HDR-225x300.jpg 225w, https:\/\/www.portdesitges.com\/wp-content\/uploads\/2025\/06\/DJI_0486-HDR-1152x1536.jpg 1152w, https:\/\/www.portdesitges.com\/wp-content\/uploads\/2025\/06\/DJI_0486-HDR-1536x2048.jpg 1536w, https:\/\/www.portdesitges.com\/wp-content\/uploads\/2025\/06\/DJI_0486-HDR-scaled.jpg 1920w\" sizes=\"auto, (max-width: 768px) 100vw, 768px\" \/><\/figure>\n\n\n\n<figure class=\"wp-block-image size-large\"><img loading=\"lazy\" decoding=\"async\" width=\"1024\" height=\"768\" src=\"https:\/\/www.portdesitges.com\/wp-content\/uploads\/2025\/06\/DJI_0475-HDR-Enhanced-NR-1-1024x768.jpg\" alt=\"\" class=\"wp-image-19987\" srcset=\"https:\/\/www.portdesitges.com\/wp-content\/uploads\/2025\/06\/DJI_0475-HDR-Enhanced-NR-1-1024x768.jpg 1024w, https:\/\/www.portdesitges.com\/wp-content\/uploads\/2025\/06\/DJI_0475-HDR-Enhanced-NR-1-300x225.jpg 300w, https:\/\/www.portdesitges.com\/wp-content\/uploads\/2025\/06\/DJI_0475-HDR-Enhanced-NR-1-768x576.jpg 768w, https:\/\/www.portdesitges.com\/wp-content\/uploads\/2025\/06\/DJI_0475-HDR-Enhanced-NR-1-1536x1152.jpg 1536w, https:\/\/www.portdesitges.com\/wp-content\/uploads\/2025\/06\/DJI_0475-HDR-Enhanced-NR-1-2048x1536.jpg 2048w\" sizes=\"auto, (max-width: 1024px) 100vw, 1024px\" \/><\/figure>\n\n\n\n<figure class=\"wp-block-image size-large\"><img loading=\"lazy\" decoding=\"async\" width=\"768\" height=\"1024\" src=\"https:\/\/www.portdesitges.com\/wp-content\/uploads\/2025\/06\/2WhatsApp-Image-2025-06-25-at-09.06.21-1-768x1024.jpeg\" alt=\"\" class=\"wp-image-19985\" srcset=\"https:\/\/www.portdesitges.com\/wp-content\/uploads\/2025\/06\/2WhatsApp-Image-2025-06-25-at-09.06.21-1-768x1024.jpeg 768w, https:\/\/www.portdesitges.com\/wp-content\/uploads\/2025\/06\/2WhatsApp-Image-2025-06-25-at-09.06.21-1-225x300.jpeg 225w, https:\/\/www.portdesitges.com\/wp-content\/uploads\/2025\/06\/2WhatsApp-Image-2025-06-25-at-09.06.21-1-1152x1536.jpeg 1152w, https:\/\/www.portdesitges.com\/wp-content\/uploads\/2025\/06\/2WhatsApp-Image-2025-06-25-at-09.06.21-1-1536x2048.jpeg 1536w, https:\/\/www.portdesitges.com\/wp-content\/uploads\/2025\/06\/2WhatsApp-Image-2025-06-25-at-09.06.21-1-scaled.jpeg 1920w\" sizes=\"auto, (max-width: 768px) 100vw, 768px\" \/><\/figure>\n","protected":false},"excerpt":{"rendered":"<p>Un any m\u00e9s, el Port de Sitges s\u2019ha convertit en un dels espais guarnits de Sitges durant el Corpus, Festa Patrimonial d\u2019Inter\u00e8s Nacional des del 2023, que enguany s\u2019ha celebrat&#8230;<\/p>\n","protected":false},"author":1,"featured_media":19975,"comment_status":"open","ping_status":"open","sticky":false,"template":"","format":"standard","meta":{"footnotes":""},"categories":[62],"tags":[],"class_list":{"0":"post-19982","1":"post","2":"type-post","3":"status-publish","4":"format-standard","5":"has-post-thumbnail","7":"category-noticias-ca"},"yoast_head":"<!-- This site is optimized with the Yoast SEO plugin v27.3 - https:\/\/yoast.com\/product\/yoast-seo-wordpress\/ -->\n<title>El Port de Sitges es guarneix pel Corpus! - Port de Sitges - Aiguadol\u00e7<\/title>\n<meta name=\"robots\" content=\"index, follow, max-snippet:-1, max-image-preview:large, max-video-preview:-1\" \/>\n<link rel=\"canonical\" href=\"https:\/\/www.portdesitges.com\/ca\/el-port-de-sitges-es-guarneix-pel-corpus\/\" \/>\n<meta property=\"og:locale\" content=\"ca_ES\" \/>\n<meta property=\"og:type\" content=\"article\" \/>\n<meta property=\"og:title\" content=\"El Port de Sitges es guarneix pel Corpus! - Port de Sitges - Aiguadol\u00e7\" \/>\n<meta property=\"og:description\" content=\"Un any m\u00e9s, el Port de Sitges s\u2019ha convertit en un dels espais guarnits de Sitges durant el Corpus, Festa Patrimonial d\u2019Inter\u00e8s Nacional des del 2023, que enguany s\u2019ha celebrat...\" \/>\n<meta property=\"og:url\" content=\"https:\/\/www.portdesitges.com\/ca\/el-port-de-sitges-es-guarneix-pel-corpus\/\" \/>\n<meta property=\"og:site_name\" content=\"Port de Sitges - Aiguadol\u00e7\" \/>\n<meta property=\"article:published_time\" content=\"2025-06-25T10:07:41+00:00\" \/>\n<meta property=\"article:modified_time\" content=\"2025-06-25T10:07:43+00:00\" \/>\n<meta property=\"og:image\" content=\"https:\/\/www.portdesitges.com\/wp-content\/uploads\/2025\/06\/DJI_0486-HDR-2-scaled.jpg\" \/>\n\t<meta property=\"og:image:width\" content=\"2560\" \/>\n\t<meta property=\"og:image:height\" content=\"1920\" \/>\n\t<meta property=\"og:image:type\" content=\"image\/jpeg\" \/>\n<meta name=\"author\" content=\"admin\" \/>\n<meta name=\"twitter:card\" content=\"summary_large_image\" \/>\n<meta name=\"twitter:label1\" content=\"Escrit per\" \/>\n\t<meta name=\"twitter:data1\" content=\"admin\" \/>\n\t<meta name=\"twitter:label2\" content=\"Temps estimat de lectura\" \/>\n\t<meta name=\"twitter:data2\" content=\"2 minuts\" \/>\n<script type=\"application\/ld+json\" class=\"yoast-schema-graph\">{\"@context\":\"https:\\\/\\\/schema.org\",\"@graph\":[{\"@type\":\"Article\",\"@id\":\"https:\\\/\\\/www.portdesitges.com\\\/ca\\\/el-port-de-sitges-es-guarneix-pel-corpus\\\/#article\",\"isPartOf\":{\"@id\":\"https:\\\/\\\/www.portdesitges.com\\\/ca\\\/el-port-de-sitges-es-guarneix-pel-corpus\\\/\"},\"author\":{\"name\":\"admin\",\"@id\":\"https:\\\/\\\/www.portdesitges.com\\\/#\\\/schema\\\/person\\\/1eefc99f5083e56db6bd643d0e8649fd\"},\"headline\":\"El Port de Sitges es guarneix pel Corpus!\",\"datePublished\":\"2025-06-25T10:07:41+00:00\",\"dateModified\":\"2025-06-25T10:07:43+00:00\",\"mainEntityOfPage\":{\"@id\":\"https:\\\/\\\/www.portdesitges.com\\\/ca\\\/el-port-de-sitges-es-guarneix-pel-corpus\\\/\"},\"wordCount\":137,\"commentCount\":0,\"image\":{\"@id\":\"https:\\\/\\\/www.portdesitges.com\\\/ca\\\/el-port-de-sitges-es-guarneix-pel-corpus\\\/#primaryimage\"},\"thumbnailUrl\":\"https:\\\/\\\/www.portdesitges.com\\\/wp-content\\\/uploads\\\/2025\\\/06\\\/DJI_0486-HDR-2-scaled.jpg\",\"articleSection\":[\"Not\u00edcias\"],\"inLanguage\":\"ca\",\"potentialAction\":[{\"@type\":\"CommentAction\",\"name\":\"Comment\",\"target\":[\"https:\\\/\\\/www.portdesitges.com\\\/ca\\\/el-port-de-sitges-es-guarneix-pel-corpus\\\/#respond\"]}]},{\"@type\":\"WebPage\",\"@id\":\"https:\\\/\\\/www.portdesitges.com\\\/ca\\\/el-port-de-sitges-es-guarneix-pel-corpus\\\/\",\"url\":\"https:\\\/\\\/www.portdesitges.com\\\/ca\\\/el-port-de-sitges-es-guarneix-pel-corpus\\\/\",\"name\":\"El Port de Sitges es guarneix pel Corpus! - Port de Sitges - Aiguadol\u00e7\",\"isPartOf\":{\"@id\":\"https:\\\/\\\/www.portdesitges.com\\\/#website\"},\"primaryImageOfPage\":{\"@id\":\"https:\\\/\\\/www.portdesitges.com\\\/ca\\\/el-port-de-sitges-es-guarneix-pel-corpus\\\/#primaryimage\"},\"image\":{\"@id\":\"https:\\\/\\\/www.portdesitges.com\\\/ca\\\/el-port-de-sitges-es-guarneix-pel-corpus\\\/#primaryimage\"},\"thumbnailUrl\":\"https:\\\/\\\/www.portdesitges.com\\\/wp-content\\\/uploads\\\/2025\\\/06\\\/DJI_0486-HDR-2-scaled.jpg\",\"datePublished\":\"2025-06-25T10:07:41+00:00\",\"dateModified\":\"2025-06-25T10:07:43+00:00\",\"author\":{\"@id\":\"https:\\\/\\\/www.portdesitges.com\\\/#\\\/schema\\\/person\\\/1eefc99f5083e56db6bd643d0e8649fd\"},\"breadcrumb\":{\"@id\":\"https:\\\/\\\/www.portdesitges.com\\\/ca\\\/el-port-de-sitges-es-guarneix-pel-corpus\\\/#breadcrumb\"},\"inLanguage\":\"ca\",\"potentialAction\":[{\"@type\":\"ReadAction\",\"target\":[\"https:\\\/\\\/www.portdesitges.com\\\/ca\\\/el-port-de-sitges-es-guarneix-pel-corpus\\\/\"]}]},{\"@type\":\"ImageObject\",\"inLanguage\":\"ca\",\"@id\":\"https:\\\/\\\/www.portdesitges.com\\\/ca\\\/el-port-de-sitges-es-guarneix-pel-corpus\\\/#primaryimage\",\"url\":\"https:\\\/\\\/www.portdesitges.com\\\/wp-content\\\/uploads\\\/2025\\\/06\\\/DJI_0486-HDR-2-scaled.jpg\",\"contentUrl\":\"https:\\\/\\\/www.portdesitges.com\\\/wp-content\\\/uploads\\\/2025\\\/06\\\/DJI_0486-HDR-2-scaled.jpg\",\"width\":2560,\"height\":1920},{\"@type\":\"BreadcrumbList\",\"@id\":\"https:\\\/\\\/www.portdesitges.com\\\/ca\\\/el-port-de-sitges-es-guarneix-pel-corpus\\\/#breadcrumb\",\"itemListElement\":[{\"@type\":\"ListItem\",\"position\":1,\"name\":\"Portada\",\"item\":\"https:\\\/\\\/www.portdesitges.com\\\/ca\\\/\"},{\"@type\":\"ListItem\",\"position\":2,\"name\":\"El Port de Sitges es guarneix pel Corpus!\"}]},{\"@type\":\"WebSite\",\"@id\":\"https:\\\/\\\/www.portdesitges.com\\\/#website\",\"url\":\"https:\\\/\\\/www.portdesitges.com\\\/\",\"name\":\"Port de Sitges - Aiguadol\u00e7\",\"description\":\"lugar donde el mar y la tierra se dan de la mano para crear un espacio \u00fanico y atractivo. Disfruta de un mar de experiencias.\",\"potentialAction\":[{\"@type\":\"SearchAction\",\"target\":{\"@type\":\"EntryPoint\",\"urlTemplate\":\"https:\\\/\\\/www.portdesitges.com\\\/?s={search_term_string}\"},\"query-input\":{\"@type\":\"PropertyValueSpecification\",\"valueRequired\":true,\"valueName\":\"search_term_string\"}}],\"inLanguage\":\"ca\"},{\"@type\":\"Person\",\"@id\":\"https:\\\/\\\/www.portdesitges.com\\\/#\\\/schema\\\/person\\\/1eefc99f5083e56db6bd643d0e8649fd\",\"name\":\"admin\",\"image\":{\"@type\":\"ImageObject\",\"inLanguage\":\"ca\",\"@id\":\"https:\\\/\\\/secure.gravatar.com\\\/avatar\\\/2db7db7d08053efc6bbf52674f99717837ec8d1dd72ce992247f1bade9278b82?s=96&d=mm&r=g\",\"url\":\"https:\\\/\\\/secure.gravatar.com\\\/avatar\\\/2db7db7d08053efc6bbf52674f99717837ec8d1dd72ce992247f1bade9278b82?s=96&d=mm&r=g\",\"contentUrl\":\"https:\\\/\\\/secure.gravatar.com\\\/avatar\\\/2db7db7d08053efc6bbf52674f99717837ec8d1dd72ce992247f1bade9278b82?s=96&d=mm&r=g\",\"caption\":\"admin\"},\"url\":\"https:\\\/\\\/www.portdesitges.com\\\/ca\\\/author\\\/admin\\\/\"}]}<\/script>\n<!-- \/ Yoast SEO plugin. -->","yoast_head_json":{"title":"El Port de Sitges es guarneix pel Corpus! - Port de Sitges - Aiguadol\u00e7","robots":{"index":"index","follow":"follow","max-snippet":"max-snippet:-1","max-image-preview":"max-image-preview:large","max-video-preview":"max-video-preview:-1"},"canonical":"https:\/\/www.portdesitges.com\/ca\/el-port-de-sitges-es-guarneix-pel-corpus\/","og_locale":"ca_ES","og_type":"article","og_title":"El Port de Sitges es guarneix pel Corpus! - Port de Sitges - Aiguadol\u00e7","og_description":"Un any m\u00e9s, el Port de Sitges s\u2019ha convertit en un dels espais guarnits de Sitges durant el Corpus, Festa Patrimonial d\u2019Inter\u00e8s Nacional des del 2023, que enguany s\u2019ha celebrat...","og_url":"https:\/\/www.portdesitges.com\/ca\/el-port-de-sitges-es-guarneix-pel-corpus\/","og_site_name":"Port de Sitges - Aiguadol\u00e7","article_published_time":"2025-06-25T10:07:41+00:00","article_modified_time":"2025-06-25T10:07:43+00:00","og_image":[{"width":2560,"height":1920,"url":"https:\/\/www.portdesitges.com\/wp-content\/uploads\/2025\/06\/DJI_0486-HDR-2-scaled.jpg","type":"image\/jpeg"}],"author":"admin","twitter_card":"summary_large_image","twitter_misc":{"Escrit per":"admin","Temps estimat de lectura":"2 minuts"},"schema":{"@context":"https:\/\/schema.org","@graph":[{"@type":"Article","@id":"https:\/\/www.portdesitges.com\/ca\/el-port-de-sitges-es-guarneix-pel-corpus\/#article","isPartOf":{"@id":"https:\/\/www.portdesitges.com\/ca\/el-port-de-sitges-es-guarneix-pel-corpus\/"},"author":{"name":"admin","@id":"https:\/\/www.portdesitges.com\/#\/schema\/person\/1eefc99f5083e56db6bd643d0e8649fd"},"headline":"El Port de Sitges es guarneix pel Corpus!","datePublished":"2025-06-25T10:07:41+00:00","dateModified":"2025-06-25T10:07:43+00:00","mainEntityOfPage":{"@id":"https:\/\/www.portdesitges.com\/ca\/el-port-de-sitges-es-guarneix-pel-corpus\/"},"wordCount":137,"commentCount":0,"image":{"@id":"https:\/\/www.portdesitges.com\/ca\/el-port-de-sitges-es-guarneix-pel-corpus\/#primaryimage"},"thumbnailUrl":"https:\/\/www.portdesitges.com\/wp-content\/uploads\/2025\/06\/DJI_0486-HDR-2-scaled.jpg","articleSection":["Not\u00edcias"],"inLanguage":"ca","potentialAction":[{"@type":"CommentAction","name":"Comment","target":["https:\/\/www.portdesitges.com\/ca\/el-port-de-sitges-es-guarneix-pel-corpus\/#respond"]}]},{"@type":"WebPage","@id":"https:\/\/www.portdesitges.com\/ca\/el-port-de-sitges-es-guarneix-pel-corpus\/","url":"https:\/\/www.portdesitges.com\/ca\/el-port-de-sitges-es-guarneix-pel-corpus\/","name":"El Port de Sitges es guarneix pel Corpus! - Port de Sitges - Aiguadol\u00e7","isPartOf":{"@id":"https:\/\/www.portdesitges.com\/#website"},"primaryImageOfPage":{"@id":"https:\/\/www.portdesitges.com\/ca\/el-port-de-sitges-es-guarneix-pel-corpus\/#primaryimage"},"image":{"@id":"https:\/\/www.portdesitges.com\/ca\/el-port-de-sitges-es-guarneix-pel-corpus\/#primaryimage"},"thumbnailUrl":"https:\/\/www.portdesitges.com\/wp-content\/uploads\/2025\/06\/DJI_0486-HDR-2-scaled.jpg","datePublished":"2025-06-25T10:07:41+00:00","dateModified":"2025-06-25T10:07:43+00:00","author":{"@id":"https:\/\/www.portdesitges.com\/#\/schema\/person\/1eefc99f5083e56db6bd643d0e8649fd"},"breadcrumb":{"@id":"https:\/\/www.portdesitges.com\/ca\/el-port-de-sitges-es-guarneix-pel-corpus\/#breadcrumb"},"inLanguage":"ca","potentialAction":[{"@type":"ReadAction","target":["https:\/\/www.portdesitges.com\/ca\/el-port-de-sitges-es-guarneix-pel-corpus\/"]}]},{"@type":"ImageObject","inLanguage":"ca","@id":"https:\/\/www.portdesitges.com\/ca\/el-port-de-sitges-es-guarneix-pel-corpus\/#primaryimage","url":"https:\/\/www.portdesitges.com\/wp-content\/uploads\/2025\/06\/DJI_0486-HDR-2-scaled.jpg","contentUrl":"https:\/\/www.portdesitges.com\/wp-content\/uploads\/2025\/06\/DJI_0486-HDR-2-scaled.jpg","width":2560,"height":1920},{"@type":"BreadcrumbList","@id":"https:\/\/www.portdesitges.com\/ca\/el-port-de-sitges-es-guarneix-pel-corpus\/#breadcrumb","itemListElement":[{"@type":"ListItem","position":1,"name":"Portada","item":"https:\/\/www.portdesitges.com\/ca\/"},{"@type":"ListItem","position":2,"name":"El Port de Sitges es guarneix pel Corpus!"}]},{"@type":"WebSite","@id":"https:\/\/www.portdesitges.com\/#website","url":"https:\/\/www.portdesitges.com\/","name":"Port de Sitges - Aiguadol\u00e7","description":"lugar donde el mar y la tierra se dan de la mano para crear un espacio \u00fanico y atractivo. Disfruta de un mar de experiencias.","potentialAction":[{"@type":"SearchAction","target":{"@type":"EntryPoint","urlTemplate":"https:\/\/www.portdesitges.com\/?s={search_term_string}"},"query-input":{"@type":"PropertyValueSpecification","valueRequired":true,"valueName":"search_term_string"}}],"inLanguage":"ca"},{"@type":"Person","@id":"https:\/\/www.portdesitges.com\/#\/schema\/person\/1eefc99f5083e56db6bd643d0e8649fd","name":"admin","image":{"@type":"ImageObject","inLanguage":"ca","@id":"https:\/\/secure.gravatar.com\/avatar\/2db7db7d08053efc6bbf52674f99717837ec8d1dd72ce992247f1bade9278b82?s=96&d=mm&r=g","url":"https:\/\/secure.gravatar.com\/avatar\/2db7db7d08053efc6bbf52674f99717837ec8d1dd72ce992247f1bade9278b82?s=96&d=mm&r=g","contentUrl":"https:\/\/secure.gravatar.com\/avatar\/2db7db7d08053efc6bbf52674f99717837ec8d1dd72ce992247f1bade9278b82?s=96&d=mm&r=g","caption":"admin"},"url":"https:\/\/www.portdesitges.com\/ca\/author\/admin\/"}]}},"_links":{"self":[{"href":"https:\/\/www.portdesitges.com\/ca\/wp-json\/wp\/v2\/posts\/19982","targetHints":{"allow":["GET"]}}],"collection":[{"href":"https:\/\/www.portdesitges.com\/ca\/wp-json\/wp\/v2\/posts"}],"about":[{"href":"https:\/\/www.portdesitges.com\/ca\/wp-json\/wp\/v2\/types\/post"}],"author":[{"embeddable":true,"href":"https:\/\/www.portdesitges.com\/ca\/wp-json\/wp\/v2\/users\/1"}],"replies":[{"embeddable":true,"href":"https:\/\/www.portdesitges.com\/ca\/wp-json\/wp\/v2\/comments?post=19982"}],"version-history":[{"count":1,"href":"https:\/\/www.portdesitges.com\/ca\/wp-json\/wp\/v2\/posts\/19982\/revisions"}],"predecessor-version":[{"id":19989,"href":"https:\/\/www.portdesitges.com\/ca\/wp-json\/wp\/v2\/posts\/19982\/revisions\/19989"}],"wp:featuredmedia":[{"embeddable":true,"href":"https:\/\/www.portdesitges.com\/ca\/wp-json\/wp\/v2\/media\/19975"}],"wp:attachment":[{"href":"https:\/\/www.portdesitges.com\/ca\/wp-json\/wp\/v2\/media?parent=19982"}],"wp:term":[{"taxonomy":"category","embeddable":true,"href":"https:\/\/www.portdesitges.com\/ca\/wp-json\/wp\/v2\/categories?post=19982"},{"taxonomy":"post_tag","embeddable":true,"href":"https:\/\/www.portdesitges.com\/ca\/wp-json\/wp\/v2\/tags?post=19982"}],"curies":[{"name":"wp","href":"https:\/\/api.w.org\/{rel}","templated":true}]}}