{"id":19922,"date":"2025-06-17T09:27:27","date_gmt":"2025-06-17T09:27:27","guid":{"rendered":"https:\/\/www.portdesitges.com\/?p=19922"},"modified":"2025-06-17T09:27:29","modified_gmt":"2025-06-17T09:27:29","slug":"sitges-vela-classica-2025-historia-viva-davant-lesglesia-de-sant-bartomeu","status":"publish","type":"post","link":"https:\/\/www.portdesitges.com\/ca\/sitges-vela-classica-2025-historia-viva-davant-lesglesia-de-sant-bartomeu\/","title":{"rendered":"Sitges Vela Cl\u00e0ssica 2025: hist\u00f2ria viva davant l\u2019esgl\u00e9sia de Sant Bartomeu"},"content":{"rendered":"\n<p>La badia de Sitges tornar\u00e0 a omplir-se de veles desplegades, fustes nobles i emoci\u00f3 al mar els dies <strong>27, 28 i 29 de juny<\/strong>, amb una nova edici\u00f3 de la <a href=\"https:\/\/www.sitgesvelaclasica.es\/\"><strong><em>Sitges Vela Cl\u00e0ssica<\/em><\/strong><\/a>, la regata de vaixells cl\u00e0ssics, d\u2019\u00e8poca i d\u2019esperit tradicional organitzada pel <strong>Port de Sitges<\/strong> i el <strong>Club N\u00e0utic Port de Sitges<\/strong>.<\/p>\n\n\n\n<p><br>Considerada ja una de les cites imprescindibles del calendari de vela cl\u00e0ssica a Catalunya, la <em>Sitges Vela Cl\u00e0ssica<\/em> combina competici\u00f3 n\u00e0utica, eleg\u00e0ncia est\u00e8tica i cultura marinera en un entorn inigualable: la badia oberta del Port Sitges-Aiguadol\u00e7, amb l\u2019esgl\u00e9sia de Sant Bartomeu i Santa Tecla com a tel\u00f3 de fons i la Mediterr\u00e0nia com a escenari principal.<\/p>\n\n\n\n<figure class=\"wp-block-image size-large\"><img loading=\"lazy\" decoding=\"async\" width=\"724\" height=\"1024\" src=\"https:\/\/www.portdesitges.com\/wp-content\/uploads\/2025\/06\/Poster-Segel-25.5-724x1024.jpg\" alt=\"\" class=\"wp-image-19908\" srcset=\"https:\/\/www.portdesitges.com\/wp-content\/uploads\/2025\/06\/Poster-Segel-25.5-724x1024.jpg 724w, https:\/\/www.portdesitges.com\/wp-content\/uploads\/2025\/06\/Poster-Segel-25.5-212x300.jpg 212w, https:\/\/www.portdesitges.com\/wp-content\/uploads\/2025\/06\/Poster-Segel-25.5-768x1086.jpg 768w, https:\/\/www.portdesitges.com\/wp-content\/uploads\/2025\/06\/Poster-Segel-25.5-1086x1536.jpg 1086w, https:\/\/www.portdesitges.com\/wp-content\/uploads\/2025\/06\/Poster-Segel-25.5-1448x2048.jpg 1448w, https:\/\/www.portdesitges.com\/wp-content\/uploads\/2025\/06\/Poster-Segel-25.5-scaled.jpg 1810w\" sizes=\"auto, (max-width: 724px) 100vw, 724px\" \/><\/figure>\n\n\n\n<p><strong>Vaixells llegendaris, protagonistes a Sitges<\/strong><\/p>\n\n\n\n<p>Durant tres dies, una flota d\u2019una vintena d\u2019embarcacions hist\u00f2riques i velers tradicionals navegaran davant les costes de Sitges, oferint un espectacle \u00fanic tant al mar com a terra. Entre els participants confirmats hi ha vaixells amb hist\u00f2ries singulars que han marcat \u00e8poca:<\/p>\n\n\n\n<ul class=\"wp-block-list\">\n<li><strong>Molly Q (1914):<\/strong> <em>Cutter<\/em> brit\u00e0nic tipus <em>Morecambe Bay Prawner<\/em> constru\u00eft per Crossfield a Arnside. Va navegar pel mar d\u2019Irlanda combinant pesca i regates, va ser rescatat pel <em>Barrow Lifeboat<\/em> i va pert\u00e0nyer a Selwyn Hooley, un entusiasta que va impulsar la vela entre els joves. Avui, restaurat i amb base al Port de Sitges, aporta a la regata un segle d\u2019hist\u00f2ria.<\/li>\n\n\n\n<li><strong>Nerissa (1965):<\/strong> <em>Sloop<\/em> bermudi\u00e0 dissenyat per Arthur Robb i constru\u00eft pel drassana Beltrami, amb obra viva calafatejada a m\u00e0 i famosa per la seva estanquitat. Propietat del Comte Marone Cinzano. El seu armador actual el navega pr\u00e0cticament sense \u00fas de motor.<\/li>\n\n\n\n<li><strong>Karmat\u00e1n II (1960):<\/strong> <em>Queche<\/em> bermudi\u00e0 dissenyat per John Alden i constru\u00eft per Astilleros Viudes. Va ser el primer vaixell espanyol en guanyar la prestigiosa regata Giraglia (1962), i ho va fer tres vegades en total. Despr\u00e9s de d\u00e8cades d\u2019oblit, va ser restaurat \u00edntegrament i avui torna a navegar amb orgull mediterrani.<\/li>\n\n\n\n<li><strong>Islander (1937):<\/strong> Constru\u00eft a Esc\u00f2cia per Dickie &amp; Sons, aquest creuer de llarg abast va fer tres voltes consecutives al m\u00f3n entre 1968 i 1971, portat per Tom Blackwell. Un vaixell robust i cl\u00e0ssic, exemple de l\u2019enginyeria naval brit\u00e0nica d\u2019abans de la guerra.<\/li>\n<\/ul>\n\n\n\n<p>Aquestes embarcacions, classificades en diferents categories segons l\u2019antiguitat i el tipus d\u2019aparell, representen el millor del patrimoni n\u00e0utic europeu, i la seva sola pres\u00e8ncia al Port de Sitges genera admiraci\u00f3 i emoci\u00f3 entre aficionats i experts.<\/p>\n\n\n\n<figure class=\"wp-block-image size-large\"><img loading=\"lazy\" decoding=\"async\" width=\"1024\" height=\"767\" src=\"https:\/\/www.portdesitges.com\/wp-content\/uploads\/2025\/06\/DJI_0058-Enhanced-NR-2-1024x767.jpg\" alt=\"\" class=\"wp-image-19904\" srcset=\"https:\/\/www.portdesitges.com\/wp-content\/uploads\/2025\/06\/DJI_0058-Enhanced-NR-2-1024x767.jpg 1024w, https:\/\/www.portdesitges.com\/wp-content\/uploads\/2025\/06\/DJI_0058-Enhanced-NR-2-300x225.jpg 300w, https:\/\/www.portdesitges.com\/wp-content\/uploads\/2025\/06\/DJI_0058-Enhanced-NR-2-768x575.jpg 768w, https:\/\/www.portdesitges.com\/wp-content\/uploads\/2025\/06\/DJI_0058-Enhanced-NR-2-1536x1150.jpg 1536w, https:\/\/www.portdesitges.com\/wp-content\/uploads\/2025\/06\/DJI_0058-Enhanced-NR-2-2048x1534.jpg 2048w\" sizes=\"auto, (max-width: 1024px) 100vw, 1024px\" \/><\/figure>\n\n\n\n<figure class=\"wp-block-image size-large\"><img loading=\"lazy\" decoding=\"async\" width=\"1024\" height=\"765\" src=\"https:\/\/www.portdesitges.com\/wp-content\/uploads\/2025\/06\/Clasicos-en-Port-de-Sitges-1024x765.jpg\" alt=\"\" class=\"wp-image-19906\" srcset=\"https:\/\/www.portdesitges.com\/wp-content\/uploads\/2025\/06\/Clasicos-en-Port-de-Sitges-1024x765.jpg 1024w, https:\/\/www.portdesitges.com\/wp-content\/uploads\/2025\/06\/Clasicos-en-Port-de-Sitges-300x224.jpg 300w, https:\/\/www.portdesitges.com\/wp-content\/uploads\/2025\/06\/Clasicos-en-Port-de-Sitges-768x574.jpg 768w, https:\/\/www.portdesitges.com\/wp-content\/uploads\/2025\/06\/Clasicos-en-Port-de-Sitges-1536x1148.jpg 1536w, https:\/\/www.portdesitges.com\/wp-content\/uploads\/2025\/06\/Clasicos-en-Port-de-Sitges.jpg 1590w\" sizes=\"auto, (max-width: 1024px) 100vw, 1024px\" \/><figcaption class=\"wp-element-caption\">Screenshot<\/figcaption><\/figure>\n","protected":false},"excerpt":{"rendered":"<p>La badia de Sitges tornar\u00e0 a omplir-se de veles desplegades, fustes nobles i emoci\u00f3 al mar els dies 27, 28 i 29 de juny, amb una nova edici\u00f3 de la&#8230;<\/p>\n","protected":false},"author":1,"featured_media":19904,"comment_status":"open","ping_status":"open","sticky":false,"template":"","format":"standard","meta":{"footnotes":""},"categories":[62,47],"tags":[],"class_list":{"0":"post-19922","1":"post","2":"type-post","3":"status-publish","4":"format-standard","5":"has-post-thumbnail","7":"category-noticias-ca","8":"category-sense-categoria"},"yoast_head":"<!-- This site is optimized with the Yoast SEO plugin v27.3 - https:\/\/yoast.com\/product\/yoast-seo-wordpress\/ -->\n<title>Sitges Vela Cl\u00e0ssica 2025: hist\u00f2ria viva davant l\u2019esgl\u00e9sia de Sant Bartomeu - Port de Sitges - Aiguadol\u00e7<\/title>\n<meta name=\"robots\" content=\"index, follow, max-snippet:-1, max-image-preview:large, max-video-preview:-1\" \/>\n<link rel=\"canonical\" href=\"https:\/\/www.portdesitges.com\/ca\/sitges-vela-classica-2025-historia-viva-davant-lesglesia-de-sant-bartomeu\/\" \/>\n<meta property=\"og:locale\" content=\"ca_ES\" \/>\n<meta property=\"og:type\" content=\"article\" \/>\n<meta property=\"og:title\" content=\"Sitges Vela Cl\u00e0ssica 2025: hist\u00f2ria viva davant l\u2019esgl\u00e9sia de Sant Bartomeu - Port de Sitges - Aiguadol\u00e7\" \/>\n<meta property=\"og:description\" content=\"La badia de Sitges tornar\u00e0 a omplir-se de veles desplegades, fustes nobles i emoci\u00f3 al mar els dies 27, 28 i 29 de juny, amb una nova edici\u00f3 de la...\" \/>\n<meta property=\"og:url\" content=\"https:\/\/www.portdesitges.com\/ca\/sitges-vela-classica-2025-historia-viva-davant-lesglesia-de-sant-bartomeu\/\" \/>\n<meta property=\"og:site_name\" content=\"Port de Sitges - Aiguadol\u00e7\" \/>\n<meta property=\"article:published_time\" content=\"2025-06-17T09:27:27+00:00\" \/>\n<meta property=\"article:modified_time\" content=\"2025-06-17T09:27:29+00:00\" \/>\n<meta property=\"og:image\" content=\"https:\/\/www.portdesitges.com\/wp-content\/uploads\/2025\/06\/DJI_0058-Enhanced-NR-2-scaled.jpg\" \/>\n\t<meta property=\"og:image:width\" content=\"2560\" \/>\n\t<meta property=\"og:image:height\" content=\"1917\" \/>\n\t<meta property=\"og:image:type\" content=\"image\/jpeg\" \/>\n<meta name=\"author\" content=\"admin\" \/>\n<meta name=\"twitter:card\" content=\"summary_large_image\" \/>\n<meta name=\"twitter:label1\" content=\"Escrit per\" \/>\n\t<meta name=\"twitter:data1\" content=\"admin\" \/>\n\t<meta name=\"twitter:label2\" content=\"Temps estimat de lectura\" \/>\n\t<meta name=\"twitter:data2\" content=\"3 minuts\" \/>\n<script type=\"application\/ld+json\" class=\"yoast-schema-graph\">{\"@context\":\"https:\\\/\\\/schema.org\",\"@graph\":[{\"@type\":\"Article\",\"@id\":\"https:\\\/\\\/www.portdesitges.com\\\/ca\\\/sitges-vela-classica-2025-historia-viva-davant-lesglesia-de-sant-bartomeu\\\/#article\",\"isPartOf\":{\"@id\":\"https:\\\/\\\/www.portdesitges.com\\\/ca\\\/sitges-vela-classica-2025-historia-viva-davant-lesglesia-de-sant-bartomeu\\\/\"},\"author\":{\"name\":\"admin\",\"@id\":\"https:\\\/\\\/www.portdesitges.com\\\/#\\\/schema\\\/person\\\/1eefc99f5083e56db6bd643d0e8649fd\"},\"headline\":\"Sitges Vela Cl\u00e0ssica 2025: hist\u00f2ria viva davant l\u2019esgl\u00e9sia de Sant Bartomeu\",\"datePublished\":\"2025-06-17T09:27:27+00:00\",\"dateModified\":\"2025-06-17T09:27:29+00:00\",\"mainEntityOfPage\":{\"@id\":\"https:\\\/\\\/www.portdesitges.com\\\/ca\\\/sitges-vela-classica-2025-historia-viva-davant-lesglesia-de-sant-bartomeu\\\/\"},\"wordCount\":435,\"commentCount\":0,\"image\":{\"@id\":\"https:\\\/\\\/www.portdesitges.com\\\/ca\\\/sitges-vela-classica-2025-historia-viva-davant-lesglesia-de-sant-bartomeu\\\/#primaryimage\"},\"thumbnailUrl\":\"https:\\\/\\\/www.portdesitges.com\\\/wp-content\\\/uploads\\\/2025\\\/06\\\/DJI_0058-Enhanced-NR-2-scaled.jpg\",\"articleSection\":[\"Not\u00edcias\"],\"inLanguage\":\"ca\",\"potentialAction\":[{\"@type\":\"CommentAction\",\"name\":\"Comment\",\"target\":[\"https:\\\/\\\/www.portdesitges.com\\\/ca\\\/sitges-vela-classica-2025-historia-viva-davant-lesglesia-de-sant-bartomeu\\\/#respond\"]}]},{\"@type\":\"WebPage\",\"@id\":\"https:\\\/\\\/www.portdesitges.com\\\/ca\\\/sitges-vela-classica-2025-historia-viva-davant-lesglesia-de-sant-bartomeu\\\/\",\"url\":\"https:\\\/\\\/www.portdesitges.com\\\/ca\\\/sitges-vela-classica-2025-historia-viva-davant-lesglesia-de-sant-bartomeu\\\/\",\"name\":\"Sitges Vela Cl\u00e0ssica 2025: hist\u00f2ria viva davant l\u2019esgl\u00e9sia de Sant Bartomeu - Port de Sitges - Aiguadol\u00e7\",\"isPartOf\":{\"@id\":\"https:\\\/\\\/www.portdesitges.com\\\/#website\"},\"primaryImageOfPage\":{\"@id\":\"https:\\\/\\\/www.portdesitges.com\\\/ca\\\/sitges-vela-classica-2025-historia-viva-davant-lesglesia-de-sant-bartomeu\\\/#primaryimage\"},\"image\":{\"@id\":\"https:\\\/\\\/www.portdesitges.com\\\/ca\\\/sitges-vela-classica-2025-historia-viva-davant-lesglesia-de-sant-bartomeu\\\/#primaryimage\"},\"thumbnailUrl\":\"https:\\\/\\\/www.portdesitges.com\\\/wp-content\\\/uploads\\\/2025\\\/06\\\/DJI_0058-Enhanced-NR-2-scaled.jpg\",\"datePublished\":\"2025-06-17T09:27:27+00:00\",\"dateModified\":\"2025-06-17T09:27:29+00:00\",\"author\":{\"@id\":\"https:\\\/\\\/www.portdesitges.com\\\/#\\\/schema\\\/person\\\/1eefc99f5083e56db6bd643d0e8649fd\"},\"breadcrumb\":{\"@id\":\"https:\\\/\\\/www.portdesitges.com\\\/ca\\\/sitges-vela-classica-2025-historia-viva-davant-lesglesia-de-sant-bartomeu\\\/#breadcrumb\"},\"inLanguage\":\"ca\",\"potentialAction\":[{\"@type\":\"ReadAction\",\"target\":[\"https:\\\/\\\/www.portdesitges.com\\\/ca\\\/sitges-vela-classica-2025-historia-viva-davant-lesglesia-de-sant-bartomeu\\\/\"]}]},{\"@type\":\"ImageObject\",\"inLanguage\":\"ca\",\"@id\":\"https:\\\/\\\/www.portdesitges.com\\\/ca\\\/sitges-vela-classica-2025-historia-viva-davant-lesglesia-de-sant-bartomeu\\\/#primaryimage\",\"url\":\"https:\\\/\\\/www.portdesitges.com\\\/wp-content\\\/uploads\\\/2025\\\/06\\\/DJI_0058-Enhanced-NR-2-scaled.jpg\",\"contentUrl\":\"https:\\\/\\\/www.portdesitges.com\\\/wp-content\\\/uploads\\\/2025\\\/06\\\/DJI_0058-Enhanced-NR-2-scaled.jpg\",\"width\":2560,\"height\":1917},{\"@type\":\"BreadcrumbList\",\"@id\":\"https:\\\/\\\/www.portdesitges.com\\\/ca\\\/sitges-vela-classica-2025-historia-viva-davant-lesglesia-de-sant-bartomeu\\\/#breadcrumb\",\"itemListElement\":[{\"@type\":\"ListItem\",\"position\":1,\"name\":\"Portada\",\"item\":\"https:\\\/\\\/www.portdesitges.com\\\/ca\\\/\"},{\"@type\":\"ListItem\",\"position\":2,\"name\":\"Sitges Vela Cl\u00e0ssica 2025: hist\u00f2ria viva davant l\u2019esgl\u00e9sia de Sant Bartomeu\"}]},{\"@type\":\"WebSite\",\"@id\":\"https:\\\/\\\/www.portdesitges.com\\\/#website\",\"url\":\"https:\\\/\\\/www.portdesitges.com\\\/\",\"name\":\"Port de Sitges - Aiguadol\u00e7\",\"description\":\"lugar donde el mar y la tierra se dan de la mano para crear un espacio \u00fanico y atractivo. Disfruta de un mar de experiencias.\",\"potentialAction\":[{\"@type\":\"SearchAction\",\"target\":{\"@type\":\"EntryPoint\",\"urlTemplate\":\"https:\\\/\\\/www.portdesitges.com\\\/?s={search_term_string}\"},\"query-input\":{\"@type\":\"PropertyValueSpecification\",\"valueRequired\":true,\"valueName\":\"search_term_string\"}}],\"inLanguage\":\"ca\"},{\"@type\":\"Person\",\"@id\":\"https:\\\/\\\/www.portdesitges.com\\\/#\\\/schema\\\/person\\\/1eefc99f5083e56db6bd643d0e8649fd\",\"name\":\"admin\",\"image\":{\"@type\":\"ImageObject\",\"inLanguage\":\"ca\",\"@id\":\"https:\\\/\\\/secure.gravatar.com\\\/avatar\\\/2db7db7d08053efc6bbf52674f99717837ec8d1dd72ce992247f1bade9278b82?s=96&d=mm&r=g\",\"url\":\"https:\\\/\\\/secure.gravatar.com\\\/avatar\\\/2db7db7d08053efc6bbf52674f99717837ec8d1dd72ce992247f1bade9278b82?s=96&d=mm&r=g\",\"contentUrl\":\"https:\\\/\\\/secure.gravatar.com\\\/avatar\\\/2db7db7d08053efc6bbf52674f99717837ec8d1dd72ce992247f1bade9278b82?s=96&d=mm&r=g\",\"caption\":\"admin\"},\"url\":\"https:\\\/\\\/www.portdesitges.com\\\/ca\\\/author\\\/admin\\\/\"}]}<\/script>\n<!-- \/ Yoast SEO plugin. -->","yoast_head_json":{"title":"Sitges Vela Cl\u00e0ssica 2025: hist\u00f2ria viva davant l\u2019esgl\u00e9sia de Sant Bartomeu - Port de Sitges - Aiguadol\u00e7","robots":{"index":"index","follow":"follow","max-snippet":"max-snippet:-1","max-image-preview":"max-image-preview:large","max-video-preview":"max-video-preview:-1"},"canonical":"https:\/\/www.portdesitges.com\/ca\/sitges-vela-classica-2025-historia-viva-davant-lesglesia-de-sant-bartomeu\/","og_locale":"ca_ES","og_type":"article","og_title":"Sitges Vela Cl\u00e0ssica 2025: hist\u00f2ria viva davant l\u2019esgl\u00e9sia de Sant Bartomeu - Port de Sitges - Aiguadol\u00e7","og_description":"La badia de Sitges tornar\u00e0 a omplir-se de veles desplegades, fustes nobles i emoci\u00f3 al mar els dies 27, 28 i 29 de juny, amb una nova edici\u00f3 de la...","og_url":"https:\/\/www.portdesitges.com\/ca\/sitges-vela-classica-2025-historia-viva-davant-lesglesia-de-sant-bartomeu\/","og_site_name":"Port de Sitges - Aiguadol\u00e7","article_published_time":"2025-06-17T09:27:27+00:00","article_modified_time":"2025-06-17T09:27:29+00:00","og_image":[{"width":2560,"height":1917,"url":"https:\/\/www.portdesitges.com\/wp-content\/uploads\/2025\/06\/DJI_0058-Enhanced-NR-2-scaled.jpg","type":"image\/jpeg"}],"author":"admin","twitter_card":"summary_large_image","twitter_misc":{"Escrit per":"admin","Temps estimat de lectura":"3 minuts"},"schema":{"@context":"https:\/\/schema.org","@graph":[{"@type":"Article","@id":"https:\/\/www.portdesitges.com\/ca\/sitges-vela-classica-2025-historia-viva-davant-lesglesia-de-sant-bartomeu\/#article","isPartOf":{"@id":"https:\/\/www.portdesitges.com\/ca\/sitges-vela-classica-2025-historia-viva-davant-lesglesia-de-sant-bartomeu\/"},"author":{"name":"admin","@id":"https:\/\/www.portdesitges.com\/#\/schema\/person\/1eefc99f5083e56db6bd643d0e8649fd"},"headline":"Sitges Vela Cl\u00e0ssica 2025: hist\u00f2ria viva davant l\u2019esgl\u00e9sia de Sant Bartomeu","datePublished":"2025-06-17T09:27:27+00:00","dateModified":"2025-06-17T09:27:29+00:00","mainEntityOfPage":{"@id":"https:\/\/www.portdesitges.com\/ca\/sitges-vela-classica-2025-historia-viva-davant-lesglesia-de-sant-bartomeu\/"},"wordCount":435,"commentCount":0,"image":{"@id":"https:\/\/www.portdesitges.com\/ca\/sitges-vela-classica-2025-historia-viva-davant-lesglesia-de-sant-bartomeu\/#primaryimage"},"thumbnailUrl":"https:\/\/www.portdesitges.com\/wp-content\/uploads\/2025\/06\/DJI_0058-Enhanced-NR-2-scaled.jpg","articleSection":["Not\u00edcias"],"inLanguage":"ca","potentialAction":[{"@type":"CommentAction","name":"Comment","target":["https:\/\/www.portdesitges.com\/ca\/sitges-vela-classica-2025-historia-viva-davant-lesglesia-de-sant-bartomeu\/#respond"]}]},{"@type":"WebPage","@id":"https:\/\/www.portdesitges.com\/ca\/sitges-vela-classica-2025-historia-viva-davant-lesglesia-de-sant-bartomeu\/","url":"https:\/\/www.portdesitges.com\/ca\/sitges-vela-classica-2025-historia-viva-davant-lesglesia-de-sant-bartomeu\/","name":"Sitges Vela Cl\u00e0ssica 2025: hist\u00f2ria viva davant l\u2019esgl\u00e9sia de Sant Bartomeu - Port de Sitges - Aiguadol\u00e7","isPartOf":{"@id":"https:\/\/www.portdesitges.com\/#website"},"primaryImageOfPage":{"@id":"https:\/\/www.portdesitges.com\/ca\/sitges-vela-classica-2025-historia-viva-davant-lesglesia-de-sant-bartomeu\/#primaryimage"},"image":{"@id":"https:\/\/www.portdesitges.com\/ca\/sitges-vela-classica-2025-historia-viva-davant-lesglesia-de-sant-bartomeu\/#primaryimage"},"thumbnailUrl":"https:\/\/www.portdesitges.com\/wp-content\/uploads\/2025\/06\/DJI_0058-Enhanced-NR-2-scaled.jpg","datePublished":"2025-06-17T09:27:27+00:00","dateModified":"2025-06-17T09:27:29+00:00","author":{"@id":"https:\/\/www.portdesitges.com\/#\/schema\/person\/1eefc99f5083e56db6bd643d0e8649fd"},"breadcrumb":{"@id":"https:\/\/www.portdesitges.com\/ca\/sitges-vela-classica-2025-historia-viva-davant-lesglesia-de-sant-bartomeu\/#breadcrumb"},"inLanguage":"ca","potentialAction":[{"@type":"ReadAction","target":["https:\/\/www.portdesitges.com\/ca\/sitges-vela-classica-2025-historia-viva-davant-lesglesia-de-sant-bartomeu\/"]}]},{"@type":"ImageObject","inLanguage":"ca","@id":"https:\/\/www.portdesitges.com\/ca\/sitges-vela-classica-2025-historia-viva-davant-lesglesia-de-sant-bartomeu\/#primaryimage","url":"https:\/\/www.portdesitges.com\/wp-content\/uploads\/2025\/06\/DJI_0058-Enhanced-NR-2-scaled.jpg","contentUrl":"https:\/\/www.portdesitges.com\/wp-content\/uploads\/2025\/06\/DJI_0058-Enhanced-NR-2-scaled.jpg","width":2560,"height":1917},{"@type":"BreadcrumbList","@id":"https:\/\/www.portdesitges.com\/ca\/sitges-vela-classica-2025-historia-viva-davant-lesglesia-de-sant-bartomeu\/#breadcrumb","itemListElement":[{"@type":"ListItem","position":1,"name":"Portada","item":"https:\/\/www.portdesitges.com\/ca\/"},{"@type":"ListItem","position":2,"name":"Sitges Vela Cl\u00e0ssica 2025: hist\u00f2ria viva davant l\u2019esgl\u00e9sia de Sant Bartomeu"}]},{"@type":"WebSite","@id":"https:\/\/www.portdesitges.com\/#website","url":"https:\/\/www.portdesitges.com\/","name":"Port de Sitges - Aiguadol\u00e7","description":"lugar donde el mar y la tierra se dan de la mano para crear un espacio \u00fanico y atractivo. Disfruta de un mar de experiencias.","potentialAction":[{"@type":"SearchAction","target":{"@type":"EntryPoint","urlTemplate":"https:\/\/www.portdesitges.com\/?s={search_term_string}"},"query-input":{"@type":"PropertyValueSpecification","valueRequired":true,"valueName":"search_term_string"}}],"inLanguage":"ca"},{"@type":"Person","@id":"https:\/\/www.portdesitges.com\/#\/schema\/person\/1eefc99f5083e56db6bd643d0e8649fd","name":"admin","image":{"@type":"ImageObject","inLanguage":"ca","@id":"https:\/\/secure.gravatar.com\/avatar\/2db7db7d08053efc6bbf52674f99717837ec8d1dd72ce992247f1bade9278b82?s=96&d=mm&r=g","url":"https:\/\/secure.gravatar.com\/avatar\/2db7db7d08053efc6bbf52674f99717837ec8d1dd72ce992247f1bade9278b82?s=96&d=mm&r=g","contentUrl":"https:\/\/secure.gravatar.com\/avatar\/2db7db7d08053efc6bbf52674f99717837ec8d1dd72ce992247f1bade9278b82?s=96&d=mm&r=g","caption":"admin"},"url":"https:\/\/www.portdesitges.com\/ca\/author\/admin\/"}]}},"_links":{"self":[{"href":"https:\/\/www.portdesitges.com\/ca\/wp-json\/wp\/v2\/posts\/19922","targetHints":{"allow":["GET"]}}],"collection":[{"href":"https:\/\/www.portdesitges.com\/ca\/wp-json\/wp\/v2\/posts"}],"about":[{"href":"https:\/\/www.portdesitges.com\/ca\/wp-json\/wp\/v2\/types\/post"}],"author":[{"embeddable":true,"href":"https:\/\/www.portdesitges.com\/ca\/wp-json\/wp\/v2\/users\/1"}],"replies":[{"embeddable":true,"href":"https:\/\/www.portdesitges.com\/ca\/wp-json\/wp\/v2\/comments?post=19922"}],"version-history":[{"count":1,"href":"https:\/\/www.portdesitges.com\/ca\/wp-json\/wp\/v2\/posts\/19922\/revisions"}],"predecessor-version":[{"id":19923,"href":"https:\/\/www.portdesitges.com\/ca\/wp-json\/wp\/v2\/posts\/19922\/revisions\/19923"}],"wp:featuredmedia":[{"embeddable":true,"href":"https:\/\/www.portdesitges.com\/ca\/wp-json\/wp\/v2\/media\/19904"}],"wp:attachment":[{"href":"https:\/\/www.portdesitges.com\/ca\/wp-json\/wp\/v2\/media?parent=19922"}],"wp:term":[{"taxonomy":"category","embeddable":true,"href":"https:\/\/www.portdesitges.com\/ca\/wp-json\/wp\/v2\/categories?post=19922"},{"taxonomy":"post_tag","embeddable":true,"href":"https:\/\/www.portdesitges.com\/ca\/wp-json\/wp\/v2\/tags?post=19922"}],"curies":[{"name":"wp","href":"https:\/\/api.w.org\/{rel}","templated":true}]}}