{"id":19895,"date":"2025-06-12T14:08:51","date_gmt":"2025-06-12T14:08:51","guid":{"rendered":"https:\/\/www.portdesitges.com\/concerts-mitjanit-2025-veneno-en-la-piel\/"},"modified":"2025-06-13T11:31:27","modified_gmt":"2025-06-13T11:31:27","slug":"concerts-mitjanit-2025-veneno-en-la-piel","status":"publish","type":"post","link":"https:\/\/www.portdesitges.com\/ca\/concerts-mitjanit-2025-veneno-en-la-piel\/","title":{"rendered":"&#8216;Veneno en la piel\u2019 omple el Port de Sitges en l\u2019estrena dels Concerts de Mitjanit 2025"},"content":{"rendered":"[vc_row type=&#8221;in_container&#8221; full_screen_row_position=&#8221;middle&#8221; column_margin=&#8221;default&#8221; column_direction=&#8221;default&#8221; column_direction_tablet=&#8221;default&#8221; column_direction_phone=&#8221;default&#8221; scene_position=&#8221;center&#8221; text_color=&#8221;dark&#8221; text_align=&#8221;left&#8221; row_border_radius=&#8221;none&#8221; row_border_radius_applies=&#8221;bg&#8221; overflow=&#8221;visible&#8221; overlay_strength=&#8221;0.3&#8243; gradient_direction=&#8221;left_to_right&#8221; shape_divider_position=&#8221;bottom&#8221; bg_image_animation=&#8221;none&#8221;][vc_column column_padding=&#8221;no-extra-padding&#8221; column_padding_tablet=&#8221;inherit&#8221; column_padding_phone=&#8221;inherit&#8221; column_padding_position=&#8221;all&#8221; column_element_direction_desktop=&#8221;default&#8221; column_element_spacing=&#8221;default&#8221; desktop_text_alignment=&#8221;default&#8221; tablet_text_alignment=&#8221;default&#8221; phone_text_alignment=&#8221;default&#8221; background_color_opacity=&#8221;1&#8243; background_hover_color_opacity=&#8221;1&#8243; column_backdrop_filter=&#8221;none&#8221; column_shadow=&#8221;none&#8221; column_border_radius=&#8221;none&#8221; column_link_target=&#8221;_self&#8221; column_position=&#8221;default&#8221; gradient_direction=&#8221;left_to_right&#8221; overlay_strength=&#8221;0.3&#8243; width=&#8221;1\/2&#8243; tablet_width_inherit=&#8221;default&#8221; animation_type=&#8221;default&#8221; bg_image_animation=&#8221;none&#8221; border_type=&#8221;simple&#8221; column_border_width=&#8221;none&#8221; column_border_style=&#8221;solid&#8221;][vc_column_text]<strong> M\u00e9s de 1.600 persones van assistir al primer concert del festival, que enguany se celebra tots els dissabtes de juny i juliol al Port de Sitges.<\/strong><\/p>\n<p><strong>El proper cap de setmana, Mecano protagonitzar\u00e0 la nit de dissabte amb un tribut, al qual seguiran homenatges a La Oreja de Van Gogh, Amaral, Raffaella Carr\u00e0 i Bee Gees, a m\u00e9s de les actuacions de She\u2019s, The Tutsies i Pop\u2019N\u2019Roll.<\/strong>[\/vc_column_text][\/vc_column][vc_column column_padding=&#8221;no-extra-padding&#8221; column_padding_tablet=&#8221;inherit&#8221; column_padding_phone=&#8221;inherit&#8221; column_padding_position=&#8221;all&#8221; column_element_direction_desktop=&#8221;default&#8221; column_element_spacing=&#8221;default&#8221; desktop_text_alignment=&#8221;default&#8221; tablet_text_alignment=&#8221;default&#8221; phone_text_alignment=&#8221;default&#8221; background_color_opacity=&#8221;1&#8243; background_hover_color_opacity=&#8221;1&#8243; column_backdrop_filter=&#8221;none&#8221; column_shadow=&#8221;none&#8221; column_border_radius=&#8221;none&#8221; column_link_target=&#8221;_self&#8221; column_position=&#8221;default&#8221; gradient_direction=&#8221;left_to_right&#8221; overlay_strength=&#8221;0.3&#8243; width=&#8221;1\/2&#8243; tablet_width_inherit=&#8221;default&#8221; animation_type=&#8221;default&#8221; bg_image_animation=&#8221;none&#8221; border_type=&#8221;simple&#8221; column_border_width=&#8221;none&#8221; column_border_style=&#8221;solid&#8221;][image_with_animation image_url=&#8221;19874&#8243; image_size=&#8221;full&#8221; animation_type=&#8221;entrance&#8221; animation=&#8221;None&#8221; animation_movement_type=&#8221;transform_y&#8221; hover_animation=&#8221;none&#8221; alignment=&#8221;&#8221; border_radius=&#8221;none&#8221; box_shadow=&#8221;none&#8221; image_loading=&#8221;default&#8221; max_width=&#8221;100%&#8221; max_width_mobile=&#8221;default&#8221;][\/vc_column][\/vc_row][vc_row type=&#8221;in_container&#8221; full_screen_row_position=&#8221;middle&#8221; column_margin=&#8221;default&#8221; column_direction=&#8221;default&#8221; column_direction_tablet=&#8221;default&#8221; column_direction_phone=&#8221;default&#8221; scene_position=&#8221;center&#8221; text_color=&#8221;dark&#8221; text_align=&#8221;left&#8221; row_border_radius=&#8221;none&#8221; row_border_radius_applies=&#8221;bg&#8221; overflow=&#8221;visible&#8221; overlay_strength=&#8221;0.3&#8243; gradient_direction=&#8221;left_to_right&#8221; shape_divider_position=&#8221;bottom&#8221; bg_image_animation=&#8221;none&#8221;][vc_column column_padding=&#8221;no-extra-padding&#8221; column_padding_tablet=&#8221;inherit&#8221; column_padding_phone=&#8221;inherit&#8221; column_padding_position=&#8221;all&#8221; column_element_direction_desktop=&#8221;default&#8221; column_element_spacing=&#8221;default&#8221; desktop_text_alignment=&#8221;default&#8221; tablet_text_alignment=&#8221;default&#8221; phone_text_alignment=&#8221;default&#8221; background_color_opacity=&#8221;1&#8243; background_hover_color_opacity=&#8221;1&#8243; column_backdrop_filter=&#8221;none&#8221; column_shadow=&#8221;none&#8221; column_border_radius=&#8221;none&#8221; column_link_target=&#8221;_self&#8221; column_position=&#8221;default&#8221; gradient_direction=&#8221;left_to_right&#8221; overlay_strength=&#8221;0.3&#8243; width=&#8221;1\/2&#8243; tablet_width_inherit=&#8221;default&#8221; animation_type=&#8221;default&#8221; bg_image_animation=&#8221;none&#8221; border_type=&#8221;simple&#8221; column_border_width=&#8221;none&#8221; column_border_style=&#8221;solid&#8221;][image_with_animation image_url=&#8221;19876&#8243; image_size=&#8221;full&#8221; animation_type=&#8221;entrance&#8221; animation=&#8221;None&#8221; animation_movement_type=&#8221;transform_y&#8221; hover_animation=&#8221;none&#8221; alignment=&#8221;&#8221; border_radius=&#8221;none&#8221; box_shadow=&#8221;none&#8221; image_loading=&#8221;default&#8221; max_width=&#8221;100%&#8221; max_width_mobile=&#8221;default&#8221;][\/vc_column][vc_column column_padding=&#8221;no-extra-padding&#8221; column_padding_tablet=&#8221;inherit&#8221; column_padding_phone=&#8221;inherit&#8221; column_padding_position=&#8221;all&#8221; column_element_direction_desktop=&#8221;default&#8221; column_element_spacing=&#8221;default&#8221; desktop_text_alignment=&#8221;default&#8221; tablet_text_alignment=&#8221;default&#8221; phone_text_alignment=&#8221;default&#8221; background_color_opacity=&#8221;1&#8243; background_hover_color_opacity=&#8221;1&#8243; column_backdrop_filter=&#8221;none&#8221; column_shadow=&#8221;none&#8221; column_border_radius=&#8221;none&#8221; column_link_target=&#8221;_self&#8221; column_position=&#8221;default&#8221; gradient_direction=&#8221;left_to_right&#8221; overlay_strength=&#8221;0.3&#8243; width=&#8221;1\/2&#8243; tablet_width_inherit=&#8221;default&#8221; animation_type=&#8221;default&#8221; bg_image_animation=&#8221;none&#8221; border_type=&#8221;simple&#8221; column_border_width=&#8221;none&#8221; column_border_style=&#8221;solid&#8221;][vc_column_text]\u2018Veneno en la piel\u2019 va ser el grup encarregat d\u2019inaugurar una nova edici\u00f3 dels \u2018Concerts de Mitjanit\u2019 del Port de Sitges, un festival que enguany, coincidint amb el 50\u00e8 aniversari del Port, se celebra tots els dissabtes de juny i juliol.<\/p>\n<p>M\u00e9s de 1.600 persones es van congregar al Green Spot, l\u2019espai destinat a la celebraci\u00f3 d\u2019aquest festival organitzat pel Port de Sitges. Durant m\u00e9s de dues hores, el grup originari del municipi va deleitar els seus seguidors amb els \u00e8xits m\u00e9s coneguts del pop i el rock espanyol dels anys 80 i 90.<br \/>\nEl proper dissabte 14 \u00e9s el torn del tribut a Mecano. El festival Concerts de Mitjanit compta amb el suport de la Generalitat de Catalunya i l\u2019Ajuntament de Sitges, aix\u00ed com amb el patrocini del restaurant Uniq, Blue Ride Watersports i Marine Center Barcelona, i amb la col\u00b7laboraci\u00f3 de La Pizzeria del Puerto, Cellers D\u00edaz, Patates Piqu\u00e9, Kopparberg i Geseme.[\/vc_column_text][\/vc_column][\/vc_row]\n","protected":false},"excerpt":{"rendered":"<p>[vc_row type=&#8221;in_container&#8221; full_screen_row_position=&#8221;middle&#8221; column_margin=&#8221;default&#8221; column_direction=&#8221;default&#8221; column_direction_tablet=&#8221;default&#8221; column_direction_phone=&#8221;default&#8221; scene_position=&#8221;center&#8221; text_color=&#8221;dark&#8221; text_align=&#8221;left&#8221; row_border_radius=&#8221;none&#8221; row_border_radius_applies=&#8221;bg&#8221; overflow=&#8221;visible&#8221; overlay_strength=&#8221;0.3&#8243; gradient_direction=&#8221;left_to_right&#8221; shape_divider_position=&#8221;bottom&#8221; bg_image_animation=&#8221;none&#8221;][vc_column column_padding=&#8221;no-extra-padding&#8221; column_padding_tablet=&#8221;inherit&#8221; column_padding_phone=&#8221;inherit&#8221; column_padding_position=&#8221;all&#8221; column_element_direction_desktop=&#8221;default&#8221; column_element_spacing=&#8221;default&#8221; desktop_text_alignment=&#8221;default&#8221; tablet_text_alignment=&#8221;default&#8221; phone_text_alignment=&#8221;default&#8221; background_color_opacity=&#8221;1&#8243; background_hover_color_opacity=&#8221;1&#8243; column_backdrop_filter=&#8221;none&#8221; column_shadow=&#8221;none&#8221;&#8230;<\/p>\n","protected":false},"author":1,"featured_media":19873,"comment_status":"open","ping_status":"open","sticky":false,"template":"","format":"standard","meta":{"footnotes":""},"categories":[62,47],"tags":[],"class_list":{"0":"post-19895","1":"post","2":"type-post","3":"status-publish","4":"format-standard","5":"has-post-thumbnail","7":"category-noticias-ca","8":"category-sense-categoria"},"yoast_head":"<!-- This site is optimized with the Yoast SEO plugin v27.3 - https:\/\/yoast.com\/product\/yoast-seo-wordpress\/ -->\n<title>&#039;Veneno en la piel\u2019 omple el Port de Sitges en l\u2019estrena dels Concerts de Mitjanit 2025 - Port de Sitges - Aiguadol\u00e7<\/title>\n<meta name=\"robots\" content=\"index, follow, max-snippet:-1, max-image-preview:large, max-video-preview:-1\" \/>\n<link rel=\"canonical\" href=\"https:\/\/www.portdesitges.com\/ca\/concerts-mitjanit-2025-veneno-en-la-piel\/\" \/>\n<meta property=\"og:locale\" content=\"ca_ES\" \/>\n<meta property=\"og:type\" content=\"article\" \/>\n<meta property=\"og:title\" content=\"&#039;Veneno en la piel\u2019 omple el Port de Sitges en l\u2019estrena dels Concerts de Mitjanit 2025 - Port de Sitges - Aiguadol\u00e7\" \/>\n<meta property=\"og:description\" content=\"[vc_row type=&#8221;in_container&#8221; full_screen_row_position=&#8221;middle&#8221; column_margin=&#8221;default&#8221; column_direction=&#8221;default&#8221; column_direction_tablet=&#8221;default&#8221; column_direction_phone=&#8221;default&#8221; scene_position=&#8221;center&#8221; text_color=&#8221;dark&#8221; text_align=&#8221;left&#8221; row_border_radius=&#8221;none&#8221; row_border_radius_applies=&#8221;bg&#8221; overflow=&#8221;visible&#8221; overlay_strength=&#8221;0.3&#8243; gradient_direction=&#8221;left_to_right&#8221; shape_divider_position=&#8221;bottom&#8221; bg_image_animation=&#8221;none&#8221;][vc_column column_padding=&#8221;no-extra-padding&#8221; column_padding_tablet=&#8221;inherit&#8221; column_padding_phone=&#8221;inherit&#8221; column_padding_position=&#8221;all&#8221; column_element_direction_desktop=&#8221;default&#8221; column_element_spacing=&#8221;default&#8221; desktop_text_alignment=&#8221;default&#8221; tablet_text_alignment=&#8221;default&#8221; phone_text_alignment=&#8221;default&#8221; background_color_opacity=&#8221;1&#8243; background_hover_color_opacity=&#8221;1&#8243; column_backdrop_filter=&#8221;none&#8221; column_shadow=&#8221;none&#8221;...\" \/>\n<meta property=\"og:url\" content=\"https:\/\/www.portdesitges.com\/ca\/concerts-mitjanit-2025-veneno-en-la-piel\/\" \/>\n<meta property=\"og:site_name\" content=\"Port de Sitges - Aiguadol\u00e7\" \/>\n<meta property=\"article:published_time\" content=\"2025-06-12T14:08:51+00:00\" \/>\n<meta property=\"article:modified_time\" content=\"2025-06-13T11:31:27+00:00\" \/>\n<meta property=\"og:image\" content=\"https:\/\/www.portdesitges.com\/wp-content\/uploads\/2025\/06\/DJI_0705-Enhanced-NR-2-scaled-1.jpg\" \/>\n\t<meta property=\"og:image:width\" content=\"1500\" \/>\n\t<meta property=\"og:image:height\" content=\"1125\" \/>\n\t<meta property=\"og:image:type\" content=\"image\/jpeg\" \/>\n<meta name=\"author\" content=\"admin\" \/>\n<meta name=\"twitter:card\" content=\"summary_large_image\" \/>\n<meta name=\"twitter:label1\" content=\"Escrit per\" \/>\n\t<meta name=\"twitter:data1\" content=\"admin\" \/>\n\t<meta name=\"twitter:label2\" content=\"Temps estimat de lectura\" \/>\n\t<meta name=\"twitter:data2\" content=\"3 minuts\" \/>\n<script type=\"application\/ld+json\" class=\"yoast-schema-graph\">{\"@context\":\"https:\\\/\\\/schema.org\",\"@graph\":[{\"@type\":\"Article\",\"@id\":\"https:\\\/\\\/www.portdesitges.com\\\/ca\\\/concerts-mitjanit-2025-veneno-en-la-piel\\\/#article\",\"isPartOf\":{\"@id\":\"https:\\\/\\\/www.portdesitges.com\\\/ca\\\/concerts-mitjanit-2025-veneno-en-la-piel\\\/\"},\"author\":{\"name\":\"admin\",\"@id\":\"https:\\\/\\\/www.portdesitges.com\\\/#\\\/schema\\\/person\\\/1eefc99f5083e56db6bd643d0e8649fd\"},\"headline\":\"&#8216;Veneno en la piel\u2019 omple el Port de Sitges en l\u2019estrena dels Concerts de Mitjanit 2025\",\"datePublished\":\"2025-06-12T14:08:51+00:00\",\"dateModified\":\"2025-06-13T11:31:27+00:00\",\"mainEntityOfPage\":{\"@id\":\"https:\\\/\\\/www.portdesitges.com\\\/ca\\\/concerts-mitjanit-2025-veneno-en-la-piel\\\/\"},\"wordCount\":833,\"commentCount\":0,\"image\":{\"@id\":\"https:\\\/\\\/www.portdesitges.com\\\/ca\\\/concerts-mitjanit-2025-veneno-en-la-piel\\\/#primaryimage\"},\"thumbnailUrl\":\"https:\\\/\\\/www.portdesitges.com\\\/wp-content\\\/uploads\\\/2025\\\/06\\\/DJI_0705-Enhanced-NR-2-scaled-1.jpg\",\"articleSection\":[\"Not\u00edcias\"],\"inLanguage\":\"ca\",\"potentialAction\":[{\"@type\":\"CommentAction\",\"name\":\"Comment\",\"target\":[\"https:\\\/\\\/www.portdesitges.com\\\/ca\\\/concerts-mitjanit-2025-veneno-en-la-piel\\\/#respond\"]}]},{\"@type\":\"WebPage\",\"@id\":\"https:\\\/\\\/www.portdesitges.com\\\/ca\\\/concerts-mitjanit-2025-veneno-en-la-piel\\\/\",\"url\":\"https:\\\/\\\/www.portdesitges.com\\\/ca\\\/concerts-mitjanit-2025-veneno-en-la-piel\\\/\",\"name\":\"'Veneno en la piel\u2019 omple el Port de Sitges en l\u2019estrena dels Concerts de Mitjanit 2025 - Port de Sitges - Aiguadol\u00e7\",\"isPartOf\":{\"@id\":\"https:\\\/\\\/www.portdesitges.com\\\/#website\"},\"primaryImageOfPage\":{\"@id\":\"https:\\\/\\\/www.portdesitges.com\\\/ca\\\/concerts-mitjanit-2025-veneno-en-la-piel\\\/#primaryimage\"},\"image\":{\"@id\":\"https:\\\/\\\/www.portdesitges.com\\\/ca\\\/concerts-mitjanit-2025-veneno-en-la-piel\\\/#primaryimage\"},\"thumbnailUrl\":\"https:\\\/\\\/www.portdesitges.com\\\/wp-content\\\/uploads\\\/2025\\\/06\\\/DJI_0705-Enhanced-NR-2-scaled-1.jpg\",\"datePublished\":\"2025-06-12T14:08:51+00:00\",\"dateModified\":\"2025-06-13T11:31:27+00:00\",\"author\":{\"@id\":\"https:\\\/\\\/www.portdesitges.com\\\/#\\\/schema\\\/person\\\/1eefc99f5083e56db6bd643d0e8649fd\"},\"breadcrumb\":{\"@id\":\"https:\\\/\\\/www.portdesitges.com\\\/ca\\\/concerts-mitjanit-2025-veneno-en-la-piel\\\/#breadcrumb\"},\"inLanguage\":\"ca\",\"potentialAction\":[{\"@type\":\"ReadAction\",\"target\":[\"https:\\\/\\\/www.portdesitges.com\\\/ca\\\/concerts-mitjanit-2025-veneno-en-la-piel\\\/\"]}]},{\"@type\":\"ImageObject\",\"inLanguage\":\"ca\",\"@id\":\"https:\\\/\\\/www.portdesitges.com\\\/ca\\\/concerts-mitjanit-2025-veneno-en-la-piel\\\/#primaryimage\",\"url\":\"https:\\\/\\\/www.portdesitges.com\\\/wp-content\\\/uploads\\\/2025\\\/06\\\/DJI_0705-Enhanced-NR-2-scaled-1.jpg\",\"contentUrl\":\"https:\\\/\\\/www.portdesitges.com\\\/wp-content\\\/uploads\\\/2025\\\/06\\\/DJI_0705-Enhanced-NR-2-scaled-1.jpg\",\"width\":1500,\"height\":1125,\"caption\":\"Concerts de Mitjanit 2025 Port de Sitges\"},{\"@type\":\"BreadcrumbList\",\"@id\":\"https:\\\/\\\/www.portdesitges.com\\\/ca\\\/concerts-mitjanit-2025-veneno-en-la-piel\\\/#breadcrumb\",\"itemListElement\":[{\"@type\":\"ListItem\",\"position\":1,\"name\":\"Portada\",\"item\":\"https:\\\/\\\/www.portdesitges.com\\\/ca\\\/\"},{\"@type\":\"ListItem\",\"position\":2,\"name\":\"&#8216;Veneno en la piel\u2019 omple el Port de Sitges en l\u2019estrena dels Concerts de Mitjanit 2025\"}]},{\"@type\":\"WebSite\",\"@id\":\"https:\\\/\\\/www.portdesitges.com\\\/#website\",\"url\":\"https:\\\/\\\/www.portdesitges.com\\\/\",\"name\":\"Port de Sitges - Aiguadol\u00e7\",\"description\":\"lugar donde el mar y la tierra se dan de la mano para crear un espacio \u00fanico y atractivo. Disfruta de un mar de experiencias.\",\"potentialAction\":[{\"@type\":\"SearchAction\",\"target\":{\"@type\":\"EntryPoint\",\"urlTemplate\":\"https:\\\/\\\/www.portdesitges.com\\\/?s={search_term_string}\"},\"query-input\":{\"@type\":\"PropertyValueSpecification\",\"valueRequired\":true,\"valueName\":\"search_term_string\"}}],\"inLanguage\":\"ca\"},{\"@type\":\"Person\",\"@id\":\"https:\\\/\\\/www.portdesitges.com\\\/#\\\/schema\\\/person\\\/1eefc99f5083e56db6bd643d0e8649fd\",\"name\":\"admin\",\"image\":{\"@type\":\"ImageObject\",\"inLanguage\":\"ca\",\"@id\":\"https:\\\/\\\/secure.gravatar.com\\\/avatar\\\/2db7db7d08053efc6bbf52674f99717837ec8d1dd72ce992247f1bade9278b82?s=96&d=mm&r=g\",\"url\":\"https:\\\/\\\/secure.gravatar.com\\\/avatar\\\/2db7db7d08053efc6bbf52674f99717837ec8d1dd72ce992247f1bade9278b82?s=96&d=mm&r=g\",\"contentUrl\":\"https:\\\/\\\/secure.gravatar.com\\\/avatar\\\/2db7db7d08053efc6bbf52674f99717837ec8d1dd72ce992247f1bade9278b82?s=96&d=mm&r=g\",\"caption\":\"admin\"},\"url\":\"https:\\\/\\\/www.portdesitges.com\\\/ca\\\/author\\\/admin\\\/\"}]}<\/script>\n<!-- \/ Yoast SEO plugin. -->","yoast_head_json":{"title":"'Veneno en la piel\u2019 omple el Port de Sitges en l\u2019estrena dels Concerts de Mitjanit 2025 - Port de Sitges - Aiguadol\u00e7","robots":{"index":"index","follow":"follow","max-snippet":"max-snippet:-1","max-image-preview":"max-image-preview:large","max-video-preview":"max-video-preview:-1"},"canonical":"https:\/\/www.portdesitges.com\/ca\/concerts-mitjanit-2025-veneno-en-la-piel\/","og_locale":"ca_ES","og_type":"article","og_title":"'Veneno en la piel\u2019 omple el Port de Sitges en l\u2019estrena dels Concerts de Mitjanit 2025 - Port de Sitges - Aiguadol\u00e7","og_description":"[vc_row type=&#8221;in_container&#8221; full_screen_row_position=&#8221;middle&#8221; column_margin=&#8221;default&#8221; column_direction=&#8221;default&#8221; column_direction_tablet=&#8221;default&#8221; column_direction_phone=&#8221;default&#8221; scene_position=&#8221;center&#8221; text_color=&#8221;dark&#8221; text_align=&#8221;left&#8221; row_border_radius=&#8221;none&#8221; row_border_radius_applies=&#8221;bg&#8221; overflow=&#8221;visible&#8221; overlay_strength=&#8221;0.3&#8243; gradient_direction=&#8221;left_to_right&#8221; shape_divider_position=&#8221;bottom&#8221; bg_image_animation=&#8221;none&#8221;][vc_column column_padding=&#8221;no-extra-padding&#8221; column_padding_tablet=&#8221;inherit&#8221; column_padding_phone=&#8221;inherit&#8221; column_padding_position=&#8221;all&#8221; column_element_direction_desktop=&#8221;default&#8221; column_element_spacing=&#8221;default&#8221; desktop_text_alignment=&#8221;default&#8221; tablet_text_alignment=&#8221;default&#8221; phone_text_alignment=&#8221;default&#8221; background_color_opacity=&#8221;1&#8243; background_hover_color_opacity=&#8221;1&#8243; column_backdrop_filter=&#8221;none&#8221; column_shadow=&#8221;none&#8221;...","og_url":"https:\/\/www.portdesitges.com\/ca\/concerts-mitjanit-2025-veneno-en-la-piel\/","og_site_name":"Port de Sitges - Aiguadol\u00e7","article_published_time":"2025-06-12T14:08:51+00:00","article_modified_time":"2025-06-13T11:31:27+00:00","og_image":[{"width":1500,"height":1125,"url":"https:\/\/www.portdesitges.com\/wp-content\/uploads\/2025\/06\/DJI_0705-Enhanced-NR-2-scaled-1.jpg","type":"image\/jpeg"}],"author":"admin","twitter_card":"summary_large_image","twitter_misc":{"Escrit per":"admin","Temps estimat de lectura":"3 minuts"},"schema":{"@context":"https:\/\/schema.org","@graph":[{"@type":"Article","@id":"https:\/\/www.portdesitges.com\/ca\/concerts-mitjanit-2025-veneno-en-la-piel\/#article","isPartOf":{"@id":"https:\/\/www.portdesitges.com\/ca\/concerts-mitjanit-2025-veneno-en-la-piel\/"},"author":{"name":"admin","@id":"https:\/\/www.portdesitges.com\/#\/schema\/person\/1eefc99f5083e56db6bd643d0e8649fd"},"headline":"&#8216;Veneno en la piel\u2019 omple el Port de Sitges en l\u2019estrena dels Concerts de Mitjanit 2025","datePublished":"2025-06-12T14:08:51+00:00","dateModified":"2025-06-13T11:31:27+00:00","mainEntityOfPage":{"@id":"https:\/\/www.portdesitges.com\/ca\/concerts-mitjanit-2025-veneno-en-la-piel\/"},"wordCount":833,"commentCount":0,"image":{"@id":"https:\/\/www.portdesitges.com\/ca\/concerts-mitjanit-2025-veneno-en-la-piel\/#primaryimage"},"thumbnailUrl":"https:\/\/www.portdesitges.com\/wp-content\/uploads\/2025\/06\/DJI_0705-Enhanced-NR-2-scaled-1.jpg","articleSection":["Not\u00edcias"],"inLanguage":"ca","potentialAction":[{"@type":"CommentAction","name":"Comment","target":["https:\/\/www.portdesitges.com\/ca\/concerts-mitjanit-2025-veneno-en-la-piel\/#respond"]}]},{"@type":"WebPage","@id":"https:\/\/www.portdesitges.com\/ca\/concerts-mitjanit-2025-veneno-en-la-piel\/","url":"https:\/\/www.portdesitges.com\/ca\/concerts-mitjanit-2025-veneno-en-la-piel\/","name":"'Veneno en la piel\u2019 omple el Port de Sitges en l\u2019estrena dels Concerts de Mitjanit 2025 - Port de Sitges - Aiguadol\u00e7","isPartOf":{"@id":"https:\/\/www.portdesitges.com\/#website"},"primaryImageOfPage":{"@id":"https:\/\/www.portdesitges.com\/ca\/concerts-mitjanit-2025-veneno-en-la-piel\/#primaryimage"},"image":{"@id":"https:\/\/www.portdesitges.com\/ca\/concerts-mitjanit-2025-veneno-en-la-piel\/#primaryimage"},"thumbnailUrl":"https:\/\/www.portdesitges.com\/wp-content\/uploads\/2025\/06\/DJI_0705-Enhanced-NR-2-scaled-1.jpg","datePublished":"2025-06-12T14:08:51+00:00","dateModified":"2025-06-13T11:31:27+00:00","author":{"@id":"https:\/\/www.portdesitges.com\/#\/schema\/person\/1eefc99f5083e56db6bd643d0e8649fd"},"breadcrumb":{"@id":"https:\/\/www.portdesitges.com\/ca\/concerts-mitjanit-2025-veneno-en-la-piel\/#breadcrumb"},"inLanguage":"ca","potentialAction":[{"@type":"ReadAction","target":["https:\/\/www.portdesitges.com\/ca\/concerts-mitjanit-2025-veneno-en-la-piel\/"]}]},{"@type":"ImageObject","inLanguage":"ca","@id":"https:\/\/www.portdesitges.com\/ca\/concerts-mitjanit-2025-veneno-en-la-piel\/#primaryimage","url":"https:\/\/www.portdesitges.com\/wp-content\/uploads\/2025\/06\/DJI_0705-Enhanced-NR-2-scaled-1.jpg","contentUrl":"https:\/\/www.portdesitges.com\/wp-content\/uploads\/2025\/06\/DJI_0705-Enhanced-NR-2-scaled-1.jpg","width":1500,"height":1125,"caption":"Concerts de Mitjanit 2025 Port de Sitges"},{"@type":"BreadcrumbList","@id":"https:\/\/www.portdesitges.com\/ca\/concerts-mitjanit-2025-veneno-en-la-piel\/#breadcrumb","itemListElement":[{"@type":"ListItem","position":1,"name":"Portada","item":"https:\/\/www.portdesitges.com\/ca\/"},{"@type":"ListItem","position":2,"name":"&#8216;Veneno en la piel\u2019 omple el Port de Sitges en l\u2019estrena dels Concerts de Mitjanit 2025"}]},{"@type":"WebSite","@id":"https:\/\/www.portdesitges.com\/#website","url":"https:\/\/www.portdesitges.com\/","name":"Port de Sitges - Aiguadol\u00e7","description":"lugar donde el mar y la tierra se dan de la mano para crear un espacio \u00fanico y atractivo. Disfruta de un mar de experiencias.","potentialAction":[{"@type":"SearchAction","target":{"@type":"EntryPoint","urlTemplate":"https:\/\/www.portdesitges.com\/?s={search_term_string}"},"query-input":{"@type":"PropertyValueSpecification","valueRequired":true,"valueName":"search_term_string"}}],"inLanguage":"ca"},{"@type":"Person","@id":"https:\/\/www.portdesitges.com\/#\/schema\/person\/1eefc99f5083e56db6bd643d0e8649fd","name":"admin","image":{"@type":"ImageObject","inLanguage":"ca","@id":"https:\/\/secure.gravatar.com\/avatar\/2db7db7d08053efc6bbf52674f99717837ec8d1dd72ce992247f1bade9278b82?s=96&d=mm&r=g","url":"https:\/\/secure.gravatar.com\/avatar\/2db7db7d08053efc6bbf52674f99717837ec8d1dd72ce992247f1bade9278b82?s=96&d=mm&r=g","contentUrl":"https:\/\/secure.gravatar.com\/avatar\/2db7db7d08053efc6bbf52674f99717837ec8d1dd72ce992247f1bade9278b82?s=96&d=mm&r=g","caption":"admin"},"url":"https:\/\/www.portdesitges.com\/ca\/author\/admin\/"}]}},"_links":{"self":[{"href":"https:\/\/www.portdesitges.com\/ca\/wp-json\/wp\/v2\/posts\/19895","targetHints":{"allow":["GET"]}}],"collection":[{"href":"https:\/\/www.portdesitges.com\/ca\/wp-json\/wp\/v2\/posts"}],"about":[{"href":"https:\/\/www.portdesitges.com\/ca\/wp-json\/wp\/v2\/types\/post"}],"author":[{"embeddable":true,"href":"https:\/\/www.portdesitges.com\/ca\/wp-json\/wp\/v2\/users\/1"}],"replies":[{"embeddable":true,"href":"https:\/\/www.portdesitges.com\/ca\/wp-json\/wp\/v2\/comments?post=19895"}],"version-history":[{"count":4,"href":"https:\/\/www.portdesitges.com\/ca\/wp-json\/wp\/v2\/posts\/19895\/revisions"}],"predecessor-version":[{"id":19899,"href":"https:\/\/www.portdesitges.com\/ca\/wp-json\/wp\/v2\/posts\/19895\/revisions\/19899"}],"wp:featuredmedia":[{"embeddable":true,"href":"https:\/\/www.portdesitges.com\/ca\/wp-json\/wp\/v2\/media\/19873"}],"wp:attachment":[{"href":"https:\/\/www.portdesitges.com\/ca\/wp-json\/wp\/v2\/media?parent=19895"}],"wp:term":[{"taxonomy":"category","embeddable":true,"href":"https:\/\/www.portdesitges.com\/ca\/wp-json\/wp\/v2\/categories?post=19895"},{"taxonomy":"post_tag","embeddable":true,"href":"https:\/\/www.portdesitges.com\/ca\/wp-json\/wp\/v2\/tags?post=19895"}],"curies":[{"name":"wp","href":"https:\/\/api.w.org\/{rel}","templated":true}]}}