{"id":19822,"date":"2025-06-05T08:30:10","date_gmt":"2025-06-05T08:30:10","guid":{"rendered":"https:\/\/gotoandweb.com\/webs\/sitges\/?p=19822"},"modified":"2025-06-05T08:30:49","modified_gmt":"2025-06-05T08:30:49","slug":"port-de-sitges-celebra-els-50-anys-amb-linici-dels-concerts-de-mitjanit","status":"publish","type":"post","link":"https:\/\/www.portdesitges.com\/ca\/port-de-sitges-celebra-els-50-anys-amb-linici-dels-concerts-de-mitjanit\/","title":{"rendered":"Port de Sitges celebra els 50 anys amb l\u2019inici dels Concerts de Mitjanit"},"content":{"rendered":"[vc_row type=&#8221;in_container&#8221; full_screen_row_position=&#8221;middle&#8221; column_margin=&#8221;default&#8221; column_direction=&#8221;default&#8221; column_direction_tablet=&#8221;default&#8221; column_direction_phone=&#8221;default&#8221; scene_position=&#8221;center&#8221; text_color=&#8221;dark&#8221; text_align=&#8221;left&#8221; row_border_radius=&#8221;none&#8221; row_border_radius_applies=&#8221;bg&#8221; overflow=&#8221;visible&#8221; overlay_strength=&#8221;0.3&#8243; gradient_direction=&#8221;left_to_right&#8221; shape_divider_position=&#8221;bottom&#8221; bg_image_animation=&#8221;none&#8221;][vc_column column_padding=&#8221;no-extra-padding&#8221; column_padding_tablet=&#8221;inherit&#8221; column_padding_phone=&#8221;inherit&#8221; column_padding_position=&#8221;all&#8221; column_element_direction_desktop=&#8221;default&#8221; column_element_spacing=&#8221;default&#8221; desktop_text_alignment=&#8221;default&#8221; tablet_text_alignment=&#8221;default&#8221; phone_text_alignment=&#8221;default&#8221; background_color_opacity=&#8221;1&#8243; background_hover_color_opacity=&#8221;1&#8243; column_backdrop_filter=&#8221;none&#8221; column_shadow=&#8221;none&#8221; column_border_radius=&#8221;none&#8221; column_link_target=&#8221;_self&#8221; column_position=&#8221;default&#8221; gradient_direction=&#8221;left_to_right&#8221; overlay_strength=&#8221;0.3&#8243; width=&#8221;1\/1&#8243; tablet_width_inherit=&#8221;default&#8221; animation_type=&#8221;default&#8221; bg_image_animation=&#8221;none&#8221; border_type=&#8221;simple&#8221; column_border_width=&#8221;none&#8221; column_border_style=&#8221;solid&#8221;][vc_column_text]\n<ul class=\"wp-block-list\">\n<li>En ocasi\u00f3 del 50\u00e8 aniversari del Port de Sitges, aquest any el Port oferir\u00e0 vuit concerts variats des del dissabte 7 de juny fins el dissabte 26 de juliol<\/li>\n<\/ul>\n<ul class=\"wp-block-list\">\n<li>El festival arrenca amb l\u2019actuaci\u00f3 de Veneno en la Piel, a qui seguiran tributs a Mecano, La Oreja de Van Gogh, Amaral, Raffaela Carr\u00e1 i Bee Gees, a m\u00e9s de les actuacions de She\u2019s, The Tutsies i Pop\u2019N\u2019Roll<\/li>\n<\/ul>\n[\/vc_column_text][image_with_animation image_url=&#8221;19819&#8243; image_size=&#8221;full&#8221; animation_type=&#8221;entrance&#8221; animation=&#8221;None&#8221; animation_movement_type=&#8221;transform_y&#8221; hover_animation=&#8221;none&#8221; alignment=&#8221;&#8221; border_radius=&#8221;none&#8221; box_shadow=&#8221;none&#8221; image_loading=&#8221;default&#8221; max_width=&#8221;100%&#8221; max_width_mobile=&#8221;default&#8221;][vc_column_text]El Port de Sitges presenta una nova edici\u00f3 del seu festival gratu\u00eft de m\u00fasica internacional,\u00a0<em>Concerts de Mitjanit,<\/em>\u00a0que aquest any amplia la seva programaci\u00f3 amb un total de vuit concerts en ocasi\u00f3 del 50\u00e8 aniversari del Port, i que s\u2019estendr\u00e0 durant tot el mes de juny i juliol. El festival comen\u00e7ar\u00e0 el dissabte 7 de juny, a les 23:30h, amb l\u2019actuaci\u00f3 de\u00a0<em>Veneno en la Piel,<\/em>\u00a0i finalitzar\u00e0 el dissabte 26 de juliol amb el concert de\u00a0<em>Pop\u2019N\u2019Roll.<\/em><\/p>\n<p>Durant vuit dissabtes consecutius, el Port completar\u00e0 l\u2019agenda cultural estiuenca de Sitges amb vuit actuacions gratu\u00eftes que comen\u00e7aran a les 23:30h cada dissabte. Despr\u00e9s de l\u2019actuaci\u00f3 de\u00a0<em>Veneno en la Piel<\/em>\u00a0el 7 de juny, seguiran el tribut a\u00a0<em>Mecano<\/em>\u00a0(14 de juny);\u00a0<em>She\u2019s<\/em>\u00a0(21 de juny); els tributs a\u00a0<em>La Oreja de Van Gogh<\/em>\u00a0i\u00a0<em>Amaral<\/em>\u00a0en una mateixa nit (28 de juny); el tribut a\u00a0<em>Raffaella Carr\u00e1<\/em>\u00a0(5 de juliol);\u00a0<em>The Tutsies<\/em>\u00a0(12 de juliol); el tribut a\u00a0<em>Bee Gees<\/em>\u00a0amb Los Gees (19 de juliol) i els\u00a0<em>Pop\u2019N\u2019Roll\u00a0<\/em>(26 de juliol), que tancaran aquesta nova edici\u00f3 del festival.<\/p>\n<p><strong>El Port convida a Sitges a celebrar el seu 50\u00e8 aniversari<\/strong><\/p>\n<p>L\u2019inici dels\u00a0<em>Concerts de Mitjanit\u00a0<\/em>2025 coincideix amb la celebraci\u00f3 del 50 aniversari del Port de Sitges. I \u00e9s que el 7 de juny del 1975 s\u2019obria al tr\u00e0nsit mar\u00edtim el Port Esportiu Aiguadol\u00e7, convertint-se en una escala ideal del Mediterrani per a les embarcacions i oferint a Sitges una nova dimensi\u00f3 tur\u00edstica.<\/p>\n<p>50 anys despr\u00e9s, el Port de Sitges commemora la seva inauguraci\u00f3 amb l\u2019inici del seu ja tradicional festival gratu\u00eft de m\u00fasica,\u00a0<em>Concerts de Mitjanit<\/em>, i amb la seva nova imatge despr\u00e9s de la remodelaci\u00f3 integral que ha dut a terme durant els darrers anys.<\/p>\n<p>La proposta del Port de Sitges per a les nits d\u2019aquest estiu es completa amb l\u2019oferta gastron\u00f2mica dels 14 restaurants que formen part del bulevard del mar i on els assistents poden sopar abans de gaudir dels concerts.[\/vc_column_text][\/vc_column][\/vc_row]\n","protected":false},"excerpt":{"rendered":"<p>[vc_row type=&#8221;in_container&#8221; full_screen_row_position=&#8221;middle&#8221; column_margin=&#8221;default&#8221; column_direction=&#8221;default&#8221; column_direction_tablet=&#8221;default&#8221; column_direction_phone=&#8221;default&#8221; scene_position=&#8221;center&#8221; text_color=&#8221;dark&#8221; text_align=&#8221;left&#8221; row_border_radius=&#8221;none&#8221; row_border_radius_applies=&#8221;bg&#8221; overflow=&#8221;visible&#8221; overlay_strength=&#8221;0.3&#8243; gradient_direction=&#8221;left_to_right&#8221; shape_divider_position=&#8221;bottom&#8221; bg_image_animation=&#8221;none&#8221;][vc_column column_padding=&#8221;no-extra-padding&#8221; column_padding_tablet=&#8221;inherit&#8221; column_padding_phone=&#8221;inherit&#8221; column_padding_position=&#8221;all&#8221; column_element_direction_desktop=&#8221;default&#8221; column_element_spacing=&#8221;default&#8221; desktop_text_alignment=&#8221;default&#8221; tablet_text_alignment=&#8221;default&#8221; phone_text_alignment=&#8221;default&#8221; background_color_opacity=&#8221;1&#8243; background_hover_color_opacity=&#8221;1&#8243; column_backdrop_filter=&#8221;none&#8221; column_shadow=&#8221;none&#8221;&#8230;<\/p>\n","protected":false},"author":1,"featured_media":19819,"comment_status":"open","ping_status":"open","sticky":false,"template":"","format":"standard","meta":{"footnotes":""},"categories":[62,47],"tags":[],"class_list":{"0":"post-19822","1":"post","2":"type-post","3":"status-publish","4":"format-standard","5":"has-post-thumbnail","7":"category-noticias-ca","8":"category-sense-categoria"},"yoast_head":"<!-- This site is optimized with the Yoast SEO plugin v27.3 - https:\/\/yoast.com\/product\/yoast-seo-wordpress\/ -->\n<title>Port de Sitges celebra els 50 anys amb l\u2019inici dels Concerts de Mitjanit - Port de Sitges - Aiguadol\u00e7<\/title>\n<meta name=\"robots\" content=\"index, follow, max-snippet:-1, max-image-preview:large, max-video-preview:-1\" \/>\n<link rel=\"canonical\" href=\"https:\/\/www.portdesitges.com\/ca\/port-de-sitges-celebra-els-50-anys-amb-linici-dels-concerts-de-mitjanit\/\" \/>\n<meta property=\"og:locale\" content=\"ca_ES\" \/>\n<meta property=\"og:type\" content=\"article\" \/>\n<meta property=\"og:title\" content=\"Port de Sitges celebra els 50 anys amb l\u2019inici dels Concerts de Mitjanit - Port de Sitges - Aiguadol\u00e7\" \/>\n<meta property=\"og:description\" content=\"[vc_row type=&#8221;in_container&#8221; full_screen_row_position=&#8221;middle&#8221; column_margin=&#8221;default&#8221; column_direction=&#8221;default&#8221; column_direction_tablet=&#8221;default&#8221; column_direction_phone=&#8221;default&#8221; scene_position=&#8221;center&#8221; text_color=&#8221;dark&#8221; text_align=&#8221;left&#8221; row_border_radius=&#8221;none&#8221; row_border_radius_applies=&#8221;bg&#8221; overflow=&#8221;visible&#8221; overlay_strength=&#8221;0.3&#8243; gradient_direction=&#8221;left_to_right&#8221; shape_divider_position=&#8221;bottom&#8221; bg_image_animation=&#8221;none&#8221;][vc_column column_padding=&#8221;no-extra-padding&#8221; column_padding_tablet=&#8221;inherit&#8221; column_padding_phone=&#8221;inherit&#8221; column_padding_position=&#8221;all&#8221; column_element_direction_desktop=&#8221;default&#8221; column_element_spacing=&#8221;default&#8221; desktop_text_alignment=&#8221;default&#8221; tablet_text_alignment=&#8221;default&#8221; phone_text_alignment=&#8221;default&#8221; background_color_opacity=&#8221;1&#8243; background_hover_color_opacity=&#8221;1&#8243; column_backdrop_filter=&#8221;none&#8221; column_shadow=&#8221;none&#8221;...\" \/>\n<meta property=\"og:url\" content=\"https:\/\/www.portdesitges.com\/ca\/port-de-sitges-celebra-els-50-anys-amb-linici-dels-concerts-de-mitjanit\/\" \/>\n<meta property=\"og:site_name\" content=\"Port de Sitges - Aiguadol\u00e7\" \/>\n<meta property=\"article:published_time\" content=\"2025-06-05T08:30:10+00:00\" \/>\n<meta property=\"article:modified_time\" content=\"2025-06-05T08:30:49+00:00\" \/>\n<meta property=\"og:image\" content=\"https:\/\/www.portdesitges.com\/wp-content\/uploads\/2025\/06\/Post-para-Linkedin-estamos-contratando-Moderno-Ilustrado-amarillo-1-1024x1024-1.png\" \/>\n\t<meta property=\"og:image:width\" content=\"1024\" \/>\n\t<meta property=\"og:image:height\" content=\"1024\" \/>\n\t<meta property=\"og:image:type\" content=\"image\/png\" \/>\n<meta name=\"author\" content=\"admin\" \/>\n<meta name=\"twitter:card\" content=\"summary_large_image\" \/>\n<meta name=\"twitter:label1\" content=\"Escrit per\" \/>\n\t<meta name=\"twitter:data1\" content=\"admin\" \/>\n\t<meta name=\"twitter:label2\" content=\"Temps estimat de lectura\" \/>\n\t<meta name=\"twitter:data2\" content=\"3 minuts\" \/>\n<script type=\"application\/ld+json\" class=\"yoast-schema-graph\">{\"@context\":\"https:\\\/\\\/schema.org\",\"@graph\":[{\"@type\":\"Article\",\"@id\":\"https:\\\/\\\/www.portdesitges.com\\\/ca\\\/port-de-sitges-celebra-els-50-anys-amb-linici-dels-concerts-de-mitjanit\\\/#article\",\"isPartOf\":{\"@id\":\"https:\\\/\\\/www.portdesitges.com\\\/ca\\\/port-de-sitges-celebra-els-50-anys-amb-linici-dels-concerts-de-mitjanit\\\/\"},\"author\":{\"name\":\"admin\",\"@id\":\"https:\\\/\\\/www.portdesitges.com\\\/#\\\/schema\\\/person\\\/1eefc99f5083e56db6bd643d0e8649fd\"},\"headline\":\"Port de Sitges celebra els 50 anys amb l\u2019inici dels Concerts de Mitjanit\",\"datePublished\":\"2025-06-05T08:30:10+00:00\",\"dateModified\":\"2025-06-05T08:30:49+00:00\",\"mainEntityOfPage\":{\"@id\":\"https:\\\/\\\/www.portdesitges.com\\\/ca\\\/port-de-sitges-celebra-els-50-anys-amb-linici-dels-concerts-de-mitjanit\\\/\"},\"wordCount\":623,\"commentCount\":0,\"image\":{\"@id\":\"https:\\\/\\\/www.portdesitges.com\\\/ca\\\/port-de-sitges-celebra-els-50-anys-amb-linici-dels-concerts-de-mitjanit\\\/#primaryimage\"},\"thumbnailUrl\":\"https:\\\/\\\/www.portdesitges.com\\\/wp-content\\\/uploads\\\/2025\\\/06\\\/Post-para-Linkedin-estamos-contratando-Moderno-Ilustrado-amarillo-1-1024x1024-1.png\",\"articleSection\":[\"Not\u00edcias\"],\"inLanguage\":\"ca\",\"potentialAction\":[{\"@type\":\"CommentAction\",\"name\":\"Comment\",\"target\":[\"https:\\\/\\\/www.portdesitges.com\\\/ca\\\/port-de-sitges-celebra-els-50-anys-amb-linici-dels-concerts-de-mitjanit\\\/#respond\"]}]},{\"@type\":\"WebPage\",\"@id\":\"https:\\\/\\\/www.portdesitges.com\\\/ca\\\/port-de-sitges-celebra-els-50-anys-amb-linici-dels-concerts-de-mitjanit\\\/\",\"url\":\"https:\\\/\\\/www.portdesitges.com\\\/ca\\\/port-de-sitges-celebra-els-50-anys-amb-linici-dels-concerts-de-mitjanit\\\/\",\"name\":\"Port de Sitges celebra els 50 anys amb l\u2019inici dels Concerts de Mitjanit - Port de Sitges - Aiguadol\u00e7\",\"isPartOf\":{\"@id\":\"https:\\\/\\\/www.portdesitges.com\\\/#website\"},\"primaryImageOfPage\":{\"@id\":\"https:\\\/\\\/www.portdesitges.com\\\/ca\\\/port-de-sitges-celebra-els-50-anys-amb-linici-dels-concerts-de-mitjanit\\\/#primaryimage\"},\"image\":{\"@id\":\"https:\\\/\\\/www.portdesitges.com\\\/ca\\\/port-de-sitges-celebra-els-50-anys-amb-linici-dels-concerts-de-mitjanit\\\/#primaryimage\"},\"thumbnailUrl\":\"https:\\\/\\\/www.portdesitges.com\\\/wp-content\\\/uploads\\\/2025\\\/06\\\/Post-para-Linkedin-estamos-contratando-Moderno-Ilustrado-amarillo-1-1024x1024-1.png\",\"datePublished\":\"2025-06-05T08:30:10+00:00\",\"dateModified\":\"2025-06-05T08:30:49+00:00\",\"author\":{\"@id\":\"https:\\\/\\\/www.portdesitges.com\\\/#\\\/schema\\\/person\\\/1eefc99f5083e56db6bd643d0e8649fd\"},\"breadcrumb\":{\"@id\":\"https:\\\/\\\/www.portdesitges.com\\\/ca\\\/port-de-sitges-celebra-els-50-anys-amb-linici-dels-concerts-de-mitjanit\\\/#breadcrumb\"},\"inLanguage\":\"ca\",\"potentialAction\":[{\"@type\":\"ReadAction\",\"target\":[\"https:\\\/\\\/www.portdesitges.com\\\/ca\\\/port-de-sitges-celebra-els-50-anys-amb-linici-dels-concerts-de-mitjanit\\\/\"]}]},{\"@type\":\"ImageObject\",\"inLanguage\":\"ca\",\"@id\":\"https:\\\/\\\/www.portdesitges.com\\\/ca\\\/port-de-sitges-celebra-els-50-anys-amb-linici-dels-concerts-de-mitjanit\\\/#primaryimage\",\"url\":\"https:\\\/\\\/www.portdesitges.com\\\/wp-content\\\/uploads\\\/2025\\\/06\\\/Post-para-Linkedin-estamos-contratando-Moderno-Ilustrado-amarillo-1-1024x1024-1.png\",\"contentUrl\":\"https:\\\/\\\/www.portdesitges.com\\\/wp-content\\\/uploads\\\/2025\\\/06\\\/Post-para-Linkedin-estamos-contratando-Moderno-Ilustrado-amarillo-1-1024x1024-1.png\",\"width\":1024,\"height\":1024},{\"@type\":\"BreadcrumbList\",\"@id\":\"https:\\\/\\\/www.portdesitges.com\\\/ca\\\/port-de-sitges-celebra-els-50-anys-amb-linici-dels-concerts-de-mitjanit\\\/#breadcrumb\",\"itemListElement\":[{\"@type\":\"ListItem\",\"position\":1,\"name\":\"Portada\",\"item\":\"https:\\\/\\\/www.portdesitges.com\\\/ca\\\/\"},{\"@type\":\"ListItem\",\"position\":2,\"name\":\"Port de Sitges celebra els 50 anys amb l\u2019inici dels Concerts de Mitjanit\"}]},{\"@type\":\"WebSite\",\"@id\":\"https:\\\/\\\/www.portdesitges.com\\\/#website\",\"url\":\"https:\\\/\\\/www.portdesitges.com\\\/\",\"name\":\"Port de Sitges - Aiguadol\u00e7\",\"description\":\"lugar donde el mar y la tierra se dan de la mano para crear un espacio \u00fanico y atractivo. Disfruta de un mar de experiencias.\",\"potentialAction\":[{\"@type\":\"SearchAction\",\"target\":{\"@type\":\"EntryPoint\",\"urlTemplate\":\"https:\\\/\\\/www.portdesitges.com\\\/?s={search_term_string}\"},\"query-input\":{\"@type\":\"PropertyValueSpecification\",\"valueRequired\":true,\"valueName\":\"search_term_string\"}}],\"inLanguage\":\"ca\"},{\"@type\":\"Person\",\"@id\":\"https:\\\/\\\/www.portdesitges.com\\\/#\\\/schema\\\/person\\\/1eefc99f5083e56db6bd643d0e8649fd\",\"name\":\"admin\",\"image\":{\"@type\":\"ImageObject\",\"inLanguage\":\"ca\",\"@id\":\"https:\\\/\\\/secure.gravatar.com\\\/avatar\\\/2db7db7d08053efc6bbf52674f99717837ec8d1dd72ce992247f1bade9278b82?s=96&d=mm&r=g\",\"url\":\"https:\\\/\\\/secure.gravatar.com\\\/avatar\\\/2db7db7d08053efc6bbf52674f99717837ec8d1dd72ce992247f1bade9278b82?s=96&d=mm&r=g\",\"contentUrl\":\"https:\\\/\\\/secure.gravatar.com\\\/avatar\\\/2db7db7d08053efc6bbf52674f99717837ec8d1dd72ce992247f1bade9278b82?s=96&d=mm&r=g\",\"caption\":\"admin\"},\"url\":\"https:\\\/\\\/www.portdesitges.com\\\/ca\\\/author\\\/admin\\\/\"}]}<\/script>\n<!-- \/ Yoast SEO plugin. -->","yoast_head_json":{"title":"Port de Sitges celebra els 50 anys amb l\u2019inici dels Concerts de Mitjanit - Port de Sitges - Aiguadol\u00e7","robots":{"index":"index","follow":"follow","max-snippet":"max-snippet:-1","max-image-preview":"max-image-preview:large","max-video-preview":"max-video-preview:-1"},"canonical":"https:\/\/www.portdesitges.com\/ca\/port-de-sitges-celebra-els-50-anys-amb-linici-dels-concerts-de-mitjanit\/","og_locale":"ca_ES","og_type":"article","og_title":"Port de Sitges celebra els 50 anys amb l\u2019inici dels Concerts de Mitjanit - Port de Sitges - Aiguadol\u00e7","og_description":"[vc_row type=&#8221;in_container&#8221; full_screen_row_position=&#8221;middle&#8221; column_margin=&#8221;default&#8221; column_direction=&#8221;default&#8221; column_direction_tablet=&#8221;default&#8221; column_direction_phone=&#8221;default&#8221; scene_position=&#8221;center&#8221; text_color=&#8221;dark&#8221; text_align=&#8221;left&#8221; row_border_radius=&#8221;none&#8221; row_border_radius_applies=&#8221;bg&#8221; overflow=&#8221;visible&#8221; overlay_strength=&#8221;0.3&#8243; gradient_direction=&#8221;left_to_right&#8221; shape_divider_position=&#8221;bottom&#8221; bg_image_animation=&#8221;none&#8221;][vc_column column_padding=&#8221;no-extra-padding&#8221; column_padding_tablet=&#8221;inherit&#8221; column_padding_phone=&#8221;inherit&#8221; column_padding_position=&#8221;all&#8221; column_element_direction_desktop=&#8221;default&#8221; column_element_spacing=&#8221;default&#8221; desktop_text_alignment=&#8221;default&#8221; tablet_text_alignment=&#8221;default&#8221; phone_text_alignment=&#8221;default&#8221; background_color_opacity=&#8221;1&#8243; background_hover_color_opacity=&#8221;1&#8243; column_backdrop_filter=&#8221;none&#8221; column_shadow=&#8221;none&#8221;...","og_url":"https:\/\/www.portdesitges.com\/ca\/port-de-sitges-celebra-els-50-anys-amb-linici-dels-concerts-de-mitjanit\/","og_site_name":"Port de Sitges - Aiguadol\u00e7","article_published_time":"2025-06-05T08:30:10+00:00","article_modified_time":"2025-06-05T08:30:49+00:00","og_image":[{"width":1024,"height":1024,"url":"https:\/\/www.portdesitges.com\/wp-content\/uploads\/2025\/06\/Post-para-Linkedin-estamos-contratando-Moderno-Ilustrado-amarillo-1-1024x1024-1.png","type":"image\/png"}],"author":"admin","twitter_card":"summary_large_image","twitter_misc":{"Escrit per":"admin","Temps estimat de lectura":"3 minuts"},"schema":{"@context":"https:\/\/schema.org","@graph":[{"@type":"Article","@id":"https:\/\/www.portdesitges.com\/ca\/port-de-sitges-celebra-els-50-anys-amb-linici-dels-concerts-de-mitjanit\/#article","isPartOf":{"@id":"https:\/\/www.portdesitges.com\/ca\/port-de-sitges-celebra-els-50-anys-amb-linici-dels-concerts-de-mitjanit\/"},"author":{"name":"admin","@id":"https:\/\/www.portdesitges.com\/#\/schema\/person\/1eefc99f5083e56db6bd643d0e8649fd"},"headline":"Port de Sitges celebra els 50 anys amb l\u2019inici dels Concerts de Mitjanit","datePublished":"2025-06-05T08:30:10+00:00","dateModified":"2025-06-05T08:30:49+00:00","mainEntityOfPage":{"@id":"https:\/\/www.portdesitges.com\/ca\/port-de-sitges-celebra-els-50-anys-amb-linici-dels-concerts-de-mitjanit\/"},"wordCount":623,"commentCount":0,"image":{"@id":"https:\/\/www.portdesitges.com\/ca\/port-de-sitges-celebra-els-50-anys-amb-linici-dels-concerts-de-mitjanit\/#primaryimage"},"thumbnailUrl":"https:\/\/www.portdesitges.com\/wp-content\/uploads\/2025\/06\/Post-para-Linkedin-estamos-contratando-Moderno-Ilustrado-amarillo-1-1024x1024-1.png","articleSection":["Not\u00edcias"],"inLanguage":"ca","potentialAction":[{"@type":"CommentAction","name":"Comment","target":["https:\/\/www.portdesitges.com\/ca\/port-de-sitges-celebra-els-50-anys-amb-linici-dels-concerts-de-mitjanit\/#respond"]}]},{"@type":"WebPage","@id":"https:\/\/www.portdesitges.com\/ca\/port-de-sitges-celebra-els-50-anys-amb-linici-dels-concerts-de-mitjanit\/","url":"https:\/\/www.portdesitges.com\/ca\/port-de-sitges-celebra-els-50-anys-amb-linici-dels-concerts-de-mitjanit\/","name":"Port de Sitges celebra els 50 anys amb l\u2019inici dels Concerts de Mitjanit - Port de Sitges - Aiguadol\u00e7","isPartOf":{"@id":"https:\/\/www.portdesitges.com\/#website"},"primaryImageOfPage":{"@id":"https:\/\/www.portdesitges.com\/ca\/port-de-sitges-celebra-els-50-anys-amb-linici-dels-concerts-de-mitjanit\/#primaryimage"},"image":{"@id":"https:\/\/www.portdesitges.com\/ca\/port-de-sitges-celebra-els-50-anys-amb-linici-dels-concerts-de-mitjanit\/#primaryimage"},"thumbnailUrl":"https:\/\/www.portdesitges.com\/wp-content\/uploads\/2025\/06\/Post-para-Linkedin-estamos-contratando-Moderno-Ilustrado-amarillo-1-1024x1024-1.png","datePublished":"2025-06-05T08:30:10+00:00","dateModified":"2025-06-05T08:30:49+00:00","author":{"@id":"https:\/\/www.portdesitges.com\/#\/schema\/person\/1eefc99f5083e56db6bd643d0e8649fd"},"breadcrumb":{"@id":"https:\/\/www.portdesitges.com\/ca\/port-de-sitges-celebra-els-50-anys-amb-linici-dels-concerts-de-mitjanit\/#breadcrumb"},"inLanguage":"ca","potentialAction":[{"@type":"ReadAction","target":["https:\/\/www.portdesitges.com\/ca\/port-de-sitges-celebra-els-50-anys-amb-linici-dels-concerts-de-mitjanit\/"]}]},{"@type":"ImageObject","inLanguage":"ca","@id":"https:\/\/www.portdesitges.com\/ca\/port-de-sitges-celebra-els-50-anys-amb-linici-dels-concerts-de-mitjanit\/#primaryimage","url":"https:\/\/www.portdesitges.com\/wp-content\/uploads\/2025\/06\/Post-para-Linkedin-estamos-contratando-Moderno-Ilustrado-amarillo-1-1024x1024-1.png","contentUrl":"https:\/\/www.portdesitges.com\/wp-content\/uploads\/2025\/06\/Post-para-Linkedin-estamos-contratando-Moderno-Ilustrado-amarillo-1-1024x1024-1.png","width":1024,"height":1024},{"@type":"BreadcrumbList","@id":"https:\/\/www.portdesitges.com\/ca\/port-de-sitges-celebra-els-50-anys-amb-linici-dels-concerts-de-mitjanit\/#breadcrumb","itemListElement":[{"@type":"ListItem","position":1,"name":"Portada","item":"https:\/\/www.portdesitges.com\/ca\/"},{"@type":"ListItem","position":2,"name":"Port de Sitges celebra els 50 anys amb l\u2019inici dels Concerts de Mitjanit"}]},{"@type":"WebSite","@id":"https:\/\/www.portdesitges.com\/#website","url":"https:\/\/www.portdesitges.com\/","name":"Port de Sitges - Aiguadol\u00e7","description":"lugar donde el mar y la tierra se dan de la mano para crear un espacio \u00fanico y atractivo. Disfruta de un mar de experiencias.","potentialAction":[{"@type":"SearchAction","target":{"@type":"EntryPoint","urlTemplate":"https:\/\/www.portdesitges.com\/?s={search_term_string}"},"query-input":{"@type":"PropertyValueSpecification","valueRequired":true,"valueName":"search_term_string"}}],"inLanguage":"ca"},{"@type":"Person","@id":"https:\/\/www.portdesitges.com\/#\/schema\/person\/1eefc99f5083e56db6bd643d0e8649fd","name":"admin","image":{"@type":"ImageObject","inLanguage":"ca","@id":"https:\/\/secure.gravatar.com\/avatar\/2db7db7d08053efc6bbf52674f99717837ec8d1dd72ce992247f1bade9278b82?s=96&d=mm&r=g","url":"https:\/\/secure.gravatar.com\/avatar\/2db7db7d08053efc6bbf52674f99717837ec8d1dd72ce992247f1bade9278b82?s=96&d=mm&r=g","contentUrl":"https:\/\/secure.gravatar.com\/avatar\/2db7db7d08053efc6bbf52674f99717837ec8d1dd72ce992247f1bade9278b82?s=96&d=mm&r=g","caption":"admin"},"url":"https:\/\/www.portdesitges.com\/ca\/author\/admin\/"}]}},"_links":{"self":[{"href":"https:\/\/www.portdesitges.com\/ca\/wp-json\/wp\/v2\/posts\/19822","targetHints":{"allow":["GET"]}}],"collection":[{"href":"https:\/\/www.portdesitges.com\/ca\/wp-json\/wp\/v2\/posts"}],"about":[{"href":"https:\/\/www.portdesitges.com\/ca\/wp-json\/wp\/v2\/types\/post"}],"author":[{"embeddable":true,"href":"https:\/\/www.portdesitges.com\/ca\/wp-json\/wp\/v2\/users\/1"}],"replies":[{"embeddable":true,"href":"https:\/\/www.portdesitges.com\/ca\/wp-json\/wp\/v2\/comments?post=19822"}],"version-history":[{"count":3,"href":"https:\/\/www.portdesitges.com\/ca\/wp-json\/wp\/v2\/posts\/19822\/revisions"}],"predecessor-version":[{"id":19854,"href":"https:\/\/www.portdesitges.com\/ca\/wp-json\/wp\/v2\/posts\/19822\/revisions\/19854"}],"wp:featuredmedia":[{"embeddable":true,"href":"https:\/\/www.portdesitges.com\/ca\/wp-json\/wp\/v2\/media\/19819"}],"wp:attachment":[{"href":"https:\/\/www.portdesitges.com\/ca\/wp-json\/wp\/v2\/media?parent=19822"}],"wp:term":[{"taxonomy":"category","embeddable":true,"href":"https:\/\/www.portdesitges.com\/ca\/wp-json\/wp\/v2\/categories?post=19822"},{"taxonomy":"post_tag","embeddable":true,"href":"https:\/\/www.portdesitges.com\/ca\/wp-json\/wp\/v2\/tags?post=19822"}],"curies":[{"name":"wp","href":"https:\/\/api.w.org\/{rel}","templated":true}]}}